{"id":30598,"date":"2022-08-15T16:29:31","date_gmt":"2022-08-15T16:29:31","guid":{"rendered":"https:\/\/www.africa-press.net\/tchad\/politique\/celebration-du-62eme-anniversaire-de-la-fete-nationale-de-la-republique-du-tchad-les-relations-bilaterales-entre-le-niger-et-le-tchad-remontent-a-la-nuit-des-temps-et-se-solid"},"modified":"2022-08-15T16:29:31","modified_gmt":"2022-08-15T16:29:31","slug":"celebration-du-62eme-anniversaire-de-la-fete-nationale-de-la-republique-du-tchad-les-relations-bilaterales-entre-le-niger-et-le-tchad-remontent-a-la-nuit-des-temps-et-se-solid","status":"publish","type":"post","link":"https:\/\/www.africa-press.net\/tchad\/politique\/celebration-du-62eme-anniversaire-de-la-fete-nationale-de-la-republique-du-tchad-les-relations-bilaterales-entre-le-niger-et-le-tchad-remontent-a-la-nuit-des-temps-et-se-solid","title":{"rendered":"C\u00e9l\u00e9bration du 62\u00e8me anniversaire de la f\u00eate Nationale de la R\u00e9publique du Tchad\u00a0: \u2018\u2019Les relations bilat\u00e9rales entre le Niger et le Tchad remontent \u00e0 la nuit des temps et se solidifient\u2019\u2019, d\u00e9clare le diplomate tchadien"},"content":{"rendered":"<p><span style=\"color: #ff6600\"><strong>Africa-Press &#8211; Tchad. <\/strong><\/span>A l\u2019occasion de la c\u00e9l\u00e9bration du 62\u00e8me anniversaire de la f\u00eate Nationale de la R\u00e9publique du Tchad, l\u2019ambassadeur du Tchad au Niger, SE. Ousmane Sougui Koko a offert une r\u00e9ception, le jeudi 11 Ao\u00fbt 2022 \u00e0 Niamey. Plusieurs responsables des institutions de la R\u00e9publique, des membres du gouvernement, ainsi que plusieurs diplomates accr\u00e9dit\u00e9s dans notre pays et la communaut\u00e9 tchadienne vivant au Niger ont pris part \u00e0 la c\u00e9r\u00e9monie comm\u00e9morative dans la joie et la convivialit\u00e9.<\/p>\n<p>\ufeffC\u2019est avec les hymnes nationaux de la R\u00e9publique du Niger et celle du Tchad, que la c\u00e9r\u00e9monie a d\u00e9but\u00e9. Dans l\u2019allocution qu\u2019il prononc\u00e9e, l\u2019ambassadeur du Tchad au Niger a rappel\u00e9 que son pays en tant que pays la\u00efc, a \u00e9t\u00e9 proclam\u00e9 R\u00e9publique en 1958. Il acc\u00e9da \u00e0 son ind\u00e9pendance, le 11 Ao\u00fbt 1960, sous NGARTA TOMBALBAYE. Le Tchad a connu jusqu\u2019\u00e0 la mort brutale du Mar\u00e9chal du Tchad IDRISS DEBY ITNO, le 20 Avril 2021, cinq (5) Pr\u00e9sidents de la R\u00e9publique. \u00ab Cette mort tragique au front des suites des attaques des groupes arm\u00e9s venus de la Libye, cr\u00e9ant un vide juridique cons\u00e9cutif au d\u00e9sistement officiel du Pr\u00e9sident de l\u2019Assembl\u00e9e Nationale, a conduit le Conseil Militaire de Transition, dirig\u00e9 par le G\u00e9n\u00e9ral d\u2019Arm\u00e9e MAHAMAT IDRISS DEBY ITNO a assur\u00e9 le bon fonctionnement des Institutions R\u00e9publicaines et pr\u00e9server la paix \u00bb, a affirm\u00e9 le diplomate tchadien.<\/p>\n<p>SE. Ousmane Sougui Kokoa a par ailleurs soulign\u00e9 l\u2019importance de cette f\u00eate de la R\u00e9publique du Tchad. \u00ab En effet, pour le Tchad, le 11 Ao\u00fbt est une date qui rappelle, les multiples sacrifices consentis par nos h\u00e9ros pour cette accession \u00e0 la Souverainet\u00e9 Internationale tant, les d\u00e9fis \u00e0 relever demeurent encore pr\u00e9sents surtout, en cette p\u00e9riode de transition o\u00f9, les autorit\u00e9s s\u2019\u00e9vertuent pour la refonte d\u2019un Tchad juste et \u00e9quitable \u00e0 travers l\u2019organisation d\u2019un Dialogue National Inclusif et Souverain. L\u2019organisation de cet dialogue constitue une priorit\u00e9 pour les autorit\u00e9s de transition au rang desquelles, le Pr\u00e9sident du Conseil Militaire de Transition, le G\u00e9n\u00e9ral d\u2019Arm\u00e9e MAHAMAT IDRISS DEBY ITNO \u00bb, a-t-il pr\u00e9cis\u00e9.<\/p>\n<p>SE. Ousmane Sougui Koko devait par la suite relever que le Tchad est membre fondateur de l\u2019Organisation de l\u2019Unit\u00e9 Africaine (OUA), devenue Union Africaine (UA) ; CEN-SAD, ainsi que plusieurs autres Organisations Internationales, R\u00e9gionales et sous-R\u00e9gionales. \u00ab Depuis la mort brutale du Feu Mar\u00e9chal IDRISS DEBY ITNO, le Tchad, acteur majeur de la s\u00e9curit\u00e9 sous-r\u00e9gionale, n\u2019a pas d\u00e9rog\u00e9 \u00e0 ses engagements internationaux en faveur de la lutte contre le terrorisme, le maintien de la paix et de la s\u00e9curit\u00e9 au Sahel et partout ailleurs \u00bb, a-t-il rappel\u00e9.<\/p>\n<p>Par ailleurs, l\u2019ambassadeur du Tchad au Niger a indiqu\u00e9 que le contexte politique, social et culturel du Tchad a connu des mutations durant ces derni\u00e8res ann\u00e9es. Sur le plan politique, les autorit\u00e9s de transition conjuguent leurs efforts pour relever les d\u00e9fis li\u00e9s \u00e0 cette p\u00e9riode par la mise sur pied d\u2019abord, de tous les organes transitionnels (Gouvernement de Transition, Conseil National de Transition). \u00ab La d\u00e9crispation du climat politique, les consultations avec les diff\u00e9rentes classes politiques et l\u2019ensemble de la soci\u00e9t\u00e9 civile. De m\u00eame que l\u2019ouverture, le 13 Mars 2022, sous la m\u00e9diation du Qatar, des pourparlers de Doha. Ces pourparlers conduits par le ministre des Affaires Etrang\u00e8res du Tchad, l\u2019Ambassadeur CHERIF MAHAMAT ZENE ont d\u00e9bouch\u00e9 sur la signature, le 08 Ao\u00fbt 2022, en pr\u00e9sence des Repr\u00e9sentants de l\u2019UA, de l\u2019OIF, de l\u2019OCI, des Nations Unies, et bien d\u2019autres \u00e0 un accord de paix pour la participation des 43 mouvements politico militaires au Dialogue National Inclusif et Souverain du 20 Ao\u00fbt 2022 \u00bb s\u2019est r\u00e9joui SE. Ousmane Sougui Koko.<\/p>\n<p>Sur le plan social, la volont\u00e9 et l\u2019engagement des autorit\u00e9s de transition pour un retour \u00e0 l\u2019ordre constitutionnel, dans un d\u00e9lai de dix huit (18) mois, ont \u00e9t\u00e9 clairement pr\u00e9cis\u00e9s d\u00e8s le d\u00e9but de cette p\u00e9riode, entrainant de facto les appuis de l\u2019Union Africaine, de l\u2019Union Europ\u00e9enne, du G5 Sahel, de la France, des Etats-Unis d\u2019Am\u00e9rique et de bien d\u2019autres puissances \u00e9trang\u00e8res.<\/p>\n<p>Sur le plan de la coop\u00e9ration, le diplomate Tchadien a pr\u00e9cis\u00e9 que le Tchad entretient de bonnes relations de coop\u00e9ration avec le Niger dans plusieurs domaines. Il s\u2019agit de l\u2019\u00e9ducation, la Sant\u00e9, la Science, les \u00e9changes commerciaux, la S\u00e9curit\u00e9 et la lutte contre les menaces transnationales, le Transport, le P\u00e9trole, les Nouvelles Technologies de l\u2019Information et de la Communication etc.<\/p>\n<p>\u00ab Ces relations bilat\u00e9rales remontent \u00e0 la nuit des temps et se solidifient comme en t\u00e9moigne, les derni\u00e8res visites officielles de quarante huit (48) heures \u00e0 N\u2019Djamena, de S.E. Mohamed Bazoum, Pr\u00e9sident de la R\u00e9publique du Niger. Une visite de travail et d\u2019amiti\u00e9 au cours de laquelle, plusieurs accords de coop\u00e9ration ont \u00e9t\u00e9 sign\u00e9s dont le plus marquant est relatif \u00e0 la s\u00e9curit\u00e9 \u00bb, a conclu le diplomate tchadien.<\/p>\n<p><b>Yacine Hassane(onep)<\/b><\/p>\n<p><strong>Pour plus d&rsquo;informations et d&rsquo;analyses sur la <a href=\"https:\/\/www.africa-press.net\/tchad\">Tchad<\/a>, suivez <a href=\"https:\/\/www.africa-press.net\/\">Africa-Press<\/a><\/strong><\/p>\n","protected":false},"excerpt":{"rendered":"<p>Africa-Press &#8211; Tchad. A l\u2019occasion de la c\u00e9l\u00e9bration du 62\u00e8me anniversaire de la f\u00eate Nationale de la R\u00e9publique du Tchad, l\u2019ambassadeur du Tchad au Niger, SE. Ousmane Sougui Koko a offert une r\u00e9ception, le jeudi 11 Ao\u00fbt 2022 \u00e0 Niamey. Plusieurs responsables des institutions de la R\u00e9publique, des membres du gouvernement, ainsi que plusieurs diplomates [&hellip;]<\/p>\n","protected":false},"author":82,"featured_media":30597,"comment_status":"open","ping_status":"closed","sticky":false,"template":"","format":"standard","meta":{"footnotes":""},"categories":[11,2,10],"tags":[37,292,29],"class_list":["post-30598","post","type-post","status-publish","format-standard","has-post-thumbnail","hentry","category-homepage-french","category-politique","category-toutes-les-actualites","tag-africa-press","tag-africa-press-tchad","tag-tchad"],"yoast_head":"<!-- This site is optimized with the Yoast SEO Premium plugin v26.1 (Yoast SEO v27.0) - https:\/\/yoast.com\/product\/yoast-seo-premium-wordpress\/ -->\n<title>C\u00e9l\u00e9bration du 62\u00e8me anniversaire de la f\u00eate Nationale de la R\u00e9publique du Tchad\u00a0: \u2018\u2019Les relations bilat\u00e9rales entre le Niger et le Tchad remontent \u00e0 la nuit des temps et se solidifient\u2019\u2019, d\u00e9clare le diplomate tchadien - tchad<\/title>\n<meta name=\"robots\" content=\"index, follow, max-snippet:-1, max-image-preview:large, max-video-preview:-1\" \/>\n<link rel=\"canonical\" href=\"https:\/\/www.africa-press.net\/tchad\/politique\/celebration-du-62eme-anniversaire-de-la-fete-nationale-de-la-republique-du-tchad-les-relations-bilaterales-entre-le-niger-et-le-tchad-remontent-a-la-nuit-des-temps-et-se-solid\" \/>\n<meta property=\"og:locale\" content=\"fr_FR\" \/>\n<meta property=\"og:type\" content=\"article\" \/>\n<meta property=\"og:title\" content=\"C\u00e9l\u00e9bration du 62\u00e8me anniversaire de la f\u00eate Nationale de la R\u00e9publique du Tchad\u00a0: \u2018\u2019Les relations bilat\u00e9rales entre le Niger et le Tchad remontent \u00e0 la nuit des temps et se solidifient\u2019\u2019, d\u00e9clare le diplomate tchadien\" \/>\n<meta property=\"og:description\" content=\"Africa-Press &#8211; Tchad. A l\u2019occasion de la c\u00e9l\u00e9bration du 62\u00e8me anniversaire de la f\u00eate Nationale de la R\u00e9publique du Tchad, l\u2019ambassadeur du Tchad au Niger, SE. Ousmane Sougui Koko a offert une r\u00e9ception, le jeudi 11 Ao\u00fbt 2022 \u00e0 Niamey. Plusieurs responsables des institutions de la R\u00e9publique, des membres du gouvernement, ainsi que plusieurs diplomates [&hellip;]\" \/>\n<meta property=\"og:url\" content=\"https:\/\/www.africa-press.net\/tchad\/politique\/celebration-du-62eme-anniversaire-de-la-fete-nationale-de-la-republique-du-tchad-les-relations-bilaterales-entre-le-niger-et-le-tchad-remontent-a-la-nuit-des-temps-et-se-solid\" \/>\n<meta property=\"og:site_name\" content=\"tchad\" \/>\n<meta property=\"article:published_time\" content=\"2022-08-15T16:29:31+00:00\" \/>\n<meta name=\"author\" content=\"cfeditorfr\" \/>\n<meta name=\"twitter:card\" content=\"summary_large_image\" \/>\n<meta name=\"twitter:label1\" content=\"\u00c9crit par\" \/>\n\t<meta name=\"twitter:data1\" content=\"cfeditorfr\" \/>\n\t<meta name=\"twitter:label2\" content=\"Dur\u00e9e de lecture estim\u00e9e\" \/>\n\t<meta name=\"twitter:data2\" content=\"4 minutes\" \/>\n<script type=\"application\/ld+json\" class=\"yoast-schema-graph\">{\"@context\":\"https:\/\/schema.org\",\"@graph\":[{\"@type\":\"Article\",\"@id\":\"https:\/\/www.africa-press.net\/tchad\/politique\/celebration-du-62eme-anniversaire-de-la-fete-nationale-de-la-republique-du-tchad-les-relations-bilaterales-entre-le-niger-et-le-tchad-remontent-a-la-nuit-des-temps-et-se-solid#article\",\"isPartOf\":{\"@id\":\"https:\/\/www.africa-press.net\/tchad\/politique\/celebration-du-62eme-anniversaire-de-la-fete-nationale-de-la-republique-du-tchad-les-relations-bilaterales-entre-le-niger-et-le-tchad-remontent-a-la-nuit-des-temps-et-se-solid\"},\"author\":{\"name\":\"cfeditorfr\",\"@id\":\"https:\/\/www.africa-press.net\/tchad\/#\/schema\/person\/2b1cf3cd81a31e3cd26889ca66d677f1\"},\"headline\":\"C\u00e9l\u00e9bration du 62\u00e8me anniversaire de la f\u00eate Nationale de la R\u00e9publique du Tchad\u00a0: \u2018\u2019Les relations bilat\u00e9rales entre le Niger et le Tchad remontent \u00e0 la nuit des temps et se solidifient\u2019\u2019, d\u00e9clare le diplomate tchadien\",\"datePublished\":\"2022-08-15T16:29:31+00:00\",\"mainEntityOfPage\":{\"@id\":\"https:\/\/www.africa-press.net\/tchad\/politique\/celebration-du-62eme-anniversaire-de-la-fete-nationale-de-la-republique-du-tchad-les-relations-bilaterales-entre-le-niger-et-le-tchad-remontent-a-la-nuit-des-temps-et-se-solid\"},\"wordCount\":934,\"commentCount\":0,\"image\":{\"@id\":\"https:\/\/www.africa-press.net\/tchad\/politique\/celebration-du-62eme-anniversaire-de-la-fete-nationale-de-la-republique-du-tchad-les-relations-bilaterales-entre-le-niger-et-le-tchad-remontent-a-la-nuit-des-temps-et-se-solid#primaryimage\"},\"thumbnailUrl\":\"https:\/\/static.africa-press.net\/tchad\/sites\/41\/2022\/08\/postQueueImg_11-62fa7dfec30f6.jpg\",\"keywords\":[\"Africa Press\",\"Africa Press-Tchad\",\"Tchad\"],\"articleSection\":[\"homepage-french\",\"Politique\",\"Toutes les actualit\u00e9s\"],\"inLanguage\":\"fr-FR\",\"potentialAction\":[{\"@type\":\"CommentAction\",\"name\":\"Comment\",\"target\":[\"https:\/\/www.africa-press.net\/tchad\/politique\/celebration-du-62eme-anniversaire-de-la-fete-nationale-de-la-republique-du-tchad-les-relations-bilaterales-entre-le-niger-et-le-tchad-remontent-a-la-nuit-des-temps-et-se-solid#respond\"]}]},{\"@type\":\"WebPage\",\"@id\":\"https:\/\/www.africa-press.net\/tchad\/politique\/celebration-du-62eme-anniversaire-de-la-fete-nationale-de-la-republique-du-tchad-les-relations-bilaterales-entre-le-niger-et-le-tchad-remontent-a-la-nuit-des-temps-et-se-solid\",\"url\":\"https:\/\/www.africa-press.net\/tchad\/politique\/celebration-du-62eme-anniversaire-de-la-fete-nationale-de-la-republique-du-tchad-les-relations-bilaterales-entre-le-niger-et-le-tchad-remontent-a-la-nuit-des-temps-et-se-solid\",\"name\":\"C\u00e9l\u00e9bration du 62\u00e8me anniversaire de la f\u00eate Nationale de la R\u00e9publique du Tchad\u00a0: \u2018\u2019Les relations bilat\u00e9rales entre le Niger et le Tchad remontent \u00e0 la nuit des temps et se solidifient\u2019\u2019, d\u00e9clare le diplomate tchadien - tchad\",\"isPartOf\":{\"@id\":\"https:\/\/www.africa-press.net\/tchad\/#website\"},\"primaryImageOfPage\":{\"@id\":\"https:\/\/www.africa-press.net\/tchad\/politique\/celebration-du-62eme-anniversaire-de-la-fete-nationale-de-la-republique-du-tchad-les-relations-bilaterales-entre-le-niger-et-le-tchad-remontent-a-la-nuit-des-temps-et-se-solid#primaryimage\"},\"image\":{\"@id\":\"https:\/\/www.africa-press.net\/tchad\/politique\/celebration-du-62eme-anniversaire-de-la-fete-nationale-de-la-republique-du-tchad-les-relations-bilaterales-entre-le-niger-et-le-tchad-remontent-a-la-nuit-des-temps-et-se-solid#primaryimage\"},\"thumbnailUrl\":\"https:\/\/static.africa-press.net\/tchad\/sites\/41\/2022\/08\/postQueueImg_11-62fa7dfec30f6.jpg\",\"datePublished\":\"2022-08-15T16:29:31+00:00\",\"author\":{\"@id\":\"https:\/\/www.africa-press.net\/tchad\/#\/schema\/person\/2b1cf3cd81a31e3cd26889ca66d677f1\"},\"breadcrumb\":{\"@id\":\"https:\/\/www.africa-press.net\/tchad\/politique\/celebration-du-62eme-anniversaire-de-la-fete-nationale-de-la-republique-du-tchad-les-relations-bilaterales-entre-le-niger-et-le-tchad-remontent-a-la-nuit-des-temps-et-se-solid#breadcrumb\"},\"inLanguage\":\"fr-FR\",\"potentialAction\":[{\"@type\":\"ReadAction\",\"target\":[\"https:\/\/www.africa-press.net\/tchad\/politique\/celebration-du-62eme-anniversaire-de-la-fete-nationale-de-la-republique-du-tchad-les-relations-bilaterales-entre-le-niger-et-le-tchad-remontent-a-la-nuit-des-temps-et-se-solid\"]}]},{\"@type\":\"ImageObject\",\"inLanguage\":\"fr-FR\",\"@id\":\"https:\/\/www.africa-press.net\/tchad\/politique\/celebration-du-62eme-anniversaire-de-la-fete-nationale-de-la-republique-du-tchad-les-relations-bilaterales-entre-le-niger-et-le-tchad-remontent-a-la-nuit-des-temps-et-se-solid#primaryimage\",\"url\":\"https:\/\/static.africa-press.net\/tchad\/sites\/41\/2022\/08\/postQueueImg_11-62fa7dfec30f6.jpg\",\"contentUrl\":\"https:\/\/static.africa-press.net\/tchad\/sites\/41\/2022\/08\/postQueueImg_11-62fa7dfec30f6.jpg\",\"width\":720,\"height\":480,\"caption\":\"C\u00e9l\u00e9bration du 62\u00e8me anniversaire de la f\u00eate Nationale de la R\u00e9publique du Tchad\u00a0: \u2018\u2019Les relations bilat\u00e9rales entre le Niger et le Tchad remontent \u00e0 la nuit des temps et se solidifient\u2019\u2019, d\u00e9clare le diplomate tchadien\"},{\"@type\":\"BreadcrumbList\",\"@id\":\"https:\/\/www.africa-press.net\/tchad\/politique\/celebration-du-62eme-anniversaire-de-la-fete-nationale-de-la-republique-du-tchad-les-relations-bilaterales-entre-le-niger-et-le-tchad-remontent-a-la-nuit-des-temps-et-se-solid#breadcrumb\",\"itemListElement\":[{\"@type\":\"ListItem\",\"position\":1,\"name\":\"Accueil\",\"item\":\"https:\/\/www.africa-press.net\/tchad\/\"},{\"@type\":\"ListItem\",\"position\":2,\"name\":\"C\u00e9l\u00e9bration du 62\u00e8me anniversaire de la f\u00eate Nationale de la R\u00e9publique du Tchad\u00a0: \u2018\u2019Les relations bilat\u00e9rales entre le Niger et le Tchad remontent \u00e0 la nuit des temps et se solidifient\u2019\u2019, d\u00e9clare le diplomate tchadien\"}]},{\"@type\":\"WebSite\",\"@id\":\"https:\/\/www.africa-press.net\/tchad\/#website\",\"url\":\"https:\/\/www.africa-press.net\/tchad\/\",\"name\":\"tchad\",\"description\":\"Just another Africa News Agency Sites site\",\"potentialAction\":[{\"@type\":\"SearchAction\",\"target\":{\"@type\":\"EntryPoint\",\"urlTemplate\":\"https:\/\/www.africa-press.net\/tchad\/?s={search_term_string}\"},\"query-input\":{\"@type\":\"PropertyValueSpecification\",\"valueRequired\":true,\"valueName\":\"search_term_string\"}}],\"inLanguage\":\"fr-FR\"},{\"@type\":\"Person\",\"@id\":\"https:\/\/www.africa-press.net\/tchad\/#\/schema\/person\/2b1cf3cd81a31e3cd26889ca66d677f1\",\"name\":\"cfeditorfr\"}]}<\/script>\n<!-- \/ Yoast SEO Premium plugin. -->","yoast_head_json":{"title":"C\u00e9l\u00e9bration du 62\u00e8me anniversaire de la f\u00eate Nationale de la R\u00e9publique du Tchad\u00a0: \u2018\u2019Les relations bilat\u00e9rales entre le Niger et le Tchad remontent \u00e0 la nuit des temps et se solidifient\u2019\u2019, d\u00e9clare le diplomate tchadien - tchad","robots":{"index":"index","follow":"follow","max-snippet":"max-snippet:-1","max-image-preview":"max-image-preview:large","max-video-preview":"max-video-preview:-1"},"canonical":"https:\/\/www.africa-press.net\/tchad\/politique\/celebration-du-62eme-anniversaire-de-la-fete-nationale-de-la-republique-du-tchad-les-relations-bilaterales-entre-le-niger-et-le-tchad-remontent-a-la-nuit-des-temps-et-se-solid","og_locale":"fr_FR","og_type":"article","og_title":"C\u00e9l\u00e9bration du 62\u00e8me anniversaire de la f\u00eate Nationale de la R\u00e9publique du Tchad\u00a0: \u2018\u2019Les relations bilat\u00e9rales entre le Niger et le Tchad remontent \u00e0 la nuit des temps et se solidifient\u2019\u2019, d\u00e9clare le diplomate tchadien","og_description":"Africa-Press &#8211; Tchad. A l\u2019occasion de la c\u00e9l\u00e9bration du 62\u00e8me anniversaire de la f\u00eate Nationale de la R\u00e9publique du Tchad, l\u2019ambassadeur du Tchad au Niger, SE. Ousmane Sougui Koko a offert une r\u00e9ception, le jeudi 11 Ao\u00fbt 2022 \u00e0 Niamey. Plusieurs responsables des institutions de la R\u00e9publique, des membres du gouvernement, ainsi que plusieurs diplomates [&hellip;]","og_url":"https:\/\/www.africa-press.net\/tchad\/politique\/celebration-du-62eme-anniversaire-de-la-fete-nationale-de-la-republique-du-tchad-les-relations-bilaterales-entre-le-niger-et-le-tchad-remontent-a-la-nuit-des-temps-et-se-solid","og_site_name":"tchad","article_published_time":"2022-08-15T16:29:31+00:00","author":"cfeditorfr","twitter_card":"summary_large_image","twitter_misc":{"\u00c9crit par":"cfeditorfr","Dur\u00e9e de lecture estim\u00e9e":"4 minutes"},"schema":{"@context":"https:\/\/schema.org","@graph":[{"@type":"Article","@id":"https:\/\/www.africa-press.net\/tchad\/politique\/celebration-du-62eme-anniversaire-de-la-fete-nationale-de-la-republique-du-tchad-les-relations-bilaterales-entre-le-niger-et-le-tchad-remontent-a-la-nuit-des-temps-et-se-solid#article","isPartOf":{"@id":"https:\/\/www.africa-press.net\/tchad\/politique\/celebration-du-62eme-anniversaire-de-la-fete-nationale-de-la-republique-du-tchad-les-relations-bilaterales-entre-le-niger-et-le-tchad-remontent-a-la-nuit-des-temps-et-se-solid"},"author":{"name":"cfeditorfr","@id":"https:\/\/www.africa-press.net\/tchad\/#\/schema\/person\/2b1cf3cd81a31e3cd26889ca66d677f1"},"headline":"C\u00e9l\u00e9bration du 62\u00e8me anniversaire de la f\u00eate Nationale de la R\u00e9publique du Tchad\u00a0: \u2018\u2019Les relations bilat\u00e9rales entre le Niger et le Tchad remontent \u00e0 la nuit des temps et se solidifient\u2019\u2019, d\u00e9clare le diplomate tchadien","datePublished":"2022-08-15T16:29:31+00:00","mainEntityOfPage":{"@id":"https:\/\/www.africa-press.net\/tchad\/politique\/celebration-du-62eme-anniversaire-de-la-fete-nationale-de-la-republique-du-tchad-les-relations-bilaterales-entre-le-niger-et-le-tchad-remontent-a-la-nuit-des-temps-et-se-solid"},"wordCount":934,"commentCount":0,"image":{"@id":"https:\/\/www.africa-press.net\/tchad\/politique\/celebration-du-62eme-anniversaire-de-la-fete-nationale-de-la-republique-du-tchad-les-relations-bilaterales-entre-le-niger-et-le-tchad-remontent-a-la-nuit-des-temps-et-se-solid#primaryimage"},"thumbnailUrl":"https:\/\/static.africa-press.net\/tchad\/sites\/41\/2022\/08\/postQueueImg_11-62fa7dfec30f6.jpg","keywords":["Africa Press","Africa Press-Tchad","Tchad"],"articleSection":["homepage-french","Politique","Toutes les actualit\u00e9s"],"inLanguage":"fr-FR","potentialAction":[{"@type":"CommentAction","name":"Comment","target":["https:\/\/www.africa-press.net\/tchad\/politique\/celebration-du-62eme-anniversaire-de-la-fete-nationale-de-la-republique-du-tchad-les-relations-bilaterales-entre-le-niger-et-le-tchad-remontent-a-la-nuit-des-temps-et-se-solid#respond"]}]},{"@type":"WebPage","@id":"https:\/\/www.africa-press.net\/tchad\/politique\/celebration-du-62eme-anniversaire-de-la-fete-nationale-de-la-republique-du-tchad-les-relations-bilaterales-entre-le-niger-et-le-tchad-remontent-a-la-nuit-des-temps-et-se-solid","url":"https:\/\/www.africa-press.net\/tchad\/politique\/celebration-du-62eme-anniversaire-de-la-fete-nationale-de-la-republique-du-tchad-les-relations-bilaterales-entre-le-niger-et-le-tchad-remontent-a-la-nuit-des-temps-et-se-solid","name":"C\u00e9l\u00e9bration du 62\u00e8me anniversaire de la f\u00eate Nationale de la R\u00e9publique du Tchad\u00a0: \u2018\u2019Les relations bilat\u00e9rales entre le Niger et le Tchad remontent \u00e0 la nuit des temps et se solidifient\u2019\u2019, d\u00e9clare le diplomate tchadien - tchad","isPartOf":{"@id":"https:\/\/www.africa-press.net\/tchad\/#website"},"primaryImageOfPage":{"@id":"https:\/\/www.africa-press.net\/tchad\/politique\/celebration-du-62eme-anniversaire-de-la-fete-nationale-de-la-republique-du-tchad-les-relations-bilaterales-entre-le-niger-et-le-tchad-remontent-a-la-nuit-des-temps-et-se-solid#primaryimage"},"image":{"@id":"https:\/\/www.africa-press.net\/tchad\/politique\/celebration-du-62eme-anniversaire-de-la-fete-nationale-de-la-republique-du-tchad-les-relations-bilaterales-entre-le-niger-et-le-tchad-remontent-a-la-nuit-des-temps-et-se-solid#primaryimage"},"thumbnailUrl":"https:\/\/static.africa-press.net\/tchad\/sites\/41\/2022\/08\/postQueueImg_11-62fa7dfec30f6.jpg","datePublished":"2022-08-15T16:29:31+00:00","author":{"@id":"https:\/\/www.africa-press.net\/tchad\/#\/schema\/person\/2b1cf3cd81a31e3cd26889ca66d677f1"},"breadcrumb":{"@id":"https:\/\/www.africa-press.net\/tchad\/politique\/celebration-du-62eme-anniversaire-de-la-fete-nationale-de-la-republique-du-tchad-les-relations-bilaterales-entre-le-niger-et-le-tchad-remontent-a-la-nuit-des-temps-et-se-solid#breadcrumb"},"inLanguage":"fr-FR","potentialAction":[{"@type":"ReadAction","target":["https:\/\/www.africa-press.net\/tchad\/politique\/celebration-du-62eme-anniversaire-de-la-fete-nationale-de-la-republique-du-tchad-les-relations-bilaterales-entre-le-niger-et-le-tchad-remontent-a-la-nuit-des-temps-et-se-solid"]}]},{"@type":"ImageObject","inLanguage":"fr-FR","@id":"https:\/\/www.africa-press.net\/tchad\/politique\/celebration-du-62eme-anniversaire-de-la-fete-nationale-de-la-republique-du-tchad-les-relations-bilaterales-entre-le-niger-et-le-tchad-remontent-a-la-nuit-des-temps-et-se-solid#primaryimage","url":"https:\/\/static.africa-press.net\/tchad\/sites\/41\/2022\/08\/postQueueImg_11-62fa7dfec30f6.jpg","contentUrl":"https:\/\/static.africa-press.net\/tchad\/sites\/41\/2022\/08\/postQueueImg_11-62fa7dfec30f6.jpg","width":720,"height":480,"caption":"C\u00e9l\u00e9bration du 62\u00e8me anniversaire de la f\u00eate Nationale de la R\u00e9publique du Tchad\u00a0: \u2018\u2019Les relations bilat\u00e9rales entre le Niger et le Tchad remontent \u00e0 la nuit des temps et se solidifient\u2019\u2019, d\u00e9clare le diplomate tchadien"},{"@type":"BreadcrumbList","@id":"https:\/\/www.africa-press.net\/tchad\/politique\/celebration-du-62eme-anniversaire-de-la-fete-nationale-de-la-republique-du-tchad-les-relations-bilaterales-entre-le-niger-et-le-tchad-remontent-a-la-nuit-des-temps-et-se-solid#breadcrumb","itemListElement":[{"@type":"ListItem","position":1,"name":"Accueil","item":"https:\/\/www.africa-press.net\/tchad\/"},{"@type":"ListItem","position":2,"name":"C\u00e9l\u00e9bration du 62\u00e8me anniversaire de la f\u00eate Nationale de la R\u00e9publique du Tchad\u00a0: \u2018\u2019Les relations bilat\u00e9rales entre le Niger et le Tchad remontent \u00e0 la nuit des temps et se solidifient\u2019\u2019, d\u00e9clare le diplomate tchadien"}]},{"@type":"WebSite","@id":"https:\/\/www.africa-press.net\/tchad\/#website","url":"https:\/\/www.africa-press.net\/tchad\/","name":"tchad","description":"Just another Africa News Agency Sites site","potentialAction":[{"@type":"SearchAction","target":{"@type":"EntryPoint","urlTemplate":"https:\/\/www.africa-press.net\/tchad\/?s={search_term_string}"},"query-input":{"@type":"PropertyValueSpecification","valueRequired":true,"valueName":"search_term_string"}}],"inLanguage":"fr-FR"},{"@type":"Person","@id":"https:\/\/www.africa-press.net\/tchad\/#\/schema\/person\/2b1cf3cd81a31e3cd26889ca66d677f1","name":"cfeditorfr"}]}},"_links":{"self":[{"href":"https:\/\/www.africa-press.net\/tchad\/wp-json\/wp\/v2\/posts\/30598","targetHints":{"allow":["GET"]}}],"collection":[{"href":"https:\/\/www.africa-press.net\/tchad\/wp-json\/wp\/v2\/posts"}],"about":[{"href":"https:\/\/www.africa-press.net\/tchad\/wp-json\/wp\/v2\/types\/post"}],"author":[{"embeddable":true,"href":"https:\/\/www.africa-press.net\/tchad\/wp-json\/wp\/v2\/users\/82"}],"replies":[{"embeddable":true,"href":"https:\/\/www.africa-press.net\/tchad\/wp-json\/wp\/v2\/comments?post=30598"}],"version-history":[{"count":0,"href":"https:\/\/www.africa-press.net\/tchad\/wp-json\/wp\/v2\/posts\/30598\/revisions"}],"wp:featuredmedia":[{"embeddable":true,"href":"https:\/\/www.africa-press.net\/tchad\/wp-json\/wp\/v2\/media\/30597"}],"wp:attachment":[{"href":"https:\/\/www.africa-press.net\/tchad\/wp-json\/wp\/v2\/media?parent=30598"}],"wp:term":[{"taxonomy":"category","embeddable":true,"href":"https:\/\/www.africa-press.net\/tchad\/wp-json\/wp\/v2\/categories?post=30598"},{"taxonomy":"post_tag","embeddable":true,"href":"https:\/\/www.africa-press.net\/tchad\/wp-json\/wp\/v2\/tags?post=30598"}],"curies":[{"name":"wp","href":"https:\/\/api.w.org\/{rel}","templated":true}]}}