{"id":30606,"date":"2022-08-15T17:11:22","date_gmt":"2022-08-15T17:11:22","guid":{"rendered":"https:\/\/www.africa-press.net\/tchad\/politique\/le-gouverneur-du-lac-entame-une-tournee-aupres-de-la-population"},"modified":"2022-08-15T17:30:51","modified_gmt":"2022-08-15T17:30:51","slug":"le-gouverneur-du-lac-entame-une-tournee-aupres-de-la-population","status":"publish","type":"post","link":"https:\/\/www.africa-press.net\/tchad\/politique\/le-gouverneur-du-lac-entame-une-tournee-aupres-de-la-population","title":{"rendered":"le gouverneur du Lac entame une tourn\u00e9e aupr\u00e8s de la population"},"content":{"rendered":"<p><span style=\"color: #ff6600\"><strong>Africa-Press &#8211; Tchad. <\/strong><\/span>Au cours de cette rencontre, le gouverneur de la province du Lac, Adoum Moustapha Brahimi, a livr\u00e9 le message des plus hautes autorit\u00e9s relatif \u00e0 la tenue du dialogue national inclusif qui se pointe \u00e0 l&rsquo;horizon. Il s&rsquo;agit du message du vivre ensemble, de la cohabitation pacifique et de la culture de la paix.<\/p>\n<p>Le gouverneur a lanc\u00e9 un appel \u00e0 toutes les couches socioprofessionnelles de la province \u00e0 intensifier la sensibilisation sur la culture de la paix. Pour lui, la paix, la tol\u00e9rance et le vivre ensemble sont des valeurs sacro-saints que ch\u00e9rissent de tout c\u0153ur le pr\u00e9sident du Conseil militaire de transition.<\/p>\n<p>Adoum Moustapha Brahimi s&rsquo;est pench\u00e9 \u00e9galement sur la question de la s\u00e9curit\u00e9 des personnes et de leurs biens, ainsi que la coh\u00e9sion sociale, afin que la province conserve ses lettres de noblesse. Il a saisi l&rsquo;opportunit\u00e9 pour inviter la population \u00e0 collaborer avec les forces de d\u00e9fense et de s\u00e9curit\u00e9 en leur fournissant des informations n\u00e9cessaires afin qu&rsquo;ils puissent mener \u00e0 bien leur mission.<\/p>\n<p>Le premier magistrat de la province du Lac a enfin exhort\u00e9 ses interlocuteurs \u00e0 accompagner le processus du dialogue national inclusif.<\/p>\n<p><strong>Pour plus d&rsquo;informations et d&rsquo;analyses sur la <a href=\"https:\/\/www.africa-press.net\/tchad\">Tchad<\/a>, suivez <a href=\"https:\/\/www.africa-press.net\/\">Africa-Press<\/a><\/strong><\/p>\n","protected":false},"excerpt":{"rendered":"<p>Africa-Press &#8211; Tchad. Au cours de cette rencontre, le gouverneur de la province du Lac, Adoum Moustapha Brahimi, a livr\u00e9 le message des plus hautes autorit\u00e9s relatif \u00e0 la tenue du dialogue national inclusif qui se pointe \u00e0 l&rsquo;horizon. Il s&rsquo;agit du message du vivre ensemble, de la cohabitation pacifique et de la culture de [&hellip;]<\/p>\n","protected":false},"author":82,"featured_media":30605,"comment_status":"open","ping_status":"closed","sticky":false,"template":"","format":"standard","meta":{"footnotes":""},"categories":[11,2,10],"tags":[37,292,29],"class_list":["post-30606","post","type-post","status-publish","format-standard","has-post-thumbnail","hentry","category-homepage-french","category-politique","category-toutes-les-actualites","tag-africa-press","tag-africa-press-tchad","tag-tchad"],"yoast_head":"<!-- This site is optimized with the Yoast SEO Premium plugin v26.1 (Yoast SEO v27.0) - https:\/\/yoast.com\/product\/yoast-seo-premium-wordpress\/ -->\n<title>le gouverneur du Lac entame une tourn\u00e9e aupr\u00e8s de la population - tchad<\/title>\n<meta name=\"description\" content=\"Au cours de cette rencontre, le gouverneur de la province du Lac, Adoum Moustapha Brahimi, a livr\u00e9 le message des plus h ...\" \/>\n<meta name=\"robots\" content=\"index, follow, max-snippet:-1, max-image-preview:large, max-video-preview:-1\" \/>\n<link rel=\"canonical\" href=\"https:\/\/www.africa-press.net\/tchad\/politique\/le-gouverneur-du-lac-entame-une-tournee-aupres-de-la-population\" \/>\n<meta property=\"og:locale\" content=\"fr_FR\" \/>\n<meta property=\"og:type\" content=\"article\" \/>\n<meta property=\"og:title\" content=\"le gouverneur du Lac entame une tourn\u00e9e aupr\u00e8s de la population\" \/>\n<meta property=\"og:description\" content=\"Au cours de cette rencontre, le gouverneur de la province du Lac, Adoum Moustapha Brahimi, a livr\u00e9 le message des plus h ...\" \/>\n<meta property=\"og:url\" content=\"https:\/\/www.africa-press.net\/tchad\/politique\/le-gouverneur-du-lac-entame-une-tournee-aupres-de-la-population\" \/>\n<meta property=\"og:site_name\" content=\"tchad\" \/>\n<meta property=\"article:published_time\" content=\"2022-08-15T17:11:22+00:00\" \/>\n<meta property=\"article:modified_time\" content=\"2022-08-15T17:30:51+00:00\" \/>\n<meta property=\"og:image\" content=\"https:\/\/static.africa-press.net\/tchad\/sites\/41\/2022\/08\/postQueueImg_11-62fa82b840a0b.jpg\" \/>\n\t<meta property=\"og:image:width\" content=\"1080\" \/>\n\t<meta property=\"og:image:height\" content=\"810\" \/>\n\t<meta property=\"og:image:type\" content=\"image\/jpeg\" \/>\n<meta name=\"author\" content=\"cfeditorfr\" \/>\n<meta name=\"twitter:card\" content=\"summary_large_image\" \/>\n<meta name=\"twitter:label1\" content=\"\u00c9crit par\" \/>\n\t<meta name=\"twitter:data1\" content=\"cfeditorfr\" \/>\n\t<meta name=\"twitter:label2\" content=\"Dur\u00e9e de lecture estim\u00e9e\" \/>\n\t<meta name=\"twitter:data2\" content=\"2 minutes\" \/>\n<script type=\"application\/ld+json\" class=\"yoast-schema-graph\">{\"@context\":\"https:\/\/schema.org\",\"@graph\":[{\"@type\":\"Article\",\"@id\":\"https:\/\/www.africa-press.net\/tchad\/politique\/le-gouverneur-du-lac-entame-une-tournee-aupres-de-la-population#article\",\"isPartOf\":{\"@id\":\"https:\/\/www.africa-press.net\/tchad\/politique\/le-gouverneur-du-lac-entame-une-tournee-aupres-de-la-population\"},\"author\":{\"name\":\"cfeditorfr\",\"@id\":\"https:\/\/www.africa-press.net\/tchad\/#\/schema\/person\/2b1cf3cd81a31e3cd26889ca66d677f1\"},\"headline\":\"le gouverneur du Lac entame une tourn\u00e9e aupr\u00e8s de la population\",\"datePublished\":\"2022-08-15T17:11:22+00:00\",\"dateModified\":\"2022-08-15T17:30:51+00:00\",\"mainEntityOfPage\":{\"@id\":\"https:\/\/www.africa-press.net\/tchad\/politique\/le-gouverneur-du-lac-entame-une-tournee-aupres-de-la-population\"},\"wordCount\":225,\"commentCount\":0,\"image\":{\"@id\":\"https:\/\/www.africa-press.net\/tchad\/politique\/le-gouverneur-du-lac-entame-une-tournee-aupres-de-la-population#primaryimage\"},\"thumbnailUrl\":\"https:\/\/static.africa-press.net\/tchad\/sites\/41\/2022\/08\/postQueueImg_11-62fa82b840a0b.jpg\",\"keywords\":[\"Africa Press\",\"Africa Press-Tchad\",\"Tchad\"],\"articleSection\":[\"homepage-french\",\"Politique\",\"Toutes les actualit\u00e9s\"],\"inLanguage\":\"fr-FR\",\"potentialAction\":[{\"@type\":\"CommentAction\",\"name\":\"Comment\",\"target\":[\"https:\/\/www.africa-press.net\/tchad\/politique\/le-gouverneur-du-lac-entame-une-tournee-aupres-de-la-population#respond\"]}]},{\"@type\":\"WebPage\",\"@id\":\"https:\/\/www.africa-press.net\/tchad\/politique\/le-gouverneur-du-lac-entame-une-tournee-aupres-de-la-population\",\"url\":\"https:\/\/www.africa-press.net\/tchad\/politique\/le-gouverneur-du-lac-entame-une-tournee-aupres-de-la-population\",\"name\":\"le gouverneur du Lac entame une tourn\u00e9e aupr\u00e8s de la population - tchad\",\"isPartOf\":{\"@id\":\"https:\/\/www.africa-press.net\/tchad\/#website\"},\"primaryImageOfPage\":{\"@id\":\"https:\/\/www.africa-press.net\/tchad\/politique\/le-gouverneur-du-lac-entame-une-tournee-aupres-de-la-population#primaryimage\"},\"image\":{\"@id\":\"https:\/\/www.africa-press.net\/tchad\/politique\/le-gouverneur-du-lac-entame-une-tournee-aupres-de-la-population#primaryimage\"},\"thumbnailUrl\":\"https:\/\/static.africa-press.net\/tchad\/sites\/41\/2022\/08\/postQueueImg_11-62fa82b840a0b.jpg\",\"datePublished\":\"2022-08-15T17:11:22+00:00\",\"dateModified\":\"2022-08-15T17:30:51+00:00\",\"author\":{\"@id\":\"https:\/\/www.africa-press.net\/tchad\/#\/schema\/person\/2b1cf3cd81a31e3cd26889ca66d677f1\"},\"description\":\"Au cours de cette rencontre, le gouverneur de la province du Lac, Adoum Moustapha Brahimi, a livr\u00e9 le message des plus h ...\",\"breadcrumb\":{\"@id\":\"https:\/\/www.africa-press.net\/tchad\/politique\/le-gouverneur-du-lac-entame-une-tournee-aupres-de-la-population#breadcrumb\"},\"inLanguage\":\"fr-FR\",\"potentialAction\":[{\"@type\":\"ReadAction\",\"target\":[\"https:\/\/www.africa-press.net\/tchad\/politique\/le-gouverneur-du-lac-entame-une-tournee-aupres-de-la-population\"]}]},{\"@type\":\"ImageObject\",\"inLanguage\":\"fr-FR\",\"@id\":\"https:\/\/www.africa-press.net\/tchad\/politique\/le-gouverneur-du-lac-entame-une-tournee-aupres-de-la-population#primaryimage\",\"url\":\"https:\/\/static.africa-press.net\/tchad\/sites\/41\/2022\/08\/postQueueImg_11-62fa82b840a0b.jpg\",\"contentUrl\":\"https:\/\/static.africa-press.net\/tchad\/sites\/41\/2022\/08\/postQueueImg_11-62fa82b840a0b.jpg\",\"width\":1080,\"height\":810,\"caption\":\"le gouverneur du Lac entame une tourn\u00e9e aupr\u00e8s de la population\"},{\"@type\":\"BreadcrumbList\",\"@id\":\"https:\/\/www.africa-press.net\/tchad\/politique\/le-gouverneur-du-lac-entame-une-tournee-aupres-de-la-population#breadcrumb\",\"itemListElement\":[{\"@type\":\"ListItem\",\"position\":1,\"name\":\"Accueil\",\"item\":\"https:\/\/www.africa-press.net\/tchad\/\"},{\"@type\":\"ListItem\",\"position\":2,\"name\":\"le gouverneur du Lac entame une tourn\u00e9e aupr\u00e8s de la population\"}]},{\"@type\":\"WebSite\",\"@id\":\"https:\/\/www.africa-press.net\/tchad\/#website\",\"url\":\"https:\/\/www.africa-press.net\/tchad\/\",\"name\":\"tchad\",\"description\":\"Just another Africa News Agency Sites site\",\"potentialAction\":[{\"@type\":\"SearchAction\",\"target\":{\"@type\":\"EntryPoint\",\"urlTemplate\":\"https:\/\/www.africa-press.net\/tchad\/?s={search_term_string}\"},\"query-input\":{\"@type\":\"PropertyValueSpecification\",\"valueRequired\":true,\"valueName\":\"search_term_string\"}}],\"inLanguage\":\"fr-FR\"},{\"@type\":\"Person\",\"@id\":\"https:\/\/www.africa-press.net\/tchad\/#\/schema\/person\/2b1cf3cd81a31e3cd26889ca66d677f1\",\"name\":\"cfeditorfr\"}]}<\/script>\n<!-- \/ Yoast SEO Premium plugin. -->","yoast_head_json":{"title":"le gouverneur du Lac entame une tourn\u00e9e aupr\u00e8s de la population - tchad","description":"Au cours de cette rencontre, le gouverneur de la province du Lac, Adoum Moustapha Brahimi, a livr\u00e9 le message des plus h ...","robots":{"index":"index","follow":"follow","max-snippet":"max-snippet:-1","max-image-preview":"max-image-preview:large","max-video-preview":"max-video-preview:-1"},"canonical":"https:\/\/www.africa-press.net\/tchad\/politique\/le-gouverneur-du-lac-entame-une-tournee-aupres-de-la-population","og_locale":"fr_FR","og_type":"article","og_title":"le gouverneur du Lac entame une tourn\u00e9e aupr\u00e8s de la population","og_description":"Au cours de cette rencontre, le gouverneur de la province du Lac, Adoum Moustapha Brahimi, a livr\u00e9 le message des plus h ...","og_url":"https:\/\/www.africa-press.net\/tchad\/politique\/le-gouverneur-du-lac-entame-une-tournee-aupres-de-la-population","og_site_name":"tchad","article_published_time":"2022-08-15T17:11:22+00:00","article_modified_time":"2022-08-15T17:30:51+00:00","og_image":[{"width":1080,"height":810,"url":"https:\/\/static.africa-press.net\/tchad\/sites\/41\/2022\/08\/postQueueImg_11-62fa82b840a0b.jpg","type":"image\/jpeg"}],"author":"cfeditorfr","twitter_card":"summary_large_image","twitter_misc":{"\u00c9crit par":"cfeditorfr","Dur\u00e9e de lecture estim\u00e9e":"2 minutes"},"schema":{"@context":"https:\/\/schema.org","@graph":[{"@type":"Article","@id":"https:\/\/www.africa-press.net\/tchad\/politique\/le-gouverneur-du-lac-entame-une-tournee-aupres-de-la-population#article","isPartOf":{"@id":"https:\/\/www.africa-press.net\/tchad\/politique\/le-gouverneur-du-lac-entame-une-tournee-aupres-de-la-population"},"author":{"name":"cfeditorfr","@id":"https:\/\/www.africa-press.net\/tchad\/#\/schema\/person\/2b1cf3cd81a31e3cd26889ca66d677f1"},"headline":"le gouverneur du Lac entame une tourn\u00e9e aupr\u00e8s de la population","datePublished":"2022-08-15T17:11:22+00:00","dateModified":"2022-08-15T17:30:51+00:00","mainEntityOfPage":{"@id":"https:\/\/www.africa-press.net\/tchad\/politique\/le-gouverneur-du-lac-entame-une-tournee-aupres-de-la-population"},"wordCount":225,"commentCount":0,"image":{"@id":"https:\/\/www.africa-press.net\/tchad\/politique\/le-gouverneur-du-lac-entame-une-tournee-aupres-de-la-population#primaryimage"},"thumbnailUrl":"https:\/\/static.africa-press.net\/tchad\/sites\/41\/2022\/08\/postQueueImg_11-62fa82b840a0b.jpg","keywords":["Africa Press","Africa Press-Tchad","Tchad"],"articleSection":["homepage-french","Politique","Toutes les actualit\u00e9s"],"inLanguage":"fr-FR","potentialAction":[{"@type":"CommentAction","name":"Comment","target":["https:\/\/www.africa-press.net\/tchad\/politique\/le-gouverneur-du-lac-entame-une-tournee-aupres-de-la-population#respond"]}]},{"@type":"WebPage","@id":"https:\/\/www.africa-press.net\/tchad\/politique\/le-gouverneur-du-lac-entame-une-tournee-aupres-de-la-population","url":"https:\/\/www.africa-press.net\/tchad\/politique\/le-gouverneur-du-lac-entame-une-tournee-aupres-de-la-population","name":"le gouverneur du Lac entame une tourn\u00e9e aupr\u00e8s de la population - tchad","isPartOf":{"@id":"https:\/\/www.africa-press.net\/tchad\/#website"},"primaryImageOfPage":{"@id":"https:\/\/www.africa-press.net\/tchad\/politique\/le-gouverneur-du-lac-entame-une-tournee-aupres-de-la-population#primaryimage"},"image":{"@id":"https:\/\/www.africa-press.net\/tchad\/politique\/le-gouverneur-du-lac-entame-une-tournee-aupres-de-la-population#primaryimage"},"thumbnailUrl":"https:\/\/static.africa-press.net\/tchad\/sites\/41\/2022\/08\/postQueueImg_11-62fa82b840a0b.jpg","datePublished":"2022-08-15T17:11:22+00:00","dateModified":"2022-08-15T17:30:51+00:00","author":{"@id":"https:\/\/www.africa-press.net\/tchad\/#\/schema\/person\/2b1cf3cd81a31e3cd26889ca66d677f1"},"description":"Au cours de cette rencontre, le gouverneur de la province du Lac, Adoum Moustapha Brahimi, a livr\u00e9 le message des plus h ...","breadcrumb":{"@id":"https:\/\/www.africa-press.net\/tchad\/politique\/le-gouverneur-du-lac-entame-une-tournee-aupres-de-la-population#breadcrumb"},"inLanguage":"fr-FR","potentialAction":[{"@type":"ReadAction","target":["https:\/\/www.africa-press.net\/tchad\/politique\/le-gouverneur-du-lac-entame-une-tournee-aupres-de-la-population"]}]},{"@type":"ImageObject","inLanguage":"fr-FR","@id":"https:\/\/www.africa-press.net\/tchad\/politique\/le-gouverneur-du-lac-entame-une-tournee-aupres-de-la-population#primaryimage","url":"https:\/\/static.africa-press.net\/tchad\/sites\/41\/2022\/08\/postQueueImg_11-62fa82b840a0b.jpg","contentUrl":"https:\/\/static.africa-press.net\/tchad\/sites\/41\/2022\/08\/postQueueImg_11-62fa82b840a0b.jpg","width":1080,"height":810,"caption":"le gouverneur du Lac entame une tourn\u00e9e aupr\u00e8s de la population"},{"@type":"BreadcrumbList","@id":"https:\/\/www.africa-press.net\/tchad\/politique\/le-gouverneur-du-lac-entame-une-tournee-aupres-de-la-population#breadcrumb","itemListElement":[{"@type":"ListItem","position":1,"name":"Accueil","item":"https:\/\/www.africa-press.net\/tchad\/"},{"@type":"ListItem","position":2,"name":"le gouverneur du Lac entame une tourn\u00e9e aupr\u00e8s de la population"}]},{"@type":"WebSite","@id":"https:\/\/www.africa-press.net\/tchad\/#website","url":"https:\/\/www.africa-press.net\/tchad\/","name":"tchad","description":"Just another Africa News Agency Sites site","potentialAction":[{"@type":"SearchAction","target":{"@type":"EntryPoint","urlTemplate":"https:\/\/www.africa-press.net\/tchad\/?s={search_term_string}"},"query-input":{"@type":"PropertyValueSpecification","valueRequired":true,"valueName":"search_term_string"}}],"inLanguage":"fr-FR"},{"@type":"Person","@id":"https:\/\/www.africa-press.net\/tchad\/#\/schema\/person\/2b1cf3cd81a31e3cd26889ca66d677f1","name":"cfeditorfr"}]}},"_links":{"self":[{"href":"https:\/\/www.africa-press.net\/tchad\/wp-json\/wp\/v2\/posts\/30606","targetHints":{"allow":["GET"]}}],"collection":[{"href":"https:\/\/www.africa-press.net\/tchad\/wp-json\/wp\/v2\/posts"}],"about":[{"href":"https:\/\/www.africa-press.net\/tchad\/wp-json\/wp\/v2\/types\/post"}],"author":[{"embeddable":true,"href":"https:\/\/www.africa-press.net\/tchad\/wp-json\/wp\/v2\/users\/82"}],"replies":[{"embeddable":true,"href":"https:\/\/www.africa-press.net\/tchad\/wp-json\/wp\/v2\/comments?post=30606"}],"version-history":[{"count":0,"href":"https:\/\/www.africa-press.net\/tchad\/wp-json\/wp\/v2\/posts\/30606\/revisions"}],"wp:featuredmedia":[{"embeddable":true,"href":"https:\/\/www.africa-press.net\/tchad\/wp-json\/wp\/v2\/media\/30605"}],"wp:attachment":[{"href":"https:\/\/www.africa-press.net\/tchad\/wp-json\/wp\/v2\/media?parent=30606"}],"wp:term":[{"taxonomy":"category","embeddable":true,"href":"https:\/\/www.africa-press.net\/tchad\/wp-json\/wp\/v2\/categories?post=30606"},{"taxonomy":"post_tag","embeddable":true,"href":"https:\/\/www.africa-press.net\/tchad\/wp-json\/wp\/v2\/tags?post=30606"}],"curies":[{"name":"wp","href":"https:\/\/api.w.org\/{rel}","templated":true}]}}