{"id":30609,"date":"2022-08-15T17:11:45","date_gmt":"2022-08-15T17:11:45","guid":{"rendered":"https:\/\/www.africa-press.net\/tchad\/politique\/un-mort-et-trois-blesses-dans-une-attaque-a-adde"},"modified":"2022-08-15T17:31:16","modified_gmt":"2022-08-15T17:31:16","slug":"un-mort-et-trois-blesses-dans-une-attaque-a-adde","status":"publish","type":"post","link":"https:\/\/www.africa-press.net\/tchad\/toutes-les-actualites\/un-mort-et-trois-blesses-dans-une-attaque-a-adde","title":{"rendered":"un mort et trois bless\u00e9s dans une attaque \u00e0 Add\u00e9"},"content":{"rendered":"<p><span style=\"color: #ff6600\"><strong>Africa-Press &#8211; Tchad. <\/strong><\/span>Les assaillants ont emport\u00e9 des animaux et ont \u00e9t\u00e9 poursuivis par les propri\u00e9taires. Dans les \u00e9changes de tirs, l&rsquo;un des propri\u00e9taires a \u00e9t\u00e9 tu\u00e9 tandis que trois autres ont \u00e9t\u00e9 bless\u00e9s dont deux mineurs. Parmi les mineurs, l&rsquo;un est \u00e2g\u00e9 de neuf ans et l&rsquo;autre de 12 ans.<\/p>\n<p><b>\u00ab\u00a0La population entend manifester contre les autorit\u00e9s d\u00e9partementales qui sont incapables de s\u00e9curiser les citoyens et leurs biens\u00a0\u00bb<\/b>, affirme le pr\u00e9sident d&rsquo;une association de la localit\u00e9. Il demande au chef de la transition de remplacer toutes les autorit\u00e9s du d\u00e9partement ainsi que les forces de d\u00e9fense et de s\u00e9curit\u00e9 dans un d\u00e9lai de 72 heures. Pass\u00e9 ce d\u00e9lai, les habitants comptent quitter leur village pour migrer \u00e0 l&rsquo;int\u00e9rieur du pays.<\/p>\n<p>Les assaillants sont venus du Soudan, selon une source. Les habitants du village affirment avoir \u00e9t\u00e9 menac\u00e9s \u00e0 plusieurs reprises.<\/p>\n<p>Les autorit\u00e9s et les forces de d\u00e9fense et de s\u00e9curit\u00e9 ne se sont pas encore rendues sur les lieux du drame.<\/p>\n<p><strong>Pour plus d&rsquo;informations et d&rsquo;analyses sur la <a href=\"https:\/\/www.africa-press.net\/tchad\">Tchad<\/a>, suivez <a href=\"https:\/\/www.africa-press.net\/\">Africa-Press<\/a><\/strong><\/p>\n","protected":false},"excerpt":{"rendered":"<p>Africa-Press &#8211; Tchad. Les assaillants ont emport\u00e9 des animaux et ont \u00e9t\u00e9 poursuivis par les propri\u00e9taires. Dans les \u00e9changes de tirs, l&rsquo;un des propri\u00e9taires a \u00e9t\u00e9 tu\u00e9 tandis que trois autres ont \u00e9t\u00e9 bless\u00e9s dont deux mineurs. Parmi les mineurs, l&rsquo;un est \u00e2g\u00e9 de neuf ans et l&rsquo;autre de 12 ans. \u00ab\u00a0La population entend manifester [&hellip;]<\/p>\n","protected":false},"author":82,"featured_media":30608,"comment_status":"open","ping_status":"closed","sticky":false,"template":"","format":"standard","meta":{"footnotes":""},"categories":[21,11,10],"tags":[37,292,29],"class_list":["post-30609","post","type-post","status-publish","format-standard","has-post-thumbnail","hentry","category-communaute","category-homepage-french","category-toutes-les-actualites","tag-africa-press","tag-africa-press-tchad","tag-tchad"],"yoast_head":"<!-- This site is optimized with the Yoast SEO Premium plugin v26.1 (Yoast SEO v27.0) - https:\/\/yoast.com\/product\/yoast-seo-premium-wordpress\/ -->\n<title>un mort et trois bless\u00e9s dans une attaque \u00e0 Add\u00e9 - tchad<\/title>\n<meta name=\"description\" content=\"Les assaillants ont emport\u00e9 des animaux et ont \u00e9t\u00e9 poursuivis par les propri\u00e9taires. Dans les \u00e9changes de tirs, l&#039;un des ...\" \/>\n<meta name=\"robots\" content=\"index, follow, max-snippet:-1, max-image-preview:large, max-video-preview:-1\" \/>\n<link rel=\"canonical\" href=\"https:\/\/www.africa-press.net\/tchad\/toutes-les-actualites\/un-mort-et-trois-blesses-dans-une-attaque-a-adde\" \/>\n<meta property=\"og:locale\" content=\"fr_FR\" \/>\n<meta property=\"og:type\" content=\"article\" \/>\n<meta property=\"og:title\" content=\"un mort et trois bless\u00e9s dans une attaque \u00e0 Add\u00e9\" \/>\n<meta property=\"og:description\" content=\"Les assaillants ont emport\u00e9 des animaux et ont \u00e9t\u00e9 poursuivis par les propri\u00e9taires. Dans les \u00e9changes de tirs, l&#039;un des ...\" \/>\n<meta property=\"og:url\" content=\"https:\/\/www.africa-press.net\/tchad\/toutes-les-actualites\/un-mort-et-trois-blesses-dans-une-attaque-a-adde\" \/>\n<meta property=\"og:site_name\" content=\"tchad\" \/>\n<meta property=\"article:published_time\" content=\"2022-08-15T17:11:45+00:00\" \/>\n<meta property=\"article:modified_time\" content=\"2022-08-15T17:31:16+00:00\" \/>\n<meta property=\"og:image\" content=\"https:\/\/static.africa-press.net\/tchad\/sites\/41\/2022\/08\/postQueueImg_12-62fa82d258d82.jpg\" \/>\n\t<meta property=\"og:image:width\" content=\"1040\" \/>\n\t<meta property=\"og:image:height\" content=\"630\" \/>\n\t<meta property=\"og:image:type\" content=\"image\/jpeg\" \/>\n<meta name=\"author\" content=\"cfeditorfr\" \/>\n<meta name=\"twitter:card\" content=\"summary_large_image\" \/>\n<meta name=\"twitter:label1\" content=\"\u00c9crit par\" \/>\n\t<meta name=\"twitter:data1\" content=\"cfeditorfr\" \/>\n\t<meta name=\"twitter:label2\" content=\"Dur\u00e9e de lecture estim\u00e9e\" \/>\n\t<meta name=\"twitter:data2\" content=\"1 minute\" \/>\n<script type=\"application\/ld+json\" class=\"yoast-schema-graph\">{\"@context\":\"https:\/\/schema.org\",\"@graph\":[{\"@type\":\"Article\",\"@id\":\"https:\/\/www.africa-press.net\/tchad\/toutes-les-actualites\/un-mort-et-trois-blesses-dans-une-attaque-a-adde#article\",\"isPartOf\":{\"@id\":\"https:\/\/www.africa-press.net\/tchad\/toutes-les-actualites\/un-mort-et-trois-blesses-dans-une-attaque-a-adde\"},\"author\":{\"name\":\"cfeditorfr\",\"@id\":\"https:\/\/www.africa-press.net\/tchad\/#\/schema\/person\/2b1cf3cd81a31e3cd26889ca66d677f1\"},\"headline\":\"un mort et trois bless\u00e9s dans une attaque \u00e0 Add\u00e9\",\"datePublished\":\"2022-08-15T17:11:45+00:00\",\"dateModified\":\"2022-08-15T17:31:16+00:00\",\"mainEntityOfPage\":{\"@id\":\"https:\/\/www.africa-press.net\/tchad\/toutes-les-actualites\/un-mort-et-trois-blesses-dans-une-attaque-a-adde\"},\"wordCount\":203,\"commentCount\":0,\"image\":{\"@id\":\"https:\/\/www.africa-press.net\/tchad\/toutes-les-actualites\/un-mort-et-trois-blesses-dans-une-attaque-a-adde#primaryimage\"},\"thumbnailUrl\":\"https:\/\/static.africa-press.net\/tchad\/sites\/41\/2022\/08\/postQueueImg_12-62fa82d258d82.jpg\",\"keywords\":[\"Africa Press\",\"Africa Press-Tchad\",\"Tchad\"],\"articleSection\":[\"Communaut\u00e9\",\"homepage-french\",\"Toutes les actualit\u00e9s\"],\"inLanguage\":\"fr-FR\",\"potentialAction\":[{\"@type\":\"CommentAction\",\"name\":\"Comment\",\"target\":[\"https:\/\/www.africa-press.net\/tchad\/toutes-les-actualites\/un-mort-et-trois-blesses-dans-une-attaque-a-adde#respond\"]}]},{\"@type\":\"WebPage\",\"@id\":\"https:\/\/www.africa-press.net\/tchad\/toutes-les-actualites\/un-mort-et-trois-blesses-dans-une-attaque-a-adde\",\"url\":\"https:\/\/www.africa-press.net\/tchad\/toutes-les-actualites\/un-mort-et-trois-blesses-dans-une-attaque-a-adde\",\"name\":\"un mort et trois bless\u00e9s dans une attaque \u00e0 Add\u00e9 - tchad\",\"isPartOf\":{\"@id\":\"https:\/\/www.africa-press.net\/tchad\/#website\"},\"primaryImageOfPage\":{\"@id\":\"https:\/\/www.africa-press.net\/tchad\/toutes-les-actualites\/un-mort-et-trois-blesses-dans-une-attaque-a-adde#primaryimage\"},\"image\":{\"@id\":\"https:\/\/www.africa-press.net\/tchad\/toutes-les-actualites\/un-mort-et-trois-blesses-dans-une-attaque-a-adde#primaryimage\"},\"thumbnailUrl\":\"https:\/\/static.africa-press.net\/tchad\/sites\/41\/2022\/08\/postQueueImg_12-62fa82d258d82.jpg\",\"datePublished\":\"2022-08-15T17:11:45+00:00\",\"dateModified\":\"2022-08-15T17:31:16+00:00\",\"author\":{\"@id\":\"https:\/\/www.africa-press.net\/tchad\/#\/schema\/person\/2b1cf3cd81a31e3cd26889ca66d677f1\"},\"description\":\"Les assaillants ont emport\u00e9 des animaux et ont \u00e9t\u00e9 poursuivis par les propri\u00e9taires. Dans les \u00e9changes de tirs, l'un des ...\",\"breadcrumb\":{\"@id\":\"https:\/\/www.africa-press.net\/tchad\/toutes-les-actualites\/un-mort-et-trois-blesses-dans-une-attaque-a-adde#breadcrumb\"},\"inLanguage\":\"fr-FR\",\"potentialAction\":[{\"@type\":\"ReadAction\",\"target\":[\"https:\/\/www.africa-press.net\/tchad\/toutes-les-actualites\/un-mort-et-trois-blesses-dans-une-attaque-a-adde\"]}]},{\"@type\":\"ImageObject\",\"inLanguage\":\"fr-FR\",\"@id\":\"https:\/\/www.africa-press.net\/tchad\/toutes-les-actualites\/un-mort-et-trois-blesses-dans-une-attaque-a-adde#primaryimage\",\"url\":\"https:\/\/static.africa-press.net\/tchad\/sites\/41\/2022\/08\/postQueueImg_12-62fa82d258d82.jpg\",\"contentUrl\":\"https:\/\/static.africa-press.net\/tchad\/sites\/41\/2022\/08\/postQueueImg_12-62fa82d258d82.jpg\",\"width\":1040,\"height\":630,\"caption\":\"un mort et trois bless\u00e9s dans une attaque \u00e0 Add\u00e9\"},{\"@type\":\"BreadcrumbList\",\"@id\":\"https:\/\/www.africa-press.net\/tchad\/toutes-les-actualites\/un-mort-et-trois-blesses-dans-une-attaque-a-adde#breadcrumb\",\"itemListElement\":[{\"@type\":\"ListItem\",\"position\":1,\"name\":\"Accueil\",\"item\":\"https:\/\/www.africa-press.net\/tchad\/\"},{\"@type\":\"ListItem\",\"position\":2,\"name\":\"un mort et trois bless\u00e9s dans une attaque \u00e0 Add\u00e9\"}]},{\"@type\":\"WebSite\",\"@id\":\"https:\/\/www.africa-press.net\/tchad\/#website\",\"url\":\"https:\/\/www.africa-press.net\/tchad\/\",\"name\":\"tchad\",\"description\":\"Just another Africa News Agency Sites site\",\"potentialAction\":[{\"@type\":\"SearchAction\",\"target\":{\"@type\":\"EntryPoint\",\"urlTemplate\":\"https:\/\/www.africa-press.net\/tchad\/?s={search_term_string}\"},\"query-input\":{\"@type\":\"PropertyValueSpecification\",\"valueRequired\":true,\"valueName\":\"search_term_string\"}}],\"inLanguage\":\"fr-FR\"},{\"@type\":\"Person\",\"@id\":\"https:\/\/www.africa-press.net\/tchad\/#\/schema\/person\/2b1cf3cd81a31e3cd26889ca66d677f1\",\"name\":\"cfeditorfr\"}]}<\/script>\n<!-- \/ Yoast SEO Premium plugin. -->","yoast_head_json":{"title":"un mort et trois bless\u00e9s dans une attaque \u00e0 Add\u00e9 - tchad","description":"Les assaillants ont emport\u00e9 des animaux et ont \u00e9t\u00e9 poursuivis par les propri\u00e9taires. Dans les \u00e9changes de tirs, l'un des ...","robots":{"index":"index","follow":"follow","max-snippet":"max-snippet:-1","max-image-preview":"max-image-preview:large","max-video-preview":"max-video-preview:-1"},"canonical":"https:\/\/www.africa-press.net\/tchad\/toutes-les-actualites\/un-mort-et-trois-blesses-dans-une-attaque-a-adde","og_locale":"fr_FR","og_type":"article","og_title":"un mort et trois bless\u00e9s dans une attaque \u00e0 Add\u00e9","og_description":"Les assaillants ont emport\u00e9 des animaux et ont \u00e9t\u00e9 poursuivis par les propri\u00e9taires. Dans les \u00e9changes de tirs, l'un des ...","og_url":"https:\/\/www.africa-press.net\/tchad\/toutes-les-actualites\/un-mort-et-trois-blesses-dans-une-attaque-a-adde","og_site_name":"tchad","article_published_time":"2022-08-15T17:11:45+00:00","article_modified_time":"2022-08-15T17:31:16+00:00","og_image":[{"width":1040,"height":630,"url":"https:\/\/static.africa-press.net\/tchad\/sites\/41\/2022\/08\/postQueueImg_12-62fa82d258d82.jpg","type":"image\/jpeg"}],"author":"cfeditorfr","twitter_card":"summary_large_image","twitter_misc":{"\u00c9crit par":"cfeditorfr","Dur\u00e9e de lecture estim\u00e9e":"1 minute"},"schema":{"@context":"https:\/\/schema.org","@graph":[{"@type":"Article","@id":"https:\/\/www.africa-press.net\/tchad\/toutes-les-actualites\/un-mort-et-trois-blesses-dans-une-attaque-a-adde#article","isPartOf":{"@id":"https:\/\/www.africa-press.net\/tchad\/toutes-les-actualites\/un-mort-et-trois-blesses-dans-une-attaque-a-adde"},"author":{"name":"cfeditorfr","@id":"https:\/\/www.africa-press.net\/tchad\/#\/schema\/person\/2b1cf3cd81a31e3cd26889ca66d677f1"},"headline":"un mort et trois bless\u00e9s dans une attaque \u00e0 Add\u00e9","datePublished":"2022-08-15T17:11:45+00:00","dateModified":"2022-08-15T17:31:16+00:00","mainEntityOfPage":{"@id":"https:\/\/www.africa-press.net\/tchad\/toutes-les-actualites\/un-mort-et-trois-blesses-dans-une-attaque-a-adde"},"wordCount":203,"commentCount":0,"image":{"@id":"https:\/\/www.africa-press.net\/tchad\/toutes-les-actualites\/un-mort-et-trois-blesses-dans-une-attaque-a-adde#primaryimage"},"thumbnailUrl":"https:\/\/static.africa-press.net\/tchad\/sites\/41\/2022\/08\/postQueueImg_12-62fa82d258d82.jpg","keywords":["Africa Press","Africa Press-Tchad","Tchad"],"articleSection":["Communaut\u00e9","homepage-french","Toutes les actualit\u00e9s"],"inLanguage":"fr-FR","potentialAction":[{"@type":"CommentAction","name":"Comment","target":["https:\/\/www.africa-press.net\/tchad\/toutes-les-actualites\/un-mort-et-trois-blesses-dans-une-attaque-a-adde#respond"]}]},{"@type":"WebPage","@id":"https:\/\/www.africa-press.net\/tchad\/toutes-les-actualites\/un-mort-et-trois-blesses-dans-une-attaque-a-adde","url":"https:\/\/www.africa-press.net\/tchad\/toutes-les-actualites\/un-mort-et-trois-blesses-dans-une-attaque-a-adde","name":"un mort et trois bless\u00e9s dans une attaque \u00e0 Add\u00e9 - tchad","isPartOf":{"@id":"https:\/\/www.africa-press.net\/tchad\/#website"},"primaryImageOfPage":{"@id":"https:\/\/www.africa-press.net\/tchad\/toutes-les-actualites\/un-mort-et-trois-blesses-dans-une-attaque-a-adde#primaryimage"},"image":{"@id":"https:\/\/www.africa-press.net\/tchad\/toutes-les-actualites\/un-mort-et-trois-blesses-dans-une-attaque-a-adde#primaryimage"},"thumbnailUrl":"https:\/\/static.africa-press.net\/tchad\/sites\/41\/2022\/08\/postQueueImg_12-62fa82d258d82.jpg","datePublished":"2022-08-15T17:11:45+00:00","dateModified":"2022-08-15T17:31:16+00:00","author":{"@id":"https:\/\/www.africa-press.net\/tchad\/#\/schema\/person\/2b1cf3cd81a31e3cd26889ca66d677f1"},"description":"Les assaillants ont emport\u00e9 des animaux et ont \u00e9t\u00e9 poursuivis par les propri\u00e9taires. Dans les \u00e9changes de tirs, l'un des ...","breadcrumb":{"@id":"https:\/\/www.africa-press.net\/tchad\/toutes-les-actualites\/un-mort-et-trois-blesses-dans-une-attaque-a-adde#breadcrumb"},"inLanguage":"fr-FR","potentialAction":[{"@type":"ReadAction","target":["https:\/\/www.africa-press.net\/tchad\/toutes-les-actualites\/un-mort-et-trois-blesses-dans-une-attaque-a-adde"]}]},{"@type":"ImageObject","inLanguage":"fr-FR","@id":"https:\/\/www.africa-press.net\/tchad\/toutes-les-actualites\/un-mort-et-trois-blesses-dans-une-attaque-a-adde#primaryimage","url":"https:\/\/static.africa-press.net\/tchad\/sites\/41\/2022\/08\/postQueueImg_12-62fa82d258d82.jpg","contentUrl":"https:\/\/static.africa-press.net\/tchad\/sites\/41\/2022\/08\/postQueueImg_12-62fa82d258d82.jpg","width":1040,"height":630,"caption":"un mort et trois bless\u00e9s dans une attaque \u00e0 Add\u00e9"},{"@type":"BreadcrumbList","@id":"https:\/\/www.africa-press.net\/tchad\/toutes-les-actualites\/un-mort-et-trois-blesses-dans-une-attaque-a-adde#breadcrumb","itemListElement":[{"@type":"ListItem","position":1,"name":"Accueil","item":"https:\/\/www.africa-press.net\/tchad\/"},{"@type":"ListItem","position":2,"name":"un mort et trois bless\u00e9s dans une attaque \u00e0 Add\u00e9"}]},{"@type":"WebSite","@id":"https:\/\/www.africa-press.net\/tchad\/#website","url":"https:\/\/www.africa-press.net\/tchad\/","name":"tchad","description":"Just another Africa News Agency Sites site","potentialAction":[{"@type":"SearchAction","target":{"@type":"EntryPoint","urlTemplate":"https:\/\/www.africa-press.net\/tchad\/?s={search_term_string}"},"query-input":{"@type":"PropertyValueSpecification","valueRequired":true,"valueName":"search_term_string"}}],"inLanguage":"fr-FR"},{"@type":"Person","@id":"https:\/\/www.africa-press.net\/tchad\/#\/schema\/person\/2b1cf3cd81a31e3cd26889ca66d677f1","name":"cfeditorfr"}]}},"_links":{"self":[{"href":"https:\/\/www.africa-press.net\/tchad\/wp-json\/wp\/v2\/posts\/30609","targetHints":{"allow":["GET"]}}],"collection":[{"href":"https:\/\/www.africa-press.net\/tchad\/wp-json\/wp\/v2\/posts"}],"about":[{"href":"https:\/\/www.africa-press.net\/tchad\/wp-json\/wp\/v2\/types\/post"}],"author":[{"embeddable":true,"href":"https:\/\/www.africa-press.net\/tchad\/wp-json\/wp\/v2\/users\/82"}],"replies":[{"embeddable":true,"href":"https:\/\/www.africa-press.net\/tchad\/wp-json\/wp\/v2\/comments?post=30609"}],"version-history":[{"count":0,"href":"https:\/\/www.africa-press.net\/tchad\/wp-json\/wp\/v2\/posts\/30609\/revisions"}],"wp:featuredmedia":[{"embeddable":true,"href":"https:\/\/www.africa-press.net\/tchad\/wp-json\/wp\/v2\/media\/30608"}],"wp:attachment":[{"href":"https:\/\/www.africa-press.net\/tchad\/wp-json\/wp\/v2\/media?parent=30609"}],"wp:term":[{"taxonomy":"category","embeddable":true,"href":"https:\/\/www.africa-press.net\/tchad\/wp-json\/wp\/v2\/categories?post=30609"},{"taxonomy":"post_tag","embeddable":true,"href":"https:\/\/www.africa-press.net\/tchad\/wp-json\/wp\/v2\/tags?post=30609"}],"curies":[{"name":"wp","href":"https:\/\/api.w.org\/{rel}","templated":true}]}}