{"id":30618,"date":"2022-08-15T17:13:14","date_gmt":"2022-08-15T17:13:14","guid":{"rendered":"https:\/\/www.africa-press.net\/tchad\/politique\/il-tue-son-enfant-pour-250-fcfa"},"modified":"2022-08-15T17:32:27","modified_gmt":"2022-08-15T17:32:27","slug":"il-tue-son-enfant-pour-250-fcfa","status":"publish","type":"post","link":"https:\/\/www.africa-press.net\/tchad\/toutes-les-actualites\/il-tue-son-enfant-pour-250-fcfa","title":{"rendered":"il tue son enfant pour 250 Fcfa"},"content":{"rendered":"<p><span style=\"color: #ff6600\"><strong>Africa-Press &#8211; Tchad. <\/strong><\/span>Le drame s\u2019est produit ce samedi 13 ao\u00fbt 2022 autour de 19 heures. c\u2019est une discussion qui a \u00e9clat\u00e9 entre le p\u00e8re et son fils. Le p\u00e8re veut \u00e0 tout prix son argent qui est de 250 Fcfa emprunt\u00e9 par le fils.<\/p>\n<p>Dans la discussion, le p\u00e8re r\u00e9clame son argent. Il pique une col\u00e8re, ramasse un b\u00e2ton et administre deux coup \u00e0 son fils de 22 ans le nomm\u00e9 Iyakib\u00e9 qui avale son acte de naissance sur surplace.<\/p>\n<p>Face \u00e0 son acte criminel, le p\u00e8re prend la poudre d\u2019escampette et disparait dans la nature, laissant toute sa famille \u00e0 la merci de la nature.<\/p>\n<p>Inform\u00e9 de cet acte, le chef de village de Poudou\u00e9 a fait appel aux agents de s\u00e9curit\u00e9 de Gu\u00e9lo pour le constat. Le corps a \u00e9t\u00e9 ensuite inhum\u00e9 dans l\u2019amertume total. Le p\u00e8re demeure introuvable.<\/p>\n<p><strong>Pour plus d&rsquo;informations et d&rsquo;analyses sur la <a href=\"https:\/\/www.africa-press.net\/tchad\">Tchad<\/a>, suivez <a href=\"https:\/\/www.africa-press.net\/\">Africa-Press<\/a><\/strong><\/p>\n","protected":false},"excerpt":{"rendered":"<p>Africa-Press &#8211; Tchad. Le drame s\u2019est produit ce samedi 13 ao\u00fbt 2022 autour de 19 heures. c\u2019est une discussion qui a \u00e9clat\u00e9 entre le p\u00e8re et son fils. Le p\u00e8re veut \u00e0 tout prix son argent qui est de 250 Fcfa emprunt\u00e9 par le fils. Dans la discussion, le p\u00e8re r\u00e9clame son argent. Il pique [&hellip;]<\/p>\n","protected":false},"author":82,"featured_media":30617,"comment_status":"open","ping_status":"closed","sticky":false,"template":"","format":"standard","meta":{"footnotes":""},"categories":[21,11,10],"tags":[37,292,29],"class_list":["post-30618","post","type-post","status-publish","format-standard","has-post-thumbnail","hentry","category-communaute","category-homepage-french","category-toutes-les-actualites","tag-africa-press","tag-africa-press-tchad","tag-tchad"],"yoast_head":"<!-- This site is optimized with the Yoast SEO Premium plugin v26.1 (Yoast SEO v27.0) - https:\/\/yoast.com\/product\/yoast-seo-premium-wordpress\/ -->\n<title>il tue son enfant pour 250 Fcfa - tchad<\/title>\n<meta name=\"description\" content=\"Le drame s\u2019est produit ce samedi 13 ao\u00fbt 2022 autour de 19 heures. c\u2019est une discussion qui a \u00e9clat\u00e9 entre le p\u00e8re et so ...\" \/>\n<meta name=\"robots\" content=\"index, follow, max-snippet:-1, max-image-preview:large, max-video-preview:-1\" \/>\n<link rel=\"canonical\" href=\"https:\/\/www.africa-press.net\/tchad\/toutes-les-actualites\/il-tue-son-enfant-pour-250-fcfa\" \/>\n<meta property=\"og:locale\" content=\"fr_FR\" \/>\n<meta property=\"og:type\" content=\"article\" \/>\n<meta property=\"og:title\" content=\"il tue son enfant pour 250 Fcfa\" \/>\n<meta property=\"og:description\" content=\"Le drame s\u2019est produit ce samedi 13 ao\u00fbt 2022 autour de 19 heures. c\u2019est une discussion qui a \u00e9clat\u00e9 entre le p\u00e8re et so ...\" \/>\n<meta property=\"og:url\" content=\"https:\/\/www.africa-press.net\/tchad\/toutes-les-actualites\/il-tue-son-enfant-pour-250-fcfa\" \/>\n<meta property=\"og:site_name\" content=\"tchad\" \/>\n<meta property=\"article:published_time\" content=\"2022-08-15T17:13:14+00:00\" \/>\n<meta property=\"article:modified_time\" content=\"2022-08-15T17:32:27+00:00\" \/>\n<meta property=\"og:image\" content=\"https:\/\/static.africa-press.net\/tchad\/sites\/41\/2022\/08\/postQueueImg_15-62fa8319a8667.jpg\" \/>\n\t<meta property=\"og:image:width\" content=\"1280\" \/>\n\t<meta property=\"og:image:height\" content=\"720\" \/>\n\t<meta property=\"og:image:type\" content=\"image\/jpeg\" \/>\n<meta name=\"author\" content=\"cfeditorfr\" \/>\n<meta name=\"twitter:card\" content=\"summary_large_image\" \/>\n<meta name=\"twitter:label1\" content=\"\u00c9crit par\" \/>\n\t<meta name=\"twitter:data1\" content=\"cfeditorfr\" \/>\n\t<meta name=\"twitter:label2\" content=\"Dur\u00e9e de lecture estim\u00e9e\" \/>\n\t<meta name=\"twitter:data2\" content=\"1 minute\" \/>\n<script type=\"application\/ld+json\" class=\"yoast-schema-graph\">{\"@context\":\"https:\/\/schema.org\",\"@graph\":[{\"@type\":\"Article\",\"@id\":\"https:\/\/www.africa-press.net\/tchad\/toutes-les-actualites\/il-tue-son-enfant-pour-250-fcfa#article\",\"isPartOf\":{\"@id\":\"https:\/\/www.africa-press.net\/tchad\/toutes-les-actualites\/il-tue-son-enfant-pour-250-fcfa\"},\"author\":{\"name\":\"cfeditorfr\",\"@id\":\"https:\/\/www.africa-press.net\/tchad\/#\/schema\/person\/2b1cf3cd81a31e3cd26889ca66d677f1\"},\"headline\":\"il tue son enfant pour 250 Fcfa\",\"datePublished\":\"2022-08-15T17:13:14+00:00\",\"dateModified\":\"2022-08-15T17:32:27+00:00\",\"mainEntityOfPage\":{\"@id\":\"https:\/\/www.africa-press.net\/tchad\/toutes-les-actualites\/il-tue-son-enfant-pour-250-fcfa\"},\"wordCount\":166,\"commentCount\":0,\"image\":{\"@id\":\"https:\/\/www.africa-press.net\/tchad\/toutes-les-actualites\/il-tue-son-enfant-pour-250-fcfa#primaryimage\"},\"thumbnailUrl\":\"https:\/\/static.africa-press.net\/tchad\/sites\/41\/2022\/08\/postQueueImg_15-62fa8319a8667.jpg\",\"keywords\":[\"Africa Press\",\"Africa Press-Tchad\",\"Tchad\"],\"articleSection\":[\"Communaut\u00e9\",\"homepage-french\",\"Toutes les actualit\u00e9s\"],\"inLanguage\":\"fr-FR\",\"potentialAction\":[{\"@type\":\"CommentAction\",\"name\":\"Comment\",\"target\":[\"https:\/\/www.africa-press.net\/tchad\/toutes-les-actualites\/il-tue-son-enfant-pour-250-fcfa#respond\"]}]},{\"@type\":\"WebPage\",\"@id\":\"https:\/\/www.africa-press.net\/tchad\/toutes-les-actualites\/il-tue-son-enfant-pour-250-fcfa\",\"url\":\"https:\/\/www.africa-press.net\/tchad\/toutes-les-actualites\/il-tue-son-enfant-pour-250-fcfa\",\"name\":\"il tue son enfant pour 250 Fcfa - tchad\",\"isPartOf\":{\"@id\":\"https:\/\/www.africa-press.net\/tchad\/#website\"},\"primaryImageOfPage\":{\"@id\":\"https:\/\/www.africa-press.net\/tchad\/toutes-les-actualites\/il-tue-son-enfant-pour-250-fcfa#primaryimage\"},\"image\":{\"@id\":\"https:\/\/www.africa-press.net\/tchad\/toutes-les-actualites\/il-tue-son-enfant-pour-250-fcfa#primaryimage\"},\"thumbnailUrl\":\"https:\/\/static.africa-press.net\/tchad\/sites\/41\/2022\/08\/postQueueImg_15-62fa8319a8667.jpg\",\"datePublished\":\"2022-08-15T17:13:14+00:00\",\"dateModified\":\"2022-08-15T17:32:27+00:00\",\"author\":{\"@id\":\"https:\/\/www.africa-press.net\/tchad\/#\/schema\/person\/2b1cf3cd81a31e3cd26889ca66d677f1\"},\"description\":\"Le drame s\u2019est produit ce samedi 13 ao\u00fbt 2022 autour de 19 heures. c\u2019est une discussion qui a \u00e9clat\u00e9 entre le p\u00e8re et so ...\",\"breadcrumb\":{\"@id\":\"https:\/\/www.africa-press.net\/tchad\/toutes-les-actualites\/il-tue-son-enfant-pour-250-fcfa#breadcrumb\"},\"inLanguage\":\"fr-FR\",\"potentialAction\":[{\"@type\":\"ReadAction\",\"target\":[\"https:\/\/www.africa-press.net\/tchad\/toutes-les-actualites\/il-tue-son-enfant-pour-250-fcfa\"]}]},{\"@type\":\"ImageObject\",\"inLanguage\":\"fr-FR\",\"@id\":\"https:\/\/www.africa-press.net\/tchad\/toutes-les-actualites\/il-tue-son-enfant-pour-250-fcfa#primaryimage\",\"url\":\"https:\/\/static.africa-press.net\/tchad\/sites\/41\/2022\/08\/postQueueImg_15-62fa8319a8667.jpg\",\"contentUrl\":\"https:\/\/static.africa-press.net\/tchad\/sites\/41\/2022\/08\/postQueueImg_15-62fa8319a8667.jpg\",\"width\":1280,\"height\":720,\"caption\":\"il tue son enfant pour 250 Fcfa\"},{\"@type\":\"BreadcrumbList\",\"@id\":\"https:\/\/www.africa-press.net\/tchad\/toutes-les-actualites\/il-tue-son-enfant-pour-250-fcfa#breadcrumb\",\"itemListElement\":[{\"@type\":\"ListItem\",\"position\":1,\"name\":\"Accueil\",\"item\":\"https:\/\/www.africa-press.net\/tchad\/\"},{\"@type\":\"ListItem\",\"position\":2,\"name\":\"il tue son enfant pour 250 Fcfa\"}]},{\"@type\":\"WebSite\",\"@id\":\"https:\/\/www.africa-press.net\/tchad\/#website\",\"url\":\"https:\/\/www.africa-press.net\/tchad\/\",\"name\":\"tchad\",\"description\":\"Just another Africa News Agency Sites site\",\"potentialAction\":[{\"@type\":\"SearchAction\",\"target\":{\"@type\":\"EntryPoint\",\"urlTemplate\":\"https:\/\/www.africa-press.net\/tchad\/?s={search_term_string}\"},\"query-input\":{\"@type\":\"PropertyValueSpecification\",\"valueRequired\":true,\"valueName\":\"search_term_string\"}}],\"inLanguage\":\"fr-FR\"},{\"@type\":\"Person\",\"@id\":\"https:\/\/www.africa-press.net\/tchad\/#\/schema\/person\/2b1cf3cd81a31e3cd26889ca66d677f1\",\"name\":\"cfeditorfr\"}]}<\/script>\n<!-- \/ Yoast SEO Premium plugin. -->","yoast_head_json":{"title":"il tue son enfant pour 250 Fcfa - tchad","description":"Le drame s\u2019est produit ce samedi 13 ao\u00fbt 2022 autour de 19 heures. c\u2019est une discussion qui a \u00e9clat\u00e9 entre le p\u00e8re et so ...","robots":{"index":"index","follow":"follow","max-snippet":"max-snippet:-1","max-image-preview":"max-image-preview:large","max-video-preview":"max-video-preview:-1"},"canonical":"https:\/\/www.africa-press.net\/tchad\/toutes-les-actualites\/il-tue-son-enfant-pour-250-fcfa","og_locale":"fr_FR","og_type":"article","og_title":"il tue son enfant pour 250 Fcfa","og_description":"Le drame s\u2019est produit ce samedi 13 ao\u00fbt 2022 autour de 19 heures. c\u2019est une discussion qui a \u00e9clat\u00e9 entre le p\u00e8re et so ...","og_url":"https:\/\/www.africa-press.net\/tchad\/toutes-les-actualites\/il-tue-son-enfant-pour-250-fcfa","og_site_name":"tchad","article_published_time":"2022-08-15T17:13:14+00:00","article_modified_time":"2022-08-15T17:32:27+00:00","og_image":[{"width":1280,"height":720,"url":"https:\/\/static.africa-press.net\/tchad\/sites\/41\/2022\/08\/postQueueImg_15-62fa8319a8667.jpg","type":"image\/jpeg"}],"author":"cfeditorfr","twitter_card":"summary_large_image","twitter_misc":{"\u00c9crit par":"cfeditorfr","Dur\u00e9e de lecture estim\u00e9e":"1 minute"},"schema":{"@context":"https:\/\/schema.org","@graph":[{"@type":"Article","@id":"https:\/\/www.africa-press.net\/tchad\/toutes-les-actualites\/il-tue-son-enfant-pour-250-fcfa#article","isPartOf":{"@id":"https:\/\/www.africa-press.net\/tchad\/toutes-les-actualites\/il-tue-son-enfant-pour-250-fcfa"},"author":{"name":"cfeditorfr","@id":"https:\/\/www.africa-press.net\/tchad\/#\/schema\/person\/2b1cf3cd81a31e3cd26889ca66d677f1"},"headline":"il tue son enfant pour 250 Fcfa","datePublished":"2022-08-15T17:13:14+00:00","dateModified":"2022-08-15T17:32:27+00:00","mainEntityOfPage":{"@id":"https:\/\/www.africa-press.net\/tchad\/toutes-les-actualites\/il-tue-son-enfant-pour-250-fcfa"},"wordCount":166,"commentCount":0,"image":{"@id":"https:\/\/www.africa-press.net\/tchad\/toutes-les-actualites\/il-tue-son-enfant-pour-250-fcfa#primaryimage"},"thumbnailUrl":"https:\/\/static.africa-press.net\/tchad\/sites\/41\/2022\/08\/postQueueImg_15-62fa8319a8667.jpg","keywords":["Africa Press","Africa Press-Tchad","Tchad"],"articleSection":["Communaut\u00e9","homepage-french","Toutes les actualit\u00e9s"],"inLanguage":"fr-FR","potentialAction":[{"@type":"CommentAction","name":"Comment","target":["https:\/\/www.africa-press.net\/tchad\/toutes-les-actualites\/il-tue-son-enfant-pour-250-fcfa#respond"]}]},{"@type":"WebPage","@id":"https:\/\/www.africa-press.net\/tchad\/toutes-les-actualites\/il-tue-son-enfant-pour-250-fcfa","url":"https:\/\/www.africa-press.net\/tchad\/toutes-les-actualites\/il-tue-son-enfant-pour-250-fcfa","name":"il tue son enfant pour 250 Fcfa - tchad","isPartOf":{"@id":"https:\/\/www.africa-press.net\/tchad\/#website"},"primaryImageOfPage":{"@id":"https:\/\/www.africa-press.net\/tchad\/toutes-les-actualites\/il-tue-son-enfant-pour-250-fcfa#primaryimage"},"image":{"@id":"https:\/\/www.africa-press.net\/tchad\/toutes-les-actualites\/il-tue-son-enfant-pour-250-fcfa#primaryimage"},"thumbnailUrl":"https:\/\/static.africa-press.net\/tchad\/sites\/41\/2022\/08\/postQueueImg_15-62fa8319a8667.jpg","datePublished":"2022-08-15T17:13:14+00:00","dateModified":"2022-08-15T17:32:27+00:00","author":{"@id":"https:\/\/www.africa-press.net\/tchad\/#\/schema\/person\/2b1cf3cd81a31e3cd26889ca66d677f1"},"description":"Le drame s\u2019est produit ce samedi 13 ao\u00fbt 2022 autour de 19 heures. c\u2019est une discussion qui a \u00e9clat\u00e9 entre le p\u00e8re et so ...","breadcrumb":{"@id":"https:\/\/www.africa-press.net\/tchad\/toutes-les-actualites\/il-tue-son-enfant-pour-250-fcfa#breadcrumb"},"inLanguage":"fr-FR","potentialAction":[{"@type":"ReadAction","target":["https:\/\/www.africa-press.net\/tchad\/toutes-les-actualites\/il-tue-son-enfant-pour-250-fcfa"]}]},{"@type":"ImageObject","inLanguage":"fr-FR","@id":"https:\/\/www.africa-press.net\/tchad\/toutes-les-actualites\/il-tue-son-enfant-pour-250-fcfa#primaryimage","url":"https:\/\/static.africa-press.net\/tchad\/sites\/41\/2022\/08\/postQueueImg_15-62fa8319a8667.jpg","contentUrl":"https:\/\/static.africa-press.net\/tchad\/sites\/41\/2022\/08\/postQueueImg_15-62fa8319a8667.jpg","width":1280,"height":720,"caption":"il tue son enfant pour 250 Fcfa"},{"@type":"BreadcrumbList","@id":"https:\/\/www.africa-press.net\/tchad\/toutes-les-actualites\/il-tue-son-enfant-pour-250-fcfa#breadcrumb","itemListElement":[{"@type":"ListItem","position":1,"name":"Accueil","item":"https:\/\/www.africa-press.net\/tchad\/"},{"@type":"ListItem","position":2,"name":"il tue son enfant pour 250 Fcfa"}]},{"@type":"WebSite","@id":"https:\/\/www.africa-press.net\/tchad\/#website","url":"https:\/\/www.africa-press.net\/tchad\/","name":"tchad","description":"Just another Africa News Agency Sites site","potentialAction":[{"@type":"SearchAction","target":{"@type":"EntryPoint","urlTemplate":"https:\/\/www.africa-press.net\/tchad\/?s={search_term_string}"},"query-input":{"@type":"PropertyValueSpecification","valueRequired":true,"valueName":"search_term_string"}}],"inLanguage":"fr-FR"},{"@type":"Person","@id":"https:\/\/www.africa-press.net\/tchad\/#\/schema\/person\/2b1cf3cd81a31e3cd26889ca66d677f1","name":"cfeditorfr"}]}},"_links":{"self":[{"href":"https:\/\/www.africa-press.net\/tchad\/wp-json\/wp\/v2\/posts\/30618","targetHints":{"allow":["GET"]}}],"collection":[{"href":"https:\/\/www.africa-press.net\/tchad\/wp-json\/wp\/v2\/posts"}],"about":[{"href":"https:\/\/www.africa-press.net\/tchad\/wp-json\/wp\/v2\/types\/post"}],"author":[{"embeddable":true,"href":"https:\/\/www.africa-press.net\/tchad\/wp-json\/wp\/v2\/users\/82"}],"replies":[{"embeddable":true,"href":"https:\/\/www.africa-press.net\/tchad\/wp-json\/wp\/v2\/comments?post=30618"}],"version-history":[{"count":0,"href":"https:\/\/www.africa-press.net\/tchad\/wp-json\/wp\/v2\/posts\/30618\/revisions"}],"wp:featuredmedia":[{"embeddable":true,"href":"https:\/\/www.africa-press.net\/tchad\/wp-json\/wp\/v2\/media\/30617"}],"wp:attachment":[{"href":"https:\/\/www.africa-press.net\/tchad\/wp-json\/wp\/v2\/media?parent=30618"}],"wp:term":[{"taxonomy":"category","embeddable":true,"href":"https:\/\/www.africa-press.net\/tchad\/wp-json\/wp\/v2\/categories?post=30618"},{"taxonomy":"post_tag","embeddable":true,"href":"https:\/\/www.africa-press.net\/tchad\/wp-json\/wp\/v2\/tags?post=30618"}],"curies":[{"name":"wp","href":"https:\/\/api.w.org\/{rel}","templated":true}]}}