{"id":30653,"date":"2022-08-16T06:14:23","date_gmt":"2022-08-16T06:14:23","guid":{"rendered":"https:\/\/www.africa-press.net\/tchad\/politique\/pourquoi-lagence-humanitaire-de-lunion-africaine-doit-etre-saluee"},"modified":"2022-08-16T06:27:55","modified_gmt":"2022-08-16T06:27:55","slug":"pourquoi-lagence-humanitaire-de-lunion-africaine-doit-etre-saluee","status":"publish","type":"post","link":"https:\/\/www.africa-press.net\/tchad\/dossiers\/pourquoi-lagence-humanitaire-de-lunion-africaine-doit-etre-saluee","title":{"rendered":"\u00ab\u00a0Pourquoi l\u2019Agence humanitaire de\u00a0l\u2019Union africaine doit \u00eatre salu\u00e9e\u00a0\u00bb"},"content":{"rendered":"<p><span style=\"color: #ff6600\"><strong>Africa-Press &#8211; Tchad. <\/strong><\/span>En voil\u00e0 une bonne nouvelle que de voir le continent se prendre en main sur une question qui lui est centrale, l&rsquo;humanitaire, en partenariat avec les instances nationales, r\u00e9gionales et les agences internationales, dont le Fonds des Nations unies pour la population (UNFPA), avec sa structure propre. L&rsquo;Agence humanitaire de l&rsquo;Union africaine ainsi cr\u00e9\u00e9e vise \u00e0 \u00ab s&rsquo;ancrer dans les m\u00e9canismes nationaux et r\u00e9gionaux, et \u00e0 \u00eatre financ\u00e9e par les ressources propres de l&rsquo;Afrique \u00bb, tout en reposant sur des valeurs panafricaines.<\/p>\n<p><b>Une agence d&rsquo;importance strat\u00e9gique\u2026<\/b><\/p>\n<p>Dot\u00e9e de nouveaux moyens financiers, 140 millions de dollars d&rsquo;engagements obtenus lors du sommet humanitaire et la conf\u00e9rence des donateurs organis\u00e9s par l&rsquo;UA et la Guin\u00e9e \u00e9quatoriale fin mai \u00e0 Malabo, l&rsquo;Agence humanitaire de l&rsquo;Union africaine (AHUA) d\u00e9tient un mandat d&rsquo;une haute importance strat\u00e9gique. L&rsquo;Afrique, o\u00f9 se d\u00e9roule 75 % de l&rsquo;activit\u00e9 humanitaire globale, abrite en effet 26 % des r\u00e9fugi\u00e9s du monde entier. Pas moins de 114 millions de personnes y ont besoin d&rsquo;une assistance, selon les Nations unies.<\/p>\n<p>Aussi l&rsquo;Union africaine place-t-elle en priorit\u00e9 la \u00ab prise en consid\u00e9ration des besoins sp\u00e9ciaux des femmes et des groupes vuln\u00e9rables, sp\u00e9cialement les enfants, les jeunes et les personnes \u00e2g\u00e9es \u00bb. Il y va de l&rsquo;avenir dans \u00ab l&rsquo;Afrique que nous voulons \u00bb, telle qu&rsquo;elle est mise en avant par l&rsquo;agenda 2063 de l&rsquo;UA, mais aussi des efforts \u00e0 poursuivre sans rel\u00e2che pour atteindre les objectifs de d\u00e9veloppement durable (ODD) \u00e0 l&rsquo;horizon 2030.<\/p>\n<p><b>\u2026 pour des besoins pressants sur le terrain<\/b><\/p>\n<p>Les besoins augmentent rapidement, avec la hausse du nombre de catastrophes naturelles li\u00e9es au changement climatique, des cyclones \u00e0 r\u00e9p\u00e9tition au Mozambique aux inondations r\u00e9currentes, en passant par l&rsquo;ass\u00e8chement des lacs et la s\u00e9cheresse. En outre, les conflits persistent en Afrique, o\u00f9 se d\u00e9roulent 15 des 32 guerres actives dans le monde. Trois des dix pays n\u00e9cessitant le plus d&rsquo;aide se trouvent sur le continent : la R\u00e9publique d\u00e9mocratique du Congo, en troisi\u00e8me position apr\u00e8s le Y\u00e9men et la Syrie, puis le Soudan et le Nigeria. En 2021, l&rsquo;UNFPA a fourni une aide humanitaire vitale \u00e0 29 millions de femmes de 15 \u00e0 49 ans dans 42 pays, et \u00e0 4,3 millions de jeunes de 10 \u00e0 24 ans dans 33 pays.<\/p>\n<p>Toutes les personnes d\u00e9plac\u00e9es ont des droits essentiels, dont celui de l&rsquo;acc\u00e8s \u00e0 une assistance. En particulier les femmes et les enfants, les chefs de m\u00e9nage c\u00e9libataires et les mineurs non accompagn\u00e9s. La protection sp\u00e9ciale dont ils doivent b\u00e9n\u00e9ficier comprend toutes les formes contre la violence sexuelle ou bas\u00e9e sur le genre contre les femmes et les enfants, lesquels forment la majorit\u00e9 des populations d\u00e9plac\u00e9es.<\/p>\n<p>Chaque jour, dans des contextes humanitaires, plus de 500 femmes et filles meurent des suites de complications li\u00e9es \u00e0 la grossesse et \u00e0 l&rsquo;accouchement. La violence bas\u00e9e sur le genre augmente, avec des cons\u00e9quences graves, parfois m\u00eame mortelles. Les fournitures essentielles, telles que les serviettes hygi\u00e9niques et les contraceptifs, sont souvent hors de port\u00e9e. Durant les conflits, les catastrophes naturelles et autres situations d&rsquo;urgence, les besoins li\u00e9s \u00e0 la sant\u00e9 sexuelle et reproductive sont n\u00e9glig\u00e9s, alors qu&rsquo;ils sont souvent consid\u00e9rables.<\/p>\n<p>Dans ces situations, l&rsquo;UNFPA dispose d&rsquo;une longue exp\u00e9rience de terrain et surtout d&rsquo;un \u00e9ventail tr\u00e8s large de partenariats qui permet de d\u00e9livrer des kits de dignit\u00e9 avec des produits d&rsquo;hygi\u00e8ne, des kits de sant\u00e9 maternelle ainsi que de traitement post-viol. Les filles doivent \u00e9galement faire l&rsquo;objet d&rsquo;une attention sp\u00e9ciale, en raison de circonstances et de pr\u00e9jug\u00e9s tenaces, en Afrique, qui les confrontent souvent \u00e0 la discrimination dans l&rsquo;acc\u00e8s aux services sociaux de base, l&rsquo;aide, les opportunit\u00e9s et m\u00eame l&rsquo;\u00e9tablissement de documents \u00e0 leur nom. Les mineurs, quant \u00e0 eux, sont particuli\u00e8rement expos\u00e9s au risque de trafic humain, aux abus et au recrutement en tant qu&rsquo;enfants soldats.<\/p>\n<p><b>Les jeunes en premi\u00e8re ligne du front humanitaire<\/b><\/p>\n<p>Ce n&rsquo;est donc pas un hasard si un sommet des jeunes s&rsquo;est tenu \u00e0 Nairobi d\u00e9but mai en pr\u00e9lude au sommet humanitaire de Malabo. La transition d\u00e9mographique fait que l&rsquo;Afrique compte parmi sa population 62 % de moins de 25 ans, lesquels constituent aussi 60 % du total des ch\u00f4meurs sur le continent. Vu qu&rsquo;ils feront l&rsquo;Afrique de demain, ils doivent faire l&rsquo;objet de tous nos efforts pour gagner en perspectives d&rsquo;avenir et en opportunit\u00e9s concr\u00e8tes.<\/p>\n<p>En outre, les jeunes repr\u00e9sentent une part importante des personnes touch\u00e9es par les crises. Au niveau mondial, la moiti\u00e9 des enfants non scolaris\u00e9s vivent dans un pays en situation de conflit. La pr\u00e9servation de leur bien-\u00eatre et leur passage r\u00e9ussi \u00e0 l&rsquo;\u00e2ge adulte sont des priorit\u00e9s essentielles des Nations unies comme de l&rsquo;UA. Dans ce domaine, le savoir-faire de l&rsquo;UNFPA passe par des approches innovantes, participatives, et une action largement relay\u00e9e par les associations de jeunes actives sur le terrain, tr\u00e8s alertes et au fait des besoins des communaut\u00e9s.<\/p>\n<p><b>La question du terrorisme prise en compte<\/b><\/p>\n<p>Point important \u00e0 saluer du c\u00f4t\u00e9 de l&rsquo;Union africaine : le fait qu&rsquo;elle ait associ\u00e9 \u00e0 son sommet humanitaire de Malabo un sommet in\u00e9dit sur le terrorisme et les changements inconstitutionnels de r\u00e9gimes en Afrique. Cette initiative reconna\u00eet l&rsquo;une des causes profondes des conflits, de nature politique, qui voient les jeunes mourir en Afrique s&rsquo;ils ne sont pas les premiers \u00e0 manifester lors des crises pr\u00e9\u00e9lectorales ou post\u00e9lectorales. Ces changements, qui vont dans le bon sens, m\u00e9ritent le soutien et l&rsquo;accompagnement de tous ceux qui croient fermement qu&rsquo;il faut renforcer l&rsquo;autonomie des acteurs et mettre en place des solutions taill\u00e9es sur mesure, pour et par l&rsquo;Afrique.<\/p>\n<p>* Conseilleur sp\u00e9cial du directeur ex\u00e9cutif de l&rsquo;UNFPA et directeur du bureau de repr\u00e9sentation de l&rsquo;UNFPA aupr\u00e8s de l&rsquo;Union africaine et de la Commission \u00e9conomiques des Nations unies en Afrique.<\/p>\n<p><strong>Pour plus d&rsquo;informations et d&rsquo;analyses sur la <a href=\"https:\/\/www.africa-press.net\/tchad\">Tchad<\/a>, suivez <a href=\"https:\/\/www.africa-press.net\/\">Africa-Press<\/a><\/strong><\/p>\n","protected":false},"excerpt":{"rendered":"<p>Africa-Press &#8211; Tchad. En voil\u00e0 une bonne nouvelle que de voir le continent se prendre en main sur une question qui lui est centrale, l&rsquo;humanitaire, en partenariat avec les instances nationales, r\u00e9gionales et les agences internationales, dont le Fonds des Nations unies pour la population (UNFPA), avec sa structure propre. L&rsquo;Agence humanitaire de l&rsquo;Union africaine [&hellip;]<\/p>\n","protected":false},"author":82,"featured_media":30652,"comment_status":"open","ping_status":"closed","sticky":false,"template":"","format":"standard","meta":{"footnotes":""},"categories":[7,11,10],"tags":[37,292,29],"class_list":["post-30653","post","type-post","status-publish","format-standard","has-post-thumbnail","hentry","category-dossiers","category-homepage-french","category-toutes-les-actualites","tag-africa-press","tag-africa-press-tchad","tag-tchad"],"yoast_head":"<!-- This site is optimized with the Yoast SEO Premium plugin v26.1 (Yoast SEO v27.0) - https:\/\/yoast.com\/product\/yoast-seo-premium-wordpress\/ -->\n<title>\u00ab\u00a0Pourquoi l\u2019Agence humanitaire de\u00a0l\u2019Union africaine doit \u00eatre salu\u00e9e\u00a0\u00bb - tchad<\/title>\n<meta name=\"description\" content=\"En voil\u00e0 une bonne nouvelle que de voir le continent se prendre en main sur une question qui lui est centrale, l&#039;humanit ...\" \/>\n<meta name=\"robots\" content=\"index, follow, max-snippet:-1, max-image-preview:large, max-video-preview:-1\" \/>\n<link rel=\"canonical\" href=\"https:\/\/www.africa-press.net\/tchad\/dossiers\/pourquoi-lagence-humanitaire-de-lunion-africaine-doit-etre-saluee\" \/>\n<meta property=\"og:locale\" content=\"fr_FR\" \/>\n<meta property=\"og:type\" content=\"article\" \/>\n<meta property=\"og:title\" content=\"\u00ab\u00a0Pourquoi l\u2019Agence humanitaire de\u00a0l\u2019Union africaine doit \u00eatre salu\u00e9e\u00a0\u00bb\" \/>\n<meta property=\"og:description\" content=\"En voil\u00e0 une bonne nouvelle que de voir le continent se prendre en main sur une question qui lui est centrale, l&#039;humanit ...\" \/>\n<meta property=\"og:url\" content=\"https:\/\/www.africa-press.net\/tchad\/dossiers\/pourquoi-lagence-humanitaire-de-lunion-africaine-doit-etre-saluee\" \/>\n<meta property=\"og:site_name\" content=\"tchad\" \/>\n<meta property=\"article:published_time\" content=\"2022-08-16T06:14:23+00:00\" \/>\n<meta property=\"article:modified_time\" content=\"2022-08-16T06:27:55+00:00\" \/>\n<meta property=\"og:image\" content=\"https:\/\/static.africa-press.net\/tchad\/sites\/41\/2022\/08\/postQueueImg_5-62fb38d8c422a.jpg\" \/>\n\t<meta property=\"og:image:width\" content=\"1250\" \/>\n\t<meta property=\"og:image:height\" content=\"625\" \/>\n\t<meta property=\"og:image:type\" content=\"image\/jpeg\" \/>\n<meta name=\"author\" content=\"cfeditorfr\" \/>\n<meta name=\"twitter:card\" content=\"summary_large_image\" \/>\n<meta name=\"twitter:label1\" content=\"\u00c9crit par\" \/>\n\t<meta name=\"twitter:data1\" content=\"cfeditorfr\" \/>\n\t<meta name=\"twitter:label2\" content=\"Dur\u00e9e de lecture estim\u00e9e\" \/>\n\t<meta name=\"twitter:data2\" content=\"5 minutes\" \/>\n<script type=\"application\/ld+json\" class=\"yoast-schema-graph\">{\"@context\":\"https:\/\/schema.org\",\"@graph\":[{\"@type\":\"Article\",\"@id\":\"https:\/\/www.africa-press.net\/tchad\/dossiers\/pourquoi-lagence-humanitaire-de-lunion-africaine-doit-etre-saluee#article\",\"isPartOf\":{\"@id\":\"https:\/\/www.africa-press.net\/tchad\/dossiers\/pourquoi-lagence-humanitaire-de-lunion-africaine-doit-etre-saluee\"},\"author\":{\"name\":\"cfeditorfr\",\"@id\":\"https:\/\/www.africa-press.net\/tchad\/#\/schema\/person\/2b1cf3cd81a31e3cd26889ca66d677f1\"},\"headline\":\"\u00ab\u00a0Pourquoi l\u2019Agence humanitaire de\u00a0l\u2019Union africaine doit \u00eatre salu\u00e9e\u00a0\u00bb\",\"datePublished\":\"2022-08-16T06:14:23+00:00\",\"dateModified\":\"2022-08-16T06:27:55+00:00\",\"mainEntityOfPage\":{\"@id\":\"https:\/\/www.africa-press.net\/tchad\/dossiers\/pourquoi-lagence-humanitaire-de-lunion-africaine-doit-etre-saluee\"},\"wordCount\":1062,\"commentCount\":0,\"image\":{\"@id\":\"https:\/\/www.africa-press.net\/tchad\/dossiers\/pourquoi-lagence-humanitaire-de-lunion-africaine-doit-etre-saluee#primaryimage\"},\"thumbnailUrl\":\"https:\/\/static.africa-press.net\/tchad\/sites\/41\/2022\/08\/postQueueImg_5-62fb38d8c422a.jpg\",\"keywords\":[\"Africa Press\",\"Africa Press-Tchad\",\"Tchad\"],\"articleSection\":[\"Dossiers\",\"homepage-french\",\"Toutes les actualit\u00e9s\"],\"inLanguage\":\"fr-FR\",\"potentialAction\":[{\"@type\":\"CommentAction\",\"name\":\"Comment\",\"target\":[\"https:\/\/www.africa-press.net\/tchad\/dossiers\/pourquoi-lagence-humanitaire-de-lunion-africaine-doit-etre-saluee#respond\"]}]},{\"@type\":\"WebPage\",\"@id\":\"https:\/\/www.africa-press.net\/tchad\/dossiers\/pourquoi-lagence-humanitaire-de-lunion-africaine-doit-etre-saluee\",\"url\":\"https:\/\/www.africa-press.net\/tchad\/dossiers\/pourquoi-lagence-humanitaire-de-lunion-africaine-doit-etre-saluee\",\"name\":\"\u00ab\u00a0Pourquoi l\u2019Agence humanitaire de\u00a0l\u2019Union africaine doit \u00eatre salu\u00e9e\u00a0\u00bb - tchad\",\"isPartOf\":{\"@id\":\"https:\/\/www.africa-press.net\/tchad\/#website\"},\"primaryImageOfPage\":{\"@id\":\"https:\/\/www.africa-press.net\/tchad\/dossiers\/pourquoi-lagence-humanitaire-de-lunion-africaine-doit-etre-saluee#primaryimage\"},\"image\":{\"@id\":\"https:\/\/www.africa-press.net\/tchad\/dossiers\/pourquoi-lagence-humanitaire-de-lunion-africaine-doit-etre-saluee#primaryimage\"},\"thumbnailUrl\":\"https:\/\/static.africa-press.net\/tchad\/sites\/41\/2022\/08\/postQueueImg_5-62fb38d8c422a.jpg\",\"datePublished\":\"2022-08-16T06:14:23+00:00\",\"dateModified\":\"2022-08-16T06:27:55+00:00\",\"author\":{\"@id\":\"https:\/\/www.africa-press.net\/tchad\/#\/schema\/person\/2b1cf3cd81a31e3cd26889ca66d677f1\"},\"description\":\"En voil\u00e0 une bonne nouvelle que de voir le continent se prendre en main sur une question qui lui est centrale, l'humanit ...\",\"breadcrumb\":{\"@id\":\"https:\/\/www.africa-press.net\/tchad\/dossiers\/pourquoi-lagence-humanitaire-de-lunion-africaine-doit-etre-saluee#breadcrumb\"},\"inLanguage\":\"fr-FR\",\"potentialAction\":[{\"@type\":\"ReadAction\",\"target\":[\"https:\/\/www.africa-press.net\/tchad\/dossiers\/pourquoi-lagence-humanitaire-de-lunion-africaine-doit-etre-saluee\"]}]},{\"@type\":\"ImageObject\",\"inLanguage\":\"fr-FR\",\"@id\":\"https:\/\/www.africa-press.net\/tchad\/dossiers\/pourquoi-lagence-humanitaire-de-lunion-africaine-doit-etre-saluee#primaryimage\",\"url\":\"https:\/\/static.africa-press.net\/tchad\/sites\/41\/2022\/08\/postQueueImg_5-62fb38d8c422a.jpg\",\"contentUrl\":\"https:\/\/static.africa-press.net\/tchad\/sites\/41\/2022\/08\/postQueueImg_5-62fb38d8c422a.jpg\",\"width\":1250,\"height\":625,\"caption\":\"\u00ab\u00a0Pourquoi l\u2019Agence humanitaire de\u00a0l\u2019Union africaine doit \u00eatre salu\u00e9e\u00a0\u00bb\"},{\"@type\":\"BreadcrumbList\",\"@id\":\"https:\/\/www.africa-press.net\/tchad\/dossiers\/pourquoi-lagence-humanitaire-de-lunion-africaine-doit-etre-saluee#breadcrumb\",\"itemListElement\":[{\"@type\":\"ListItem\",\"position\":1,\"name\":\"Accueil\",\"item\":\"https:\/\/www.africa-press.net\/tchad\/\"},{\"@type\":\"ListItem\",\"position\":2,\"name\":\"\u00ab\u00a0Pourquoi l\u2019Agence humanitaire de\u00a0l\u2019Union africaine doit \u00eatre salu\u00e9e\u00a0\u00bb\"}]},{\"@type\":\"WebSite\",\"@id\":\"https:\/\/www.africa-press.net\/tchad\/#website\",\"url\":\"https:\/\/www.africa-press.net\/tchad\/\",\"name\":\"tchad\",\"description\":\"Just another Africa News Agency Sites site\",\"potentialAction\":[{\"@type\":\"SearchAction\",\"target\":{\"@type\":\"EntryPoint\",\"urlTemplate\":\"https:\/\/www.africa-press.net\/tchad\/?s={search_term_string}\"},\"query-input\":{\"@type\":\"PropertyValueSpecification\",\"valueRequired\":true,\"valueName\":\"search_term_string\"}}],\"inLanguage\":\"fr-FR\"},{\"@type\":\"Person\",\"@id\":\"https:\/\/www.africa-press.net\/tchad\/#\/schema\/person\/2b1cf3cd81a31e3cd26889ca66d677f1\",\"name\":\"cfeditorfr\"}]}<\/script>\n<!-- \/ Yoast SEO Premium plugin. -->","yoast_head_json":{"title":"\u00ab\u00a0Pourquoi l\u2019Agence humanitaire de\u00a0l\u2019Union africaine doit \u00eatre salu\u00e9e\u00a0\u00bb - tchad","description":"En voil\u00e0 une bonne nouvelle que de voir le continent se prendre en main sur une question qui lui est centrale, l'humanit ...","robots":{"index":"index","follow":"follow","max-snippet":"max-snippet:-1","max-image-preview":"max-image-preview:large","max-video-preview":"max-video-preview:-1"},"canonical":"https:\/\/www.africa-press.net\/tchad\/dossiers\/pourquoi-lagence-humanitaire-de-lunion-africaine-doit-etre-saluee","og_locale":"fr_FR","og_type":"article","og_title":"\u00ab\u00a0Pourquoi l\u2019Agence humanitaire de\u00a0l\u2019Union africaine doit \u00eatre salu\u00e9e\u00a0\u00bb","og_description":"En voil\u00e0 une bonne nouvelle que de voir le continent se prendre en main sur une question qui lui est centrale, l'humanit ...","og_url":"https:\/\/www.africa-press.net\/tchad\/dossiers\/pourquoi-lagence-humanitaire-de-lunion-africaine-doit-etre-saluee","og_site_name":"tchad","article_published_time":"2022-08-16T06:14:23+00:00","article_modified_time":"2022-08-16T06:27:55+00:00","og_image":[{"width":1250,"height":625,"url":"https:\/\/static.africa-press.net\/tchad\/sites\/41\/2022\/08\/postQueueImg_5-62fb38d8c422a.jpg","type":"image\/jpeg"}],"author":"cfeditorfr","twitter_card":"summary_large_image","twitter_misc":{"\u00c9crit par":"cfeditorfr","Dur\u00e9e de lecture estim\u00e9e":"5 minutes"},"schema":{"@context":"https:\/\/schema.org","@graph":[{"@type":"Article","@id":"https:\/\/www.africa-press.net\/tchad\/dossiers\/pourquoi-lagence-humanitaire-de-lunion-africaine-doit-etre-saluee#article","isPartOf":{"@id":"https:\/\/www.africa-press.net\/tchad\/dossiers\/pourquoi-lagence-humanitaire-de-lunion-africaine-doit-etre-saluee"},"author":{"name":"cfeditorfr","@id":"https:\/\/www.africa-press.net\/tchad\/#\/schema\/person\/2b1cf3cd81a31e3cd26889ca66d677f1"},"headline":"\u00ab\u00a0Pourquoi l\u2019Agence humanitaire de\u00a0l\u2019Union africaine doit \u00eatre salu\u00e9e\u00a0\u00bb","datePublished":"2022-08-16T06:14:23+00:00","dateModified":"2022-08-16T06:27:55+00:00","mainEntityOfPage":{"@id":"https:\/\/www.africa-press.net\/tchad\/dossiers\/pourquoi-lagence-humanitaire-de-lunion-africaine-doit-etre-saluee"},"wordCount":1062,"commentCount":0,"image":{"@id":"https:\/\/www.africa-press.net\/tchad\/dossiers\/pourquoi-lagence-humanitaire-de-lunion-africaine-doit-etre-saluee#primaryimage"},"thumbnailUrl":"https:\/\/static.africa-press.net\/tchad\/sites\/41\/2022\/08\/postQueueImg_5-62fb38d8c422a.jpg","keywords":["Africa Press","Africa Press-Tchad","Tchad"],"articleSection":["Dossiers","homepage-french","Toutes les actualit\u00e9s"],"inLanguage":"fr-FR","potentialAction":[{"@type":"CommentAction","name":"Comment","target":["https:\/\/www.africa-press.net\/tchad\/dossiers\/pourquoi-lagence-humanitaire-de-lunion-africaine-doit-etre-saluee#respond"]}]},{"@type":"WebPage","@id":"https:\/\/www.africa-press.net\/tchad\/dossiers\/pourquoi-lagence-humanitaire-de-lunion-africaine-doit-etre-saluee","url":"https:\/\/www.africa-press.net\/tchad\/dossiers\/pourquoi-lagence-humanitaire-de-lunion-africaine-doit-etre-saluee","name":"\u00ab\u00a0Pourquoi l\u2019Agence humanitaire de\u00a0l\u2019Union africaine doit \u00eatre salu\u00e9e\u00a0\u00bb - tchad","isPartOf":{"@id":"https:\/\/www.africa-press.net\/tchad\/#website"},"primaryImageOfPage":{"@id":"https:\/\/www.africa-press.net\/tchad\/dossiers\/pourquoi-lagence-humanitaire-de-lunion-africaine-doit-etre-saluee#primaryimage"},"image":{"@id":"https:\/\/www.africa-press.net\/tchad\/dossiers\/pourquoi-lagence-humanitaire-de-lunion-africaine-doit-etre-saluee#primaryimage"},"thumbnailUrl":"https:\/\/static.africa-press.net\/tchad\/sites\/41\/2022\/08\/postQueueImg_5-62fb38d8c422a.jpg","datePublished":"2022-08-16T06:14:23+00:00","dateModified":"2022-08-16T06:27:55+00:00","author":{"@id":"https:\/\/www.africa-press.net\/tchad\/#\/schema\/person\/2b1cf3cd81a31e3cd26889ca66d677f1"},"description":"En voil\u00e0 une bonne nouvelle que de voir le continent se prendre en main sur une question qui lui est centrale, l'humanit ...","breadcrumb":{"@id":"https:\/\/www.africa-press.net\/tchad\/dossiers\/pourquoi-lagence-humanitaire-de-lunion-africaine-doit-etre-saluee#breadcrumb"},"inLanguage":"fr-FR","potentialAction":[{"@type":"ReadAction","target":["https:\/\/www.africa-press.net\/tchad\/dossiers\/pourquoi-lagence-humanitaire-de-lunion-africaine-doit-etre-saluee"]}]},{"@type":"ImageObject","inLanguage":"fr-FR","@id":"https:\/\/www.africa-press.net\/tchad\/dossiers\/pourquoi-lagence-humanitaire-de-lunion-africaine-doit-etre-saluee#primaryimage","url":"https:\/\/static.africa-press.net\/tchad\/sites\/41\/2022\/08\/postQueueImg_5-62fb38d8c422a.jpg","contentUrl":"https:\/\/static.africa-press.net\/tchad\/sites\/41\/2022\/08\/postQueueImg_5-62fb38d8c422a.jpg","width":1250,"height":625,"caption":"\u00ab\u00a0Pourquoi l\u2019Agence humanitaire de\u00a0l\u2019Union africaine doit \u00eatre salu\u00e9e\u00a0\u00bb"},{"@type":"BreadcrumbList","@id":"https:\/\/www.africa-press.net\/tchad\/dossiers\/pourquoi-lagence-humanitaire-de-lunion-africaine-doit-etre-saluee#breadcrumb","itemListElement":[{"@type":"ListItem","position":1,"name":"Accueil","item":"https:\/\/www.africa-press.net\/tchad\/"},{"@type":"ListItem","position":2,"name":"\u00ab\u00a0Pourquoi l\u2019Agence humanitaire de\u00a0l\u2019Union africaine doit \u00eatre salu\u00e9e\u00a0\u00bb"}]},{"@type":"WebSite","@id":"https:\/\/www.africa-press.net\/tchad\/#website","url":"https:\/\/www.africa-press.net\/tchad\/","name":"tchad","description":"Just another Africa News Agency Sites site","potentialAction":[{"@type":"SearchAction","target":{"@type":"EntryPoint","urlTemplate":"https:\/\/www.africa-press.net\/tchad\/?s={search_term_string}"},"query-input":{"@type":"PropertyValueSpecification","valueRequired":true,"valueName":"search_term_string"}}],"inLanguage":"fr-FR"},{"@type":"Person","@id":"https:\/\/www.africa-press.net\/tchad\/#\/schema\/person\/2b1cf3cd81a31e3cd26889ca66d677f1","name":"cfeditorfr"}]}},"_links":{"self":[{"href":"https:\/\/www.africa-press.net\/tchad\/wp-json\/wp\/v2\/posts\/30653","targetHints":{"allow":["GET"]}}],"collection":[{"href":"https:\/\/www.africa-press.net\/tchad\/wp-json\/wp\/v2\/posts"}],"about":[{"href":"https:\/\/www.africa-press.net\/tchad\/wp-json\/wp\/v2\/types\/post"}],"author":[{"embeddable":true,"href":"https:\/\/www.africa-press.net\/tchad\/wp-json\/wp\/v2\/users\/82"}],"replies":[{"embeddable":true,"href":"https:\/\/www.africa-press.net\/tchad\/wp-json\/wp\/v2\/comments?post=30653"}],"version-history":[{"count":0,"href":"https:\/\/www.africa-press.net\/tchad\/wp-json\/wp\/v2\/posts\/30653\/revisions"}],"wp:featuredmedia":[{"embeddable":true,"href":"https:\/\/www.africa-press.net\/tchad\/wp-json\/wp\/v2\/media\/30652"}],"wp:attachment":[{"href":"https:\/\/www.africa-press.net\/tchad\/wp-json\/wp\/v2\/media?parent=30653"}],"wp:term":[{"taxonomy":"category","embeddable":true,"href":"https:\/\/www.africa-press.net\/tchad\/wp-json\/wp\/v2\/categories?post=30653"},{"taxonomy":"post_tag","embeddable":true,"href":"https:\/\/www.africa-press.net\/tchad\/wp-json\/wp\/v2\/tags?post=30653"}],"curies":[{"name":"wp","href":"https:\/\/api.w.org\/{rel}","templated":true}]}}