{"id":30671,"date":"2022-08-16T17:15:02","date_gmt":"2022-08-16T17:15:02","guid":{"rendered":"https:\/\/www.africa-press.net\/tchad\/politique\/au-moins-dix-terroristes-de-boko-haram-tues-dans-le-lac"},"modified":"2022-08-16T18:39:27","modified_gmt":"2022-08-16T18:39:27","slug":"au-moins-dix-terroristes-de-boko-haram-tues-dans-le-lac","status":"publish","type":"post","link":"https:\/\/www.africa-press.net\/tchad\/politique\/au-moins-dix-terroristes-de-boko-haram-tues-dans-le-lac","title":{"rendered":"Au moins dix terroristes de Boko Haram tu\u00e9s dans le Lac"},"content":{"rendered":"<p><span style=\"color: #ff6600\"><strong>Africa-Press &#8211; Tchad. <\/strong><\/span>A l\u2019issue d\u2019une confrontation entre l\u2019arm\u00e9e tchadienne et la secte Boko Haram, une dizaine de terroriste a \u00e9t\u00e9 tu\u00e9e. Deux \u00e9l\u00e9ments de l\u2019arm\u00e9e nationale ont \u00e9galement succomb\u00e9s aux blessures.<\/p>\n<p>Une \u00e9ni\u00e8me attaque a oppos\u00e9 l\u2019arm\u00e9e tchadienne \u00e0 la secte terroriste Boko Haram. L\u2019arm\u00e9e nationale tchadienne a repouss\u00e9 les assaillants. Au moins 10 terroristes ont \u00e9t\u00e9 tu\u00e9s \u00e0 l\u2019issue de ces confrontations \u00e0 Bol, dans la province du Lac. Deux soldats de l\u2019arm\u00e9e tchadienne ont \u00e9galement perdu la vie au cours des affrontements. Ces derniers ont \u00e9t\u00e9 atteints par balles.<\/p>\n<p>\u00ab <b>Nos vaillantes Forces Arm\u00e9es viennent de repousser une agression de la n\u00e9buleuse secte Boko Haram dans les environs de Bol au Lac Tchad<\/b>. \u00bb, s\u2019est r\u00e9joui le pr\u00e9sident du Conseil militaire de transition. <b>Mahamat Idriss Deby<\/b> regrette salut la m\u00e9moire des soldats tchadiens qui y ont laiss\u00e9 leurs vies pour une bonne cause. \u00ab <b>Cette m\u00e9saventure de la secte a caus\u00e9 la mort d\u2019une dizaine de terroristes et a provoqu\u00e9, malheureusement, la perte de deux soldats tomb\u00e9s en remplissant leur devoir de d\u00e9fense et de protection de paisibles citoyens<\/b>. \u00bb, \u00e9crit le chef de la junte sur sa page Facebook.<\/p>\n<p>Pour lui, \u00ab<b> ceci rappelle \u00e9loquemment que la menace terroriste pos\u00e9e par BH et autres terroristes op\u00e9rant dans la zone est encore et toujours r\u00e9elle et appelle \u00e0 la vigilance constante.<\/b> \u00bb<\/p>\n<p><strong>Pour plus d&rsquo;informations et d&rsquo;analyses sur la <a href=\"https:\/\/www.africa-press.net\/tchad\">Tchad<\/a>, suivez <a href=\"https:\/\/www.africa-press.net\/\">Africa-Press<\/a><\/strong><\/p>\n","protected":false},"excerpt":{"rendered":"<p>Africa-Press &#8211; Tchad. A l\u2019issue d\u2019une confrontation entre l\u2019arm\u00e9e tchadienne et la secte Boko Haram, une dizaine de terroriste a \u00e9t\u00e9 tu\u00e9e. Deux \u00e9l\u00e9ments de l\u2019arm\u00e9e nationale ont \u00e9galement succomb\u00e9s aux blessures. Une \u00e9ni\u00e8me attaque a oppos\u00e9 l\u2019arm\u00e9e tchadienne \u00e0 la secte terroriste Boko Haram. L\u2019arm\u00e9e nationale tchadienne a repouss\u00e9 les assaillants. Au moins 10 [&hellip;]<\/p>\n","protected":false},"author":82,"featured_media":30670,"comment_status":"open","ping_status":"closed","sticky":false,"template":"","format":"standard","meta":{"footnotes":""},"categories":[11,2,20,10],"tags":[37,292,29],"class_list":["post-30671","post","type-post","status-publish","format-standard","has-post-thumbnail","hentry","category-homepage-french","category-politique","category-top-nouvelles","category-toutes-les-actualites","tag-africa-press","tag-africa-press-tchad","tag-tchad"],"yoast_head":"<!-- This site is optimized with the Yoast SEO Premium plugin v26.1 (Yoast SEO v27.0) - https:\/\/yoast.com\/product\/yoast-seo-premium-wordpress\/ -->\n<title>Au moins dix terroristes de Boko Haram tu\u00e9s dans le Lac - tchad<\/title>\n<meta name=\"description\" content=\"A l\u2019issue d\u2019une confrontation entre l\u2019arm\u00e9e tchadienne et la secte Boko Haram, une dizaine de terroriste a \u00e9t\u00e9 tu\u00e9e. Deu ...\" \/>\n<meta name=\"robots\" content=\"index, follow, max-snippet:-1, max-image-preview:large, max-video-preview:-1\" \/>\n<link rel=\"canonical\" href=\"https:\/\/www.africa-press.net\/tchad\/politique\/au-moins-dix-terroristes-de-boko-haram-tues-dans-le-lac\" \/>\n<meta property=\"og:locale\" content=\"fr_FR\" \/>\n<meta property=\"og:type\" content=\"article\" \/>\n<meta property=\"og:title\" content=\"Au moins dix terroristes de Boko Haram tu\u00e9s dans le Lac\" \/>\n<meta property=\"og:description\" content=\"A l\u2019issue d\u2019une confrontation entre l\u2019arm\u00e9e tchadienne et la secte Boko Haram, une dizaine de terroriste a \u00e9t\u00e9 tu\u00e9e. Deu ...\" \/>\n<meta property=\"og:url\" content=\"https:\/\/www.africa-press.net\/tchad\/politique\/au-moins-dix-terroristes-de-boko-haram-tues-dans-le-lac\" \/>\n<meta property=\"og:site_name\" content=\"tchad\" \/>\n<meta property=\"article:published_time\" content=\"2022-08-16T17:15:02+00:00\" \/>\n<meta property=\"article:modified_time\" content=\"2022-08-16T18:39:27+00:00\" \/>\n<meta property=\"og:image\" content=\"https:\/\/static.africa-press.net\/tchad\/sites\/41\/2022\/08\/postQueueImg_69.jpg\" \/>\n\t<meta property=\"og:image:width\" content=\"780\" \/>\n\t<meta property=\"og:image:height\" content=\"440\" \/>\n\t<meta property=\"og:image:type\" content=\"image\/jpeg\" \/>\n<meta name=\"author\" content=\"cfeditorfr\" \/>\n<meta name=\"twitter:card\" content=\"summary_large_image\" \/>\n<meta name=\"twitter:label1\" content=\"\u00c9crit par\" \/>\n\t<meta name=\"twitter:data1\" content=\"cfeditorfr\" \/>\n\t<meta name=\"twitter:label2\" content=\"Dur\u00e9e de lecture estim\u00e9e\" \/>\n\t<meta name=\"twitter:data2\" content=\"2 minutes\" \/>\n<script type=\"application\/ld+json\" class=\"yoast-schema-graph\">{\"@context\":\"https:\/\/schema.org\",\"@graph\":[{\"@type\":\"Article\",\"@id\":\"https:\/\/www.africa-press.net\/tchad\/politique\/au-moins-dix-terroristes-de-boko-haram-tues-dans-le-lac#article\",\"isPartOf\":{\"@id\":\"https:\/\/www.africa-press.net\/tchad\/politique\/au-moins-dix-terroristes-de-boko-haram-tues-dans-le-lac\"},\"author\":{\"name\":\"cfeditorfr\",\"@id\":\"https:\/\/www.africa-press.net\/tchad\/#\/schema\/person\/2b1cf3cd81a31e3cd26889ca66d677f1\"},\"headline\":\"Au moins dix terroristes de Boko Haram tu\u00e9s dans le Lac\",\"datePublished\":\"2022-08-16T17:15:02+00:00\",\"dateModified\":\"2022-08-16T18:39:27+00:00\",\"mainEntityOfPage\":{\"@id\":\"https:\/\/www.africa-press.net\/tchad\/politique\/au-moins-dix-terroristes-de-boko-haram-tues-dans-le-lac\"},\"wordCount\":269,\"commentCount\":0,\"image\":{\"@id\":\"https:\/\/www.africa-press.net\/tchad\/politique\/au-moins-dix-terroristes-de-boko-haram-tues-dans-le-lac#primaryimage\"},\"thumbnailUrl\":\"https:\/\/static.africa-press.net\/tchad\/sites\/41\/2022\/08\/postQueueImg_69.jpg\",\"keywords\":[\"Africa Press\",\"Africa Press-Tchad\",\"Tchad\"],\"articleSection\":[\"homepage-french\",\"Politique\",\"Top Nouvelles\",\"Toutes les actualit\u00e9s\"],\"inLanguage\":\"fr-FR\",\"potentialAction\":[{\"@type\":\"CommentAction\",\"name\":\"Comment\",\"target\":[\"https:\/\/www.africa-press.net\/tchad\/politique\/au-moins-dix-terroristes-de-boko-haram-tues-dans-le-lac#respond\"]}]},{\"@type\":\"WebPage\",\"@id\":\"https:\/\/www.africa-press.net\/tchad\/politique\/au-moins-dix-terroristes-de-boko-haram-tues-dans-le-lac\",\"url\":\"https:\/\/www.africa-press.net\/tchad\/politique\/au-moins-dix-terroristes-de-boko-haram-tues-dans-le-lac\",\"name\":\"Au moins dix terroristes de Boko Haram tu\u00e9s dans le Lac - tchad\",\"isPartOf\":{\"@id\":\"https:\/\/www.africa-press.net\/tchad\/#website\"},\"primaryImageOfPage\":{\"@id\":\"https:\/\/www.africa-press.net\/tchad\/politique\/au-moins-dix-terroristes-de-boko-haram-tues-dans-le-lac#primaryimage\"},\"image\":{\"@id\":\"https:\/\/www.africa-press.net\/tchad\/politique\/au-moins-dix-terroristes-de-boko-haram-tues-dans-le-lac#primaryimage\"},\"thumbnailUrl\":\"https:\/\/static.africa-press.net\/tchad\/sites\/41\/2022\/08\/postQueueImg_69.jpg\",\"datePublished\":\"2022-08-16T17:15:02+00:00\",\"dateModified\":\"2022-08-16T18:39:27+00:00\",\"author\":{\"@id\":\"https:\/\/www.africa-press.net\/tchad\/#\/schema\/person\/2b1cf3cd81a31e3cd26889ca66d677f1\"},\"description\":\"A l\u2019issue d\u2019une confrontation entre l\u2019arm\u00e9e tchadienne et la secte Boko Haram, une dizaine de terroriste a \u00e9t\u00e9 tu\u00e9e. Deu ...\",\"breadcrumb\":{\"@id\":\"https:\/\/www.africa-press.net\/tchad\/politique\/au-moins-dix-terroristes-de-boko-haram-tues-dans-le-lac#breadcrumb\"},\"inLanguage\":\"fr-FR\",\"potentialAction\":[{\"@type\":\"ReadAction\",\"target\":[\"https:\/\/www.africa-press.net\/tchad\/politique\/au-moins-dix-terroristes-de-boko-haram-tues-dans-le-lac\"]}]},{\"@type\":\"ImageObject\",\"inLanguage\":\"fr-FR\",\"@id\":\"https:\/\/www.africa-press.net\/tchad\/politique\/au-moins-dix-terroristes-de-boko-haram-tues-dans-le-lac#primaryimage\",\"url\":\"https:\/\/static.africa-press.net\/tchad\/sites\/41\/2022\/08\/postQueueImg_69.jpg\",\"contentUrl\":\"https:\/\/static.africa-press.net\/tchad\/sites\/41\/2022\/08\/postQueueImg_69.jpg\",\"width\":780,\"height\":440,\"caption\":\"Au moins dix terroristes de Boko Haram tu\u00e9s dans le Lac\"},{\"@type\":\"BreadcrumbList\",\"@id\":\"https:\/\/www.africa-press.net\/tchad\/politique\/au-moins-dix-terroristes-de-boko-haram-tues-dans-le-lac#breadcrumb\",\"itemListElement\":[{\"@type\":\"ListItem\",\"position\":1,\"name\":\"Accueil\",\"item\":\"https:\/\/www.africa-press.net\/tchad\/\"},{\"@type\":\"ListItem\",\"position\":2,\"name\":\"Au moins dix terroristes de Boko Haram tu\u00e9s dans le Lac\"}]},{\"@type\":\"WebSite\",\"@id\":\"https:\/\/www.africa-press.net\/tchad\/#website\",\"url\":\"https:\/\/www.africa-press.net\/tchad\/\",\"name\":\"tchad\",\"description\":\"Just another Africa News Agency Sites site\",\"potentialAction\":[{\"@type\":\"SearchAction\",\"target\":{\"@type\":\"EntryPoint\",\"urlTemplate\":\"https:\/\/www.africa-press.net\/tchad\/?s={search_term_string}\"},\"query-input\":{\"@type\":\"PropertyValueSpecification\",\"valueRequired\":true,\"valueName\":\"search_term_string\"}}],\"inLanguage\":\"fr-FR\"},{\"@type\":\"Person\",\"@id\":\"https:\/\/www.africa-press.net\/tchad\/#\/schema\/person\/2b1cf3cd81a31e3cd26889ca66d677f1\",\"name\":\"cfeditorfr\"}]}<\/script>\n<!-- \/ Yoast SEO Premium plugin. -->","yoast_head_json":{"title":"Au moins dix terroristes de Boko Haram tu\u00e9s dans le Lac - tchad","description":"A l\u2019issue d\u2019une confrontation entre l\u2019arm\u00e9e tchadienne et la secte Boko Haram, une dizaine de terroriste a \u00e9t\u00e9 tu\u00e9e. Deu ...","robots":{"index":"index","follow":"follow","max-snippet":"max-snippet:-1","max-image-preview":"max-image-preview:large","max-video-preview":"max-video-preview:-1"},"canonical":"https:\/\/www.africa-press.net\/tchad\/politique\/au-moins-dix-terroristes-de-boko-haram-tues-dans-le-lac","og_locale":"fr_FR","og_type":"article","og_title":"Au moins dix terroristes de Boko Haram tu\u00e9s dans le Lac","og_description":"A l\u2019issue d\u2019une confrontation entre l\u2019arm\u00e9e tchadienne et la secte Boko Haram, une dizaine de terroriste a \u00e9t\u00e9 tu\u00e9e. Deu ...","og_url":"https:\/\/www.africa-press.net\/tchad\/politique\/au-moins-dix-terroristes-de-boko-haram-tues-dans-le-lac","og_site_name":"tchad","article_published_time":"2022-08-16T17:15:02+00:00","article_modified_time":"2022-08-16T18:39:27+00:00","og_image":[{"width":780,"height":440,"url":"https:\/\/static.africa-press.net\/tchad\/sites\/41\/2022\/08\/postQueueImg_69.jpg","type":"image\/jpeg"}],"author":"cfeditorfr","twitter_card":"summary_large_image","twitter_misc":{"\u00c9crit par":"cfeditorfr","Dur\u00e9e de lecture estim\u00e9e":"2 minutes"},"schema":{"@context":"https:\/\/schema.org","@graph":[{"@type":"Article","@id":"https:\/\/www.africa-press.net\/tchad\/politique\/au-moins-dix-terroristes-de-boko-haram-tues-dans-le-lac#article","isPartOf":{"@id":"https:\/\/www.africa-press.net\/tchad\/politique\/au-moins-dix-terroristes-de-boko-haram-tues-dans-le-lac"},"author":{"name":"cfeditorfr","@id":"https:\/\/www.africa-press.net\/tchad\/#\/schema\/person\/2b1cf3cd81a31e3cd26889ca66d677f1"},"headline":"Au moins dix terroristes de Boko Haram tu\u00e9s dans le Lac","datePublished":"2022-08-16T17:15:02+00:00","dateModified":"2022-08-16T18:39:27+00:00","mainEntityOfPage":{"@id":"https:\/\/www.africa-press.net\/tchad\/politique\/au-moins-dix-terroristes-de-boko-haram-tues-dans-le-lac"},"wordCount":269,"commentCount":0,"image":{"@id":"https:\/\/www.africa-press.net\/tchad\/politique\/au-moins-dix-terroristes-de-boko-haram-tues-dans-le-lac#primaryimage"},"thumbnailUrl":"https:\/\/static.africa-press.net\/tchad\/sites\/41\/2022\/08\/postQueueImg_69.jpg","keywords":["Africa Press","Africa Press-Tchad","Tchad"],"articleSection":["homepage-french","Politique","Top Nouvelles","Toutes les actualit\u00e9s"],"inLanguage":"fr-FR","potentialAction":[{"@type":"CommentAction","name":"Comment","target":["https:\/\/www.africa-press.net\/tchad\/politique\/au-moins-dix-terroristes-de-boko-haram-tues-dans-le-lac#respond"]}]},{"@type":"WebPage","@id":"https:\/\/www.africa-press.net\/tchad\/politique\/au-moins-dix-terroristes-de-boko-haram-tues-dans-le-lac","url":"https:\/\/www.africa-press.net\/tchad\/politique\/au-moins-dix-terroristes-de-boko-haram-tues-dans-le-lac","name":"Au moins dix terroristes de Boko Haram tu\u00e9s dans le Lac - tchad","isPartOf":{"@id":"https:\/\/www.africa-press.net\/tchad\/#website"},"primaryImageOfPage":{"@id":"https:\/\/www.africa-press.net\/tchad\/politique\/au-moins-dix-terroristes-de-boko-haram-tues-dans-le-lac#primaryimage"},"image":{"@id":"https:\/\/www.africa-press.net\/tchad\/politique\/au-moins-dix-terroristes-de-boko-haram-tues-dans-le-lac#primaryimage"},"thumbnailUrl":"https:\/\/static.africa-press.net\/tchad\/sites\/41\/2022\/08\/postQueueImg_69.jpg","datePublished":"2022-08-16T17:15:02+00:00","dateModified":"2022-08-16T18:39:27+00:00","author":{"@id":"https:\/\/www.africa-press.net\/tchad\/#\/schema\/person\/2b1cf3cd81a31e3cd26889ca66d677f1"},"description":"A l\u2019issue d\u2019une confrontation entre l\u2019arm\u00e9e tchadienne et la secte Boko Haram, une dizaine de terroriste a \u00e9t\u00e9 tu\u00e9e. Deu ...","breadcrumb":{"@id":"https:\/\/www.africa-press.net\/tchad\/politique\/au-moins-dix-terroristes-de-boko-haram-tues-dans-le-lac#breadcrumb"},"inLanguage":"fr-FR","potentialAction":[{"@type":"ReadAction","target":["https:\/\/www.africa-press.net\/tchad\/politique\/au-moins-dix-terroristes-de-boko-haram-tues-dans-le-lac"]}]},{"@type":"ImageObject","inLanguage":"fr-FR","@id":"https:\/\/www.africa-press.net\/tchad\/politique\/au-moins-dix-terroristes-de-boko-haram-tues-dans-le-lac#primaryimage","url":"https:\/\/static.africa-press.net\/tchad\/sites\/41\/2022\/08\/postQueueImg_69.jpg","contentUrl":"https:\/\/static.africa-press.net\/tchad\/sites\/41\/2022\/08\/postQueueImg_69.jpg","width":780,"height":440,"caption":"Au moins dix terroristes de Boko Haram tu\u00e9s dans le Lac"},{"@type":"BreadcrumbList","@id":"https:\/\/www.africa-press.net\/tchad\/politique\/au-moins-dix-terroristes-de-boko-haram-tues-dans-le-lac#breadcrumb","itemListElement":[{"@type":"ListItem","position":1,"name":"Accueil","item":"https:\/\/www.africa-press.net\/tchad\/"},{"@type":"ListItem","position":2,"name":"Au moins dix terroristes de Boko Haram tu\u00e9s dans le Lac"}]},{"@type":"WebSite","@id":"https:\/\/www.africa-press.net\/tchad\/#website","url":"https:\/\/www.africa-press.net\/tchad\/","name":"tchad","description":"Just another Africa News Agency Sites site","potentialAction":[{"@type":"SearchAction","target":{"@type":"EntryPoint","urlTemplate":"https:\/\/www.africa-press.net\/tchad\/?s={search_term_string}"},"query-input":{"@type":"PropertyValueSpecification","valueRequired":true,"valueName":"search_term_string"}}],"inLanguage":"fr-FR"},{"@type":"Person","@id":"https:\/\/www.africa-press.net\/tchad\/#\/schema\/person\/2b1cf3cd81a31e3cd26889ca66d677f1","name":"cfeditorfr"}]}},"_links":{"self":[{"href":"https:\/\/www.africa-press.net\/tchad\/wp-json\/wp\/v2\/posts\/30671","targetHints":{"allow":["GET"]}}],"collection":[{"href":"https:\/\/www.africa-press.net\/tchad\/wp-json\/wp\/v2\/posts"}],"about":[{"href":"https:\/\/www.africa-press.net\/tchad\/wp-json\/wp\/v2\/types\/post"}],"author":[{"embeddable":true,"href":"https:\/\/www.africa-press.net\/tchad\/wp-json\/wp\/v2\/users\/82"}],"replies":[{"embeddable":true,"href":"https:\/\/www.africa-press.net\/tchad\/wp-json\/wp\/v2\/comments?post=30671"}],"version-history":[{"count":0,"href":"https:\/\/www.africa-press.net\/tchad\/wp-json\/wp\/v2\/posts\/30671\/revisions"}],"wp:featuredmedia":[{"embeddable":true,"href":"https:\/\/www.africa-press.net\/tchad\/wp-json\/wp\/v2\/media\/30670"}],"wp:attachment":[{"href":"https:\/\/www.africa-press.net\/tchad\/wp-json\/wp\/v2\/media?parent=30671"}],"wp:term":[{"taxonomy":"category","embeddable":true,"href":"https:\/\/www.africa-press.net\/tchad\/wp-json\/wp\/v2\/categories?post=30671"},{"taxonomy":"post_tag","embeddable":true,"href":"https:\/\/www.africa-press.net\/tchad\/wp-json\/wp\/v2\/tags?post=30671"}],"curies":[{"name":"wp","href":"https:\/\/api.w.org\/{rel}","templated":true}]}}