{"id":30674,"date":"2022-08-16T17:15:19","date_gmt":"2022-08-16T17:15:19","guid":{"rendered":"https:\/\/www.africa-press.net\/tchad\/politique\/lancement-du-concours-dentree-a-la-magistrature-civile-et-militaire"},"modified":"2022-08-16T18:39:58","modified_gmt":"2022-08-16T18:39:58","slug":"lancement-du-concours-dentree-a-la-magistrature-civile-et-militaire","status":"publish","type":"post","link":"https:\/\/www.africa-press.net\/tchad\/politique\/lancement-du-concours-dentree-a-la-magistrature-civile-et-militaire","title":{"rendered":"lancement du concours d\u2019entr\u00e9e \u00e0 la magistrature civile et militaire"},"content":{"rendered":"<p><span style=\"color: #ff6600\"><strong>Africa-Press &#8211; Tchad. <\/strong><\/span>Le concours d&rsquo;entr\u00e9e \u00e0 la magistrature civile et militaire et de greffe militaire a \u00e9t\u00e9 lanc\u00e9 ce 16 ao\u00fbt \u00e0 Ab\u00e9ch\u00e9.<\/p>\n<p>Au total, 77 candidats et candidates composent cet examen, dont 43 francophones et 34 arabophones.<\/p>\n<p>C&rsquo;est le secr\u00e9taire g\u00e9n\u00e9ral de la province du Ouadda\u00ef, Abakar Hissein Didigui qui a donn\u00e9 le coup d\u2019envoi des \u00e9preuves au lyc\u00e9e national franco-arabe d\u2019Ab\u00e9ch\u00e9.<\/p>\n<p><strong>Pour plus d&rsquo;informations et d&rsquo;analyses sur la <a href=\"https:\/\/www.africa-press.net\/tchad\">Tchad<\/a>, suivez <a href=\"https:\/\/www.africa-press.net\/\">Africa-Press<\/a><\/strong><\/p>\n","protected":false},"excerpt":{"rendered":"<p>Africa-Press &#8211; Tchad. Le concours d&rsquo;entr\u00e9e \u00e0 la magistrature civile et militaire et de greffe militaire a \u00e9t\u00e9 lanc\u00e9 ce 16 ao\u00fbt \u00e0 Ab\u00e9ch\u00e9. Au total, 77 candidats et candidates composent cet examen, dont 43 francophones et 34 arabophones. C&rsquo;est le secr\u00e9taire g\u00e9n\u00e9ral de la province du Ouadda\u00ef, Abakar Hissein Didigui qui a donn\u00e9 le [&hellip;]<\/p>\n","protected":false},"author":82,"featured_media":30673,"comment_status":"open","ping_status":"closed","sticky":false,"template":"","format":"standard","meta":{"footnotes":""},"categories":[11,2,10],"tags":[37,292,29],"class_list":["post-30674","post","type-post","status-publish","format-standard","has-post-thumbnail","hentry","category-homepage-french","category-politique","category-toutes-les-actualites","tag-africa-press","tag-africa-press-tchad","tag-tchad"],"yoast_head":"<!-- This site is optimized with the Yoast SEO Premium plugin v26.1 (Yoast SEO v27.0) - https:\/\/yoast.com\/product\/yoast-seo-premium-wordpress\/ -->\n<title>lancement du concours d\u2019entr\u00e9e \u00e0 la magistrature civile et militaire - tchad<\/title>\n<meta name=\"description\" content=\"Le concours d&#039;entr\u00e9e \u00e0 la magistrature civile et militaire et de greffe militaire a \u00e9t\u00e9 lanc\u00e9 ce 16 ao\u00fbt \u00e0 Ab\u00e9ch\u00e9. Au t ...\" \/>\n<meta name=\"robots\" content=\"index, follow, max-snippet:-1, max-image-preview:large, max-video-preview:-1\" \/>\n<link rel=\"canonical\" href=\"https:\/\/www.africa-press.net\/tchad\/politique\/lancement-du-concours-dentree-a-la-magistrature-civile-et-militaire\" \/>\n<meta property=\"og:locale\" content=\"fr_FR\" \/>\n<meta property=\"og:type\" content=\"article\" \/>\n<meta property=\"og:title\" content=\"lancement du concours d\u2019entr\u00e9e \u00e0 la magistrature civile et militaire\" \/>\n<meta property=\"og:description\" content=\"Le concours d&#039;entr\u00e9e \u00e0 la magistrature civile et militaire et de greffe militaire a \u00e9t\u00e9 lanc\u00e9 ce 16 ao\u00fbt \u00e0 Ab\u00e9ch\u00e9. Au t ...\" \/>\n<meta property=\"og:url\" content=\"https:\/\/www.africa-press.net\/tchad\/politique\/lancement-du-concours-dentree-a-la-magistrature-civile-et-militaire\" \/>\n<meta property=\"og:site_name\" content=\"tchad\" \/>\n<meta property=\"article:published_time\" content=\"2022-08-16T17:15:19+00:00\" \/>\n<meta property=\"article:modified_time\" content=\"2022-08-16T18:39:58+00:00\" \/>\n<meta property=\"og:image\" content=\"https:\/\/static.africa-press.net\/tchad\/sites\/41\/2022\/08\/postQueueImg_70.jpg\" \/>\n\t<meta property=\"og:image:width\" content=\"816\" \/>\n\t<meta property=\"og:image:height\" content=\"459\" \/>\n\t<meta property=\"og:image:type\" content=\"image\/jpeg\" \/>\n<meta name=\"author\" content=\"cfeditorfr\" \/>\n<meta name=\"twitter:card\" content=\"summary_large_image\" \/>\n<meta name=\"twitter:label1\" content=\"\u00c9crit par\" \/>\n\t<meta name=\"twitter:data1\" content=\"cfeditorfr\" \/>\n\t<meta name=\"twitter:label2\" content=\"Dur\u00e9e de lecture estim\u00e9e\" \/>\n\t<meta name=\"twitter:data2\" content=\"1 minute\" \/>\n<script type=\"application\/ld+json\" class=\"yoast-schema-graph\">{\"@context\":\"https:\/\/schema.org\",\"@graph\":[{\"@type\":\"Article\",\"@id\":\"https:\/\/www.africa-press.net\/tchad\/politique\/lancement-du-concours-dentree-a-la-magistrature-civile-et-militaire#article\",\"isPartOf\":{\"@id\":\"https:\/\/www.africa-press.net\/tchad\/politique\/lancement-du-concours-dentree-a-la-magistrature-civile-et-militaire\"},\"author\":{\"name\":\"cfeditorfr\",\"@id\":\"https:\/\/www.africa-press.net\/tchad\/#\/schema\/person\/2b1cf3cd81a31e3cd26889ca66d677f1\"},\"headline\":\"lancement du concours d\u2019entr\u00e9e \u00e0 la magistrature civile et militaire\",\"datePublished\":\"2022-08-16T17:15:19+00:00\",\"dateModified\":\"2022-08-16T18:39:58+00:00\",\"mainEntityOfPage\":{\"@id\":\"https:\/\/www.africa-press.net\/tchad\/politique\/lancement-du-concours-dentree-a-la-magistrature-civile-et-militaire\"},\"wordCount\":93,\"commentCount\":0,\"image\":{\"@id\":\"https:\/\/www.africa-press.net\/tchad\/politique\/lancement-du-concours-dentree-a-la-magistrature-civile-et-militaire#primaryimage\"},\"thumbnailUrl\":\"https:\/\/static.africa-press.net\/tchad\/sites\/41\/2022\/08\/postQueueImg_70.jpg\",\"keywords\":[\"Africa Press\",\"Africa Press-Tchad\",\"Tchad\"],\"articleSection\":[\"homepage-french\",\"Politique\",\"Toutes les actualit\u00e9s\"],\"inLanguage\":\"fr-FR\",\"potentialAction\":[{\"@type\":\"CommentAction\",\"name\":\"Comment\",\"target\":[\"https:\/\/www.africa-press.net\/tchad\/politique\/lancement-du-concours-dentree-a-la-magistrature-civile-et-militaire#respond\"]}]},{\"@type\":\"WebPage\",\"@id\":\"https:\/\/www.africa-press.net\/tchad\/politique\/lancement-du-concours-dentree-a-la-magistrature-civile-et-militaire\",\"url\":\"https:\/\/www.africa-press.net\/tchad\/politique\/lancement-du-concours-dentree-a-la-magistrature-civile-et-militaire\",\"name\":\"lancement du concours d\u2019entr\u00e9e \u00e0 la magistrature civile et militaire - tchad\",\"isPartOf\":{\"@id\":\"https:\/\/www.africa-press.net\/tchad\/#website\"},\"primaryImageOfPage\":{\"@id\":\"https:\/\/www.africa-press.net\/tchad\/politique\/lancement-du-concours-dentree-a-la-magistrature-civile-et-militaire#primaryimage\"},\"image\":{\"@id\":\"https:\/\/www.africa-press.net\/tchad\/politique\/lancement-du-concours-dentree-a-la-magistrature-civile-et-militaire#primaryimage\"},\"thumbnailUrl\":\"https:\/\/static.africa-press.net\/tchad\/sites\/41\/2022\/08\/postQueueImg_70.jpg\",\"datePublished\":\"2022-08-16T17:15:19+00:00\",\"dateModified\":\"2022-08-16T18:39:58+00:00\",\"author\":{\"@id\":\"https:\/\/www.africa-press.net\/tchad\/#\/schema\/person\/2b1cf3cd81a31e3cd26889ca66d677f1\"},\"description\":\"Le concours d'entr\u00e9e \u00e0 la magistrature civile et militaire et de greffe militaire a \u00e9t\u00e9 lanc\u00e9 ce 16 ao\u00fbt \u00e0 Ab\u00e9ch\u00e9. Au t ...\",\"breadcrumb\":{\"@id\":\"https:\/\/www.africa-press.net\/tchad\/politique\/lancement-du-concours-dentree-a-la-magistrature-civile-et-militaire#breadcrumb\"},\"inLanguage\":\"fr-FR\",\"potentialAction\":[{\"@type\":\"ReadAction\",\"target\":[\"https:\/\/www.africa-press.net\/tchad\/politique\/lancement-du-concours-dentree-a-la-magistrature-civile-et-militaire\"]}]},{\"@type\":\"ImageObject\",\"inLanguage\":\"fr-FR\",\"@id\":\"https:\/\/www.africa-press.net\/tchad\/politique\/lancement-du-concours-dentree-a-la-magistrature-civile-et-militaire#primaryimage\",\"url\":\"https:\/\/static.africa-press.net\/tchad\/sites\/41\/2022\/08\/postQueueImg_70.jpg\",\"contentUrl\":\"https:\/\/static.africa-press.net\/tchad\/sites\/41\/2022\/08\/postQueueImg_70.jpg\",\"width\":816,\"height\":459,\"caption\":\"lancement du concours d\u2019entr\u00e9e \u00e0 la magistrature civile et militaire\"},{\"@type\":\"BreadcrumbList\",\"@id\":\"https:\/\/www.africa-press.net\/tchad\/politique\/lancement-du-concours-dentree-a-la-magistrature-civile-et-militaire#breadcrumb\",\"itemListElement\":[{\"@type\":\"ListItem\",\"position\":1,\"name\":\"Accueil\",\"item\":\"https:\/\/www.africa-press.net\/tchad\/\"},{\"@type\":\"ListItem\",\"position\":2,\"name\":\"lancement du concours d\u2019entr\u00e9e \u00e0 la magistrature civile et militaire\"}]},{\"@type\":\"WebSite\",\"@id\":\"https:\/\/www.africa-press.net\/tchad\/#website\",\"url\":\"https:\/\/www.africa-press.net\/tchad\/\",\"name\":\"tchad\",\"description\":\"Just another Africa News Agency Sites site\",\"potentialAction\":[{\"@type\":\"SearchAction\",\"target\":{\"@type\":\"EntryPoint\",\"urlTemplate\":\"https:\/\/www.africa-press.net\/tchad\/?s={search_term_string}\"},\"query-input\":{\"@type\":\"PropertyValueSpecification\",\"valueRequired\":true,\"valueName\":\"search_term_string\"}}],\"inLanguage\":\"fr-FR\"},{\"@type\":\"Person\",\"@id\":\"https:\/\/www.africa-press.net\/tchad\/#\/schema\/person\/2b1cf3cd81a31e3cd26889ca66d677f1\",\"name\":\"cfeditorfr\"}]}<\/script>\n<!-- \/ Yoast SEO Premium plugin. -->","yoast_head_json":{"title":"lancement du concours d\u2019entr\u00e9e \u00e0 la magistrature civile et militaire - tchad","description":"Le concours d'entr\u00e9e \u00e0 la magistrature civile et militaire et de greffe militaire a \u00e9t\u00e9 lanc\u00e9 ce 16 ao\u00fbt \u00e0 Ab\u00e9ch\u00e9. Au t ...","robots":{"index":"index","follow":"follow","max-snippet":"max-snippet:-1","max-image-preview":"max-image-preview:large","max-video-preview":"max-video-preview:-1"},"canonical":"https:\/\/www.africa-press.net\/tchad\/politique\/lancement-du-concours-dentree-a-la-magistrature-civile-et-militaire","og_locale":"fr_FR","og_type":"article","og_title":"lancement du concours d\u2019entr\u00e9e \u00e0 la magistrature civile et militaire","og_description":"Le concours d'entr\u00e9e \u00e0 la magistrature civile et militaire et de greffe militaire a \u00e9t\u00e9 lanc\u00e9 ce 16 ao\u00fbt \u00e0 Ab\u00e9ch\u00e9. Au t ...","og_url":"https:\/\/www.africa-press.net\/tchad\/politique\/lancement-du-concours-dentree-a-la-magistrature-civile-et-militaire","og_site_name":"tchad","article_published_time":"2022-08-16T17:15:19+00:00","article_modified_time":"2022-08-16T18:39:58+00:00","og_image":[{"width":816,"height":459,"url":"https:\/\/static.africa-press.net\/tchad\/sites\/41\/2022\/08\/postQueueImg_70.jpg","type":"image\/jpeg"}],"author":"cfeditorfr","twitter_card":"summary_large_image","twitter_misc":{"\u00c9crit par":"cfeditorfr","Dur\u00e9e de lecture estim\u00e9e":"1 minute"},"schema":{"@context":"https:\/\/schema.org","@graph":[{"@type":"Article","@id":"https:\/\/www.africa-press.net\/tchad\/politique\/lancement-du-concours-dentree-a-la-magistrature-civile-et-militaire#article","isPartOf":{"@id":"https:\/\/www.africa-press.net\/tchad\/politique\/lancement-du-concours-dentree-a-la-magistrature-civile-et-militaire"},"author":{"name":"cfeditorfr","@id":"https:\/\/www.africa-press.net\/tchad\/#\/schema\/person\/2b1cf3cd81a31e3cd26889ca66d677f1"},"headline":"lancement du concours d\u2019entr\u00e9e \u00e0 la magistrature civile et militaire","datePublished":"2022-08-16T17:15:19+00:00","dateModified":"2022-08-16T18:39:58+00:00","mainEntityOfPage":{"@id":"https:\/\/www.africa-press.net\/tchad\/politique\/lancement-du-concours-dentree-a-la-magistrature-civile-et-militaire"},"wordCount":93,"commentCount":0,"image":{"@id":"https:\/\/www.africa-press.net\/tchad\/politique\/lancement-du-concours-dentree-a-la-magistrature-civile-et-militaire#primaryimage"},"thumbnailUrl":"https:\/\/static.africa-press.net\/tchad\/sites\/41\/2022\/08\/postQueueImg_70.jpg","keywords":["Africa Press","Africa Press-Tchad","Tchad"],"articleSection":["homepage-french","Politique","Toutes les actualit\u00e9s"],"inLanguage":"fr-FR","potentialAction":[{"@type":"CommentAction","name":"Comment","target":["https:\/\/www.africa-press.net\/tchad\/politique\/lancement-du-concours-dentree-a-la-magistrature-civile-et-militaire#respond"]}]},{"@type":"WebPage","@id":"https:\/\/www.africa-press.net\/tchad\/politique\/lancement-du-concours-dentree-a-la-magistrature-civile-et-militaire","url":"https:\/\/www.africa-press.net\/tchad\/politique\/lancement-du-concours-dentree-a-la-magistrature-civile-et-militaire","name":"lancement du concours d\u2019entr\u00e9e \u00e0 la magistrature civile et militaire - tchad","isPartOf":{"@id":"https:\/\/www.africa-press.net\/tchad\/#website"},"primaryImageOfPage":{"@id":"https:\/\/www.africa-press.net\/tchad\/politique\/lancement-du-concours-dentree-a-la-magistrature-civile-et-militaire#primaryimage"},"image":{"@id":"https:\/\/www.africa-press.net\/tchad\/politique\/lancement-du-concours-dentree-a-la-magistrature-civile-et-militaire#primaryimage"},"thumbnailUrl":"https:\/\/static.africa-press.net\/tchad\/sites\/41\/2022\/08\/postQueueImg_70.jpg","datePublished":"2022-08-16T17:15:19+00:00","dateModified":"2022-08-16T18:39:58+00:00","author":{"@id":"https:\/\/www.africa-press.net\/tchad\/#\/schema\/person\/2b1cf3cd81a31e3cd26889ca66d677f1"},"description":"Le concours d'entr\u00e9e \u00e0 la magistrature civile et militaire et de greffe militaire a \u00e9t\u00e9 lanc\u00e9 ce 16 ao\u00fbt \u00e0 Ab\u00e9ch\u00e9. Au t ...","breadcrumb":{"@id":"https:\/\/www.africa-press.net\/tchad\/politique\/lancement-du-concours-dentree-a-la-magistrature-civile-et-militaire#breadcrumb"},"inLanguage":"fr-FR","potentialAction":[{"@type":"ReadAction","target":["https:\/\/www.africa-press.net\/tchad\/politique\/lancement-du-concours-dentree-a-la-magistrature-civile-et-militaire"]}]},{"@type":"ImageObject","inLanguage":"fr-FR","@id":"https:\/\/www.africa-press.net\/tchad\/politique\/lancement-du-concours-dentree-a-la-magistrature-civile-et-militaire#primaryimage","url":"https:\/\/static.africa-press.net\/tchad\/sites\/41\/2022\/08\/postQueueImg_70.jpg","contentUrl":"https:\/\/static.africa-press.net\/tchad\/sites\/41\/2022\/08\/postQueueImg_70.jpg","width":816,"height":459,"caption":"lancement du concours d\u2019entr\u00e9e \u00e0 la magistrature civile et militaire"},{"@type":"BreadcrumbList","@id":"https:\/\/www.africa-press.net\/tchad\/politique\/lancement-du-concours-dentree-a-la-magistrature-civile-et-militaire#breadcrumb","itemListElement":[{"@type":"ListItem","position":1,"name":"Accueil","item":"https:\/\/www.africa-press.net\/tchad\/"},{"@type":"ListItem","position":2,"name":"lancement du concours d\u2019entr\u00e9e \u00e0 la magistrature civile et militaire"}]},{"@type":"WebSite","@id":"https:\/\/www.africa-press.net\/tchad\/#website","url":"https:\/\/www.africa-press.net\/tchad\/","name":"tchad","description":"Just another Africa News Agency Sites site","potentialAction":[{"@type":"SearchAction","target":{"@type":"EntryPoint","urlTemplate":"https:\/\/www.africa-press.net\/tchad\/?s={search_term_string}"},"query-input":{"@type":"PropertyValueSpecification","valueRequired":true,"valueName":"search_term_string"}}],"inLanguage":"fr-FR"},{"@type":"Person","@id":"https:\/\/www.africa-press.net\/tchad\/#\/schema\/person\/2b1cf3cd81a31e3cd26889ca66d677f1","name":"cfeditorfr"}]}},"_links":{"self":[{"href":"https:\/\/www.africa-press.net\/tchad\/wp-json\/wp\/v2\/posts\/30674","targetHints":{"allow":["GET"]}}],"collection":[{"href":"https:\/\/www.africa-press.net\/tchad\/wp-json\/wp\/v2\/posts"}],"about":[{"href":"https:\/\/www.africa-press.net\/tchad\/wp-json\/wp\/v2\/types\/post"}],"author":[{"embeddable":true,"href":"https:\/\/www.africa-press.net\/tchad\/wp-json\/wp\/v2\/users\/82"}],"replies":[{"embeddable":true,"href":"https:\/\/www.africa-press.net\/tchad\/wp-json\/wp\/v2\/comments?post=30674"}],"version-history":[{"count":0,"href":"https:\/\/www.africa-press.net\/tchad\/wp-json\/wp\/v2\/posts\/30674\/revisions"}],"wp:featuredmedia":[{"embeddable":true,"href":"https:\/\/www.africa-press.net\/tchad\/wp-json\/wp\/v2\/media\/30673"}],"wp:attachment":[{"href":"https:\/\/www.africa-press.net\/tchad\/wp-json\/wp\/v2\/media?parent=30674"}],"wp:term":[{"taxonomy":"category","embeddable":true,"href":"https:\/\/www.africa-press.net\/tchad\/wp-json\/wp\/v2\/categories?post=30674"},{"taxonomy":"post_tag","embeddable":true,"href":"https:\/\/www.africa-press.net\/tchad\/wp-json\/wp\/v2\/tags?post=30674"}],"curies":[{"name":"wp","href":"https:\/\/api.w.org\/{rel}","templated":true}]}}