{"id":30677,"date":"2022-08-16T17:15:42","date_gmt":"2022-08-16T17:15:42","guid":{"rendered":"https:\/\/www.africa-press.net\/tchad\/politique\/le-president-senegalais-macky-sall-en-visite-de-travail-a-ndjamena"},"modified":"2022-08-16T18:40:26","modified_gmt":"2022-08-16T18:40:26","slug":"le-president-senegalais-macky-sall-en-visite-de-travail-a-ndjamena","status":"publish","type":"post","link":"https:\/\/www.africa-press.net\/tchad\/politique\/le-president-senegalais-macky-sall-en-visite-de-travail-a-ndjamena","title":{"rendered":"le pr\u00e9sident s\u00e9n\u00e9galais Macky Sall en visite de travail \u00e0 N\u2019Djamena"},"content":{"rendered":"<p><span style=\"color: #ff6600\"><strong>Africa-Press &#8211; Tchad. <\/strong><\/span>Le pr\u00e9sident du S\u00e9n\u00e9gal, Macky Sall, par ailleurs, pr\u00e9sident en exercice de l\u2019Union africaine a foul\u00e9 le tarmac de l\u2019a\u00e9roport de N\u2019Djamena dans la nuit du lundi 15 ao\u00fbt 2022.<\/p>\n<p>Invit\u00e9 par le pr\u00e9sident tchadien de la transition, <b>Macky Sall<\/b> s\u00e9journe au Tchad depuis la nuit du 15 ao\u00fbt. Il est dans le pays de Touma\u00ef, dans le cadre d\u2019une visite d\u2019amiti\u00e9 et de travail. Son avion a atterri ce 15 \u00e0 l\u2019a\u00e9roport International Hassan Djamous de N\u2019Djamena. Il a \u00e9t\u00e9 accueilli par Mahamat Idriss Deby.<\/p>\n<p>Etaient \u00e9galement pr\u00e9sents, quelques officiers g\u00e9n\u00e9raux, le Premier ministre de transition et le maire de la ville de N\u2019Djamena. L\u2019agenda de cette visite du Pr\u00e9sident Macky sall, pr\u00e9voit des entretiens bilat\u00e9raux et un t\u00eate-\u00e0-t\u00eate avec son homologue tchadien, annonce la pr\u00e9sidence de la r\u00e9publique. Apr\u00e8s le Tchad, le pr\u00e9sident Macky Sall se rend au Gabon. Il doit prendre part au 62 anniversaire de l\u2019ind\u00e9pendance du pays d\u2019Ali Bongo.<\/p>\n<p><strong>Pour plus d&rsquo;informations et d&rsquo;analyses sur la <a href=\"https:\/\/www.africa-press.net\/tchad\">Tchad<\/a>, suivez <a href=\"https:\/\/www.africa-press.net\/\">Africa-Press<\/a><\/strong><\/p>\n","protected":false},"excerpt":{"rendered":"<p>Africa-Press &#8211; Tchad. Le pr\u00e9sident du S\u00e9n\u00e9gal, Macky Sall, par ailleurs, pr\u00e9sident en exercice de l\u2019Union africaine a foul\u00e9 le tarmac de l\u2019a\u00e9roport de N\u2019Djamena dans la nuit du lundi 15 ao\u00fbt 2022. Invit\u00e9 par le pr\u00e9sident tchadien de la transition, Macky Sall s\u00e9journe au Tchad depuis la nuit du 15 ao\u00fbt. Il est dans [&hellip;]<\/p>\n","protected":false},"author":82,"featured_media":30676,"comment_status":"open","ping_status":"closed","sticky":false,"template":"","format":"standard","meta":{"footnotes":""},"categories":[11,2,20,10],"tags":[37,292,29],"class_list":["post-30677","post","type-post","status-publish","format-standard","has-post-thumbnail","hentry","category-homepage-french","category-politique","category-top-nouvelles","category-toutes-les-actualites","tag-africa-press","tag-africa-press-tchad","tag-tchad"],"yoast_head":"<!-- This site is optimized with the Yoast SEO Premium plugin v26.1 (Yoast SEO v27.0) - https:\/\/yoast.com\/product\/yoast-seo-premium-wordpress\/ -->\n<title>le pr\u00e9sident s\u00e9n\u00e9galais Macky Sall en visite de travail \u00e0 N\u2019Djamena - tchad<\/title>\n<meta name=\"description\" content=\"Le pr\u00e9sident du S\u00e9n\u00e9gal, Macky Sall, par ailleurs, pr\u00e9sident en exercice de l\u2019Union africaine a foul\u00e9 le tarmac de l\u2019a\u00e9r ...\" \/>\n<meta name=\"robots\" content=\"index, follow, max-snippet:-1, max-image-preview:large, max-video-preview:-1\" \/>\n<link rel=\"canonical\" href=\"https:\/\/www.africa-press.net\/tchad\/politique\/le-president-senegalais-macky-sall-en-visite-de-travail-a-ndjamena\" \/>\n<meta property=\"og:locale\" content=\"fr_FR\" \/>\n<meta property=\"og:type\" content=\"article\" \/>\n<meta property=\"og:title\" content=\"le pr\u00e9sident s\u00e9n\u00e9galais Macky Sall en visite de travail \u00e0 N\u2019Djamena\" \/>\n<meta property=\"og:description\" content=\"Le pr\u00e9sident du S\u00e9n\u00e9gal, Macky Sall, par ailleurs, pr\u00e9sident en exercice de l\u2019Union africaine a foul\u00e9 le tarmac de l\u2019a\u00e9r ...\" \/>\n<meta property=\"og:url\" content=\"https:\/\/www.africa-press.net\/tchad\/politique\/le-president-senegalais-macky-sall-en-visite-de-travail-a-ndjamena\" \/>\n<meta property=\"og:site_name\" content=\"tchad\" \/>\n<meta property=\"article:published_time\" content=\"2022-08-16T17:15:42+00:00\" \/>\n<meta property=\"article:modified_time\" content=\"2022-08-16T18:40:26+00:00\" \/>\n<meta property=\"og:image\" content=\"https:\/\/static.africa-press.net\/tchad\/sites\/41\/2022\/08\/postQueueImg_71.jpg\" \/>\n\t<meta property=\"og:image:width\" content=\"780\" \/>\n\t<meta property=\"og:image:height\" content=\"440\" \/>\n\t<meta property=\"og:image:type\" content=\"image\/jpeg\" \/>\n<meta name=\"author\" content=\"cfeditorfr\" \/>\n<meta name=\"twitter:card\" content=\"summary_large_image\" \/>\n<meta name=\"twitter:label1\" content=\"\u00c9crit par\" \/>\n\t<meta name=\"twitter:data1\" content=\"cfeditorfr\" \/>\n\t<meta name=\"twitter:label2\" content=\"Dur\u00e9e de lecture estim\u00e9e\" \/>\n\t<meta name=\"twitter:data2\" content=\"1 minute\" \/>\n<script type=\"application\/ld+json\" class=\"yoast-schema-graph\">{\"@context\":\"https:\/\/schema.org\",\"@graph\":[{\"@type\":\"Article\",\"@id\":\"https:\/\/www.africa-press.net\/tchad\/politique\/le-president-senegalais-macky-sall-en-visite-de-travail-a-ndjamena#article\",\"isPartOf\":{\"@id\":\"https:\/\/www.africa-press.net\/tchad\/politique\/le-president-senegalais-macky-sall-en-visite-de-travail-a-ndjamena\"},\"author\":{\"name\":\"cfeditorfr\",\"@id\":\"https:\/\/www.africa-press.net\/tchad\/#\/schema\/person\/2b1cf3cd81a31e3cd26889ca66d677f1\"},\"headline\":\"le pr\u00e9sident s\u00e9n\u00e9galais Macky Sall en visite de travail \u00e0 N\u2019Djamena\",\"datePublished\":\"2022-08-16T17:15:42+00:00\",\"dateModified\":\"2022-08-16T18:40:26+00:00\",\"mainEntityOfPage\":{\"@id\":\"https:\/\/www.africa-press.net\/tchad\/politique\/le-president-senegalais-macky-sall-en-visite-de-travail-a-ndjamena\"},\"wordCount\":212,\"commentCount\":0,\"image\":{\"@id\":\"https:\/\/www.africa-press.net\/tchad\/politique\/le-president-senegalais-macky-sall-en-visite-de-travail-a-ndjamena#primaryimage\"},\"thumbnailUrl\":\"https:\/\/static.africa-press.net\/tchad\/sites\/41\/2022\/08\/postQueueImg_71.jpg\",\"keywords\":[\"Africa Press\",\"Africa Press-Tchad\",\"Tchad\"],\"articleSection\":[\"homepage-french\",\"Politique\",\"Top Nouvelles\",\"Toutes les actualit\u00e9s\"],\"inLanguage\":\"fr-FR\",\"potentialAction\":[{\"@type\":\"CommentAction\",\"name\":\"Comment\",\"target\":[\"https:\/\/www.africa-press.net\/tchad\/politique\/le-president-senegalais-macky-sall-en-visite-de-travail-a-ndjamena#respond\"]}]},{\"@type\":\"WebPage\",\"@id\":\"https:\/\/www.africa-press.net\/tchad\/politique\/le-president-senegalais-macky-sall-en-visite-de-travail-a-ndjamena\",\"url\":\"https:\/\/www.africa-press.net\/tchad\/politique\/le-president-senegalais-macky-sall-en-visite-de-travail-a-ndjamena\",\"name\":\"le pr\u00e9sident s\u00e9n\u00e9galais Macky Sall en visite de travail \u00e0 N\u2019Djamena - tchad\",\"isPartOf\":{\"@id\":\"https:\/\/www.africa-press.net\/tchad\/#website\"},\"primaryImageOfPage\":{\"@id\":\"https:\/\/www.africa-press.net\/tchad\/politique\/le-president-senegalais-macky-sall-en-visite-de-travail-a-ndjamena#primaryimage\"},\"image\":{\"@id\":\"https:\/\/www.africa-press.net\/tchad\/politique\/le-president-senegalais-macky-sall-en-visite-de-travail-a-ndjamena#primaryimage\"},\"thumbnailUrl\":\"https:\/\/static.africa-press.net\/tchad\/sites\/41\/2022\/08\/postQueueImg_71.jpg\",\"datePublished\":\"2022-08-16T17:15:42+00:00\",\"dateModified\":\"2022-08-16T18:40:26+00:00\",\"author\":{\"@id\":\"https:\/\/www.africa-press.net\/tchad\/#\/schema\/person\/2b1cf3cd81a31e3cd26889ca66d677f1\"},\"description\":\"Le pr\u00e9sident du S\u00e9n\u00e9gal, Macky Sall, par ailleurs, pr\u00e9sident en exercice de l\u2019Union africaine a foul\u00e9 le tarmac de l\u2019a\u00e9r ...\",\"breadcrumb\":{\"@id\":\"https:\/\/www.africa-press.net\/tchad\/politique\/le-president-senegalais-macky-sall-en-visite-de-travail-a-ndjamena#breadcrumb\"},\"inLanguage\":\"fr-FR\",\"potentialAction\":[{\"@type\":\"ReadAction\",\"target\":[\"https:\/\/www.africa-press.net\/tchad\/politique\/le-president-senegalais-macky-sall-en-visite-de-travail-a-ndjamena\"]}]},{\"@type\":\"ImageObject\",\"inLanguage\":\"fr-FR\",\"@id\":\"https:\/\/www.africa-press.net\/tchad\/politique\/le-president-senegalais-macky-sall-en-visite-de-travail-a-ndjamena#primaryimage\",\"url\":\"https:\/\/static.africa-press.net\/tchad\/sites\/41\/2022\/08\/postQueueImg_71.jpg\",\"contentUrl\":\"https:\/\/static.africa-press.net\/tchad\/sites\/41\/2022\/08\/postQueueImg_71.jpg\",\"width\":780,\"height\":440,\"caption\":\"le pr\u00e9sident s\u00e9n\u00e9galais Macky Sall en visite de travail \u00e0 N\u2019Djamena\"},{\"@type\":\"BreadcrumbList\",\"@id\":\"https:\/\/www.africa-press.net\/tchad\/politique\/le-president-senegalais-macky-sall-en-visite-de-travail-a-ndjamena#breadcrumb\",\"itemListElement\":[{\"@type\":\"ListItem\",\"position\":1,\"name\":\"Accueil\",\"item\":\"https:\/\/www.africa-press.net\/tchad\/\"},{\"@type\":\"ListItem\",\"position\":2,\"name\":\"le pr\u00e9sident s\u00e9n\u00e9galais Macky Sall en visite de travail \u00e0 N\u2019Djamena\"}]},{\"@type\":\"WebSite\",\"@id\":\"https:\/\/www.africa-press.net\/tchad\/#website\",\"url\":\"https:\/\/www.africa-press.net\/tchad\/\",\"name\":\"tchad\",\"description\":\"Just another Africa News Agency Sites site\",\"potentialAction\":[{\"@type\":\"SearchAction\",\"target\":{\"@type\":\"EntryPoint\",\"urlTemplate\":\"https:\/\/www.africa-press.net\/tchad\/?s={search_term_string}\"},\"query-input\":{\"@type\":\"PropertyValueSpecification\",\"valueRequired\":true,\"valueName\":\"search_term_string\"}}],\"inLanguage\":\"fr-FR\"},{\"@type\":\"Person\",\"@id\":\"https:\/\/www.africa-press.net\/tchad\/#\/schema\/person\/2b1cf3cd81a31e3cd26889ca66d677f1\",\"name\":\"cfeditorfr\"}]}<\/script>\n<!-- \/ Yoast SEO Premium plugin. -->","yoast_head_json":{"title":"le pr\u00e9sident s\u00e9n\u00e9galais Macky Sall en visite de travail \u00e0 N\u2019Djamena - tchad","description":"Le pr\u00e9sident du S\u00e9n\u00e9gal, Macky Sall, par ailleurs, pr\u00e9sident en exercice de l\u2019Union africaine a foul\u00e9 le tarmac de l\u2019a\u00e9r ...","robots":{"index":"index","follow":"follow","max-snippet":"max-snippet:-1","max-image-preview":"max-image-preview:large","max-video-preview":"max-video-preview:-1"},"canonical":"https:\/\/www.africa-press.net\/tchad\/politique\/le-president-senegalais-macky-sall-en-visite-de-travail-a-ndjamena","og_locale":"fr_FR","og_type":"article","og_title":"le pr\u00e9sident s\u00e9n\u00e9galais Macky Sall en visite de travail \u00e0 N\u2019Djamena","og_description":"Le pr\u00e9sident du S\u00e9n\u00e9gal, Macky Sall, par ailleurs, pr\u00e9sident en exercice de l\u2019Union africaine a foul\u00e9 le tarmac de l\u2019a\u00e9r ...","og_url":"https:\/\/www.africa-press.net\/tchad\/politique\/le-president-senegalais-macky-sall-en-visite-de-travail-a-ndjamena","og_site_name":"tchad","article_published_time":"2022-08-16T17:15:42+00:00","article_modified_time":"2022-08-16T18:40:26+00:00","og_image":[{"width":780,"height":440,"url":"https:\/\/static.africa-press.net\/tchad\/sites\/41\/2022\/08\/postQueueImg_71.jpg","type":"image\/jpeg"}],"author":"cfeditorfr","twitter_card":"summary_large_image","twitter_misc":{"\u00c9crit par":"cfeditorfr","Dur\u00e9e de lecture estim\u00e9e":"1 minute"},"schema":{"@context":"https:\/\/schema.org","@graph":[{"@type":"Article","@id":"https:\/\/www.africa-press.net\/tchad\/politique\/le-president-senegalais-macky-sall-en-visite-de-travail-a-ndjamena#article","isPartOf":{"@id":"https:\/\/www.africa-press.net\/tchad\/politique\/le-president-senegalais-macky-sall-en-visite-de-travail-a-ndjamena"},"author":{"name":"cfeditorfr","@id":"https:\/\/www.africa-press.net\/tchad\/#\/schema\/person\/2b1cf3cd81a31e3cd26889ca66d677f1"},"headline":"le pr\u00e9sident s\u00e9n\u00e9galais Macky Sall en visite de travail \u00e0 N\u2019Djamena","datePublished":"2022-08-16T17:15:42+00:00","dateModified":"2022-08-16T18:40:26+00:00","mainEntityOfPage":{"@id":"https:\/\/www.africa-press.net\/tchad\/politique\/le-president-senegalais-macky-sall-en-visite-de-travail-a-ndjamena"},"wordCount":212,"commentCount":0,"image":{"@id":"https:\/\/www.africa-press.net\/tchad\/politique\/le-president-senegalais-macky-sall-en-visite-de-travail-a-ndjamena#primaryimage"},"thumbnailUrl":"https:\/\/static.africa-press.net\/tchad\/sites\/41\/2022\/08\/postQueueImg_71.jpg","keywords":["Africa Press","Africa Press-Tchad","Tchad"],"articleSection":["homepage-french","Politique","Top Nouvelles","Toutes les actualit\u00e9s"],"inLanguage":"fr-FR","potentialAction":[{"@type":"CommentAction","name":"Comment","target":["https:\/\/www.africa-press.net\/tchad\/politique\/le-president-senegalais-macky-sall-en-visite-de-travail-a-ndjamena#respond"]}]},{"@type":"WebPage","@id":"https:\/\/www.africa-press.net\/tchad\/politique\/le-president-senegalais-macky-sall-en-visite-de-travail-a-ndjamena","url":"https:\/\/www.africa-press.net\/tchad\/politique\/le-president-senegalais-macky-sall-en-visite-de-travail-a-ndjamena","name":"le pr\u00e9sident s\u00e9n\u00e9galais Macky Sall en visite de travail \u00e0 N\u2019Djamena - tchad","isPartOf":{"@id":"https:\/\/www.africa-press.net\/tchad\/#website"},"primaryImageOfPage":{"@id":"https:\/\/www.africa-press.net\/tchad\/politique\/le-president-senegalais-macky-sall-en-visite-de-travail-a-ndjamena#primaryimage"},"image":{"@id":"https:\/\/www.africa-press.net\/tchad\/politique\/le-president-senegalais-macky-sall-en-visite-de-travail-a-ndjamena#primaryimage"},"thumbnailUrl":"https:\/\/static.africa-press.net\/tchad\/sites\/41\/2022\/08\/postQueueImg_71.jpg","datePublished":"2022-08-16T17:15:42+00:00","dateModified":"2022-08-16T18:40:26+00:00","author":{"@id":"https:\/\/www.africa-press.net\/tchad\/#\/schema\/person\/2b1cf3cd81a31e3cd26889ca66d677f1"},"description":"Le pr\u00e9sident du S\u00e9n\u00e9gal, Macky Sall, par ailleurs, pr\u00e9sident en exercice de l\u2019Union africaine a foul\u00e9 le tarmac de l\u2019a\u00e9r ...","breadcrumb":{"@id":"https:\/\/www.africa-press.net\/tchad\/politique\/le-president-senegalais-macky-sall-en-visite-de-travail-a-ndjamena#breadcrumb"},"inLanguage":"fr-FR","potentialAction":[{"@type":"ReadAction","target":["https:\/\/www.africa-press.net\/tchad\/politique\/le-president-senegalais-macky-sall-en-visite-de-travail-a-ndjamena"]}]},{"@type":"ImageObject","inLanguage":"fr-FR","@id":"https:\/\/www.africa-press.net\/tchad\/politique\/le-president-senegalais-macky-sall-en-visite-de-travail-a-ndjamena#primaryimage","url":"https:\/\/static.africa-press.net\/tchad\/sites\/41\/2022\/08\/postQueueImg_71.jpg","contentUrl":"https:\/\/static.africa-press.net\/tchad\/sites\/41\/2022\/08\/postQueueImg_71.jpg","width":780,"height":440,"caption":"le pr\u00e9sident s\u00e9n\u00e9galais Macky Sall en visite de travail \u00e0 N\u2019Djamena"},{"@type":"BreadcrumbList","@id":"https:\/\/www.africa-press.net\/tchad\/politique\/le-president-senegalais-macky-sall-en-visite-de-travail-a-ndjamena#breadcrumb","itemListElement":[{"@type":"ListItem","position":1,"name":"Accueil","item":"https:\/\/www.africa-press.net\/tchad\/"},{"@type":"ListItem","position":2,"name":"le pr\u00e9sident s\u00e9n\u00e9galais Macky Sall en visite de travail \u00e0 N\u2019Djamena"}]},{"@type":"WebSite","@id":"https:\/\/www.africa-press.net\/tchad\/#website","url":"https:\/\/www.africa-press.net\/tchad\/","name":"tchad","description":"Just another Africa News Agency Sites site","potentialAction":[{"@type":"SearchAction","target":{"@type":"EntryPoint","urlTemplate":"https:\/\/www.africa-press.net\/tchad\/?s={search_term_string}"},"query-input":{"@type":"PropertyValueSpecification","valueRequired":true,"valueName":"search_term_string"}}],"inLanguage":"fr-FR"},{"@type":"Person","@id":"https:\/\/www.africa-press.net\/tchad\/#\/schema\/person\/2b1cf3cd81a31e3cd26889ca66d677f1","name":"cfeditorfr"}]}},"_links":{"self":[{"href":"https:\/\/www.africa-press.net\/tchad\/wp-json\/wp\/v2\/posts\/30677","targetHints":{"allow":["GET"]}}],"collection":[{"href":"https:\/\/www.africa-press.net\/tchad\/wp-json\/wp\/v2\/posts"}],"about":[{"href":"https:\/\/www.africa-press.net\/tchad\/wp-json\/wp\/v2\/types\/post"}],"author":[{"embeddable":true,"href":"https:\/\/www.africa-press.net\/tchad\/wp-json\/wp\/v2\/users\/82"}],"replies":[{"embeddable":true,"href":"https:\/\/www.africa-press.net\/tchad\/wp-json\/wp\/v2\/comments?post=30677"}],"version-history":[{"count":0,"href":"https:\/\/www.africa-press.net\/tchad\/wp-json\/wp\/v2\/posts\/30677\/revisions"}],"wp:featuredmedia":[{"embeddable":true,"href":"https:\/\/www.africa-press.net\/tchad\/wp-json\/wp\/v2\/media\/30676"}],"wp:attachment":[{"href":"https:\/\/www.africa-press.net\/tchad\/wp-json\/wp\/v2\/media?parent=30677"}],"wp:term":[{"taxonomy":"category","embeddable":true,"href":"https:\/\/www.africa-press.net\/tchad\/wp-json\/wp\/v2\/categories?post=30677"},{"taxonomy":"post_tag","embeddable":true,"href":"https:\/\/www.africa-press.net\/tchad\/wp-json\/wp\/v2\/tags?post=30677"}],"curies":[{"name":"wp","href":"https:\/\/api.w.org\/{rel}","templated":true}]}}