{"id":30711,"date":"2022-08-17T16:44:38","date_gmt":"2022-08-17T16:44:38","guid":{"rendered":"https:\/\/www.africa-press.net\/tchad\/politique\/dans-lindifference-la-france-retire-ses-militaires-du-mali-mais-reste-au-tchad-en-cote-divoire-au-niger"},"modified":"2022-08-17T17:24:36","modified_gmt":"2022-08-17T17:24:36","slug":"dans-lindifference-la-france-retire-ses-militaires-du-mali-mais-reste-au-tchad-en-cote-divoire-au-niger","status":"publish","type":"post","link":"https:\/\/www.africa-press.net\/tchad\/politique\/dans-lindifference-la-france-retire-ses-militaires-du-mali-mais-reste-au-tchad-en-cote-divoire-au-niger","title":{"rendered":"Dans l\u2019indiff\u00e9rence la France retire ses militaires du Mali mais reste au Tchad, en C\u00f4te-d\u2019Ivoire, au Niger\u2026"},"content":{"rendered":"<p><span style=\"color: #ff6600\"><strong>Africa-Press &#8211; Tchad. <\/strong><\/span>Agence Ecofin) \u2013 Apr\u00e8s son retrait d\u00e9finitif du Mali, Paris divise par deux sa pr\u00e9sence au Sahel, en maintenant 2500 militaires environ dans la r\u00e9gion.<\/p>\n<p>L\u2019\u00e9tat-major des arm\u00e9es fran\u00e7aises a annonc\u00e9, ce lundi 15 ao\u00fbt, que le dernier d\u00e9tachement de la force anti-djihadiste Barkhane a quitt\u00e9 le Mali, mettant fin \u00e0 neuf ans d\u2019op\u00e9rations militaires visant \u00e0 combattre le terrorisme dans la r\u00e9gion du Sahel.<\/p>\n<p>\u00ab Ce jour, les derniers militaires de l\u2019op\u00e9ration Barkhane pr\u00e9sents sur le sol malien ont franchi la fronti\u00e8re entre le Mali et le Niger. Ils provenaient de la plateforme op\u00e9rationnelle d\u00e9sert de Gao, d\u00e9sormais transf\u00e9r\u00e9e aux Forces arm\u00e9es Maliennes \u00bb, a pr\u00e9cis\u00e9 l\u2019\u00e9tat-major des arm\u00e9es dans un communiqu\u00e9 publi\u00e9 sur Twitter.<\/p>\n<p>Le retrait des forces fran\u00e7aises du Mali avait \u00e9t\u00e9 annonc\u00e9 par le pr\u00e9sident fran\u00e7ais Emmanuel Macron le 17 f\u00e9vrier dernier. \u00ab Constatant que les conditions politiques et op\u00e9rationnelles n\u2019\u00e9taient plus r\u00e9unies pour rester engag\u00e9e au Mali, la France a d\u00e9cid\u00e9, en concertation avec ses partenaires africains et europ\u00e9ens, de r\u00e9articuler le dispositif de l\u2019op\u00e9ration Barkhane en dehors du territoire malien \u00bb, rappelle l\u2019\u00c9lys\u00e9e dans un communiqu\u00e9 publi\u00e9 sur son site Web.<\/p>\n<p>D\u00e9but mai dernier, la junte malienne avait annonc\u00e9 la suspension d\u2019un trait\u00e9 de coop\u00e9ration sign\u00e9 en 2014 avec la France, ainsi que des accords de 2013 et 2020 fixant le cadre juridique de la pr\u00e9sence de la force anti-djihadiste Barkhane et du regroupement de forces sp\u00e9ciales europ\u00e9ennes Takuba.<\/p>\n<p>Les relations entre le Mali et la France sont tendues, depuis que Paris et ses alli\u00e9s ont accus\u00e9 l\u2019ex\u00e9cutif malien de s\u2019\u00eatre assur\u00e9 les services de la soci\u00e9t\u00e9 militaire priv\u00e9e russe Wagner, ce que r\u00e9fute Bamako.<\/p>\n<p>La France a cependant pr\u00e9cis\u00e9 que le retrait de ses troupes du Mali ne signifie pas la fin de son engagement militaire dans la r\u00e9gion du Sahel.<\/p>\n<p>\u00ab La France reste engag\u00e9e au Sahel, dans le Golfe de Guin\u00e9e et la r\u00e9gion du lac Tchad avec tous les partenaires attach\u00e9s \u00e0 la stabilit\u00e9 et \u00e0 la lutte contre le terrorisme \u00bb, \u00e9crit l\u2019\u00c9lys\u00e9e.<\/p>\n<p>Le pr\u00e9sident fran\u00e7ais avait d\u00e9j\u00e0 annonc\u00e9, mercredi 13 juillet dernier, sa volont\u00e9 de \u00ab repenser d\u2019ici l\u2019automne l\u2019ensemble \u00bb des dispositifs militaires de la France en Afrique pour les rendre \u00ab moins pos\u00e9s et moins expos\u00e9s \u00bb.<\/p>\n<p>Dans ce cadre, la pr\u00e9sence militaire au Sahel sera divis\u00e9e par deux d\u2019ici la fin de l\u2019ann\u00e9e, \u00e0 2 500 militaires. Le Niger a accept\u00e9 le maintien d\u2019une base a\u00e9rienne \u00e0 Niamey et l\u2019appui de 250 soldats pour ses op\u00e9rations militaires \u00e0 la fronti\u00e8re malienne. Le Tchad continuera \u00e0 h\u00e9berger une emprise fran\u00e7aise \u00e0 N\u2019Djamena. La France esp\u00e8re par ailleurs conserver un contingent de forces sp\u00e9ciales \u00e0 Ouagadougou, la capitale burkinab\u00e8.<\/p>\n<p><strong>Pour plus d&rsquo;informations et d&rsquo;analyses sur la <a href=\"https:\/\/www.africa-press.net\/tchad\">Tchad<\/a>, suivez <a href=\"https:\/\/www.africa-press.net\/\">Africa-Press<\/a><\/strong><\/p>\n","protected":false},"excerpt":{"rendered":"<p>Africa-Press &#8211; Tchad. Agence Ecofin) \u2013 Apr\u00e8s son retrait d\u00e9finitif du Mali, Paris divise par deux sa pr\u00e9sence au Sahel, en maintenant 2500 militaires environ dans la r\u00e9gion. L\u2019\u00e9tat-major des arm\u00e9es fran\u00e7aises a annonc\u00e9, ce lundi 15 ao\u00fbt, que le dernier d\u00e9tachement de la force anti-djihadiste Barkhane a quitt\u00e9 le Mali, mettant fin \u00e0 neuf [&hellip;]<\/p>\n","protected":false},"author":82,"featured_media":30710,"comment_status":"open","ping_status":"closed","sticky":false,"template":"","format":"standard","meta":{"footnotes":""},"categories":[11,2,10],"tags":[37,292,29],"class_list":["post-30711","post","type-post","status-publish","format-standard","has-post-thumbnail","hentry","category-homepage-french","category-politique","category-toutes-les-actualites","tag-africa-press","tag-africa-press-tchad","tag-tchad"],"yoast_head":"<!-- This site is optimized with the Yoast SEO Premium plugin v26.1 (Yoast SEO v27.0) - https:\/\/yoast.com\/product\/yoast-seo-premium-wordpress\/ -->\n<title>Dans l\u2019indiff\u00e9rence la France retire ses militaires du Mali mais reste au Tchad, en C\u00f4te-d\u2019Ivoire, au Niger\u2026 - tchad<\/title>\n<meta name=\"description\" content=\"Agence Ecofin) \u2013 Apr\u00e8s son retrait d\u00e9finitif du Mali, Paris divise par deux sa pr\u00e9sence au Sahel, en maintenant 2500 mil ...\" \/>\n<meta name=\"robots\" content=\"index, follow, max-snippet:-1, max-image-preview:large, max-video-preview:-1\" \/>\n<link rel=\"canonical\" href=\"https:\/\/www.africa-press.net\/tchad\/politique\/dans-lindifference-la-france-retire-ses-militaires-du-mali-mais-reste-au-tchad-en-cote-divoire-au-niger\" \/>\n<meta property=\"og:locale\" content=\"fr_FR\" \/>\n<meta property=\"og:type\" content=\"article\" \/>\n<meta property=\"og:title\" content=\"Dans l\u2019indiff\u00e9rence la France retire ses militaires du Mali mais reste au Tchad, en C\u00f4te-d\u2019Ivoire, au Niger\u2026\" \/>\n<meta property=\"og:description\" content=\"Agence Ecofin) \u2013 Apr\u00e8s son retrait d\u00e9finitif du Mali, Paris divise par deux sa pr\u00e9sence au Sahel, en maintenant 2500 mil ...\" \/>\n<meta property=\"og:url\" content=\"https:\/\/www.africa-press.net\/tchad\/politique\/dans-lindifference-la-france-retire-ses-militaires-du-mali-mais-reste-au-tchad-en-cote-divoire-au-niger\" \/>\n<meta property=\"og:site_name\" content=\"tchad\" \/>\n<meta property=\"article:published_time\" content=\"2022-08-17T16:44:38+00:00\" \/>\n<meta property=\"article:modified_time\" content=\"2022-08-17T17:24:36+00:00\" \/>\n<meta property=\"og:image\" content=\"https:\/\/static.africa-press.net\/tchad\/sites\/41\/2022\/08\/postQueueImg_12-62fd243908e6e.jpg\" \/>\n\t<meta property=\"og:image:width\" content=\"1280\" \/>\n\t<meta property=\"og:image:height\" content=\"720\" \/>\n\t<meta property=\"og:image:type\" content=\"image\/jpeg\" \/>\n<meta name=\"author\" content=\"cfeditorfr\" \/>\n<meta name=\"twitter:card\" content=\"summary_large_image\" \/>\n<meta name=\"twitter:label1\" content=\"\u00c9crit par\" \/>\n\t<meta name=\"twitter:data1\" content=\"cfeditorfr\" \/>\n\t<meta name=\"twitter:label2\" content=\"Dur\u00e9e de lecture estim\u00e9e\" \/>\n\t<meta name=\"twitter:data2\" content=\"3 minutes\" \/>\n<script type=\"application\/ld+json\" class=\"yoast-schema-graph\">{\"@context\":\"https:\/\/schema.org\",\"@graph\":[{\"@type\":\"Article\",\"@id\":\"https:\/\/www.africa-press.net\/tchad\/politique\/dans-lindifference-la-france-retire-ses-militaires-du-mali-mais-reste-au-tchad-en-cote-divoire-au-niger#article\",\"isPartOf\":{\"@id\":\"https:\/\/www.africa-press.net\/tchad\/politique\/dans-lindifference-la-france-retire-ses-militaires-du-mali-mais-reste-au-tchad-en-cote-divoire-au-niger\"},\"author\":{\"name\":\"cfeditorfr\",\"@id\":\"https:\/\/www.africa-press.net\/tchad\/#\/schema\/person\/2b1cf3cd81a31e3cd26889ca66d677f1\"},\"headline\":\"Dans l\u2019indiff\u00e9rence la France retire ses militaires du Mali mais reste au Tchad, en C\u00f4te-d\u2019Ivoire, au Niger\u2026\",\"datePublished\":\"2022-08-17T16:44:38+00:00\",\"dateModified\":\"2022-08-17T17:24:36+00:00\",\"mainEntityOfPage\":{\"@id\":\"https:\/\/www.africa-press.net\/tchad\/politique\/dans-lindifference-la-france-retire-ses-militaires-du-mali-mais-reste-au-tchad-en-cote-divoire-au-niger\"},\"wordCount\":531,\"commentCount\":0,\"image\":{\"@id\":\"https:\/\/www.africa-press.net\/tchad\/politique\/dans-lindifference-la-france-retire-ses-militaires-du-mali-mais-reste-au-tchad-en-cote-divoire-au-niger#primaryimage\"},\"thumbnailUrl\":\"https:\/\/static.africa-press.net\/tchad\/sites\/41\/2022\/08\/postQueueImg_12-62fd243908e6e.jpg\",\"keywords\":[\"Africa Press\",\"Africa Press-Tchad\",\"Tchad\"],\"articleSection\":[\"homepage-french\",\"Politique\",\"Toutes les actualit\u00e9s\"],\"inLanguage\":\"fr-FR\",\"potentialAction\":[{\"@type\":\"CommentAction\",\"name\":\"Comment\",\"target\":[\"https:\/\/www.africa-press.net\/tchad\/politique\/dans-lindifference-la-france-retire-ses-militaires-du-mali-mais-reste-au-tchad-en-cote-divoire-au-niger#respond\"]}]},{\"@type\":\"WebPage\",\"@id\":\"https:\/\/www.africa-press.net\/tchad\/politique\/dans-lindifference-la-france-retire-ses-militaires-du-mali-mais-reste-au-tchad-en-cote-divoire-au-niger\",\"url\":\"https:\/\/www.africa-press.net\/tchad\/politique\/dans-lindifference-la-france-retire-ses-militaires-du-mali-mais-reste-au-tchad-en-cote-divoire-au-niger\",\"name\":\"Dans l\u2019indiff\u00e9rence la France retire ses militaires du Mali mais reste au Tchad, en C\u00f4te-d\u2019Ivoire, au Niger\u2026 - tchad\",\"isPartOf\":{\"@id\":\"https:\/\/www.africa-press.net\/tchad\/#website\"},\"primaryImageOfPage\":{\"@id\":\"https:\/\/www.africa-press.net\/tchad\/politique\/dans-lindifference-la-france-retire-ses-militaires-du-mali-mais-reste-au-tchad-en-cote-divoire-au-niger#primaryimage\"},\"image\":{\"@id\":\"https:\/\/www.africa-press.net\/tchad\/politique\/dans-lindifference-la-france-retire-ses-militaires-du-mali-mais-reste-au-tchad-en-cote-divoire-au-niger#primaryimage\"},\"thumbnailUrl\":\"https:\/\/static.africa-press.net\/tchad\/sites\/41\/2022\/08\/postQueueImg_12-62fd243908e6e.jpg\",\"datePublished\":\"2022-08-17T16:44:38+00:00\",\"dateModified\":\"2022-08-17T17:24:36+00:00\",\"author\":{\"@id\":\"https:\/\/www.africa-press.net\/tchad\/#\/schema\/person\/2b1cf3cd81a31e3cd26889ca66d677f1\"},\"description\":\"Agence Ecofin) \u2013 Apr\u00e8s son retrait d\u00e9finitif du Mali, Paris divise par deux sa pr\u00e9sence au Sahel, en maintenant 2500 mil ...\",\"breadcrumb\":{\"@id\":\"https:\/\/www.africa-press.net\/tchad\/politique\/dans-lindifference-la-france-retire-ses-militaires-du-mali-mais-reste-au-tchad-en-cote-divoire-au-niger#breadcrumb\"},\"inLanguage\":\"fr-FR\",\"potentialAction\":[{\"@type\":\"ReadAction\",\"target\":[\"https:\/\/www.africa-press.net\/tchad\/politique\/dans-lindifference-la-france-retire-ses-militaires-du-mali-mais-reste-au-tchad-en-cote-divoire-au-niger\"]}]},{\"@type\":\"ImageObject\",\"inLanguage\":\"fr-FR\",\"@id\":\"https:\/\/www.africa-press.net\/tchad\/politique\/dans-lindifference-la-france-retire-ses-militaires-du-mali-mais-reste-au-tchad-en-cote-divoire-au-niger#primaryimage\",\"url\":\"https:\/\/static.africa-press.net\/tchad\/sites\/41\/2022\/08\/postQueueImg_12-62fd243908e6e.jpg\",\"contentUrl\":\"https:\/\/static.africa-press.net\/tchad\/sites\/41\/2022\/08\/postQueueImg_12-62fd243908e6e.jpg\",\"width\":1280,\"height\":720,\"caption\":\"Dans l\u2019indiff\u00e9rence la France retire ses militaires du Mali mais reste au Tchad, en C\u00f4te-d\u2019Ivoire, au Niger\u2026\"},{\"@type\":\"BreadcrumbList\",\"@id\":\"https:\/\/www.africa-press.net\/tchad\/politique\/dans-lindifference-la-france-retire-ses-militaires-du-mali-mais-reste-au-tchad-en-cote-divoire-au-niger#breadcrumb\",\"itemListElement\":[{\"@type\":\"ListItem\",\"position\":1,\"name\":\"Accueil\",\"item\":\"https:\/\/www.africa-press.net\/tchad\/\"},{\"@type\":\"ListItem\",\"position\":2,\"name\":\"Dans l\u2019indiff\u00e9rence la France retire ses militaires du Mali mais reste au Tchad, en C\u00f4te-d\u2019Ivoire, au Niger\u2026\"}]},{\"@type\":\"WebSite\",\"@id\":\"https:\/\/www.africa-press.net\/tchad\/#website\",\"url\":\"https:\/\/www.africa-press.net\/tchad\/\",\"name\":\"tchad\",\"description\":\"Just another Africa News Agency Sites site\",\"potentialAction\":[{\"@type\":\"SearchAction\",\"target\":{\"@type\":\"EntryPoint\",\"urlTemplate\":\"https:\/\/www.africa-press.net\/tchad\/?s={search_term_string}\"},\"query-input\":{\"@type\":\"PropertyValueSpecification\",\"valueRequired\":true,\"valueName\":\"search_term_string\"}}],\"inLanguage\":\"fr-FR\"},{\"@type\":\"Person\",\"@id\":\"https:\/\/www.africa-press.net\/tchad\/#\/schema\/person\/2b1cf3cd81a31e3cd26889ca66d677f1\",\"name\":\"cfeditorfr\"}]}<\/script>\n<!-- \/ Yoast SEO Premium plugin. -->","yoast_head_json":{"title":"Dans l\u2019indiff\u00e9rence la France retire ses militaires du Mali mais reste au Tchad, en C\u00f4te-d\u2019Ivoire, au Niger\u2026 - tchad","description":"Agence Ecofin) \u2013 Apr\u00e8s son retrait d\u00e9finitif du Mali, Paris divise par deux sa pr\u00e9sence au Sahel, en maintenant 2500 mil ...","robots":{"index":"index","follow":"follow","max-snippet":"max-snippet:-1","max-image-preview":"max-image-preview:large","max-video-preview":"max-video-preview:-1"},"canonical":"https:\/\/www.africa-press.net\/tchad\/politique\/dans-lindifference-la-france-retire-ses-militaires-du-mali-mais-reste-au-tchad-en-cote-divoire-au-niger","og_locale":"fr_FR","og_type":"article","og_title":"Dans l\u2019indiff\u00e9rence la France retire ses militaires du Mali mais reste au Tchad, en C\u00f4te-d\u2019Ivoire, au Niger\u2026","og_description":"Agence Ecofin) \u2013 Apr\u00e8s son retrait d\u00e9finitif du Mali, Paris divise par deux sa pr\u00e9sence au Sahel, en maintenant 2500 mil ...","og_url":"https:\/\/www.africa-press.net\/tchad\/politique\/dans-lindifference-la-france-retire-ses-militaires-du-mali-mais-reste-au-tchad-en-cote-divoire-au-niger","og_site_name":"tchad","article_published_time":"2022-08-17T16:44:38+00:00","article_modified_time":"2022-08-17T17:24:36+00:00","og_image":[{"width":1280,"height":720,"url":"https:\/\/static.africa-press.net\/tchad\/sites\/41\/2022\/08\/postQueueImg_12-62fd243908e6e.jpg","type":"image\/jpeg"}],"author":"cfeditorfr","twitter_card":"summary_large_image","twitter_misc":{"\u00c9crit par":"cfeditorfr","Dur\u00e9e de lecture estim\u00e9e":"3 minutes"},"schema":{"@context":"https:\/\/schema.org","@graph":[{"@type":"Article","@id":"https:\/\/www.africa-press.net\/tchad\/politique\/dans-lindifference-la-france-retire-ses-militaires-du-mali-mais-reste-au-tchad-en-cote-divoire-au-niger#article","isPartOf":{"@id":"https:\/\/www.africa-press.net\/tchad\/politique\/dans-lindifference-la-france-retire-ses-militaires-du-mali-mais-reste-au-tchad-en-cote-divoire-au-niger"},"author":{"name":"cfeditorfr","@id":"https:\/\/www.africa-press.net\/tchad\/#\/schema\/person\/2b1cf3cd81a31e3cd26889ca66d677f1"},"headline":"Dans l\u2019indiff\u00e9rence la France retire ses militaires du Mali mais reste au Tchad, en C\u00f4te-d\u2019Ivoire, au Niger\u2026","datePublished":"2022-08-17T16:44:38+00:00","dateModified":"2022-08-17T17:24:36+00:00","mainEntityOfPage":{"@id":"https:\/\/www.africa-press.net\/tchad\/politique\/dans-lindifference-la-france-retire-ses-militaires-du-mali-mais-reste-au-tchad-en-cote-divoire-au-niger"},"wordCount":531,"commentCount":0,"image":{"@id":"https:\/\/www.africa-press.net\/tchad\/politique\/dans-lindifference-la-france-retire-ses-militaires-du-mali-mais-reste-au-tchad-en-cote-divoire-au-niger#primaryimage"},"thumbnailUrl":"https:\/\/static.africa-press.net\/tchad\/sites\/41\/2022\/08\/postQueueImg_12-62fd243908e6e.jpg","keywords":["Africa Press","Africa Press-Tchad","Tchad"],"articleSection":["homepage-french","Politique","Toutes les actualit\u00e9s"],"inLanguage":"fr-FR","potentialAction":[{"@type":"CommentAction","name":"Comment","target":["https:\/\/www.africa-press.net\/tchad\/politique\/dans-lindifference-la-france-retire-ses-militaires-du-mali-mais-reste-au-tchad-en-cote-divoire-au-niger#respond"]}]},{"@type":"WebPage","@id":"https:\/\/www.africa-press.net\/tchad\/politique\/dans-lindifference-la-france-retire-ses-militaires-du-mali-mais-reste-au-tchad-en-cote-divoire-au-niger","url":"https:\/\/www.africa-press.net\/tchad\/politique\/dans-lindifference-la-france-retire-ses-militaires-du-mali-mais-reste-au-tchad-en-cote-divoire-au-niger","name":"Dans l\u2019indiff\u00e9rence la France retire ses militaires du Mali mais reste au Tchad, en C\u00f4te-d\u2019Ivoire, au Niger\u2026 - tchad","isPartOf":{"@id":"https:\/\/www.africa-press.net\/tchad\/#website"},"primaryImageOfPage":{"@id":"https:\/\/www.africa-press.net\/tchad\/politique\/dans-lindifference-la-france-retire-ses-militaires-du-mali-mais-reste-au-tchad-en-cote-divoire-au-niger#primaryimage"},"image":{"@id":"https:\/\/www.africa-press.net\/tchad\/politique\/dans-lindifference-la-france-retire-ses-militaires-du-mali-mais-reste-au-tchad-en-cote-divoire-au-niger#primaryimage"},"thumbnailUrl":"https:\/\/static.africa-press.net\/tchad\/sites\/41\/2022\/08\/postQueueImg_12-62fd243908e6e.jpg","datePublished":"2022-08-17T16:44:38+00:00","dateModified":"2022-08-17T17:24:36+00:00","author":{"@id":"https:\/\/www.africa-press.net\/tchad\/#\/schema\/person\/2b1cf3cd81a31e3cd26889ca66d677f1"},"description":"Agence Ecofin) \u2013 Apr\u00e8s son retrait d\u00e9finitif du Mali, Paris divise par deux sa pr\u00e9sence au Sahel, en maintenant 2500 mil ...","breadcrumb":{"@id":"https:\/\/www.africa-press.net\/tchad\/politique\/dans-lindifference-la-france-retire-ses-militaires-du-mali-mais-reste-au-tchad-en-cote-divoire-au-niger#breadcrumb"},"inLanguage":"fr-FR","potentialAction":[{"@type":"ReadAction","target":["https:\/\/www.africa-press.net\/tchad\/politique\/dans-lindifference-la-france-retire-ses-militaires-du-mali-mais-reste-au-tchad-en-cote-divoire-au-niger"]}]},{"@type":"ImageObject","inLanguage":"fr-FR","@id":"https:\/\/www.africa-press.net\/tchad\/politique\/dans-lindifference-la-france-retire-ses-militaires-du-mali-mais-reste-au-tchad-en-cote-divoire-au-niger#primaryimage","url":"https:\/\/static.africa-press.net\/tchad\/sites\/41\/2022\/08\/postQueueImg_12-62fd243908e6e.jpg","contentUrl":"https:\/\/static.africa-press.net\/tchad\/sites\/41\/2022\/08\/postQueueImg_12-62fd243908e6e.jpg","width":1280,"height":720,"caption":"Dans l\u2019indiff\u00e9rence la France retire ses militaires du Mali mais reste au Tchad, en C\u00f4te-d\u2019Ivoire, au Niger\u2026"},{"@type":"BreadcrumbList","@id":"https:\/\/www.africa-press.net\/tchad\/politique\/dans-lindifference-la-france-retire-ses-militaires-du-mali-mais-reste-au-tchad-en-cote-divoire-au-niger#breadcrumb","itemListElement":[{"@type":"ListItem","position":1,"name":"Accueil","item":"https:\/\/www.africa-press.net\/tchad\/"},{"@type":"ListItem","position":2,"name":"Dans l\u2019indiff\u00e9rence la France retire ses militaires du Mali mais reste au Tchad, en C\u00f4te-d\u2019Ivoire, au Niger\u2026"}]},{"@type":"WebSite","@id":"https:\/\/www.africa-press.net\/tchad\/#website","url":"https:\/\/www.africa-press.net\/tchad\/","name":"tchad","description":"Just another Africa News Agency Sites site","potentialAction":[{"@type":"SearchAction","target":{"@type":"EntryPoint","urlTemplate":"https:\/\/www.africa-press.net\/tchad\/?s={search_term_string}"},"query-input":{"@type":"PropertyValueSpecification","valueRequired":true,"valueName":"search_term_string"}}],"inLanguage":"fr-FR"},{"@type":"Person","@id":"https:\/\/www.africa-press.net\/tchad\/#\/schema\/person\/2b1cf3cd81a31e3cd26889ca66d677f1","name":"cfeditorfr"}]}},"_links":{"self":[{"href":"https:\/\/www.africa-press.net\/tchad\/wp-json\/wp\/v2\/posts\/30711","targetHints":{"allow":["GET"]}}],"collection":[{"href":"https:\/\/www.africa-press.net\/tchad\/wp-json\/wp\/v2\/posts"}],"about":[{"href":"https:\/\/www.africa-press.net\/tchad\/wp-json\/wp\/v2\/types\/post"}],"author":[{"embeddable":true,"href":"https:\/\/www.africa-press.net\/tchad\/wp-json\/wp\/v2\/users\/82"}],"replies":[{"embeddable":true,"href":"https:\/\/www.africa-press.net\/tchad\/wp-json\/wp\/v2\/comments?post=30711"}],"version-history":[{"count":0,"href":"https:\/\/www.africa-press.net\/tchad\/wp-json\/wp\/v2\/posts\/30711\/revisions"}],"wp:featuredmedia":[{"embeddable":true,"href":"https:\/\/www.africa-press.net\/tchad\/wp-json\/wp\/v2\/media\/30710"}],"wp:attachment":[{"href":"https:\/\/www.africa-press.net\/tchad\/wp-json\/wp\/v2\/media?parent=30711"}],"wp:term":[{"taxonomy":"category","embeddable":true,"href":"https:\/\/www.africa-press.net\/tchad\/wp-json\/wp\/v2\/categories?post=30711"},{"taxonomy":"post_tag","embeddable":true,"href":"https:\/\/www.africa-press.net\/tchad\/wp-json\/wp\/v2\/tags?post=30711"}],"curies":[{"name":"wp","href":"https:\/\/api.w.org\/{rel}","templated":true}]}}