{"id":30723,"date":"2022-08-17T17:10:39","date_gmt":"2022-08-17T17:10:39","guid":{"rendered":"https:\/\/www.africa-press.net\/tchad\/politique\/les-chroniques-politiques-de-mahamat-hissein-presentees-par-sa-famille"},"modified":"2022-08-17T17:45:37","modified_gmt":"2022-08-17T17:45:37","slug":"les-chroniques-politiques-de-mahamat-hissein-presentees-par-sa-famille","status":"publish","type":"post","link":"https:\/\/www.africa-press.net\/tchad\/politique\/les-chroniques-politiques-de-mahamat-hissein-presentees-par-sa-famille","title":{"rendered":"les chroniques politiques de Mahamat Hissein pr\u00e9sent\u00e9es par sa famille"},"content":{"rendered":"<p><span style=\"color: #ff6600\"><strong>Africa-Press &#8211; Tchad. <\/strong><\/span>Historiquement, l&rsquo;ex-ministre de Communication et secr\u00e9taire g\u00e9n\u00e9ral du MPS est un homme de talent et grand journaliste de formation. Il a men\u00e9 ses \u00e9tudes \u00e0 l&rsquo;\u00c9cole sup\u00e9rieure internationale de journalisme de Yaound\u00e9 (ESIJY) \u00e0 partir 1964. D\u00e8s son retour au pays en 1974, il a occup\u00e9 plusieurs postes de responsabilit\u00e9 notamment directeur d&rsquo;agence de presse, de la Radio Tchad, de la T\u00e9l\u00e9 Tchad et de la presse pr\u00e9sidentielle. Il est le fondateur du premier hebdomadaire (Sabaa Yom) de 1979-1980, puis il a cr\u00e9\u00e9 le 31 ao\u00fbt le journal \u00ab\u00a0Le progr\u00e8s\u00a0\u00bb, un hebdomadaire qui devient quotidien en 1996.<\/p>\n<p>\u00ab\u00a0Les chroniques politiques\u00a0\u00bb est un recueil de 660 pages \u00e9crit par Mahamat Hissein, rassembl\u00e9 et pr\u00e9sent\u00e9 par Halim\u00e9 Mahamat Hissein, l&rsquo;une de ses enfants. Ce recueil traite de divers sujets notamment la marche de la transition, les premi\u00e8res \u00e9lections, la guerre au Tibesti ou les r\u00e9bellion au Sud du pays, le r\u00f4le des syndicats et leur irruption sur la sc\u00e8ne politique, la fameuse g\u00e9opolitique, les conflits agriculteurs-\u00e9leveurs, le r\u00f4le des chefferies traditionnelles, la justice, les prestations des autorit\u00e9s territoriales et le bilinguisme.<\/p>\n<p>Lors de la pr\u00e9sentation du livre, plusieurs compagnons ont t\u00e9moign\u00e9 de ses actions, particuli\u00e8rement Khayar Oumar Defallah, Mahamat Z\u00e8ne Bada Moussa Kadam, \u00c9lise Loum ou encore Fatim\u00e9 Tchombi.<\/p>\n<p>Khayar Oumar Defallah r\u00e9v\u00e8le que le d\u00e9funt, en son temps, a rejet\u00e9 plusieurs offres venant de l&rsquo;ext\u00e9rieur (BBC, presse allemande), en r\u00e9pliquant qu&rsquo;il ne veut pas \u00eatre la voix des autres pays mais celle du Tchad.<\/p>\n<p><strong>Pour plus d&rsquo;informations et d&rsquo;analyses sur la <a href=\"https:\/\/www.africa-press.net\/tchad\">Tchad<\/a>, suivez <a href=\"https:\/\/www.africa-press.net\/\">Africa-Press<\/a><\/strong><\/p>\n","protected":false},"excerpt":{"rendered":"<p>Africa-Press &#8211; Tchad. Historiquement, l&rsquo;ex-ministre de Communication et secr\u00e9taire g\u00e9n\u00e9ral du MPS est un homme de talent et grand journaliste de formation. Il a men\u00e9 ses \u00e9tudes \u00e0 l&rsquo;\u00c9cole sup\u00e9rieure internationale de journalisme de Yaound\u00e9 (ESIJY) \u00e0 partir 1964. D\u00e8s son retour au pays en 1974, il a occup\u00e9 plusieurs postes de responsabilit\u00e9 notamment directeur [&hellip;]<\/p>\n","protected":false},"author":82,"featured_media":30722,"comment_status":"open","ping_status":"closed","sticky":false,"template":"","format":"standard","meta":{"footnotes":""},"categories":[11,2,20,10],"tags":[37,292,29],"class_list":["post-30723","post","type-post","status-publish","format-standard","has-post-thumbnail","hentry","category-homepage-french","category-politique","category-top-nouvelles","category-toutes-les-actualites","tag-africa-press","tag-africa-press-tchad","tag-tchad"],"yoast_head":"<!-- This site is optimized with the Yoast SEO Premium plugin v26.1 (Yoast SEO v27.0) - https:\/\/yoast.com\/product\/yoast-seo-premium-wordpress\/ -->\n<title>les chroniques politiques de Mahamat Hissein pr\u00e9sent\u00e9es par sa famille - tchad<\/title>\n<meta name=\"description\" content=\"Historiquement, l&#039;ex-ministre de Communication et secr\u00e9taire g\u00e9n\u00e9ral du MPS est un homme de talent et grand journaliste ...\" \/>\n<meta name=\"robots\" content=\"index, follow, max-snippet:-1, max-image-preview:large, max-video-preview:-1\" \/>\n<link rel=\"canonical\" href=\"https:\/\/www.africa-press.net\/tchad\/politique\/les-chroniques-politiques-de-mahamat-hissein-presentees-par-sa-famille\" \/>\n<meta property=\"og:locale\" content=\"fr_FR\" \/>\n<meta property=\"og:type\" content=\"article\" \/>\n<meta property=\"og:title\" content=\"les chroniques politiques de Mahamat Hissein pr\u00e9sent\u00e9es par sa famille\" \/>\n<meta property=\"og:description\" content=\"Historiquement, l&#039;ex-ministre de Communication et secr\u00e9taire g\u00e9n\u00e9ral du MPS est un homme de talent et grand journaliste ...\" \/>\n<meta property=\"og:url\" content=\"https:\/\/www.africa-press.net\/tchad\/politique\/les-chroniques-politiques-de-mahamat-hissein-presentees-par-sa-famille\" \/>\n<meta property=\"og:site_name\" content=\"tchad\" \/>\n<meta property=\"article:published_time\" content=\"2022-08-17T17:10:39+00:00\" \/>\n<meta property=\"article:modified_time\" content=\"2022-08-17T17:45:37+00:00\" \/>\n<meta property=\"og:image\" content=\"https:\/\/static.africa-press.net\/tchad\/sites\/41\/2022\/08\/postQueueImg_48.jpg\" \/>\n\t<meta property=\"og:image:width\" content=\"821\" \/>\n\t<meta property=\"og:image:height\" content=\"502\" \/>\n\t<meta property=\"og:image:type\" content=\"image\/jpeg\" \/>\n<meta name=\"author\" content=\"cfeditorfr\" \/>\n<meta name=\"twitter:card\" content=\"summary_large_image\" \/>\n<meta name=\"twitter:label1\" content=\"\u00c9crit par\" \/>\n\t<meta name=\"twitter:data1\" content=\"cfeditorfr\" \/>\n\t<meta name=\"twitter:label2\" content=\"Dur\u00e9e de lecture estim\u00e9e\" \/>\n\t<meta name=\"twitter:data2\" content=\"2 minutes\" \/>\n<script type=\"application\/ld+json\" class=\"yoast-schema-graph\">{\"@context\":\"https:\/\/schema.org\",\"@graph\":[{\"@type\":\"Article\",\"@id\":\"https:\/\/www.africa-press.net\/tchad\/politique\/les-chroniques-politiques-de-mahamat-hissein-presentees-par-sa-famille#article\",\"isPartOf\":{\"@id\":\"https:\/\/www.africa-press.net\/tchad\/politique\/les-chroniques-politiques-de-mahamat-hissein-presentees-par-sa-famille\"},\"author\":{\"name\":\"cfeditorfr\",\"@id\":\"https:\/\/www.africa-press.net\/tchad\/#\/schema\/person\/2b1cf3cd81a31e3cd26889ca66d677f1\"},\"headline\":\"les chroniques politiques de Mahamat Hissein pr\u00e9sent\u00e9es par sa famille\",\"datePublished\":\"2022-08-17T17:10:39+00:00\",\"dateModified\":\"2022-08-17T17:45:37+00:00\",\"mainEntityOfPage\":{\"@id\":\"https:\/\/www.africa-press.net\/tchad\/politique\/les-chroniques-politiques-de-mahamat-hissein-presentees-par-sa-famille\"},\"wordCount\":296,\"commentCount\":0,\"image\":{\"@id\":\"https:\/\/www.africa-press.net\/tchad\/politique\/les-chroniques-politiques-de-mahamat-hissein-presentees-par-sa-famille#primaryimage\"},\"thumbnailUrl\":\"https:\/\/static.africa-press.net\/tchad\/sites\/41\/2022\/08\/postQueueImg_48.jpg\",\"keywords\":[\"Africa Press\",\"Africa Press-Tchad\",\"Tchad\"],\"articleSection\":[\"homepage-french\",\"Politique\",\"Top Nouvelles\",\"Toutes les actualit\u00e9s\"],\"inLanguage\":\"fr-FR\",\"potentialAction\":[{\"@type\":\"CommentAction\",\"name\":\"Comment\",\"target\":[\"https:\/\/www.africa-press.net\/tchad\/politique\/les-chroniques-politiques-de-mahamat-hissein-presentees-par-sa-famille#respond\"]}]},{\"@type\":\"WebPage\",\"@id\":\"https:\/\/www.africa-press.net\/tchad\/politique\/les-chroniques-politiques-de-mahamat-hissein-presentees-par-sa-famille\",\"url\":\"https:\/\/www.africa-press.net\/tchad\/politique\/les-chroniques-politiques-de-mahamat-hissein-presentees-par-sa-famille\",\"name\":\"les chroniques politiques de Mahamat Hissein pr\u00e9sent\u00e9es par sa famille - tchad\",\"isPartOf\":{\"@id\":\"https:\/\/www.africa-press.net\/tchad\/#website\"},\"primaryImageOfPage\":{\"@id\":\"https:\/\/www.africa-press.net\/tchad\/politique\/les-chroniques-politiques-de-mahamat-hissein-presentees-par-sa-famille#primaryimage\"},\"image\":{\"@id\":\"https:\/\/www.africa-press.net\/tchad\/politique\/les-chroniques-politiques-de-mahamat-hissein-presentees-par-sa-famille#primaryimage\"},\"thumbnailUrl\":\"https:\/\/static.africa-press.net\/tchad\/sites\/41\/2022\/08\/postQueueImg_48.jpg\",\"datePublished\":\"2022-08-17T17:10:39+00:00\",\"dateModified\":\"2022-08-17T17:45:37+00:00\",\"author\":{\"@id\":\"https:\/\/www.africa-press.net\/tchad\/#\/schema\/person\/2b1cf3cd81a31e3cd26889ca66d677f1\"},\"description\":\"Historiquement, l'ex-ministre de Communication et secr\u00e9taire g\u00e9n\u00e9ral du MPS est un homme de talent et grand journaliste ...\",\"breadcrumb\":{\"@id\":\"https:\/\/www.africa-press.net\/tchad\/politique\/les-chroniques-politiques-de-mahamat-hissein-presentees-par-sa-famille#breadcrumb\"},\"inLanguage\":\"fr-FR\",\"potentialAction\":[{\"@type\":\"ReadAction\",\"target\":[\"https:\/\/www.africa-press.net\/tchad\/politique\/les-chroniques-politiques-de-mahamat-hissein-presentees-par-sa-famille\"]}]},{\"@type\":\"ImageObject\",\"inLanguage\":\"fr-FR\",\"@id\":\"https:\/\/www.africa-press.net\/tchad\/politique\/les-chroniques-politiques-de-mahamat-hissein-presentees-par-sa-famille#primaryimage\",\"url\":\"https:\/\/static.africa-press.net\/tchad\/sites\/41\/2022\/08\/postQueueImg_48.jpg\",\"contentUrl\":\"https:\/\/static.africa-press.net\/tchad\/sites\/41\/2022\/08\/postQueueImg_48.jpg\",\"width\":821,\"height\":502,\"caption\":\"les chroniques politiques de Mahamat Hissein pr\u00e9sent\u00e9es par sa famille\"},{\"@type\":\"BreadcrumbList\",\"@id\":\"https:\/\/www.africa-press.net\/tchad\/politique\/les-chroniques-politiques-de-mahamat-hissein-presentees-par-sa-famille#breadcrumb\",\"itemListElement\":[{\"@type\":\"ListItem\",\"position\":1,\"name\":\"Accueil\",\"item\":\"https:\/\/www.africa-press.net\/tchad\/\"},{\"@type\":\"ListItem\",\"position\":2,\"name\":\"les chroniques politiques de Mahamat Hissein pr\u00e9sent\u00e9es par sa famille\"}]},{\"@type\":\"WebSite\",\"@id\":\"https:\/\/www.africa-press.net\/tchad\/#website\",\"url\":\"https:\/\/www.africa-press.net\/tchad\/\",\"name\":\"tchad\",\"description\":\"Just another Africa News Agency Sites site\",\"potentialAction\":[{\"@type\":\"SearchAction\",\"target\":{\"@type\":\"EntryPoint\",\"urlTemplate\":\"https:\/\/www.africa-press.net\/tchad\/?s={search_term_string}\"},\"query-input\":{\"@type\":\"PropertyValueSpecification\",\"valueRequired\":true,\"valueName\":\"search_term_string\"}}],\"inLanguage\":\"fr-FR\"},{\"@type\":\"Person\",\"@id\":\"https:\/\/www.africa-press.net\/tchad\/#\/schema\/person\/2b1cf3cd81a31e3cd26889ca66d677f1\",\"name\":\"cfeditorfr\"}]}<\/script>\n<!-- \/ Yoast SEO Premium plugin. -->","yoast_head_json":{"title":"les chroniques politiques de Mahamat Hissein pr\u00e9sent\u00e9es par sa famille - tchad","description":"Historiquement, l'ex-ministre de Communication et secr\u00e9taire g\u00e9n\u00e9ral du MPS est un homme de talent et grand journaliste ...","robots":{"index":"index","follow":"follow","max-snippet":"max-snippet:-1","max-image-preview":"max-image-preview:large","max-video-preview":"max-video-preview:-1"},"canonical":"https:\/\/www.africa-press.net\/tchad\/politique\/les-chroniques-politiques-de-mahamat-hissein-presentees-par-sa-famille","og_locale":"fr_FR","og_type":"article","og_title":"les chroniques politiques de Mahamat Hissein pr\u00e9sent\u00e9es par sa famille","og_description":"Historiquement, l'ex-ministre de Communication et secr\u00e9taire g\u00e9n\u00e9ral du MPS est un homme de talent et grand journaliste ...","og_url":"https:\/\/www.africa-press.net\/tchad\/politique\/les-chroniques-politiques-de-mahamat-hissein-presentees-par-sa-famille","og_site_name":"tchad","article_published_time":"2022-08-17T17:10:39+00:00","article_modified_time":"2022-08-17T17:45:37+00:00","og_image":[{"width":821,"height":502,"url":"https:\/\/static.africa-press.net\/tchad\/sites\/41\/2022\/08\/postQueueImg_48.jpg","type":"image\/jpeg"}],"author":"cfeditorfr","twitter_card":"summary_large_image","twitter_misc":{"\u00c9crit par":"cfeditorfr","Dur\u00e9e de lecture estim\u00e9e":"2 minutes"},"schema":{"@context":"https:\/\/schema.org","@graph":[{"@type":"Article","@id":"https:\/\/www.africa-press.net\/tchad\/politique\/les-chroniques-politiques-de-mahamat-hissein-presentees-par-sa-famille#article","isPartOf":{"@id":"https:\/\/www.africa-press.net\/tchad\/politique\/les-chroniques-politiques-de-mahamat-hissein-presentees-par-sa-famille"},"author":{"name":"cfeditorfr","@id":"https:\/\/www.africa-press.net\/tchad\/#\/schema\/person\/2b1cf3cd81a31e3cd26889ca66d677f1"},"headline":"les chroniques politiques de Mahamat Hissein pr\u00e9sent\u00e9es par sa famille","datePublished":"2022-08-17T17:10:39+00:00","dateModified":"2022-08-17T17:45:37+00:00","mainEntityOfPage":{"@id":"https:\/\/www.africa-press.net\/tchad\/politique\/les-chroniques-politiques-de-mahamat-hissein-presentees-par-sa-famille"},"wordCount":296,"commentCount":0,"image":{"@id":"https:\/\/www.africa-press.net\/tchad\/politique\/les-chroniques-politiques-de-mahamat-hissein-presentees-par-sa-famille#primaryimage"},"thumbnailUrl":"https:\/\/static.africa-press.net\/tchad\/sites\/41\/2022\/08\/postQueueImg_48.jpg","keywords":["Africa Press","Africa Press-Tchad","Tchad"],"articleSection":["homepage-french","Politique","Top Nouvelles","Toutes les actualit\u00e9s"],"inLanguage":"fr-FR","potentialAction":[{"@type":"CommentAction","name":"Comment","target":["https:\/\/www.africa-press.net\/tchad\/politique\/les-chroniques-politiques-de-mahamat-hissein-presentees-par-sa-famille#respond"]}]},{"@type":"WebPage","@id":"https:\/\/www.africa-press.net\/tchad\/politique\/les-chroniques-politiques-de-mahamat-hissein-presentees-par-sa-famille","url":"https:\/\/www.africa-press.net\/tchad\/politique\/les-chroniques-politiques-de-mahamat-hissein-presentees-par-sa-famille","name":"les chroniques politiques de Mahamat Hissein pr\u00e9sent\u00e9es par sa famille - tchad","isPartOf":{"@id":"https:\/\/www.africa-press.net\/tchad\/#website"},"primaryImageOfPage":{"@id":"https:\/\/www.africa-press.net\/tchad\/politique\/les-chroniques-politiques-de-mahamat-hissein-presentees-par-sa-famille#primaryimage"},"image":{"@id":"https:\/\/www.africa-press.net\/tchad\/politique\/les-chroniques-politiques-de-mahamat-hissein-presentees-par-sa-famille#primaryimage"},"thumbnailUrl":"https:\/\/static.africa-press.net\/tchad\/sites\/41\/2022\/08\/postQueueImg_48.jpg","datePublished":"2022-08-17T17:10:39+00:00","dateModified":"2022-08-17T17:45:37+00:00","author":{"@id":"https:\/\/www.africa-press.net\/tchad\/#\/schema\/person\/2b1cf3cd81a31e3cd26889ca66d677f1"},"description":"Historiquement, l'ex-ministre de Communication et secr\u00e9taire g\u00e9n\u00e9ral du MPS est un homme de talent et grand journaliste ...","breadcrumb":{"@id":"https:\/\/www.africa-press.net\/tchad\/politique\/les-chroniques-politiques-de-mahamat-hissein-presentees-par-sa-famille#breadcrumb"},"inLanguage":"fr-FR","potentialAction":[{"@type":"ReadAction","target":["https:\/\/www.africa-press.net\/tchad\/politique\/les-chroniques-politiques-de-mahamat-hissein-presentees-par-sa-famille"]}]},{"@type":"ImageObject","inLanguage":"fr-FR","@id":"https:\/\/www.africa-press.net\/tchad\/politique\/les-chroniques-politiques-de-mahamat-hissein-presentees-par-sa-famille#primaryimage","url":"https:\/\/static.africa-press.net\/tchad\/sites\/41\/2022\/08\/postQueueImg_48.jpg","contentUrl":"https:\/\/static.africa-press.net\/tchad\/sites\/41\/2022\/08\/postQueueImg_48.jpg","width":821,"height":502,"caption":"les chroniques politiques de Mahamat Hissein pr\u00e9sent\u00e9es par sa famille"},{"@type":"BreadcrumbList","@id":"https:\/\/www.africa-press.net\/tchad\/politique\/les-chroniques-politiques-de-mahamat-hissein-presentees-par-sa-famille#breadcrumb","itemListElement":[{"@type":"ListItem","position":1,"name":"Accueil","item":"https:\/\/www.africa-press.net\/tchad\/"},{"@type":"ListItem","position":2,"name":"les chroniques politiques de Mahamat Hissein pr\u00e9sent\u00e9es par sa famille"}]},{"@type":"WebSite","@id":"https:\/\/www.africa-press.net\/tchad\/#website","url":"https:\/\/www.africa-press.net\/tchad\/","name":"tchad","description":"Just another Africa News Agency Sites site","potentialAction":[{"@type":"SearchAction","target":{"@type":"EntryPoint","urlTemplate":"https:\/\/www.africa-press.net\/tchad\/?s={search_term_string}"},"query-input":{"@type":"PropertyValueSpecification","valueRequired":true,"valueName":"search_term_string"}}],"inLanguage":"fr-FR"},{"@type":"Person","@id":"https:\/\/www.africa-press.net\/tchad\/#\/schema\/person\/2b1cf3cd81a31e3cd26889ca66d677f1","name":"cfeditorfr"}]}},"_links":{"self":[{"href":"https:\/\/www.africa-press.net\/tchad\/wp-json\/wp\/v2\/posts\/30723","targetHints":{"allow":["GET"]}}],"collection":[{"href":"https:\/\/www.africa-press.net\/tchad\/wp-json\/wp\/v2\/posts"}],"about":[{"href":"https:\/\/www.africa-press.net\/tchad\/wp-json\/wp\/v2\/types\/post"}],"author":[{"embeddable":true,"href":"https:\/\/www.africa-press.net\/tchad\/wp-json\/wp\/v2\/users\/82"}],"replies":[{"embeddable":true,"href":"https:\/\/www.africa-press.net\/tchad\/wp-json\/wp\/v2\/comments?post=30723"}],"version-history":[{"count":0,"href":"https:\/\/www.africa-press.net\/tchad\/wp-json\/wp\/v2\/posts\/30723\/revisions"}],"wp:featuredmedia":[{"embeddable":true,"href":"https:\/\/www.africa-press.net\/tchad\/wp-json\/wp\/v2\/media\/30722"}],"wp:attachment":[{"href":"https:\/\/www.africa-press.net\/tchad\/wp-json\/wp\/v2\/media?parent=30723"}],"wp:term":[{"taxonomy":"category","embeddable":true,"href":"https:\/\/www.africa-press.net\/tchad\/wp-json\/wp\/v2\/categories?post=30723"},{"taxonomy":"post_tag","embeddable":true,"href":"https:\/\/www.africa-press.net\/tchad\/wp-json\/wp\/v2\/tags?post=30723"}],"curies":[{"name":"wp","href":"https:\/\/api.w.org\/{rel}","templated":true}]}}