{"id":30726,"date":"2022-08-17T17:13:18","date_gmt":"2022-08-17T17:13:18","guid":{"rendered":"https:\/\/www.africa-press.net\/tchad\/politique\/les-personnels-de-ladministration-penitentiaire-reclament-leurs-droits"},"modified":"2022-08-17T17:46:01","modified_gmt":"2022-08-17T17:46:01","slug":"les-personnels-de-ladministration-penitentiaire-reclament-leurs-droits","status":"publish","type":"post","link":"https:\/\/www.africa-press.net\/tchad\/toutes-les-actualites\/les-personnels-de-ladministration-penitentiaire-reclament-leurs-droits","title":{"rendered":"les personnels de l\u2019administration p\u00e9nitentiaire r\u00e9clament leurs droits"},"content":{"rendered":"<p><span style=\"color: #ff6600\"><strong>Africa-Press &#8211; Tchad. <\/strong><\/span>Les deux syndicats des professionnels de l\u2019administration p\u00e9nitentiaires ont organis\u00e9 un point de presse le 16 ao\u00fbt 2022, pour r\u00e9clamer leurs droits.<\/p>\n<p>Six ans apr\u00e8s leur d\u00e9ploiement sur le terrain, la situation des personnels de l\u2019administration p\u00e9nitentiaire n\u2019est pas r\u00e9gularis\u00e9e. C\u2019est pourquoi les deux corporations de ces travailleurs \u00e0 fait une communication pour exprimer leur mal-\u00eatre. Il s\u2019agit du Syndicat des professionnels <b>de l\u2019Administration P\u00e9nitentiaire du Tchad (SYPAP-T) et du Syndicat National des Professionnels de l\u2019Administration P\u00e9nitentiaire (SYNAPAP). Les membres des deux syndicats ont \u00e9t\u00e9 recrut\u00e9s suite aux \u00e9tats <\/b>g\u00e9n\u00e9raux de la justice. C\u2019\u00e9tait par voie de concours.<\/p>\n<p>Sur le plan juridique, \u00ab <b>Il a fallu une longue lutte sans rel\u00e2che pour obtenir le cadre normatif par l\u2019adoption et la promulgation de la loi 036 et la loi 19 portant statut et r\u00e9gime p\u00e9nitentiaire ainsi que les d\u00e9crets y subs\u00e9quents <\/b>\u00bb, ont-ils fait savoir. \u00ab <b>Mais juste des forfaits qui nous sont attribu\u00e9s compte tenu du mode de recrutement <\/b>\u00bb, d\u00e9clare le Syndicat des professionnels de l\u2019Administration P\u00e9nitentiaire du Tchad.<\/p>\n<p><b>Les deux syndicats font savoir que, les arr\u00eat\u00e9s de reversement <\/b>soumis au contr\u00f4le financier pour visas sont bloqu\u00e9s au minist\u00e8re des Finances. Exasp\u00e9r\u00e9s, ils donnent un pr\u00e9avis de gr\u00e8ve de six jours aux entit\u00e9s qui bloquent leurs dossiers.<\/p>\n<p><strong>Pour plus d&rsquo;informations et d&rsquo;analyses sur la <a href=\"https:\/\/www.africa-press.net\/tchad\">Tchad<\/a>, suivez <a href=\"https:\/\/www.africa-press.net\/\">Africa-Press<\/a><\/strong><\/p>\n","protected":false},"excerpt":{"rendered":"<p>Africa-Press &#8211; Tchad. Les deux syndicats des professionnels de l\u2019administration p\u00e9nitentiaires ont organis\u00e9 un point de presse le 16 ao\u00fbt 2022, pour r\u00e9clamer leurs droits. Six ans apr\u00e8s leur d\u00e9ploiement sur le terrain, la situation des personnels de l\u2019administration p\u00e9nitentiaire n\u2019est pas r\u00e9gularis\u00e9e. C\u2019est pourquoi les deux corporations de ces travailleurs \u00e0 fait une communication [&hellip;]<\/p>\n","protected":false},"author":82,"featured_media":30725,"comment_status":"open","ping_status":"closed","sticky":false,"template":"","format":"standard","meta":{"footnotes":""},"categories":[21,11,10],"tags":[37,292,29],"class_list":["post-30726","post","type-post","status-publish","format-standard","has-post-thumbnail","hentry","category-communaute","category-homepage-french","category-toutes-les-actualites","tag-africa-press","tag-africa-press-tchad","tag-tchad"],"yoast_head":"<!-- This site is optimized with the Yoast SEO Premium plugin v26.1 (Yoast SEO v27.0) - https:\/\/yoast.com\/product\/yoast-seo-premium-wordpress\/ -->\n<title>les personnels de l\u2019administration p\u00e9nitentiaire r\u00e9clament leurs droits - tchad<\/title>\n<meta name=\"description\" content=\"Les deux syndicats des professionnels de l\u2019administration p\u00e9nitentiaires ont organis\u00e9 un point de presse le 16 ao\u00fbt 2022 ...\" \/>\n<meta name=\"robots\" content=\"index, follow, max-snippet:-1, max-image-preview:large, max-video-preview:-1\" \/>\n<link rel=\"canonical\" href=\"https:\/\/www.africa-press.net\/tchad\/toutes-les-actualites\/les-personnels-de-ladministration-penitentiaire-reclament-leurs-droits\" \/>\n<meta property=\"og:locale\" content=\"fr_FR\" \/>\n<meta property=\"og:type\" content=\"article\" \/>\n<meta property=\"og:title\" content=\"les personnels de l\u2019administration p\u00e9nitentiaire r\u00e9clament leurs droits\" \/>\n<meta property=\"og:description\" content=\"Les deux syndicats des professionnels de l\u2019administration p\u00e9nitentiaires ont organis\u00e9 un point de presse le 16 ao\u00fbt 2022 ...\" \/>\n<meta property=\"og:url\" content=\"https:\/\/www.africa-press.net\/tchad\/toutes-les-actualites\/les-personnels-de-ladministration-penitentiaire-reclament-leurs-droits\" \/>\n<meta property=\"og:site_name\" content=\"tchad\" \/>\n<meta property=\"article:published_time\" content=\"2022-08-17T17:13:18+00:00\" \/>\n<meta property=\"article:modified_time\" content=\"2022-08-17T17:46:01+00:00\" \/>\n<meta property=\"og:image\" content=\"https:\/\/static.africa-press.net\/tchad\/sites\/41\/2022\/08\/postQueueImg_49.jpg\" \/>\n\t<meta property=\"og:image:width\" content=\"780\" \/>\n\t<meta property=\"og:image:height\" content=\"440\" \/>\n\t<meta property=\"og:image:type\" content=\"image\/jpeg\" \/>\n<meta name=\"author\" content=\"cfeditorfr\" \/>\n<meta name=\"twitter:card\" content=\"summary_large_image\" \/>\n<meta name=\"twitter:label1\" content=\"\u00c9crit par\" \/>\n\t<meta name=\"twitter:data1\" content=\"cfeditorfr\" \/>\n\t<meta name=\"twitter:label2\" content=\"Dur\u00e9e de lecture estim\u00e9e\" \/>\n\t<meta name=\"twitter:data2\" content=\"2 minutes\" \/>\n<script type=\"application\/ld+json\" class=\"yoast-schema-graph\">{\"@context\":\"https:\/\/schema.org\",\"@graph\":[{\"@type\":\"Article\",\"@id\":\"https:\/\/www.africa-press.net\/tchad\/toutes-les-actualites\/les-personnels-de-ladministration-penitentiaire-reclament-leurs-droits#article\",\"isPartOf\":{\"@id\":\"https:\/\/www.africa-press.net\/tchad\/toutes-les-actualites\/les-personnels-de-ladministration-penitentiaire-reclament-leurs-droits\"},\"author\":{\"name\":\"cfeditorfr\",\"@id\":\"https:\/\/www.africa-press.net\/tchad\/#\/schema\/person\/2b1cf3cd81a31e3cd26889ca66d677f1\"},\"headline\":\"les personnels de l\u2019administration p\u00e9nitentiaire r\u00e9clament leurs droits\",\"datePublished\":\"2022-08-17T17:13:18+00:00\",\"dateModified\":\"2022-08-17T17:46:01+00:00\",\"mainEntityOfPage\":{\"@id\":\"https:\/\/www.africa-press.net\/tchad\/toutes-les-actualites\/les-personnels-de-ladministration-penitentiaire-reclament-leurs-droits\"},\"wordCount\":267,\"commentCount\":0,\"image\":{\"@id\":\"https:\/\/www.africa-press.net\/tchad\/toutes-les-actualites\/les-personnels-de-ladministration-penitentiaire-reclament-leurs-droits#primaryimage\"},\"thumbnailUrl\":\"https:\/\/static.africa-press.net\/tchad\/sites\/41\/2022\/08\/postQueueImg_49.jpg\",\"keywords\":[\"Africa Press\",\"Africa Press-Tchad\",\"Tchad\"],\"articleSection\":[\"Communaut\u00e9\",\"homepage-french\",\"Toutes les actualit\u00e9s\"],\"inLanguage\":\"fr-FR\",\"potentialAction\":[{\"@type\":\"CommentAction\",\"name\":\"Comment\",\"target\":[\"https:\/\/www.africa-press.net\/tchad\/toutes-les-actualites\/les-personnels-de-ladministration-penitentiaire-reclament-leurs-droits#respond\"]}]},{\"@type\":\"WebPage\",\"@id\":\"https:\/\/www.africa-press.net\/tchad\/toutes-les-actualites\/les-personnels-de-ladministration-penitentiaire-reclament-leurs-droits\",\"url\":\"https:\/\/www.africa-press.net\/tchad\/toutes-les-actualites\/les-personnels-de-ladministration-penitentiaire-reclament-leurs-droits\",\"name\":\"les personnels de l\u2019administration p\u00e9nitentiaire r\u00e9clament leurs droits - tchad\",\"isPartOf\":{\"@id\":\"https:\/\/www.africa-press.net\/tchad\/#website\"},\"primaryImageOfPage\":{\"@id\":\"https:\/\/www.africa-press.net\/tchad\/toutes-les-actualites\/les-personnels-de-ladministration-penitentiaire-reclament-leurs-droits#primaryimage\"},\"image\":{\"@id\":\"https:\/\/www.africa-press.net\/tchad\/toutes-les-actualites\/les-personnels-de-ladministration-penitentiaire-reclament-leurs-droits#primaryimage\"},\"thumbnailUrl\":\"https:\/\/static.africa-press.net\/tchad\/sites\/41\/2022\/08\/postQueueImg_49.jpg\",\"datePublished\":\"2022-08-17T17:13:18+00:00\",\"dateModified\":\"2022-08-17T17:46:01+00:00\",\"author\":{\"@id\":\"https:\/\/www.africa-press.net\/tchad\/#\/schema\/person\/2b1cf3cd81a31e3cd26889ca66d677f1\"},\"description\":\"Les deux syndicats des professionnels de l\u2019administration p\u00e9nitentiaires ont organis\u00e9 un point de presse le 16 ao\u00fbt 2022 ...\",\"breadcrumb\":{\"@id\":\"https:\/\/www.africa-press.net\/tchad\/toutes-les-actualites\/les-personnels-de-ladministration-penitentiaire-reclament-leurs-droits#breadcrumb\"},\"inLanguage\":\"fr-FR\",\"potentialAction\":[{\"@type\":\"ReadAction\",\"target\":[\"https:\/\/www.africa-press.net\/tchad\/toutes-les-actualites\/les-personnels-de-ladministration-penitentiaire-reclament-leurs-droits\"]}]},{\"@type\":\"ImageObject\",\"inLanguage\":\"fr-FR\",\"@id\":\"https:\/\/www.africa-press.net\/tchad\/toutes-les-actualites\/les-personnels-de-ladministration-penitentiaire-reclament-leurs-droits#primaryimage\",\"url\":\"https:\/\/static.africa-press.net\/tchad\/sites\/41\/2022\/08\/postQueueImg_49.jpg\",\"contentUrl\":\"https:\/\/static.africa-press.net\/tchad\/sites\/41\/2022\/08\/postQueueImg_49.jpg\",\"width\":780,\"height\":440,\"caption\":\"les personnels de l\u2019administration p\u00e9nitentiaire r\u00e9clament leurs droits\"},{\"@type\":\"BreadcrumbList\",\"@id\":\"https:\/\/www.africa-press.net\/tchad\/toutes-les-actualites\/les-personnels-de-ladministration-penitentiaire-reclament-leurs-droits#breadcrumb\",\"itemListElement\":[{\"@type\":\"ListItem\",\"position\":1,\"name\":\"Accueil\",\"item\":\"https:\/\/www.africa-press.net\/tchad\/\"},{\"@type\":\"ListItem\",\"position\":2,\"name\":\"les personnels de l\u2019administration p\u00e9nitentiaire r\u00e9clament leurs droits\"}]},{\"@type\":\"WebSite\",\"@id\":\"https:\/\/www.africa-press.net\/tchad\/#website\",\"url\":\"https:\/\/www.africa-press.net\/tchad\/\",\"name\":\"tchad\",\"description\":\"Just another Africa News Agency Sites site\",\"potentialAction\":[{\"@type\":\"SearchAction\",\"target\":{\"@type\":\"EntryPoint\",\"urlTemplate\":\"https:\/\/www.africa-press.net\/tchad\/?s={search_term_string}\"},\"query-input\":{\"@type\":\"PropertyValueSpecification\",\"valueRequired\":true,\"valueName\":\"search_term_string\"}}],\"inLanguage\":\"fr-FR\"},{\"@type\":\"Person\",\"@id\":\"https:\/\/www.africa-press.net\/tchad\/#\/schema\/person\/2b1cf3cd81a31e3cd26889ca66d677f1\",\"name\":\"cfeditorfr\"}]}<\/script>\n<!-- \/ Yoast SEO Premium plugin. -->","yoast_head_json":{"title":"les personnels de l\u2019administration p\u00e9nitentiaire r\u00e9clament leurs droits - tchad","description":"Les deux syndicats des professionnels de l\u2019administration p\u00e9nitentiaires ont organis\u00e9 un point de presse le 16 ao\u00fbt 2022 ...","robots":{"index":"index","follow":"follow","max-snippet":"max-snippet:-1","max-image-preview":"max-image-preview:large","max-video-preview":"max-video-preview:-1"},"canonical":"https:\/\/www.africa-press.net\/tchad\/toutes-les-actualites\/les-personnels-de-ladministration-penitentiaire-reclament-leurs-droits","og_locale":"fr_FR","og_type":"article","og_title":"les personnels de l\u2019administration p\u00e9nitentiaire r\u00e9clament leurs droits","og_description":"Les deux syndicats des professionnels de l\u2019administration p\u00e9nitentiaires ont organis\u00e9 un point de presse le 16 ao\u00fbt 2022 ...","og_url":"https:\/\/www.africa-press.net\/tchad\/toutes-les-actualites\/les-personnels-de-ladministration-penitentiaire-reclament-leurs-droits","og_site_name":"tchad","article_published_time":"2022-08-17T17:13:18+00:00","article_modified_time":"2022-08-17T17:46:01+00:00","og_image":[{"width":780,"height":440,"url":"https:\/\/static.africa-press.net\/tchad\/sites\/41\/2022\/08\/postQueueImg_49.jpg","type":"image\/jpeg"}],"author":"cfeditorfr","twitter_card":"summary_large_image","twitter_misc":{"\u00c9crit par":"cfeditorfr","Dur\u00e9e de lecture estim\u00e9e":"2 minutes"},"schema":{"@context":"https:\/\/schema.org","@graph":[{"@type":"Article","@id":"https:\/\/www.africa-press.net\/tchad\/toutes-les-actualites\/les-personnels-de-ladministration-penitentiaire-reclament-leurs-droits#article","isPartOf":{"@id":"https:\/\/www.africa-press.net\/tchad\/toutes-les-actualites\/les-personnels-de-ladministration-penitentiaire-reclament-leurs-droits"},"author":{"name":"cfeditorfr","@id":"https:\/\/www.africa-press.net\/tchad\/#\/schema\/person\/2b1cf3cd81a31e3cd26889ca66d677f1"},"headline":"les personnels de l\u2019administration p\u00e9nitentiaire r\u00e9clament leurs droits","datePublished":"2022-08-17T17:13:18+00:00","dateModified":"2022-08-17T17:46:01+00:00","mainEntityOfPage":{"@id":"https:\/\/www.africa-press.net\/tchad\/toutes-les-actualites\/les-personnels-de-ladministration-penitentiaire-reclament-leurs-droits"},"wordCount":267,"commentCount":0,"image":{"@id":"https:\/\/www.africa-press.net\/tchad\/toutes-les-actualites\/les-personnels-de-ladministration-penitentiaire-reclament-leurs-droits#primaryimage"},"thumbnailUrl":"https:\/\/static.africa-press.net\/tchad\/sites\/41\/2022\/08\/postQueueImg_49.jpg","keywords":["Africa Press","Africa Press-Tchad","Tchad"],"articleSection":["Communaut\u00e9","homepage-french","Toutes les actualit\u00e9s"],"inLanguage":"fr-FR","potentialAction":[{"@type":"CommentAction","name":"Comment","target":["https:\/\/www.africa-press.net\/tchad\/toutes-les-actualites\/les-personnels-de-ladministration-penitentiaire-reclament-leurs-droits#respond"]}]},{"@type":"WebPage","@id":"https:\/\/www.africa-press.net\/tchad\/toutes-les-actualites\/les-personnels-de-ladministration-penitentiaire-reclament-leurs-droits","url":"https:\/\/www.africa-press.net\/tchad\/toutes-les-actualites\/les-personnels-de-ladministration-penitentiaire-reclament-leurs-droits","name":"les personnels de l\u2019administration p\u00e9nitentiaire r\u00e9clament leurs droits - tchad","isPartOf":{"@id":"https:\/\/www.africa-press.net\/tchad\/#website"},"primaryImageOfPage":{"@id":"https:\/\/www.africa-press.net\/tchad\/toutes-les-actualites\/les-personnels-de-ladministration-penitentiaire-reclament-leurs-droits#primaryimage"},"image":{"@id":"https:\/\/www.africa-press.net\/tchad\/toutes-les-actualites\/les-personnels-de-ladministration-penitentiaire-reclament-leurs-droits#primaryimage"},"thumbnailUrl":"https:\/\/static.africa-press.net\/tchad\/sites\/41\/2022\/08\/postQueueImg_49.jpg","datePublished":"2022-08-17T17:13:18+00:00","dateModified":"2022-08-17T17:46:01+00:00","author":{"@id":"https:\/\/www.africa-press.net\/tchad\/#\/schema\/person\/2b1cf3cd81a31e3cd26889ca66d677f1"},"description":"Les deux syndicats des professionnels de l\u2019administration p\u00e9nitentiaires ont organis\u00e9 un point de presse le 16 ao\u00fbt 2022 ...","breadcrumb":{"@id":"https:\/\/www.africa-press.net\/tchad\/toutes-les-actualites\/les-personnels-de-ladministration-penitentiaire-reclament-leurs-droits#breadcrumb"},"inLanguage":"fr-FR","potentialAction":[{"@type":"ReadAction","target":["https:\/\/www.africa-press.net\/tchad\/toutes-les-actualites\/les-personnels-de-ladministration-penitentiaire-reclament-leurs-droits"]}]},{"@type":"ImageObject","inLanguage":"fr-FR","@id":"https:\/\/www.africa-press.net\/tchad\/toutes-les-actualites\/les-personnels-de-ladministration-penitentiaire-reclament-leurs-droits#primaryimage","url":"https:\/\/static.africa-press.net\/tchad\/sites\/41\/2022\/08\/postQueueImg_49.jpg","contentUrl":"https:\/\/static.africa-press.net\/tchad\/sites\/41\/2022\/08\/postQueueImg_49.jpg","width":780,"height":440,"caption":"les personnels de l\u2019administration p\u00e9nitentiaire r\u00e9clament leurs droits"},{"@type":"BreadcrumbList","@id":"https:\/\/www.africa-press.net\/tchad\/toutes-les-actualites\/les-personnels-de-ladministration-penitentiaire-reclament-leurs-droits#breadcrumb","itemListElement":[{"@type":"ListItem","position":1,"name":"Accueil","item":"https:\/\/www.africa-press.net\/tchad\/"},{"@type":"ListItem","position":2,"name":"les personnels de l\u2019administration p\u00e9nitentiaire r\u00e9clament leurs droits"}]},{"@type":"WebSite","@id":"https:\/\/www.africa-press.net\/tchad\/#website","url":"https:\/\/www.africa-press.net\/tchad\/","name":"tchad","description":"Just another Africa News Agency Sites site","potentialAction":[{"@type":"SearchAction","target":{"@type":"EntryPoint","urlTemplate":"https:\/\/www.africa-press.net\/tchad\/?s={search_term_string}"},"query-input":{"@type":"PropertyValueSpecification","valueRequired":true,"valueName":"search_term_string"}}],"inLanguage":"fr-FR"},{"@type":"Person","@id":"https:\/\/www.africa-press.net\/tchad\/#\/schema\/person\/2b1cf3cd81a31e3cd26889ca66d677f1","name":"cfeditorfr"}]}},"_links":{"self":[{"href":"https:\/\/www.africa-press.net\/tchad\/wp-json\/wp\/v2\/posts\/30726","targetHints":{"allow":["GET"]}}],"collection":[{"href":"https:\/\/www.africa-press.net\/tchad\/wp-json\/wp\/v2\/posts"}],"about":[{"href":"https:\/\/www.africa-press.net\/tchad\/wp-json\/wp\/v2\/types\/post"}],"author":[{"embeddable":true,"href":"https:\/\/www.africa-press.net\/tchad\/wp-json\/wp\/v2\/users\/82"}],"replies":[{"embeddable":true,"href":"https:\/\/www.africa-press.net\/tchad\/wp-json\/wp\/v2\/comments?post=30726"}],"version-history":[{"count":0,"href":"https:\/\/www.africa-press.net\/tchad\/wp-json\/wp\/v2\/posts\/30726\/revisions"}],"wp:featuredmedia":[{"embeddable":true,"href":"https:\/\/www.africa-press.net\/tchad\/wp-json\/wp\/v2\/media\/30725"}],"wp:attachment":[{"href":"https:\/\/www.africa-press.net\/tchad\/wp-json\/wp\/v2\/media?parent=30726"}],"wp:term":[{"taxonomy":"category","embeddable":true,"href":"https:\/\/www.africa-press.net\/tchad\/wp-json\/wp\/v2\/categories?post=30726"},{"taxonomy":"post_tag","embeddable":true,"href":"https:\/\/www.africa-press.net\/tchad\/wp-json\/wp\/v2\/tags?post=30726"}],"curies":[{"name":"wp","href":"https:\/\/api.w.org\/{rel}","templated":true}]}}