{"id":30732,"date":"2022-08-17T17:14:21","date_gmt":"2022-08-17T17:14:21","guid":{"rendered":"https:\/\/www.africa-press.net\/tchad\/politique\/goukouni-weddeye-eleve-a-la-dignite-de-grand-croix"},"modified":"2022-08-17T17:46:52","modified_gmt":"2022-08-17T17:46:52","slug":"goukouni-weddeye-eleve-a-la-dignite-de-grand-croix","status":"publish","type":"post","link":"https:\/\/www.africa-press.net\/tchad\/politique\/goukouni-weddeye-eleve-a-la-dignite-de-grand-croix","title":{"rendered":"Goukouni Weddeye \u00e9lev\u00e9 \u00e0 la dignit\u00e9 de Grand-Croix"},"content":{"rendered":"<p><span style=\"color: #ff6600\"><strong>Africa-Press &#8211; Tchad. <\/strong><\/span>L\u2019ancien pr\u00e9sident tchadien, Goukouni Weddeye a \u00e9t\u00e9 \u00e9lev\u00e9 \u00e0 la dignit\u00e9 de Grand-Croix du Tchad ce 17 ao\u00fbt 2022, par le pr\u00e9sident du Conseil militaire de transition, Mahamat Idriss Deby.<\/p>\n<p>A quelques jours du dialogue national inclusif, l\u2019ancien pr\u00e9sident tchadien, Goukouni Weddeye a \u00e9t\u00e9 \u00e9lev\u00e9 \u00e0 la dignit\u00e9 de <b>Grand-Croix du Tchad<\/b>, la plus haute distinction du pays. Celui qui a \u00e9t\u00e9 chef d\u2019Etat entre 1979-1982, est r\u00e9compens\u00e9 pour son investissement en faveur de la <b>r\u00e9conciliation nationale<\/b>.<\/p>\n<p>Goukouni Weddeye avait nomm\u00e9 pr\u00e9sident du Comit\u00e9 Technique Sp\u00e9cial charg\u00e9 de n\u00e9gociations avec les Politico-militaires \u00e0 l\u2019issue d\u2019un d\u00e9cret du 9 mars. \u00ab C\u2019est sous sa conduite que des contacts ont \u00e9t\u00e9 pris avec les diff\u00e9rents mouvements arm\u00e9s qui ont sign\u00e9 le 08 ao\u00fbt dernier \u00e0 Doha, un accord de paix pour leur retour au pays. \u00bb, fait savoir la pr\u00e9sidence de la r\u00e9publique.<\/p>\n<p>Il a \u00e9t\u00e9 remplac\u00e9 par le Comit\u00e9 sp\u00e9cial charg\u00e9 des n\u00e9gociations avec les politico-militaires (CSCNPM). En sa qualit\u00e9 d\u2019ancien pr\u00e9sident, Goukouni Weddeye est tr\u00e8s impliqu\u00e9 dans l\u2019animation de la vie politique au Tchad. Il est consult\u00e9 par diff\u00e9rentes entit\u00e9s depuis des d\u00e9cennies, dans le cadre des prises de d\u00e9cisions. Du haut de ses 78 ans, Goukouni Weddeye a \u00e9t\u00e9 pr\u00e9sident du Tchad de 1979 et 1982. Il a \u00e9t\u00e9 renvers\u00e9 en 1981 par Hissein Habr\u00e9.<\/p>\n<p><strong>Pour plus d&rsquo;informations et d&rsquo;analyses sur la <a href=\"https:\/\/www.africa-press.net\/tchad\">Tchad<\/a>, suivez <a href=\"https:\/\/www.africa-press.net\/\">Africa-Press<\/a><\/strong><\/p>\n","protected":false},"excerpt":{"rendered":"<p>Africa-Press &#8211; Tchad. L\u2019ancien pr\u00e9sident tchadien, Goukouni Weddeye a \u00e9t\u00e9 \u00e9lev\u00e9 \u00e0 la dignit\u00e9 de Grand-Croix du Tchad ce 17 ao\u00fbt 2022, par le pr\u00e9sident du Conseil militaire de transition, Mahamat Idriss Deby. A quelques jours du dialogue national inclusif, l\u2019ancien pr\u00e9sident tchadien, Goukouni Weddeye a \u00e9t\u00e9 \u00e9lev\u00e9 \u00e0 la dignit\u00e9 de Grand-Croix du Tchad, [&hellip;]<\/p>\n","protected":false},"author":82,"featured_media":30731,"comment_status":"open","ping_status":"closed","sticky":false,"template":"","format":"standard","meta":{"footnotes":""},"categories":[11,2,20,10],"tags":[37,292,29],"class_list":["post-30732","post","type-post","status-publish","format-standard","has-post-thumbnail","hentry","category-homepage-french","category-politique","category-top-nouvelles","category-toutes-les-actualites","tag-africa-press","tag-africa-press-tchad","tag-tchad"],"yoast_head":"<!-- This site is optimized with the Yoast SEO Premium plugin v26.1 (Yoast SEO v27.0) - https:\/\/yoast.com\/product\/yoast-seo-premium-wordpress\/ -->\n<title>Goukouni Weddeye \u00e9lev\u00e9 \u00e0 la dignit\u00e9 de Grand-Croix - tchad<\/title>\n<meta name=\"description\" content=\"L\u2019ancien pr\u00e9sident tchadien, Goukouni Weddeye a \u00e9t\u00e9 \u00e9lev\u00e9 \u00e0 la dignit\u00e9 de Grand-Croix du Tchad ce 17 ao\u00fbt 2022, par le p ...\" \/>\n<meta name=\"robots\" content=\"index, follow, max-snippet:-1, max-image-preview:large, max-video-preview:-1\" \/>\n<link rel=\"canonical\" href=\"https:\/\/www.africa-press.net\/tchad\/politique\/goukouni-weddeye-eleve-a-la-dignite-de-grand-croix\" \/>\n<meta property=\"og:locale\" content=\"fr_FR\" \/>\n<meta property=\"og:type\" content=\"article\" \/>\n<meta property=\"og:title\" content=\"Goukouni Weddeye \u00e9lev\u00e9 \u00e0 la dignit\u00e9 de Grand-Croix\" \/>\n<meta property=\"og:description\" content=\"L\u2019ancien pr\u00e9sident tchadien, Goukouni Weddeye a \u00e9t\u00e9 \u00e9lev\u00e9 \u00e0 la dignit\u00e9 de Grand-Croix du Tchad ce 17 ao\u00fbt 2022, par le p ...\" \/>\n<meta property=\"og:url\" content=\"https:\/\/www.africa-press.net\/tchad\/politique\/goukouni-weddeye-eleve-a-la-dignite-de-grand-croix\" \/>\n<meta property=\"og:site_name\" content=\"tchad\" \/>\n<meta property=\"article:published_time\" content=\"2022-08-17T17:14:21+00:00\" \/>\n<meta property=\"article:modified_time\" content=\"2022-08-17T17:46:52+00:00\" \/>\n<meta property=\"og:image\" content=\"https:\/\/static.africa-press.net\/tchad\/sites\/41\/2022\/08\/postQueueImg_51.jpg\" \/>\n\t<meta property=\"og:image:width\" content=\"780\" \/>\n\t<meta property=\"og:image:height\" content=\"440\" \/>\n\t<meta property=\"og:image:type\" content=\"image\/jpeg\" \/>\n<meta name=\"author\" content=\"cfeditorfr\" \/>\n<meta name=\"twitter:card\" content=\"summary_large_image\" \/>\n<meta name=\"twitter:label1\" content=\"\u00c9crit par\" \/>\n\t<meta name=\"twitter:data1\" content=\"cfeditorfr\" \/>\n\t<meta name=\"twitter:label2\" content=\"Dur\u00e9e de lecture estim\u00e9e\" \/>\n\t<meta name=\"twitter:data2\" content=\"2 minutes\" \/>\n<script type=\"application\/ld+json\" class=\"yoast-schema-graph\">{\"@context\":\"https:\/\/schema.org\",\"@graph\":[{\"@type\":\"Article\",\"@id\":\"https:\/\/www.africa-press.net\/tchad\/politique\/goukouni-weddeye-eleve-a-la-dignite-de-grand-croix#article\",\"isPartOf\":{\"@id\":\"https:\/\/www.africa-press.net\/tchad\/politique\/goukouni-weddeye-eleve-a-la-dignite-de-grand-croix\"},\"author\":{\"name\":\"cfeditorfr\",\"@id\":\"https:\/\/www.africa-press.net\/tchad\/#\/schema\/person\/2b1cf3cd81a31e3cd26889ca66d677f1\"},\"headline\":\"Goukouni Weddeye \u00e9lev\u00e9 \u00e0 la dignit\u00e9 de Grand-Croix\",\"datePublished\":\"2022-08-17T17:14:21+00:00\",\"dateModified\":\"2022-08-17T17:46:52+00:00\",\"mainEntityOfPage\":{\"@id\":\"https:\/\/www.africa-press.net\/tchad\/politique\/goukouni-weddeye-eleve-a-la-dignite-de-grand-croix\"},\"wordCount\":256,\"commentCount\":0,\"image\":{\"@id\":\"https:\/\/www.africa-press.net\/tchad\/politique\/goukouni-weddeye-eleve-a-la-dignite-de-grand-croix#primaryimage\"},\"thumbnailUrl\":\"https:\/\/static.africa-press.net\/tchad\/sites\/41\/2022\/08\/postQueueImg_51.jpg\",\"keywords\":[\"Africa Press\",\"Africa Press-Tchad\",\"Tchad\"],\"articleSection\":[\"homepage-french\",\"Politique\",\"Top Nouvelles\",\"Toutes les actualit\u00e9s\"],\"inLanguage\":\"fr-FR\",\"potentialAction\":[{\"@type\":\"CommentAction\",\"name\":\"Comment\",\"target\":[\"https:\/\/www.africa-press.net\/tchad\/politique\/goukouni-weddeye-eleve-a-la-dignite-de-grand-croix#respond\"]}]},{\"@type\":\"WebPage\",\"@id\":\"https:\/\/www.africa-press.net\/tchad\/politique\/goukouni-weddeye-eleve-a-la-dignite-de-grand-croix\",\"url\":\"https:\/\/www.africa-press.net\/tchad\/politique\/goukouni-weddeye-eleve-a-la-dignite-de-grand-croix\",\"name\":\"Goukouni Weddeye \u00e9lev\u00e9 \u00e0 la dignit\u00e9 de Grand-Croix - tchad\",\"isPartOf\":{\"@id\":\"https:\/\/www.africa-press.net\/tchad\/#website\"},\"primaryImageOfPage\":{\"@id\":\"https:\/\/www.africa-press.net\/tchad\/politique\/goukouni-weddeye-eleve-a-la-dignite-de-grand-croix#primaryimage\"},\"image\":{\"@id\":\"https:\/\/www.africa-press.net\/tchad\/politique\/goukouni-weddeye-eleve-a-la-dignite-de-grand-croix#primaryimage\"},\"thumbnailUrl\":\"https:\/\/static.africa-press.net\/tchad\/sites\/41\/2022\/08\/postQueueImg_51.jpg\",\"datePublished\":\"2022-08-17T17:14:21+00:00\",\"dateModified\":\"2022-08-17T17:46:52+00:00\",\"author\":{\"@id\":\"https:\/\/www.africa-press.net\/tchad\/#\/schema\/person\/2b1cf3cd81a31e3cd26889ca66d677f1\"},\"description\":\"L\u2019ancien pr\u00e9sident tchadien, Goukouni Weddeye a \u00e9t\u00e9 \u00e9lev\u00e9 \u00e0 la dignit\u00e9 de Grand-Croix du Tchad ce 17 ao\u00fbt 2022, par le p ...\",\"breadcrumb\":{\"@id\":\"https:\/\/www.africa-press.net\/tchad\/politique\/goukouni-weddeye-eleve-a-la-dignite-de-grand-croix#breadcrumb\"},\"inLanguage\":\"fr-FR\",\"potentialAction\":[{\"@type\":\"ReadAction\",\"target\":[\"https:\/\/www.africa-press.net\/tchad\/politique\/goukouni-weddeye-eleve-a-la-dignite-de-grand-croix\"]}]},{\"@type\":\"ImageObject\",\"inLanguage\":\"fr-FR\",\"@id\":\"https:\/\/www.africa-press.net\/tchad\/politique\/goukouni-weddeye-eleve-a-la-dignite-de-grand-croix#primaryimage\",\"url\":\"https:\/\/static.africa-press.net\/tchad\/sites\/41\/2022\/08\/postQueueImg_51.jpg\",\"contentUrl\":\"https:\/\/static.africa-press.net\/tchad\/sites\/41\/2022\/08\/postQueueImg_51.jpg\",\"width\":780,\"height\":440,\"caption\":\"Goukouni Weddeye \u00e9lev\u00e9 \u00e0 la dignit\u00e9 de Grand-Croix\"},{\"@type\":\"BreadcrumbList\",\"@id\":\"https:\/\/www.africa-press.net\/tchad\/politique\/goukouni-weddeye-eleve-a-la-dignite-de-grand-croix#breadcrumb\",\"itemListElement\":[{\"@type\":\"ListItem\",\"position\":1,\"name\":\"Accueil\",\"item\":\"https:\/\/www.africa-press.net\/tchad\/\"},{\"@type\":\"ListItem\",\"position\":2,\"name\":\"Goukouni Weddeye \u00e9lev\u00e9 \u00e0 la dignit\u00e9 de Grand-Croix\"}]},{\"@type\":\"WebSite\",\"@id\":\"https:\/\/www.africa-press.net\/tchad\/#website\",\"url\":\"https:\/\/www.africa-press.net\/tchad\/\",\"name\":\"tchad\",\"description\":\"Just another Africa News Agency Sites site\",\"potentialAction\":[{\"@type\":\"SearchAction\",\"target\":{\"@type\":\"EntryPoint\",\"urlTemplate\":\"https:\/\/www.africa-press.net\/tchad\/?s={search_term_string}\"},\"query-input\":{\"@type\":\"PropertyValueSpecification\",\"valueRequired\":true,\"valueName\":\"search_term_string\"}}],\"inLanguage\":\"fr-FR\"},{\"@type\":\"Person\",\"@id\":\"https:\/\/www.africa-press.net\/tchad\/#\/schema\/person\/2b1cf3cd81a31e3cd26889ca66d677f1\",\"name\":\"cfeditorfr\"}]}<\/script>\n<!-- \/ Yoast SEO Premium plugin. -->","yoast_head_json":{"title":"Goukouni Weddeye \u00e9lev\u00e9 \u00e0 la dignit\u00e9 de Grand-Croix - tchad","description":"L\u2019ancien pr\u00e9sident tchadien, Goukouni Weddeye a \u00e9t\u00e9 \u00e9lev\u00e9 \u00e0 la dignit\u00e9 de Grand-Croix du Tchad ce 17 ao\u00fbt 2022, par le p ...","robots":{"index":"index","follow":"follow","max-snippet":"max-snippet:-1","max-image-preview":"max-image-preview:large","max-video-preview":"max-video-preview:-1"},"canonical":"https:\/\/www.africa-press.net\/tchad\/politique\/goukouni-weddeye-eleve-a-la-dignite-de-grand-croix","og_locale":"fr_FR","og_type":"article","og_title":"Goukouni Weddeye \u00e9lev\u00e9 \u00e0 la dignit\u00e9 de Grand-Croix","og_description":"L\u2019ancien pr\u00e9sident tchadien, Goukouni Weddeye a \u00e9t\u00e9 \u00e9lev\u00e9 \u00e0 la dignit\u00e9 de Grand-Croix du Tchad ce 17 ao\u00fbt 2022, par le p ...","og_url":"https:\/\/www.africa-press.net\/tchad\/politique\/goukouni-weddeye-eleve-a-la-dignite-de-grand-croix","og_site_name":"tchad","article_published_time":"2022-08-17T17:14:21+00:00","article_modified_time":"2022-08-17T17:46:52+00:00","og_image":[{"width":780,"height":440,"url":"https:\/\/static.africa-press.net\/tchad\/sites\/41\/2022\/08\/postQueueImg_51.jpg","type":"image\/jpeg"}],"author":"cfeditorfr","twitter_card":"summary_large_image","twitter_misc":{"\u00c9crit par":"cfeditorfr","Dur\u00e9e de lecture estim\u00e9e":"2 minutes"},"schema":{"@context":"https:\/\/schema.org","@graph":[{"@type":"Article","@id":"https:\/\/www.africa-press.net\/tchad\/politique\/goukouni-weddeye-eleve-a-la-dignite-de-grand-croix#article","isPartOf":{"@id":"https:\/\/www.africa-press.net\/tchad\/politique\/goukouni-weddeye-eleve-a-la-dignite-de-grand-croix"},"author":{"name":"cfeditorfr","@id":"https:\/\/www.africa-press.net\/tchad\/#\/schema\/person\/2b1cf3cd81a31e3cd26889ca66d677f1"},"headline":"Goukouni Weddeye \u00e9lev\u00e9 \u00e0 la dignit\u00e9 de Grand-Croix","datePublished":"2022-08-17T17:14:21+00:00","dateModified":"2022-08-17T17:46:52+00:00","mainEntityOfPage":{"@id":"https:\/\/www.africa-press.net\/tchad\/politique\/goukouni-weddeye-eleve-a-la-dignite-de-grand-croix"},"wordCount":256,"commentCount":0,"image":{"@id":"https:\/\/www.africa-press.net\/tchad\/politique\/goukouni-weddeye-eleve-a-la-dignite-de-grand-croix#primaryimage"},"thumbnailUrl":"https:\/\/static.africa-press.net\/tchad\/sites\/41\/2022\/08\/postQueueImg_51.jpg","keywords":["Africa Press","Africa Press-Tchad","Tchad"],"articleSection":["homepage-french","Politique","Top Nouvelles","Toutes les actualit\u00e9s"],"inLanguage":"fr-FR","potentialAction":[{"@type":"CommentAction","name":"Comment","target":["https:\/\/www.africa-press.net\/tchad\/politique\/goukouni-weddeye-eleve-a-la-dignite-de-grand-croix#respond"]}]},{"@type":"WebPage","@id":"https:\/\/www.africa-press.net\/tchad\/politique\/goukouni-weddeye-eleve-a-la-dignite-de-grand-croix","url":"https:\/\/www.africa-press.net\/tchad\/politique\/goukouni-weddeye-eleve-a-la-dignite-de-grand-croix","name":"Goukouni Weddeye \u00e9lev\u00e9 \u00e0 la dignit\u00e9 de Grand-Croix - tchad","isPartOf":{"@id":"https:\/\/www.africa-press.net\/tchad\/#website"},"primaryImageOfPage":{"@id":"https:\/\/www.africa-press.net\/tchad\/politique\/goukouni-weddeye-eleve-a-la-dignite-de-grand-croix#primaryimage"},"image":{"@id":"https:\/\/www.africa-press.net\/tchad\/politique\/goukouni-weddeye-eleve-a-la-dignite-de-grand-croix#primaryimage"},"thumbnailUrl":"https:\/\/static.africa-press.net\/tchad\/sites\/41\/2022\/08\/postQueueImg_51.jpg","datePublished":"2022-08-17T17:14:21+00:00","dateModified":"2022-08-17T17:46:52+00:00","author":{"@id":"https:\/\/www.africa-press.net\/tchad\/#\/schema\/person\/2b1cf3cd81a31e3cd26889ca66d677f1"},"description":"L\u2019ancien pr\u00e9sident tchadien, Goukouni Weddeye a \u00e9t\u00e9 \u00e9lev\u00e9 \u00e0 la dignit\u00e9 de Grand-Croix du Tchad ce 17 ao\u00fbt 2022, par le p ...","breadcrumb":{"@id":"https:\/\/www.africa-press.net\/tchad\/politique\/goukouni-weddeye-eleve-a-la-dignite-de-grand-croix#breadcrumb"},"inLanguage":"fr-FR","potentialAction":[{"@type":"ReadAction","target":["https:\/\/www.africa-press.net\/tchad\/politique\/goukouni-weddeye-eleve-a-la-dignite-de-grand-croix"]}]},{"@type":"ImageObject","inLanguage":"fr-FR","@id":"https:\/\/www.africa-press.net\/tchad\/politique\/goukouni-weddeye-eleve-a-la-dignite-de-grand-croix#primaryimage","url":"https:\/\/static.africa-press.net\/tchad\/sites\/41\/2022\/08\/postQueueImg_51.jpg","contentUrl":"https:\/\/static.africa-press.net\/tchad\/sites\/41\/2022\/08\/postQueueImg_51.jpg","width":780,"height":440,"caption":"Goukouni Weddeye \u00e9lev\u00e9 \u00e0 la dignit\u00e9 de Grand-Croix"},{"@type":"BreadcrumbList","@id":"https:\/\/www.africa-press.net\/tchad\/politique\/goukouni-weddeye-eleve-a-la-dignite-de-grand-croix#breadcrumb","itemListElement":[{"@type":"ListItem","position":1,"name":"Accueil","item":"https:\/\/www.africa-press.net\/tchad\/"},{"@type":"ListItem","position":2,"name":"Goukouni Weddeye \u00e9lev\u00e9 \u00e0 la dignit\u00e9 de Grand-Croix"}]},{"@type":"WebSite","@id":"https:\/\/www.africa-press.net\/tchad\/#website","url":"https:\/\/www.africa-press.net\/tchad\/","name":"tchad","description":"Just another Africa News Agency Sites site","potentialAction":[{"@type":"SearchAction","target":{"@type":"EntryPoint","urlTemplate":"https:\/\/www.africa-press.net\/tchad\/?s={search_term_string}"},"query-input":{"@type":"PropertyValueSpecification","valueRequired":true,"valueName":"search_term_string"}}],"inLanguage":"fr-FR"},{"@type":"Person","@id":"https:\/\/www.africa-press.net\/tchad\/#\/schema\/person\/2b1cf3cd81a31e3cd26889ca66d677f1","name":"cfeditorfr"}]}},"_links":{"self":[{"href":"https:\/\/www.africa-press.net\/tchad\/wp-json\/wp\/v2\/posts\/30732","targetHints":{"allow":["GET"]}}],"collection":[{"href":"https:\/\/www.africa-press.net\/tchad\/wp-json\/wp\/v2\/posts"}],"about":[{"href":"https:\/\/www.africa-press.net\/tchad\/wp-json\/wp\/v2\/types\/post"}],"author":[{"embeddable":true,"href":"https:\/\/www.africa-press.net\/tchad\/wp-json\/wp\/v2\/users\/82"}],"replies":[{"embeddable":true,"href":"https:\/\/www.africa-press.net\/tchad\/wp-json\/wp\/v2\/comments?post=30732"}],"version-history":[{"count":0,"href":"https:\/\/www.africa-press.net\/tchad\/wp-json\/wp\/v2\/posts\/30732\/revisions"}],"wp:featuredmedia":[{"embeddable":true,"href":"https:\/\/www.africa-press.net\/tchad\/wp-json\/wp\/v2\/media\/30731"}],"wp:attachment":[{"href":"https:\/\/www.africa-press.net\/tchad\/wp-json\/wp\/v2\/media?parent=30732"}],"wp:term":[{"taxonomy":"category","embeddable":true,"href":"https:\/\/www.africa-press.net\/tchad\/wp-json\/wp\/v2\/categories?post=30732"},{"taxonomy":"post_tag","embeddable":true,"href":"https:\/\/www.africa-press.net\/tchad\/wp-json\/wp\/v2\/tags?post=30732"}],"curies":[{"name":"wp","href":"https:\/\/api.w.org\/{rel}","templated":true}]}}