{"id":30741,"date":"2022-08-17T17:16:15","date_gmt":"2022-08-17T17:16:15","guid":{"rendered":"https:\/\/www.africa-press.net\/tchad\/politique\/le-renecat-prone-lapplication-du-bilinguisme-et-lamelioration-du-niveau-deducation"},"modified":"2022-08-17T17:48:15","modified_gmt":"2022-08-17T17:48:15","slug":"le-renecat-prone-lapplication-du-bilinguisme-et-lamelioration-du-niveau-deducation","status":"publish","type":"post","link":"https:\/\/www.africa-press.net\/tchad\/culture-et-art\/le-renecat-prone-lapplication-du-bilinguisme-et-lamelioration-du-niveau-deducation","title":{"rendered":"le RENECAT pr\u00f4ne l&rsquo;application du bilinguisme et l&rsquo;am\u00e9lioration du niveau d&rsquo;\u00e9ducation"},"content":{"rendered":"<p><span style=\"color: #ff6600\"><strong>Africa-Press &#8211; Tchad. <\/strong><\/span>Le Conseil g\u00e9n\u00e9ral constitutif de la r\u00e9f\u00e9rence nationale des cadres du Tchad (RENECAT) a organis\u00e9 un point de presse ce 17 ao\u00fbt 2022, au Palais du 15 janvier, marquant ainsi le d\u00e9but de ses activit\u00e9s.<\/p>\n<p>Cette nouvelle entit\u00e9 est une organisation de la soci\u00e9t\u00e9 civile, dot\u00e9e d&rsquo;un statut et d&rsquo;un r\u00e8glement int\u00e9rieur r\u00e9gissant son action, d\u00e9clare le repr\u00e9sentant de RENECAT, Pr Ahmed Mohammed Mohadjir.<\/p>\n<p>Le RENECAT se dit fier de l&rsquo;accord sign\u00e9 entre les politico-militaires et le gouvernement \u00e0 Doha. Il consid\u00e8re que cet accord est une occasion historique pour l&rsquo;avenir du Tchad.<\/p>\n<p>Compte tenu de la n\u00e9cessit\u00e9 urgente de cr\u00e9er un environnement homog\u00e8ne entre les deux langues officielles parl\u00e9es dans les \u00e9tablissements de l&rsquo;Etat, et de transcender le regard des pairs parmi les cadres, le RENECAT demande l&rsquo;application du bilinguisme et l&rsquo;am\u00e9lioration du niveau d&rsquo;\u00e9ducation, en contribuant \u00e0 la recherche scientifique.<\/p>\n<p><strong>Pour plus d&rsquo;informations et d&rsquo;analyses sur la <a href=\"https:\/\/www.africa-press.net\/tchad\">Tchad<\/a>, suivez <a href=\"https:\/\/www.africa-press.net\/\">Africa-Press<\/a><\/strong><\/p>\n","protected":false},"excerpt":{"rendered":"<p>Africa-Press &#8211; Tchad. Le Conseil g\u00e9n\u00e9ral constitutif de la r\u00e9f\u00e9rence nationale des cadres du Tchad (RENECAT) a organis\u00e9 un point de presse ce 17 ao\u00fbt 2022, au Palais du 15 janvier, marquant ainsi le d\u00e9but de ses activit\u00e9s. Cette nouvelle entit\u00e9 est une organisation de la soci\u00e9t\u00e9 civile, dot\u00e9e d&rsquo;un statut et d&rsquo;un r\u00e8glement int\u00e9rieur [&hellip;]<\/p>\n","protected":false},"author":82,"featured_media":30740,"comment_status":"open","ping_status":"closed","sticky":false,"template":"","format":"standard","meta":{"footnotes":""},"categories":[5,11,10],"tags":[37,292,29],"class_list":["post-30741","post","type-post","status-publish","format-standard","has-post-thumbnail","hentry","category-culture-et-art","category-homepage-french","category-toutes-les-actualites","tag-africa-press","tag-africa-press-tchad","tag-tchad"],"yoast_head":"<!-- This site is optimized with the Yoast SEO Premium plugin v26.1 (Yoast SEO v27.0) - https:\/\/yoast.com\/product\/yoast-seo-premium-wordpress\/ -->\n<title>le RENECAT pr\u00f4ne l&#039;application du bilinguisme et l&#039;am\u00e9lioration du niveau d&#039;\u00e9ducation - tchad<\/title>\n<meta name=\"description\" content=\"Le Conseil g\u00e9n\u00e9ral constitutif de la r\u00e9f\u00e9rence nationale des cadres du Tchad (RENECAT) a organis\u00e9 un point de presse ce ...\" \/>\n<meta name=\"robots\" content=\"index, follow, max-snippet:-1, max-image-preview:large, max-video-preview:-1\" \/>\n<link rel=\"canonical\" href=\"https:\/\/www.africa-press.net\/tchad\/culture-et-art\/le-renecat-prone-lapplication-du-bilinguisme-et-lamelioration-du-niveau-deducation\" \/>\n<meta property=\"og:locale\" content=\"fr_FR\" \/>\n<meta property=\"og:type\" content=\"article\" \/>\n<meta property=\"og:title\" content=\"le RENECAT pr\u00f4ne l&#039;application du bilinguisme et l&#039;am\u00e9lioration du niveau d&#039;\u00e9ducation\" \/>\n<meta property=\"og:description\" content=\"Le Conseil g\u00e9n\u00e9ral constitutif de la r\u00e9f\u00e9rence nationale des cadres du Tchad (RENECAT) a organis\u00e9 un point de presse ce ...\" \/>\n<meta property=\"og:url\" content=\"https:\/\/www.africa-press.net\/tchad\/culture-et-art\/le-renecat-prone-lapplication-du-bilinguisme-et-lamelioration-du-niveau-deducation\" \/>\n<meta property=\"og:site_name\" content=\"tchad\" \/>\n<meta property=\"article:published_time\" content=\"2022-08-17T17:16:15+00:00\" \/>\n<meta property=\"article:modified_time\" content=\"2022-08-17T17:48:15+00:00\" \/>\n<meta property=\"og:image\" content=\"https:\/\/static.africa-press.net\/tchad\/sites\/41\/2022\/08\/postQueueImg_54.jpg\" \/>\n\t<meta property=\"og:image:width\" content=\"1000\" \/>\n\t<meta property=\"og:image:height\" content=\"734\" \/>\n\t<meta property=\"og:image:type\" content=\"image\/jpeg\" \/>\n<meta name=\"author\" content=\"cfeditorfr\" \/>\n<meta name=\"twitter:card\" content=\"summary_large_image\" \/>\n<meta name=\"twitter:label1\" content=\"\u00c9crit par\" \/>\n\t<meta name=\"twitter:data1\" content=\"cfeditorfr\" \/>\n\t<meta name=\"twitter:label2\" content=\"Dur\u00e9e de lecture estim\u00e9e\" \/>\n\t<meta name=\"twitter:data2\" content=\"1 minute\" \/>\n<script type=\"application\/ld+json\" class=\"yoast-schema-graph\">{\"@context\":\"https:\/\/schema.org\",\"@graph\":[{\"@type\":\"Article\",\"@id\":\"https:\/\/www.africa-press.net\/tchad\/culture-et-art\/le-renecat-prone-lapplication-du-bilinguisme-et-lamelioration-du-niveau-deducation#article\",\"isPartOf\":{\"@id\":\"https:\/\/www.africa-press.net\/tchad\/culture-et-art\/le-renecat-prone-lapplication-du-bilinguisme-et-lamelioration-du-niveau-deducation\"},\"author\":{\"name\":\"cfeditorfr\",\"@id\":\"https:\/\/www.africa-press.net\/tchad\/#\/schema\/person\/2b1cf3cd81a31e3cd26889ca66d677f1\"},\"headline\":\"le RENECAT pr\u00f4ne l&rsquo;application du bilinguisme et l&rsquo;am\u00e9lioration du niveau d&rsquo;\u00e9ducation\",\"datePublished\":\"2022-08-17T17:16:15+00:00\",\"dateModified\":\"2022-08-17T17:48:15+00:00\",\"mainEntityOfPage\":{\"@id\":\"https:\/\/www.africa-press.net\/tchad\/culture-et-art\/le-renecat-prone-lapplication-du-bilinguisme-et-lamelioration-du-niveau-deducation\"},\"wordCount\":196,\"commentCount\":0,\"image\":{\"@id\":\"https:\/\/www.africa-press.net\/tchad\/culture-et-art\/le-renecat-prone-lapplication-du-bilinguisme-et-lamelioration-du-niveau-deducation#primaryimage\"},\"thumbnailUrl\":\"https:\/\/static.africa-press.net\/tchad\/sites\/41\/2022\/08\/postQueueImg_54.jpg\",\"keywords\":[\"Africa Press\",\"Africa Press-Tchad\",\"Tchad\"],\"articleSection\":[\"Culture et Art\",\"homepage-french\",\"Toutes les actualit\u00e9s\"],\"inLanguage\":\"fr-FR\",\"potentialAction\":[{\"@type\":\"CommentAction\",\"name\":\"Comment\",\"target\":[\"https:\/\/www.africa-press.net\/tchad\/culture-et-art\/le-renecat-prone-lapplication-du-bilinguisme-et-lamelioration-du-niveau-deducation#respond\"]}]},{\"@type\":\"WebPage\",\"@id\":\"https:\/\/www.africa-press.net\/tchad\/culture-et-art\/le-renecat-prone-lapplication-du-bilinguisme-et-lamelioration-du-niveau-deducation\",\"url\":\"https:\/\/www.africa-press.net\/tchad\/culture-et-art\/le-renecat-prone-lapplication-du-bilinguisme-et-lamelioration-du-niveau-deducation\",\"name\":\"le RENECAT pr\u00f4ne l'application du bilinguisme et l'am\u00e9lioration du niveau d'\u00e9ducation - tchad\",\"isPartOf\":{\"@id\":\"https:\/\/www.africa-press.net\/tchad\/#website\"},\"primaryImageOfPage\":{\"@id\":\"https:\/\/www.africa-press.net\/tchad\/culture-et-art\/le-renecat-prone-lapplication-du-bilinguisme-et-lamelioration-du-niveau-deducation#primaryimage\"},\"image\":{\"@id\":\"https:\/\/www.africa-press.net\/tchad\/culture-et-art\/le-renecat-prone-lapplication-du-bilinguisme-et-lamelioration-du-niveau-deducation#primaryimage\"},\"thumbnailUrl\":\"https:\/\/static.africa-press.net\/tchad\/sites\/41\/2022\/08\/postQueueImg_54.jpg\",\"datePublished\":\"2022-08-17T17:16:15+00:00\",\"dateModified\":\"2022-08-17T17:48:15+00:00\",\"author\":{\"@id\":\"https:\/\/www.africa-press.net\/tchad\/#\/schema\/person\/2b1cf3cd81a31e3cd26889ca66d677f1\"},\"description\":\"Le Conseil g\u00e9n\u00e9ral constitutif de la r\u00e9f\u00e9rence nationale des cadres du Tchad (RENECAT) a organis\u00e9 un point de presse ce ...\",\"breadcrumb\":{\"@id\":\"https:\/\/www.africa-press.net\/tchad\/culture-et-art\/le-renecat-prone-lapplication-du-bilinguisme-et-lamelioration-du-niveau-deducation#breadcrumb\"},\"inLanguage\":\"fr-FR\",\"potentialAction\":[{\"@type\":\"ReadAction\",\"target\":[\"https:\/\/www.africa-press.net\/tchad\/culture-et-art\/le-renecat-prone-lapplication-du-bilinguisme-et-lamelioration-du-niveau-deducation\"]}]},{\"@type\":\"ImageObject\",\"inLanguage\":\"fr-FR\",\"@id\":\"https:\/\/www.africa-press.net\/tchad\/culture-et-art\/le-renecat-prone-lapplication-du-bilinguisme-et-lamelioration-du-niveau-deducation#primaryimage\",\"url\":\"https:\/\/static.africa-press.net\/tchad\/sites\/41\/2022\/08\/postQueueImg_54.jpg\",\"contentUrl\":\"https:\/\/static.africa-press.net\/tchad\/sites\/41\/2022\/08\/postQueueImg_54.jpg\",\"width\":1000,\"height\":734,\"caption\":\"le RENECAT pr\u00f4ne l'application du bilinguisme et l'am\u00e9lioration du niveau d'\u00e9ducation\"},{\"@type\":\"BreadcrumbList\",\"@id\":\"https:\/\/www.africa-press.net\/tchad\/culture-et-art\/le-renecat-prone-lapplication-du-bilinguisme-et-lamelioration-du-niveau-deducation#breadcrumb\",\"itemListElement\":[{\"@type\":\"ListItem\",\"position\":1,\"name\":\"Accueil\",\"item\":\"https:\/\/www.africa-press.net\/tchad\/\"},{\"@type\":\"ListItem\",\"position\":2,\"name\":\"le RENECAT pr\u00f4ne l&#8217;application du bilinguisme et l&#8217;am\u00e9lioration du niveau d&#8217;\u00e9ducation\"}]},{\"@type\":\"WebSite\",\"@id\":\"https:\/\/www.africa-press.net\/tchad\/#website\",\"url\":\"https:\/\/www.africa-press.net\/tchad\/\",\"name\":\"tchad\",\"description\":\"Just another Africa News Agency Sites site\",\"potentialAction\":[{\"@type\":\"SearchAction\",\"target\":{\"@type\":\"EntryPoint\",\"urlTemplate\":\"https:\/\/www.africa-press.net\/tchad\/?s={search_term_string}\"},\"query-input\":{\"@type\":\"PropertyValueSpecification\",\"valueRequired\":true,\"valueName\":\"search_term_string\"}}],\"inLanguage\":\"fr-FR\"},{\"@type\":\"Person\",\"@id\":\"https:\/\/www.africa-press.net\/tchad\/#\/schema\/person\/2b1cf3cd81a31e3cd26889ca66d677f1\",\"name\":\"cfeditorfr\"}]}<\/script>\n<!-- \/ Yoast SEO Premium plugin. -->","yoast_head_json":{"title":"le RENECAT pr\u00f4ne l'application du bilinguisme et l'am\u00e9lioration du niveau d'\u00e9ducation - tchad","description":"Le Conseil g\u00e9n\u00e9ral constitutif de la r\u00e9f\u00e9rence nationale des cadres du Tchad (RENECAT) a organis\u00e9 un point de presse ce ...","robots":{"index":"index","follow":"follow","max-snippet":"max-snippet:-1","max-image-preview":"max-image-preview:large","max-video-preview":"max-video-preview:-1"},"canonical":"https:\/\/www.africa-press.net\/tchad\/culture-et-art\/le-renecat-prone-lapplication-du-bilinguisme-et-lamelioration-du-niveau-deducation","og_locale":"fr_FR","og_type":"article","og_title":"le RENECAT pr\u00f4ne l'application du bilinguisme et l'am\u00e9lioration du niveau d'\u00e9ducation","og_description":"Le Conseil g\u00e9n\u00e9ral constitutif de la r\u00e9f\u00e9rence nationale des cadres du Tchad (RENECAT) a organis\u00e9 un point de presse ce ...","og_url":"https:\/\/www.africa-press.net\/tchad\/culture-et-art\/le-renecat-prone-lapplication-du-bilinguisme-et-lamelioration-du-niveau-deducation","og_site_name":"tchad","article_published_time":"2022-08-17T17:16:15+00:00","article_modified_time":"2022-08-17T17:48:15+00:00","og_image":[{"width":1000,"height":734,"url":"https:\/\/static.africa-press.net\/tchad\/sites\/41\/2022\/08\/postQueueImg_54.jpg","type":"image\/jpeg"}],"author":"cfeditorfr","twitter_card":"summary_large_image","twitter_misc":{"\u00c9crit par":"cfeditorfr","Dur\u00e9e de lecture estim\u00e9e":"1 minute"},"schema":{"@context":"https:\/\/schema.org","@graph":[{"@type":"Article","@id":"https:\/\/www.africa-press.net\/tchad\/culture-et-art\/le-renecat-prone-lapplication-du-bilinguisme-et-lamelioration-du-niveau-deducation#article","isPartOf":{"@id":"https:\/\/www.africa-press.net\/tchad\/culture-et-art\/le-renecat-prone-lapplication-du-bilinguisme-et-lamelioration-du-niveau-deducation"},"author":{"name":"cfeditorfr","@id":"https:\/\/www.africa-press.net\/tchad\/#\/schema\/person\/2b1cf3cd81a31e3cd26889ca66d677f1"},"headline":"le RENECAT pr\u00f4ne l&rsquo;application du bilinguisme et l&rsquo;am\u00e9lioration du niveau d&rsquo;\u00e9ducation","datePublished":"2022-08-17T17:16:15+00:00","dateModified":"2022-08-17T17:48:15+00:00","mainEntityOfPage":{"@id":"https:\/\/www.africa-press.net\/tchad\/culture-et-art\/le-renecat-prone-lapplication-du-bilinguisme-et-lamelioration-du-niveau-deducation"},"wordCount":196,"commentCount":0,"image":{"@id":"https:\/\/www.africa-press.net\/tchad\/culture-et-art\/le-renecat-prone-lapplication-du-bilinguisme-et-lamelioration-du-niveau-deducation#primaryimage"},"thumbnailUrl":"https:\/\/static.africa-press.net\/tchad\/sites\/41\/2022\/08\/postQueueImg_54.jpg","keywords":["Africa Press","Africa Press-Tchad","Tchad"],"articleSection":["Culture et Art","homepage-french","Toutes les actualit\u00e9s"],"inLanguage":"fr-FR","potentialAction":[{"@type":"CommentAction","name":"Comment","target":["https:\/\/www.africa-press.net\/tchad\/culture-et-art\/le-renecat-prone-lapplication-du-bilinguisme-et-lamelioration-du-niveau-deducation#respond"]}]},{"@type":"WebPage","@id":"https:\/\/www.africa-press.net\/tchad\/culture-et-art\/le-renecat-prone-lapplication-du-bilinguisme-et-lamelioration-du-niveau-deducation","url":"https:\/\/www.africa-press.net\/tchad\/culture-et-art\/le-renecat-prone-lapplication-du-bilinguisme-et-lamelioration-du-niveau-deducation","name":"le RENECAT pr\u00f4ne l'application du bilinguisme et l'am\u00e9lioration du niveau d'\u00e9ducation - tchad","isPartOf":{"@id":"https:\/\/www.africa-press.net\/tchad\/#website"},"primaryImageOfPage":{"@id":"https:\/\/www.africa-press.net\/tchad\/culture-et-art\/le-renecat-prone-lapplication-du-bilinguisme-et-lamelioration-du-niveau-deducation#primaryimage"},"image":{"@id":"https:\/\/www.africa-press.net\/tchad\/culture-et-art\/le-renecat-prone-lapplication-du-bilinguisme-et-lamelioration-du-niveau-deducation#primaryimage"},"thumbnailUrl":"https:\/\/static.africa-press.net\/tchad\/sites\/41\/2022\/08\/postQueueImg_54.jpg","datePublished":"2022-08-17T17:16:15+00:00","dateModified":"2022-08-17T17:48:15+00:00","author":{"@id":"https:\/\/www.africa-press.net\/tchad\/#\/schema\/person\/2b1cf3cd81a31e3cd26889ca66d677f1"},"description":"Le Conseil g\u00e9n\u00e9ral constitutif de la r\u00e9f\u00e9rence nationale des cadres du Tchad (RENECAT) a organis\u00e9 un point de presse ce ...","breadcrumb":{"@id":"https:\/\/www.africa-press.net\/tchad\/culture-et-art\/le-renecat-prone-lapplication-du-bilinguisme-et-lamelioration-du-niveau-deducation#breadcrumb"},"inLanguage":"fr-FR","potentialAction":[{"@type":"ReadAction","target":["https:\/\/www.africa-press.net\/tchad\/culture-et-art\/le-renecat-prone-lapplication-du-bilinguisme-et-lamelioration-du-niveau-deducation"]}]},{"@type":"ImageObject","inLanguage":"fr-FR","@id":"https:\/\/www.africa-press.net\/tchad\/culture-et-art\/le-renecat-prone-lapplication-du-bilinguisme-et-lamelioration-du-niveau-deducation#primaryimage","url":"https:\/\/static.africa-press.net\/tchad\/sites\/41\/2022\/08\/postQueueImg_54.jpg","contentUrl":"https:\/\/static.africa-press.net\/tchad\/sites\/41\/2022\/08\/postQueueImg_54.jpg","width":1000,"height":734,"caption":"le RENECAT pr\u00f4ne l'application du bilinguisme et l'am\u00e9lioration du niveau d'\u00e9ducation"},{"@type":"BreadcrumbList","@id":"https:\/\/www.africa-press.net\/tchad\/culture-et-art\/le-renecat-prone-lapplication-du-bilinguisme-et-lamelioration-du-niveau-deducation#breadcrumb","itemListElement":[{"@type":"ListItem","position":1,"name":"Accueil","item":"https:\/\/www.africa-press.net\/tchad\/"},{"@type":"ListItem","position":2,"name":"le RENECAT pr\u00f4ne l&#8217;application du bilinguisme et l&#8217;am\u00e9lioration du niveau d&#8217;\u00e9ducation"}]},{"@type":"WebSite","@id":"https:\/\/www.africa-press.net\/tchad\/#website","url":"https:\/\/www.africa-press.net\/tchad\/","name":"tchad","description":"Just another Africa News Agency Sites site","potentialAction":[{"@type":"SearchAction","target":{"@type":"EntryPoint","urlTemplate":"https:\/\/www.africa-press.net\/tchad\/?s={search_term_string}"},"query-input":{"@type":"PropertyValueSpecification","valueRequired":true,"valueName":"search_term_string"}}],"inLanguage":"fr-FR"},{"@type":"Person","@id":"https:\/\/www.africa-press.net\/tchad\/#\/schema\/person\/2b1cf3cd81a31e3cd26889ca66d677f1","name":"cfeditorfr"}]}},"_links":{"self":[{"href":"https:\/\/www.africa-press.net\/tchad\/wp-json\/wp\/v2\/posts\/30741","targetHints":{"allow":["GET"]}}],"collection":[{"href":"https:\/\/www.africa-press.net\/tchad\/wp-json\/wp\/v2\/posts"}],"about":[{"href":"https:\/\/www.africa-press.net\/tchad\/wp-json\/wp\/v2\/types\/post"}],"author":[{"embeddable":true,"href":"https:\/\/www.africa-press.net\/tchad\/wp-json\/wp\/v2\/users\/82"}],"replies":[{"embeddable":true,"href":"https:\/\/www.africa-press.net\/tchad\/wp-json\/wp\/v2\/comments?post=30741"}],"version-history":[{"count":0,"href":"https:\/\/www.africa-press.net\/tchad\/wp-json\/wp\/v2\/posts\/30741\/revisions"}],"wp:featuredmedia":[{"embeddable":true,"href":"https:\/\/www.africa-press.net\/tchad\/wp-json\/wp\/v2\/media\/30740"}],"wp:attachment":[{"href":"https:\/\/www.africa-press.net\/tchad\/wp-json\/wp\/v2\/media?parent=30741"}],"wp:term":[{"taxonomy":"category","embeddable":true,"href":"https:\/\/www.africa-press.net\/tchad\/wp-json\/wp\/v2\/categories?post=30741"},{"taxonomy":"post_tag","embeddable":true,"href":"https:\/\/www.africa-press.net\/tchad\/wp-json\/wp\/v2\/tags?post=30741"}],"curies":[{"name":"wp","href":"https:\/\/api.w.org\/{rel}","templated":true}]}}