{"id":30747,"date":"2022-08-18T09:44:19","date_gmt":"2022-08-18T09:44:19","guid":{"rendered":"https:\/\/www.africa-press.net\/tchad\/politique\/lesperance-de-vie-bondit-de-pres-de-dix-ans-en-afrique"},"modified":"2022-08-18T09:56:13","modified_gmt":"2022-08-18T09:56:13","slug":"lesperance-de-vie-bondit-de-pres-de-dix-ans-en-afrique","status":"publish","type":"post","link":"https:\/\/www.africa-press.net\/tchad\/dossiers\/lesperance-de-vie-bondit-de-pres-de-dix-ans-en-afrique","title":{"rendered":"L\u2019esp\u00e9rance de vie bondit de pr\u00e8s de dix ans en Afrique"},"content":{"rendered":"<p><span style=\"color: #ff6600\"><strong>Africa-Press &#8211; Tchad. <\/strong><\/span>Les Africains vivent en moyenne dix ans de plus \u00ab en bonne sant\u00e9 \u00bb qu&rsquo;il y a une dizaine d&rsquo;ann\u00e9es. C&rsquo;est une r\u00e9cente \u00e9tude de l&rsquo;Organisation mondiale de la sant\u00e9 qui dresse ce constat. Ainsi, entre 2000 et 2019, l&rsquo;esp\u00e9rance de vie \u00ab en bonne sant\u00e9 \u00bb, c&rsquo;est-\u00e0-dire le nombre d&rsquo;ann\u00e9es pendant lesquelles un individu est en bon \u00e9tat de sant\u00e9 \u2013 \u00e0 diff\u00e9rencier de l&rsquo;esp\u00e9rance de vie globale \u2013, est pass\u00e9e de 47 \u00e0 56 ans contre 64 ans pour la moyenne mondiale.<\/p>\n<p>Cependant, d&rsquo;immenses disparit\u00e9s perdurent selon les r\u00e9gions et surtout l&rsquo;impact de la pand\u00e9mie de Covid-19 pourrait menacer ces \u00ab gains importants \u00bb, avertit l&rsquo;OMS. Mais, alors, comment expliquer une telle augmentation de l&rsquo;esp\u00e9rance de vie en seulement dix ans ?<\/p>\n<p><b>Une couverture sanitaire de 46 % en 2019, contre 24 % en 2000<\/b><\/p>\n<p>Ce bond de g\u00e9ant du continent africain sur cet indicateur s&rsquo;explique principalement par les progr\u00e8s r\u00e9alis\u00e9s dans l&rsquo;acc\u00e8s aux services de sant\u00e9 de base. En dix ans, ce chiffre a doubl\u00e9, passant de 24 % en 2000 \u00e0 46 % en 2019, selon le \u00ab Suivi de la couverture sanitaire universelle dans la r\u00e9gion africaine \u00bb de l&rsquo;OMS. Des donn\u00e9es qui font dire \u00e0 Matshidiso Moeti, directrice r\u00e9gionale de l&rsquo;OMS pour l&rsquo;Afrique, que, \u00ab la forte augmentation de l&rsquo;esp\u00e9rance de vie en bonne sant\u00e9 au cours des deux derni\u00e8res d\u00e9cennies t\u00e9moigne de la volont\u00e9 de la r\u00e9gion d&rsquo;am\u00e9liorer la sant\u00e9 et le bien-\u00eatre de la population \u00bb.<\/p>\n<p>L&rsquo;am\u00e9lioration de la prestation des services de sant\u00e9 essentiels, les progr\u00e8s en mati\u00e8re de sant\u00e9 reproductive, maternelle, n\u00e9onatale et infantile, figurent parmi les facteurs qui ont contribu\u00e9 \u00e0 prolonger cette esp\u00e9rance de vie en Afrique subsaharienne, selon l&rsquo;OMS. L&rsquo;agence onusienne met \u00e9galement en exergue les avanc\u00e9es dans la lutte contre les maladies infectieuses, gr\u00e2ce \u00e0 l&rsquo;intensification rapide des mesures de lutte contre le VIH, la tuberculose et le paludisme \u00e0 partir de 2005. \u00ab Fondamentalement, cela signifie que davantage de personnes vivent en meilleure sant\u00e9, plus longtemps, avec moins de menaces de maladies infectieuses et un meilleur acc\u00e8s aux services de soins et de pr\u00e9vention des maladies \u00bb, a ajout\u00e9 la docteur Moeti.<\/p>\n<p><b>D&rsquo;\u00e9normes disparit\u00e9s<\/b><\/p>\n<p>Concr\u00e8tement, par r\u00e9gion, l&rsquo;Afrique du Nord arrive en t\u00eate avec la Tunisie, l&rsquo;Alg\u00e9rie et le Maroc, qui ont, en effet, l&rsquo;esp\u00e9rance de vie la plus forte en Afrique avec une moyenne de 63 ans en bonne sant\u00e9 et de 76 ans globalement. Ils sont au total 12 pays \u00e0 figurer dans une shortlist des pays o\u00f9 l&rsquo;esp\u00e9rance de vie est la plus forte.<\/p>\n<p>Tandis que l&rsquo;Afrique centrale, australe et de l&rsquo;Ouest reste \u00e0 la tra\u00eene, avec respectivement 54, 55 et 56 ans d&rsquo;esp\u00e9rance de vie en bonne sant\u00e9, c&rsquo;est l&rsquo;Afrique de l&rsquo;Est et les huit pays de l&rsquo;Igad qui vont de la Somalie au Kenya qui enregistrent les scores les plus impressionnants. Dans ces pays, l&rsquo;esp\u00e9rance de vie en \u00ab bonne sant\u00e9 \u00bb se situait \u00e0 43 ans dans les ann\u00e9es 2000. Aujourd&rsquo;hui, c&rsquo;est 57 et 58 ans. Il faut souligner que, durant cette derni\u00e8re d\u00e9cennie, l&rsquo;Afrique de l&rsquo;Est a, il est vrai, connu une croissance rapide. Entre 2013 et 2017, elle s&rsquo;\u00e9tablit \u00e0 6,7 % en moyenne. Soit le double du chiffre rattach\u00e9 \u00e0 tout le continent, sur la m\u00eame p\u00e9riode.<\/p>\n<p>Les pays en conflit, pauvres ou encore qui n&rsquo;investissent pas dans la sant\u00e9 restent sans surprise en queue de peloton. Parmi eux, la Centrafrique, o\u00f9 on ne vit en moyenne que 53 ans, le Tchad, le Lesotho ou encore le Nigeria, qui a vu sa situation se d\u00e9grader du fait des in\u00e9galit\u00e9s sociales, des tensions s\u00e9curitaires ou encore \u00e0 cause de la fuite des cerveaux.<\/p>\n<p>Mais la grande surprise de ce classement, c&rsquo;est la position de la C\u00f4te d&rsquo;Ivoire, o\u00f9 l&rsquo;on ne vit en moyenne que 57 ans, tout comme en Somalie ou au Soudan du Sud, malgr\u00e9 un PIB de 1,5 million CFA par personne, selon la Banque mondiale. Le pays se retrouve ainsi parmi les 12 pays o\u00f9 l&rsquo;esp\u00e9rance de vie est la plus faible. Une contreperformance par rapport \u00e0 un pays voisin comme le S\u00e9n\u00e9gal, qui dispose d&rsquo;un PIB de 1,1 million CFA par habitant, qui fait partie des 12 pays d&rsquo;Afrique o\u00f9 l&rsquo;esp\u00e9rance de vie est la plus forte, avec 68 ans de moyenne d&rsquo;\u00e2ge. Un S\u00e9n\u00e9galais a une esp\u00e9rance de vie de dix ans de plus qu&rsquo;un habitant de la C\u00f4te d&rsquo;Ivoire, et ce, malgr\u00e9 les d\u00e9faillances de l&rsquo;h\u00f4pital public s\u00e9n\u00e9galais et des r\u00e9currents scandales sanitaires qui font les gros titres de la presse. \u00c0 noter qu&rsquo;au S\u00e9n\u00e9gal, l&rsquo;esp\u00e9rance de vie des femmes (70,20 ans) est nettement sup\u00e9rieure \u00e0 celle des hommes (68,01 ans).<\/p>\n<p>Pour les experts, les chiffres de l&rsquo;esp\u00e9rance de vie ne sont pas forc\u00e9ment \u00e0 corr\u00e9ler avec ceux avec le PIB par habitant. C&rsquo;est l&rsquo;investissement dans la sant\u00e9 publique qui ferait la diff\u00e9rence. Il faut savoir que la plupart des gouvernements africains financent moins de 50 % de leurs budgets de sant\u00e9, ce qui se traduit par d&rsquo;importants d\u00e9ficits de financement. Seuls l&rsquo;Afrique du Sud, l&rsquo;Alg\u00e9rie, le Botswana, le Cap-Vert, l&rsquo;Eswatini, le Gabon et les Seychelles financent plus de 50 % de leurs d\u00e9penses totales li\u00e9es \u00e0 la sant\u00e9. \u00ab L&rsquo;exp\u00e9rience du Covid-19 nous a fait r\u00e9aliser combien l&rsquo;investissement dans la sant\u00e9 est important pour la s\u00e9curit\u00e9 d&rsquo;un pays. Une Afrique capable de faire face aux pand\u00e9mies et aux autres menaces sanitaires est une Afrique o\u00f9 prosp\u00e8rent les \u00e9conomies et les populations. J&rsquo;invite vivement les gouvernements \u00e0 investir dans la sant\u00e9 et \u00e0 attaquer de front la prochaine menace pathog\u00e8ne \u00bb, a soulign\u00e9 Matshidiso Moeti.<\/p>\n<p><strong>Pour plus d&rsquo;informations et d&rsquo;analyses sur la <a href=\"https:\/\/www.africa-press.net\/tchad\">Tchad<\/a>, suivez <a href=\"https:\/\/www.africa-press.net\/\">Africa-Press<\/a><\/strong><\/p>\n","protected":false},"excerpt":{"rendered":"<p>Africa-Press &#8211; Tchad. Les Africains vivent en moyenne dix ans de plus \u00ab en bonne sant\u00e9 \u00bb qu&rsquo;il y a une dizaine d&rsquo;ann\u00e9es. C&rsquo;est une r\u00e9cente \u00e9tude de l&rsquo;Organisation mondiale de la sant\u00e9 qui dresse ce constat. Ainsi, entre 2000 et 2019, l&rsquo;esp\u00e9rance de vie \u00ab en bonne sant\u00e9 \u00bb, c&rsquo;est-\u00e0-dire le nombre d&rsquo;ann\u00e9es pendant [&hellip;]<\/p>\n","protected":false},"author":82,"featured_media":30746,"comment_status":"open","ping_status":"closed","sticky":false,"template":"","format":"standard","meta":{"footnotes":""},"categories":[7,11,10],"tags":[37,292,29],"class_list":["post-30747","post","type-post","status-publish","format-standard","has-post-thumbnail","hentry","category-dossiers","category-homepage-french","category-toutes-les-actualites","tag-africa-press","tag-africa-press-tchad","tag-tchad"],"yoast_head":"<!-- This site is optimized with the Yoast SEO Premium plugin v26.1 (Yoast SEO v27.0) - https:\/\/yoast.com\/product\/yoast-seo-premium-wordpress\/ -->\n<title>L\u2019esp\u00e9rance de vie bondit de pr\u00e8s de dix ans en Afrique - tchad<\/title>\n<meta name=\"description\" content=\"Les Africains vivent en moyenne dix ans de plus \u00ab en bonne sant\u00e9 \u00bb qu&#039;il y a une dizaine d&#039;ann\u00e9es. C&#039;est une r\u00e9cente \u00e9tu ...\" \/>\n<meta name=\"robots\" content=\"index, follow, max-snippet:-1, max-image-preview:large, max-video-preview:-1\" \/>\n<link rel=\"canonical\" href=\"https:\/\/www.africa-press.net\/tchad\/dossiers\/lesperance-de-vie-bondit-de-pres-de-dix-ans-en-afrique\" \/>\n<meta property=\"og:locale\" content=\"fr_FR\" \/>\n<meta property=\"og:type\" content=\"article\" \/>\n<meta property=\"og:title\" content=\"L\u2019esp\u00e9rance de vie bondit de pr\u00e8s de dix ans en Afrique\" \/>\n<meta property=\"og:description\" content=\"Les Africains vivent en moyenne dix ans de plus \u00ab en bonne sant\u00e9 \u00bb qu&#039;il y a une dizaine d&#039;ann\u00e9es. C&#039;est une r\u00e9cente \u00e9tu ...\" \/>\n<meta property=\"og:url\" content=\"https:\/\/www.africa-press.net\/tchad\/dossiers\/lesperance-de-vie-bondit-de-pres-de-dix-ans-en-afrique\" \/>\n<meta property=\"og:site_name\" content=\"tchad\" \/>\n<meta property=\"article:published_time\" content=\"2022-08-18T09:44:19+00:00\" \/>\n<meta property=\"article:modified_time\" content=\"2022-08-18T09:56:13+00:00\" \/>\n<meta property=\"og:image\" content=\"https:\/\/static.africa-press.net\/tchad\/sites\/41\/2022\/08\/postQueueImg_2-62fe0ca6ec798.jpg\" \/>\n\t<meta property=\"og:image:width\" content=\"1656\" \/>\n\t<meta property=\"og:image:height\" content=\"1060\" \/>\n\t<meta property=\"og:image:type\" content=\"image\/jpeg\" \/>\n<meta name=\"author\" content=\"cfeditorfr\" \/>\n<meta name=\"twitter:card\" content=\"summary_large_image\" \/>\n<meta name=\"twitter:label1\" content=\"\u00c9crit par\" \/>\n\t<meta name=\"twitter:data1\" content=\"cfeditorfr\" \/>\n\t<meta name=\"twitter:label2\" content=\"Dur\u00e9e de lecture estim\u00e9e\" \/>\n\t<meta name=\"twitter:data2\" content=\"5 minutes\" \/>\n<script type=\"application\/ld+json\" class=\"yoast-schema-graph\">{\"@context\":\"https:\/\/schema.org\",\"@graph\":[{\"@type\":\"Article\",\"@id\":\"https:\/\/www.africa-press.net\/tchad\/dossiers\/lesperance-de-vie-bondit-de-pres-de-dix-ans-en-afrique#article\",\"isPartOf\":{\"@id\":\"https:\/\/www.africa-press.net\/tchad\/dossiers\/lesperance-de-vie-bondit-de-pres-de-dix-ans-en-afrique\"},\"author\":{\"name\":\"cfeditorfr\",\"@id\":\"https:\/\/www.africa-press.net\/tchad\/#\/schema\/person\/2b1cf3cd81a31e3cd26889ca66d677f1\"},\"headline\":\"L\u2019esp\u00e9rance de vie bondit de pr\u00e8s de dix ans en Afrique\",\"datePublished\":\"2022-08-18T09:44:19+00:00\",\"dateModified\":\"2022-08-18T09:56:13+00:00\",\"mainEntityOfPage\":{\"@id\":\"https:\/\/www.africa-press.net\/tchad\/dossiers\/lesperance-de-vie-bondit-de-pres-de-dix-ans-en-afrique\"},\"wordCount\":1022,\"commentCount\":0,\"image\":{\"@id\":\"https:\/\/www.africa-press.net\/tchad\/dossiers\/lesperance-de-vie-bondit-de-pres-de-dix-ans-en-afrique#primaryimage\"},\"thumbnailUrl\":\"https:\/\/static.africa-press.net\/tchad\/sites\/41\/2022\/08\/postQueueImg_2-62fe0ca6ec798.jpg\",\"keywords\":[\"Africa Press\",\"Africa Press-Tchad\",\"Tchad\"],\"articleSection\":[\"Dossiers\",\"homepage-french\",\"Toutes les actualit\u00e9s\"],\"inLanguage\":\"fr-FR\",\"potentialAction\":[{\"@type\":\"CommentAction\",\"name\":\"Comment\",\"target\":[\"https:\/\/www.africa-press.net\/tchad\/dossiers\/lesperance-de-vie-bondit-de-pres-de-dix-ans-en-afrique#respond\"]}]},{\"@type\":\"WebPage\",\"@id\":\"https:\/\/www.africa-press.net\/tchad\/dossiers\/lesperance-de-vie-bondit-de-pres-de-dix-ans-en-afrique\",\"url\":\"https:\/\/www.africa-press.net\/tchad\/dossiers\/lesperance-de-vie-bondit-de-pres-de-dix-ans-en-afrique\",\"name\":\"L\u2019esp\u00e9rance de vie bondit de pr\u00e8s de dix ans en Afrique - tchad\",\"isPartOf\":{\"@id\":\"https:\/\/www.africa-press.net\/tchad\/#website\"},\"primaryImageOfPage\":{\"@id\":\"https:\/\/www.africa-press.net\/tchad\/dossiers\/lesperance-de-vie-bondit-de-pres-de-dix-ans-en-afrique#primaryimage\"},\"image\":{\"@id\":\"https:\/\/www.africa-press.net\/tchad\/dossiers\/lesperance-de-vie-bondit-de-pres-de-dix-ans-en-afrique#primaryimage\"},\"thumbnailUrl\":\"https:\/\/static.africa-press.net\/tchad\/sites\/41\/2022\/08\/postQueueImg_2-62fe0ca6ec798.jpg\",\"datePublished\":\"2022-08-18T09:44:19+00:00\",\"dateModified\":\"2022-08-18T09:56:13+00:00\",\"author\":{\"@id\":\"https:\/\/www.africa-press.net\/tchad\/#\/schema\/person\/2b1cf3cd81a31e3cd26889ca66d677f1\"},\"description\":\"Les Africains vivent en moyenne dix ans de plus \u00ab en bonne sant\u00e9 \u00bb qu'il y a une dizaine d'ann\u00e9es. C'est une r\u00e9cente \u00e9tu ...\",\"breadcrumb\":{\"@id\":\"https:\/\/www.africa-press.net\/tchad\/dossiers\/lesperance-de-vie-bondit-de-pres-de-dix-ans-en-afrique#breadcrumb\"},\"inLanguage\":\"fr-FR\",\"potentialAction\":[{\"@type\":\"ReadAction\",\"target\":[\"https:\/\/www.africa-press.net\/tchad\/dossiers\/lesperance-de-vie-bondit-de-pres-de-dix-ans-en-afrique\"]}]},{\"@type\":\"ImageObject\",\"inLanguage\":\"fr-FR\",\"@id\":\"https:\/\/www.africa-press.net\/tchad\/dossiers\/lesperance-de-vie-bondit-de-pres-de-dix-ans-en-afrique#primaryimage\",\"url\":\"https:\/\/static.africa-press.net\/tchad\/sites\/41\/2022\/08\/postQueueImg_2-62fe0ca6ec798.jpg\",\"contentUrl\":\"https:\/\/static.africa-press.net\/tchad\/sites\/41\/2022\/08\/postQueueImg_2-62fe0ca6ec798.jpg\",\"width\":1656,\"height\":1060,\"caption\":\"L\u2019esp\u00e9rance de vie bondit de pr\u00e8s de dix ans en Afrique\"},{\"@type\":\"BreadcrumbList\",\"@id\":\"https:\/\/www.africa-press.net\/tchad\/dossiers\/lesperance-de-vie-bondit-de-pres-de-dix-ans-en-afrique#breadcrumb\",\"itemListElement\":[{\"@type\":\"ListItem\",\"position\":1,\"name\":\"Accueil\",\"item\":\"https:\/\/www.africa-press.net\/tchad\/\"},{\"@type\":\"ListItem\",\"position\":2,\"name\":\"L\u2019esp\u00e9rance de vie bondit de pr\u00e8s de dix ans en Afrique\"}]},{\"@type\":\"WebSite\",\"@id\":\"https:\/\/www.africa-press.net\/tchad\/#website\",\"url\":\"https:\/\/www.africa-press.net\/tchad\/\",\"name\":\"tchad\",\"description\":\"Just another Africa News Agency Sites site\",\"potentialAction\":[{\"@type\":\"SearchAction\",\"target\":{\"@type\":\"EntryPoint\",\"urlTemplate\":\"https:\/\/www.africa-press.net\/tchad\/?s={search_term_string}\"},\"query-input\":{\"@type\":\"PropertyValueSpecification\",\"valueRequired\":true,\"valueName\":\"search_term_string\"}}],\"inLanguage\":\"fr-FR\"},{\"@type\":\"Person\",\"@id\":\"https:\/\/www.africa-press.net\/tchad\/#\/schema\/person\/2b1cf3cd81a31e3cd26889ca66d677f1\",\"name\":\"cfeditorfr\"}]}<\/script>\n<!-- \/ Yoast SEO Premium plugin. -->","yoast_head_json":{"title":"L\u2019esp\u00e9rance de vie bondit de pr\u00e8s de dix ans en Afrique - tchad","description":"Les Africains vivent en moyenne dix ans de plus \u00ab en bonne sant\u00e9 \u00bb qu'il y a une dizaine d'ann\u00e9es. C'est une r\u00e9cente \u00e9tu ...","robots":{"index":"index","follow":"follow","max-snippet":"max-snippet:-1","max-image-preview":"max-image-preview:large","max-video-preview":"max-video-preview:-1"},"canonical":"https:\/\/www.africa-press.net\/tchad\/dossiers\/lesperance-de-vie-bondit-de-pres-de-dix-ans-en-afrique","og_locale":"fr_FR","og_type":"article","og_title":"L\u2019esp\u00e9rance de vie bondit de pr\u00e8s de dix ans en Afrique","og_description":"Les Africains vivent en moyenne dix ans de plus \u00ab en bonne sant\u00e9 \u00bb qu'il y a une dizaine d'ann\u00e9es. C'est une r\u00e9cente \u00e9tu ...","og_url":"https:\/\/www.africa-press.net\/tchad\/dossiers\/lesperance-de-vie-bondit-de-pres-de-dix-ans-en-afrique","og_site_name":"tchad","article_published_time":"2022-08-18T09:44:19+00:00","article_modified_time":"2022-08-18T09:56:13+00:00","og_image":[{"width":1656,"height":1060,"url":"https:\/\/static.africa-press.net\/tchad\/sites\/41\/2022\/08\/postQueueImg_2-62fe0ca6ec798.jpg","type":"image\/jpeg"}],"author":"cfeditorfr","twitter_card":"summary_large_image","twitter_misc":{"\u00c9crit par":"cfeditorfr","Dur\u00e9e de lecture estim\u00e9e":"5 minutes"},"schema":{"@context":"https:\/\/schema.org","@graph":[{"@type":"Article","@id":"https:\/\/www.africa-press.net\/tchad\/dossiers\/lesperance-de-vie-bondit-de-pres-de-dix-ans-en-afrique#article","isPartOf":{"@id":"https:\/\/www.africa-press.net\/tchad\/dossiers\/lesperance-de-vie-bondit-de-pres-de-dix-ans-en-afrique"},"author":{"name":"cfeditorfr","@id":"https:\/\/www.africa-press.net\/tchad\/#\/schema\/person\/2b1cf3cd81a31e3cd26889ca66d677f1"},"headline":"L\u2019esp\u00e9rance de vie bondit de pr\u00e8s de dix ans en Afrique","datePublished":"2022-08-18T09:44:19+00:00","dateModified":"2022-08-18T09:56:13+00:00","mainEntityOfPage":{"@id":"https:\/\/www.africa-press.net\/tchad\/dossiers\/lesperance-de-vie-bondit-de-pres-de-dix-ans-en-afrique"},"wordCount":1022,"commentCount":0,"image":{"@id":"https:\/\/www.africa-press.net\/tchad\/dossiers\/lesperance-de-vie-bondit-de-pres-de-dix-ans-en-afrique#primaryimage"},"thumbnailUrl":"https:\/\/static.africa-press.net\/tchad\/sites\/41\/2022\/08\/postQueueImg_2-62fe0ca6ec798.jpg","keywords":["Africa Press","Africa Press-Tchad","Tchad"],"articleSection":["Dossiers","homepage-french","Toutes les actualit\u00e9s"],"inLanguage":"fr-FR","potentialAction":[{"@type":"CommentAction","name":"Comment","target":["https:\/\/www.africa-press.net\/tchad\/dossiers\/lesperance-de-vie-bondit-de-pres-de-dix-ans-en-afrique#respond"]}]},{"@type":"WebPage","@id":"https:\/\/www.africa-press.net\/tchad\/dossiers\/lesperance-de-vie-bondit-de-pres-de-dix-ans-en-afrique","url":"https:\/\/www.africa-press.net\/tchad\/dossiers\/lesperance-de-vie-bondit-de-pres-de-dix-ans-en-afrique","name":"L\u2019esp\u00e9rance de vie bondit de pr\u00e8s de dix ans en Afrique - tchad","isPartOf":{"@id":"https:\/\/www.africa-press.net\/tchad\/#website"},"primaryImageOfPage":{"@id":"https:\/\/www.africa-press.net\/tchad\/dossiers\/lesperance-de-vie-bondit-de-pres-de-dix-ans-en-afrique#primaryimage"},"image":{"@id":"https:\/\/www.africa-press.net\/tchad\/dossiers\/lesperance-de-vie-bondit-de-pres-de-dix-ans-en-afrique#primaryimage"},"thumbnailUrl":"https:\/\/static.africa-press.net\/tchad\/sites\/41\/2022\/08\/postQueueImg_2-62fe0ca6ec798.jpg","datePublished":"2022-08-18T09:44:19+00:00","dateModified":"2022-08-18T09:56:13+00:00","author":{"@id":"https:\/\/www.africa-press.net\/tchad\/#\/schema\/person\/2b1cf3cd81a31e3cd26889ca66d677f1"},"description":"Les Africains vivent en moyenne dix ans de plus \u00ab en bonne sant\u00e9 \u00bb qu'il y a une dizaine d'ann\u00e9es. C'est une r\u00e9cente \u00e9tu ...","breadcrumb":{"@id":"https:\/\/www.africa-press.net\/tchad\/dossiers\/lesperance-de-vie-bondit-de-pres-de-dix-ans-en-afrique#breadcrumb"},"inLanguage":"fr-FR","potentialAction":[{"@type":"ReadAction","target":["https:\/\/www.africa-press.net\/tchad\/dossiers\/lesperance-de-vie-bondit-de-pres-de-dix-ans-en-afrique"]}]},{"@type":"ImageObject","inLanguage":"fr-FR","@id":"https:\/\/www.africa-press.net\/tchad\/dossiers\/lesperance-de-vie-bondit-de-pres-de-dix-ans-en-afrique#primaryimage","url":"https:\/\/static.africa-press.net\/tchad\/sites\/41\/2022\/08\/postQueueImg_2-62fe0ca6ec798.jpg","contentUrl":"https:\/\/static.africa-press.net\/tchad\/sites\/41\/2022\/08\/postQueueImg_2-62fe0ca6ec798.jpg","width":1656,"height":1060,"caption":"L\u2019esp\u00e9rance de vie bondit de pr\u00e8s de dix ans en Afrique"},{"@type":"BreadcrumbList","@id":"https:\/\/www.africa-press.net\/tchad\/dossiers\/lesperance-de-vie-bondit-de-pres-de-dix-ans-en-afrique#breadcrumb","itemListElement":[{"@type":"ListItem","position":1,"name":"Accueil","item":"https:\/\/www.africa-press.net\/tchad\/"},{"@type":"ListItem","position":2,"name":"L\u2019esp\u00e9rance de vie bondit de pr\u00e8s de dix ans en Afrique"}]},{"@type":"WebSite","@id":"https:\/\/www.africa-press.net\/tchad\/#website","url":"https:\/\/www.africa-press.net\/tchad\/","name":"tchad","description":"Just another Africa News Agency Sites site","potentialAction":[{"@type":"SearchAction","target":{"@type":"EntryPoint","urlTemplate":"https:\/\/www.africa-press.net\/tchad\/?s={search_term_string}"},"query-input":{"@type":"PropertyValueSpecification","valueRequired":true,"valueName":"search_term_string"}}],"inLanguage":"fr-FR"},{"@type":"Person","@id":"https:\/\/www.africa-press.net\/tchad\/#\/schema\/person\/2b1cf3cd81a31e3cd26889ca66d677f1","name":"cfeditorfr"}]}},"_links":{"self":[{"href":"https:\/\/www.africa-press.net\/tchad\/wp-json\/wp\/v2\/posts\/30747","targetHints":{"allow":["GET"]}}],"collection":[{"href":"https:\/\/www.africa-press.net\/tchad\/wp-json\/wp\/v2\/posts"}],"about":[{"href":"https:\/\/www.africa-press.net\/tchad\/wp-json\/wp\/v2\/types\/post"}],"author":[{"embeddable":true,"href":"https:\/\/www.africa-press.net\/tchad\/wp-json\/wp\/v2\/users\/82"}],"replies":[{"embeddable":true,"href":"https:\/\/www.africa-press.net\/tchad\/wp-json\/wp\/v2\/comments?post=30747"}],"version-history":[{"count":0,"href":"https:\/\/www.africa-press.net\/tchad\/wp-json\/wp\/v2\/posts\/30747\/revisions"}],"wp:featuredmedia":[{"embeddable":true,"href":"https:\/\/www.africa-press.net\/tchad\/wp-json\/wp\/v2\/media\/30746"}],"wp:attachment":[{"href":"https:\/\/www.africa-press.net\/tchad\/wp-json\/wp\/v2\/media?parent=30747"}],"wp:term":[{"taxonomy":"category","embeddable":true,"href":"https:\/\/www.africa-press.net\/tchad\/wp-json\/wp\/v2\/categories?post=30747"},{"taxonomy":"post_tag","embeddable":true,"href":"https:\/\/www.africa-press.net\/tchad\/wp-json\/wp\/v2\/tags?post=30747"}],"curies":[{"name":"wp","href":"https:\/\/api.w.org\/{rel}","templated":true}]}}