{"id":30771,"date":"2022-08-18T17:24:48","date_gmt":"2022-08-18T17:24:48","guid":{"rendered":"https:\/\/www.africa-press.net\/tchad\/politique\/attaque-au-domicile-du-maire-de-ndjamena-son-avocat-relate-les-faits"},"modified":"2022-08-18T17:53:58","modified_gmt":"2022-08-18T17:53:58","slug":"attaque-au-domicile-du-maire-de-ndjamena-son-avocat-relate-les-faits","status":"publish","type":"post","link":"https:\/\/www.africa-press.net\/tchad\/politique\/attaque-au-domicile-du-maire-de-ndjamena-son-avocat-relate-les-faits","title":{"rendered":"attaque au domicile du maire de N\u2019Djamena, son avocat relate les faits"},"content":{"rendered":"<p><span style=\"color: #ff6600\"><strong>Africa-Press &#8211; Tchad. <\/strong><\/span><b>La r\u00e9sidence du maire de la ville de N\u2019Djamena a \u00e9t\u00e9 attaqu\u00e9e dans la nuit du 17 ao\u00fbt 2022. Son avocat r\u00e9v\u00e8le que c\u2019\u00e9tait une incursion des agents de renseignement g\u00e9n\u00e9raux.<\/b><\/p>\n<p>Plusieurs personnes ont cru que ce sont les proches de l\u2019activiste Ahmat Larry qui ont attaqu\u00e9 le domicile du maire de la ville de N\u2019Djamena, Ali Haroun. D\u2019apr\u00e8s l\u2019avocat du maire, Me Alain Kagonb\u00e9, il n\u2019en est pas le cas. Il r\u00e9v\u00e8le que ce sont des agents des services sp\u00e9ciaux qui ont effectu\u00e9 cette descente pour capturer le fils du maire qui d\u00e9tiendrait une arme \u00e0 feu.<\/p>\n<p>En effet, dans la nuit du 12 ao\u00fbt, l\u2019activiste Ahmat Larry a \u00e9t\u00e9 victime d\u2019une attaque arm\u00e9. D\u2019apr\u00e8s il s\u2019agirait des proches du maire de la ville de N\u2019Djamena Ali Haroun. Le fils de l\u2019autorit\u00e9 municipale a \u00e9t\u00e9 identifi\u00e9 comme celui qui a fait usage l\u2019arme \u00e0 feu. Il est depuis lors recherch\u00e9 et ne r\u00e9pond pas aux convocations de la police. C\u2019est ainsi qu\u2019il a \u00e9t\u00e9 pris en filature jusqu\u2019\u00e0 la r\u00e9sidence du maire de la ville, par ailleurs son p\u00e8re.<\/p>\n<p>La version de l\u2019avocat<\/p>\n<p>Me Alain Kagonb\u00e9 fait savoir que l\u2019affaire opposant la famille du maire \u00e0 l\u2019activiste Larry est entre les mains de la justice. Les officiers de la police judiciaire vont r\u00e9gulariser le proc\u00e8s-verbal et le d\u00e9poser au parquet ce jeudi 18 ao\u00fbt 2022.<\/p>\n<p>Ils fustige par ailleurs, la visite muscl\u00e9e par des individus en civil mais arm\u00e9s qui ont cass\u00e9 le bras du beau-fr\u00e8re du maire. D\u2019apr\u00e8s l\u2019avocat, il s\u2019agit des \u00e9l\u00e9ments de la police. \u00ab I<b>ls se trouvent que ce sont les agents des renseignements g\u00e9n\u00e9raux qui ont \u00e9t\u00e9 envoy\u00e9s par leur chef. A l\u2019effet de chercher l\u2019un des fils d\u2019Ali Haroun qui serait impliqu\u00e9 dans cette bagarre et qui aurait une arme.<\/b> \u00bb, d\u00e9clare Me Alain Kagonb\u00e9.<\/p>\n<p>\u00ab <b>C\u2019est un comportement \u00e0 d\u00e9plorer, \u00e0 d\u00e9noncer. Nous vivons ce spectacle \u00e0 la veille du dialogue national inclusif et nous pensons que c\u2019est inadmissible <\/b>\u00bb, poursuit le conseil. Il d\u00e9nonce une Violation de domicile, agression, enl\u00e8vement, coups et blessures volontaires avec fracture au bras pour une affaire purement judiciaire.<\/p>\n<p>\u00ab <b>Ce n\u2019\u00e9taient pas des individus qui se sont organis\u00e9s pour venir attaquer, mais des agents des services sp\u00e9ciaux envoy\u00e9s \u00e0 une heure tardive au domicile du maire de la ville de N\u2019Djamena. <\/b>\u00bb insiste l\u2019avocat.<\/p>\n<p><strong>Pour plus d&rsquo;informations et d&rsquo;analyses sur la <a href=\"https:\/\/www.africa-press.net\/tchad\">Tchad<\/a>, suivez <a href=\"https:\/\/www.africa-press.net\/\">Africa-Press<\/a><\/strong><\/p>\n","protected":false},"excerpt":{"rendered":"<p>Africa-Press &#8211; Tchad. La r\u00e9sidence du maire de la ville de N\u2019Djamena a \u00e9t\u00e9 attaqu\u00e9e dans la nuit du 17 ao\u00fbt 2022. Son avocat r\u00e9v\u00e8le que c\u2019\u00e9tait une incursion des agents de renseignement g\u00e9n\u00e9raux. Plusieurs personnes ont cru que ce sont les proches de l\u2019activiste Ahmat Larry qui ont attaqu\u00e9 le domicile du maire de [&hellip;]<\/p>\n","protected":false},"author":82,"featured_media":30770,"comment_status":"open","ping_status":"closed","sticky":false,"template":"","format":"standard","meta":{"footnotes":""},"categories":[11,2,20,10],"tags":[37,292,29],"class_list":["post-30771","post","type-post","status-publish","format-standard","has-post-thumbnail","hentry","category-homepage-french","category-politique","category-top-nouvelles","category-toutes-les-actualites","tag-africa-press","tag-africa-press-tchad","tag-tchad"],"yoast_head":"<!-- This site is optimized with the Yoast SEO Premium plugin v26.1 (Yoast SEO v27.0) - https:\/\/yoast.com\/product\/yoast-seo-premium-wordpress\/ -->\n<title>attaque au domicile du maire de N\u2019Djamena, son avocat relate les faits - tchad<\/title>\n<meta name=\"description\" content=\"La r\u00e9sidence du maire de la ville de N\u2019Djamena a \u00e9t\u00e9 attaqu\u00e9e dans la nuit du 17 ao\u00fbt 2022. Son avocat r\u00e9v\u00e8le que c\u2019\u00e9 ...\" \/>\n<meta name=\"robots\" content=\"index, follow, max-snippet:-1, max-image-preview:large, max-video-preview:-1\" \/>\n<link rel=\"canonical\" href=\"https:\/\/www.africa-press.net\/tchad\/politique\/attaque-au-domicile-du-maire-de-ndjamena-son-avocat-relate-les-faits\" \/>\n<meta property=\"og:locale\" content=\"fr_FR\" \/>\n<meta property=\"og:type\" content=\"article\" \/>\n<meta property=\"og:title\" content=\"attaque au domicile du maire de N\u2019Djamena, son avocat relate les faits\" \/>\n<meta property=\"og:description\" content=\"La r\u00e9sidence du maire de la ville de N\u2019Djamena a \u00e9t\u00e9 attaqu\u00e9e dans la nuit du 17 ao\u00fbt 2022. Son avocat r\u00e9v\u00e8le que c\u2019\u00e9 ...\" \/>\n<meta property=\"og:url\" content=\"https:\/\/www.africa-press.net\/tchad\/politique\/attaque-au-domicile-du-maire-de-ndjamena-son-avocat-relate-les-faits\" \/>\n<meta property=\"og:site_name\" content=\"tchad\" \/>\n<meta property=\"article:published_time\" content=\"2022-08-18T17:24:48+00:00\" \/>\n<meta property=\"article:modified_time\" content=\"2022-08-18T17:53:58+00:00\" \/>\n<meta property=\"og:image\" content=\"https:\/\/static.africa-press.net\/tchad\/sites\/41\/2022\/08\/postQueueImg_47-62fe7ca321665.jpg\" \/>\n\t<meta property=\"og:image:width\" content=\"780\" \/>\n\t<meta property=\"og:image:height\" content=\"440\" \/>\n\t<meta property=\"og:image:type\" content=\"image\/jpeg\" \/>\n<meta name=\"author\" content=\"cfeditorfr\" \/>\n<meta name=\"twitter:card\" content=\"summary_large_image\" \/>\n<meta name=\"twitter:label1\" content=\"\u00c9crit par\" \/>\n\t<meta name=\"twitter:data1\" content=\"cfeditorfr\" \/>\n\t<meta name=\"twitter:label2\" content=\"Dur\u00e9e de lecture estim\u00e9e\" \/>\n\t<meta name=\"twitter:data2\" content=\"3 minutes\" \/>\n<script type=\"application\/ld+json\" class=\"yoast-schema-graph\">{\"@context\":\"https:\/\/schema.org\",\"@graph\":[{\"@type\":\"Article\",\"@id\":\"https:\/\/www.africa-press.net\/tchad\/politique\/attaque-au-domicile-du-maire-de-ndjamena-son-avocat-relate-les-faits#article\",\"isPartOf\":{\"@id\":\"https:\/\/www.africa-press.net\/tchad\/politique\/attaque-au-domicile-du-maire-de-ndjamena-son-avocat-relate-les-faits\"},\"author\":{\"name\":\"cfeditorfr\",\"@id\":\"https:\/\/www.africa-press.net\/tchad\/#\/schema\/person\/2b1cf3cd81a31e3cd26889ca66d677f1\"},\"headline\":\"attaque au domicile du maire de N\u2019Djamena, son avocat relate les faits\",\"datePublished\":\"2022-08-18T17:24:48+00:00\",\"dateModified\":\"2022-08-18T17:53:58+00:00\",\"mainEntityOfPage\":{\"@id\":\"https:\/\/www.africa-press.net\/tchad\/politique\/attaque-au-domicile-du-maire-de-ndjamena-son-avocat-relate-les-faits\"},\"wordCount\":465,\"commentCount\":0,\"image\":{\"@id\":\"https:\/\/www.africa-press.net\/tchad\/politique\/attaque-au-domicile-du-maire-de-ndjamena-son-avocat-relate-les-faits#primaryimage\"},\"thumbnailUrl\":\"https:\/\/static.africa-press.net\/tchad\/sites\/41\/2022\/08\/postQueueImg_47-62fe7ca321665.jpg\",\"keywords\":[\"Africa Press\",\"Africa Press-Tchad\",\"Tchad\"],\"articleSection\":[\"homepage-french\",\"Politique\",\"Top Nouvelles\",\"Toutes les actualit\u00e9s\"],\"inLanguage\":\"fr-FR\",\"potentialAction\":[{\"@type\":\"CommentAction\",\"name\":\"Comment\",\"target\":[\"https:\/\/www.africa-press.net\/tchad\/politique\/attaque-au-domicile-du-maire-de-ndjamena-son-avocat-relate-les-faits#respond\"]}]},{\"@type\":\"WebPage\",\"@id\":\"https:\/\/www.africa-press.net\/tchad\/politique\/attaque-au-domicile-du-maire-de-ndjamena-son-avocat-relate-les-faits\",\"url\":\"https:\/\/www.africa-press.net\/tchad\/politique\/attaque-au-domicile-du-maire-de-ndjamena-son-avocat-relate-les-faits\",\"name\":\"attaque au domicile du maire de N\u2019Djamena, son avocat relate les faits - tchad\",\"isPartOf\":{\"@id\":\"https:\/\/www.africa-press.net\/tchad\/#website\"},\"primaryImageOfPage\":{\"@id\":\"https:\/\/www.africa-press.net\/tchad\/politique\/attaque-au-domicile-du-maire-de-ndjamena-son-avocat-relate-les-faits#primaryimage\"},\"image\":{\"@id\":\"https:\/\/www.africa-press.net\/tchad\/politique\/attaque-au-domicile-du-maire-de-ndjamena-son-avocat-relate-les-faits#primaryimage\"},\"thumbnailUrl\":\"https:\/\/static.africa-press.net\/tchad\/sites\/41\/2022\/08\/postQueueImg_47-62fe7ca321665.jpg\",\"datePublished\":\"2022-08-18T17:24:48+00:00\",\"dateModified\":\"2022-08-18T17:53:58+00:00\",\"author\":{\"@id\":\"https:\/\/www.africa-press.net\/tchad\/#\/schema\/person\/2b1cf3cd81a31e3cd26889ca66d677f1\"},\"description\":\"La r\u00e9sidence du maire de la ville de N\u2019Djamena a \u00e9t\u00e9 attaqu\u00e9e dans la nuit du 17 ao\u00fbt 2022. Son avocat r\u00e9v\u00e8le que c\u2019\u00e9 ...\",\"breadcrumb\":{\"@id\":\"https:\/\/www.africa-press.net\/tchad\/politique\/attaque-au-domicile-du-maire-de-ndjamena-son-avocat-relate-les-faits#breadcrumb\"},\"inLanguage\":\"fr-FR\",\"potentialAction\":[{\"@type\":\"ReadAction\",\"target\":[\"https:\/\/www.africa-press.net\/tchad\/politique\/attaque-au-domicile-du-maire-de-ndjamena-son-avocat-relate-les-faits\"]}]},{\"@type\":\"ImageObject\",\"inLanguage\":\"fr-FR\",\"@id\":\"https:\/\/www.africa-press.net\/tchad\/politique\/attaque-au-domicile-du-maire-de-ndjamena-son-avocat-relate-les-faits#primaryimage\",\"url\":\"https:\/\/static.africa-press.net\/tchad\/sites\/41\/2022\/08\/postQueueImg_47-62fe7ca321665.jpg\",\"contentUrl\":\"https:\/\/static.africa-press.net\/tchad\/sites\/41\/2022\/08\/postQueueImg_47-62fe7ca321665.jpg\",\"width\":780,\"height\":440,\"caption\":\"attaque au domicile du maire de N\u2019Djamena, son avocat relate les faits\"},{\"@type\":\"BreadcrumbList\",\"@id\":\"https:\/\/www.africa-press.net\/tchad\/politique\/attaque-au-domicile-du-maire-de-ndjamena-son-avocat-relate-les-faits#breadcrumb\",\"itemListElement\":[{\"@type\":\"ListItem\",\"position\":1,\"name\":\"Accueil\",\"item\":\"https:\/\/www.africa-press.net\/tchad\/\"},{\"@type\":\"ListItem\",\"position\":2,\"name\":\"attaque au domicile du maire de N\u2019Djamena, son avocat relate les faits\"}]},{\"@type\":\"WebSite\",\"@id\":\"https:\/\/www.africa-press.net\/tchad\/#website\",\"url\":\"https:\/\/www.africa-press.net\/tchad\/\",\"name\":\"tchad\",\"description\":\"Just another Africa News Agency Sites site\",\"potentialAction\":[{\"@type\":\"SearchAction\",\"target\":{\"@type\":\"EntryPoint\",\"urlTemplate\":\"https:\/\/www.africa-press.net\/tchad\/?s={search_term_string}\"},\"query-input\":{\"@type\":\"PropertyValueSpecification\",\"valueRequired\":true,\"valueName\":\"search_term_string\"}}],\"inLanguage\":\"fr-FR\"},{\"@type\":\"Person\",\"@id\":\"https:\/\/www.africa-press.net\/tchad\/#\/schema\/person\/2b1cf3cd81a31e3cd26889ca66d677f1\",\"name\":\"cfeditorfr\"}]}<\/script>\n<!-- \/ Yoast SEO Premium plugin. -->","yoast_head_json":{"title":"attaque au domicile du maire de N\u2019Djamena, son avocat relate les faits - tchad","description":"La r\u00e9sidence du maire de la ville de N\u2019Djamena a \u00e9t\u00e9 attaqu\u00e9e dans la nuit du 17 ao\u00fbt 2022. Son avocat r\u00e9v\u00e8le que c\u2019\u00e9 ...","robots":{"index":"index","follow":"follow","max-snippet":"max-snippet:-1","max-image-preview":"max-image-preview:large","max-video-preview":"max-video-preview:-1"},"canonical":"https:\/\/www.africa-press.net\/tchad\/politique\/attaque-au-domicile-du-maire-de-ndjamena-son-avocat-relate-les-faits","og_locale":"fr_FR","og_type":"article","og_title":"attaque au domicile du maire de N\u2019Djamena, son avocat relate les faits","og_description":"La r\u00e9sidence du maire de la ville de N\u2019Djamena a \u00e9t\u00e9 attaqu\u00e9e dans la nuit du 17 ao\u00fbt 2022. Son avocat r\u00e9v\u00e8le que c\u2019\u00e9 ...","og_url":"https:\/\/www.africa-press.net\/tchad\/politique\/attaque-au-domicile-du-maire-de-ndjamena-son-avocat-relate-les-faits","og_site_name":"tchad","article_published_time":"2022-08-18T17:24:48+00:00","article_modified_time":"2022-08-18T17:53:58+00:00","og_image":[{"width":780,"height":440,"url":"https:\/\/static.africa-press.net\/tchad\/sites\/41\/2022\/08\/postQueueImg_47-62fe7ca321665.jpg","type":"image\/jpeg"}],"author":"cfeditorfr","twitter_card":"summary_large_image","twitter_misc":{"\u00c9crit par":"cfeditorfr","Dur\u00e9e de lecture estim\u00e9e":"3 minutes"},"schema":{"@context":"https:\/\/schema.org","@graph":[{"@type":"Article","@id":"https:\/\/www.africa-press.net\/tchad\/politique\/attaque-au-domicile-du-maire-de-ndjamena-son-avocat-relate-les-faits#article","isPartOf":{"@id":"https:\/\/www.africa-press.net\/tchad\/politique\/attaque-au-domicile-du-maire-de-ndjamena-son-avocat-relate-les-faits"},"author":{"name":"cfeditorfr","@id":"https:\/\/www.africa-press.net\/tchad\/#\/schema\/person\/2b1cf3cd81a31e3cd26889ca66d677f1"},"headline":"attaque au domicile du maire de N\u2019Djamena, son avocat relate les faits","datePublished":"2022-08-18T17:24:48+00:00","dateModified":"2022-08-18T17:53:58+00:00","mainEntityOfPage":{"@id":"https:\/\/www.africa-press.net\/tchad\/politique\/attaque-au-domicile-du-maire-de-ndjamena-son-avocat-relate-les-faits"},"wordCount":465,"commentCount":0,"image":{"@id":"https:\/\/www.africa-press.net\/tchad\/politique\/attaque-au-domicile-du-maire-de-ndjamena-son-avocat-relate-les-faits#primaryimage"},"thumbnailUrl":"https:\/\/static.africa-press.net\/tchad\/sites\/41\/2022\/08\/postQueueImg_47-62fe7ca321665.jpg","keywords":["Africa Press","Africa Press-Tchad","Tchad"],"articleSection":["homepage-french","Politique","Top Nouvelles","Toutes les actualit\u00e9s"],"inLanguage":"fr-FR","potentialAction":[{"@type":"CommentAction","name":"Comment","target":["https:\/\/www.africa-press.net\/tchad\/politique\/attaque-au-domicile-du-maire-de-ndjamena-son-avocat-relate-les-faits#respond"]}]},{"@type":"WebPage","@id":"https:\/\/www.africa-press.net\/tchad\/politique\/attaque-au-domicile-du-maire-de-ndjamena-son-avocat-relate-les-faits","url":"https:\/\/www.africa-press.net\/tchad\/politique\/attaque-au-domicile-du-maire-de-ndjamena-son-avocat-relate-les-faits","name":"attaque au domicile du maire de N\u2019Djamena, son avocat relate les faits - tchad","isPartOf":{"@id":"https:\/\/www.africa-press.net\/tchad\/#website"},"primaryImageOfPage":{"@id":"https:\/\/www.africa-press.net\/tchad\/politique\/attaque-au-domicile-du-maire-de-ndjamena-son-avocat-relate-les-faits#primaryimage"},"image":{"@id":"https:\/\/www.africa-press.net\/tchad\/politique\/attaque-au-domicile-du-maire-de-ndjamena-son-avocat-relate-les-faits#primaryimage"},"thumbnailUrl":"https:\/\/static.africa-press.net\/tchad\/sites\/41\/2022\/08\/postQueueImg_47-62fe7ca321665.jpg","datePublished":"2022-08-18T17:24:48+00:00","dateModified":"2022-08-18T17:53:58+00:00","author":{"@id":"https:\/\/www.africa-press.net\/tchad\/#\/schema\/person\/2b1cf3cd81a31e3cd26889ca66d677f1"},"description":"La r\u00e9sidence du maire de la ville de N\u2019Djamena a \u00e9t\u00e9 attaqu\u00e9e dans la nuit du 17 ao\u00fbt 2022. Son avocat r\u00e9v\u00e8le que c\u2019\u00e9 ...","breadcrumb":{"@id":"https:\/\/www.africa-press.net\/tchad\/politique\/attaque-au-domicile-du-maire-de-ndjamena-son-avocat-relate-les-faits#breadcrumb"},"inLanguage":"fr-FR","potentialAction":[{"@type":"ReadAction","target":["https:\/\/www.africa-press.net\/tchad\/politique\/attaque-au-domicile-du-maire-de-ndjamena-son-avocat-relate-les-faits"]}]},{"@type":"ImageObject","inLanguage":"fr-FR","@id":"https:\/\/www.africa-press.net\/tchad\/politique\/attaque-au-domicile-du-maire-de-ndjamena-son-avocat-relate-les-faits#primaryimage","url":"https:\/\/static.africa-press.net\/tchad\/sites\/41\/2022\/08\/postQueueImg_47-62fe7ca321665.jpg","contentUrl":"https:\/\/static.africa-press.net\/tchad\/sites\/41\/2022\/08\/postQueueImg_47-62fe7ca321665.jpg","width":780,"height":440,"caption":"attaque au domicile du maire de N\u2019Djamena, son avocat relate les faits"},{"@type":"BreadcrumbList","@id":"https:\/\/www.africa-press.net\/tchad\/politique\/attaque-au-domicile-du-maire-de-ndjamena-son-avocat-relate-les-faits#breadcrumb","itemListElement":[{"@type":"ListItem","position":1,"name":"Accueil","item":"https:\/\/www.africa-press.net\/tchad\/"},{"@type":"ListItem","position":2,"name":"attaque au domicile du maire de N\u2019Djamena, son avocat relate les faits"}]},{"@type":"WebSite","@id":"https:\/\/www.africa-press.net\/tchad\/#website","url":"https:\/\/www.africa-press.net\/tchad\/","name":"tchad","description":"Just another Africa News Agency Sites site","potentialAction":[{"@type":"SearchAction","target":{"@type":"EntryPoint","urlTemplate":"https:\/\/www.africa-press.net\/tchad\/?s={search_term_string}"},"query-input":{"@type":"PropertyValueSpecification","valueRequired":true,"valueName":"search_term_string"}}],"inLanguage":"fr-FR"},{"@type":"Person","@id":"https:\/\/www.africa-press.net\/tchad\/#\/schema\/person\/2b1cf3cd81a31e3cd26889ca66d677f1","name":"cfeditorfr"}]}},"_links":{"self":[{"href":"https:\/\/www.africa-press.net\/tchad\/wp-json\/wp\/v2\/posts\/30771","targetHints":{"allow":["GET"]}}],"collection":[{"href":"https:\/\/www.africa-press.net\/tchad\/wp-json\/wp\/v2\/posts"}],"about":[{"href":"https:\/\/www.africa-press.net\/tchad\/wp-json\/wp\/v2\/types\/post"}],"author":[{"embeddable":true,"href":"https:\/\/www.africa-press.net\/tchad\/wp-json\/wp\/v2\/users\/82"}],"replies":[{"embeddable":true,"href":"https:\/\/www.africa-press.net\/tchad\/wp-json\/wp\/v2\/comments?post=30771"}],"version-history":[{"count":0,"href":"https:\/\/www.africa-press.net\/tchad\/wp-json\/wp\/v2\/posts\/30771\/revisions"}],"wp:featuredmedia":[{"embeddable":true,"href":"https:\/\/www.africa-press.net\/tchad\/wp-json\/wp\/v2\/media\/30770"}],"wp:attachment":[{"href":"https:\/\/www.africa-press.net\/tchad\/wp-json\/wp\/v2\/media?parent=30771"}],"wp:term":[{"taxonomy":"category","embeddable":true,"href":"https:\/\/www.africa-press.net\/tchad\/wp-json\/wp\/v2\/categories?post=30771"},{"taxonomy":"post_tag","embeddable":true,"href":"https:\/\/www.africa-press.net\/tchad\/wp-json\/wp\/v2\/tags?post=30771"}],"curies":[{"name":"wp","href":"https:\/\/api.w.org\/{rel}","templated":true}]}}