{"id":30780,"date":"2022-08-18T17:26:46","date_gmt":"2022-08-18T17:26:46","guid":{"rendered":"https:\/\/www.africa-press.net\/tchad\/politique\/lete-du-mecontentement-en-afrique"},"modified":"2022-08-18T17:57:22","modified_gmt":"2022-08-18T17:57:22","slug":"lete-du-mecontentement-en-afrique","status":"publish","type":"post","link":"https:\/\/www.africa-press.net\/tchad\/dossiers\/lete-du-mecontentement-en-afrique","title":{"rendered":"L\u2019\u00e9t\u00e9 du m\u00e9contentement en Afrique"},"content":{"rendered":"<p><span style=\"color: #ff6600\"><strong>Africa-Press &#8211; Tchad. <\/strong><\/span>Cet \u00e9t\u00e9, l\u2019Afrique a \u00e9t\u00e9 le th\u00e9\u00e2tre de nombreuses manifestations, dont certaines sont parmi les plus marquantes de l\u2019histoire r\u00e9cente du continent, \u00e0 un moment o\u00f9 la r\u00e9cession \u00e9conomique et les incertitudes politiques mettent des millions de pauvres du continent \u00e0 rude \u00e9preuve et que leur patience est chauff\u00e9e \u00e0 blanc.Depuis le mois de juin, le continent a \u00e9t\u00e9 le th\u00e9\u00e2tre de pas moins de seize manifestations r\u00e9parties sur cette vaste \u00e9tendue g\u00e9ographique, la plupart d\u2019entre elles portant sur l\u2019augmentation du co\u00fbt de la vie pour les gens ordinaires dans les pays africains qui souffrent encore de la gueule de bois post-Covid exacerb\u00e9e par les effets du conflit entre la Russie et l\u2019Ukraine voisine.<\/p>\n<p>De l\u2019Afrique du Sud \u00e0 la Sierra Leone, en passant par le Soudan, le S\u00e9n\u00e9gal, la Guin\u00e9e et la R\u00e9publique d\u00e9mocratique du Congo, des manifestants sont descendus dans la rue, recourant parfois \u00e0 une violence extr\u00eame pour des raisons diverses, laissant les experts pantois devant les causes de cet \u00e9t\u00e9 de m\u00e9contentement quasi simultan\u00e9 sur le continent.<\/p>\n<p>Il y a quatre mois \u00e0 peine, la Banque mondiale, qui avait pr\u00e9venu en avril dernier que les \u00e9conomies du continent pourraient \u00eatre affect\u00e9es par le resserrement des conditions mondiales et la r\u00e9duction des flux financiers \u00e9trangers dans la r\u00e9gion, avait d\u00e9j\u00e0 commenc\u00e9 \u00e0 s\u2019inqui\u00e9ter, poussant du coup les gens dans la rue.<\/p>\n<p>Albert Zeufack, l\u2019\u00e9conomiste principal de la Banque mondiale pour l\u2019Afrique, avait alors pr\u00e9dit que la flamb\u00e9e des prix des carburants et des denr\u00e9es alimentaires entra\u00eenerait une hausse de l\u2019inflation qui aurait un impact n\u00e9gatif sur les nombreux pauvres du continent, en particulier ceux qui vivent dans les zones urbaines.<\/p>\n<p>M. Zeufack a mis en garde contre une probabilit\u00e9 accrue d\u2019instabilit\u00e9 gr\u00e2ce \u00e0 une inflation aliment\u00e9e par les prix des denr\u00e9es alimentaires et de l\u2019\u00e9nergie, ce qui aggraverait les dissensions politiques d\u00e9j\u00e0 observ\u00e9es dans certains pays africains. Le pain et le beurre<\/p>\n<p>Ces pr\u00e9dictions se sont r\u00e9alis\u00e9es dans un pays comme le Soudan, o\u00f9 le g\u00e9n\u00e9ral Abdel Fattal al-Burhan se maintient en place malgr\u00e9 un mouvement de protestation v\u00e9h\u00e9ment men\u00e9 par des civils qui souhaitent le retour \u00e0 un r\u00e9gime civil dans les plus brefs d\u00e9lais.<\/p>\n<p>Les manifestants avaient des besoins plus imm\u00e9diats \u00e0 l\u2019esprit \u2013 le prix exorbitant d\u2019une miche de pain qui a grimp\u00e9 en fl\u00e8che depuis la chute du dictateur Omar el-B\u00e9chir en 2019.<\/p>\n<p>Depuis la r\u00e9volution aliment\u00e9e par le pain, le Soudan est sur les nerfs et la tendance des militaires \u00e0 s\u2019accrocher au pouvoir apr\u00e8s la chute d\u2019el-B\u00e9chir \u00e0 la fin d\u2019un r\u00e8gne de 30 ans, a conduit \u00e0 une \u00ab arm\u00e9e civile de m\u00e9contents \u00bb trop press\u00e9e de faire descendre leur militantisme dans la rue et \u00e0 imposer le changement.<\/p>\n<p>Des dizaines de personnes sont mortes alors qu\u2019un sc\u00e9nario post-Covid d\u00e9sesp\u00e9r\u00e9 a provoqu\u00e9 des ondes de choc sur l\u2019\u00e9conomie, plongeant des millions de Soudanais dans la pauvret\u00e9 et la mis\u00e8re.<\/p>\n<p>Le m\u00eame sc\u00e9nario post-Covid se jouait en Sierra Leone, dernier pays africain \u00e0 \u00eatre pris dans le bourbier de violentes manifestations qui ont vu des postes de police incendi\u00e9s et leurs agents tu\u00e9s.<\/p>\n<p>Les analystes attribuent la situation \u00e0 l\u2019inflation galopante qui explique les p\u00e9nuries r\u00e9currentes de produits de base comme la nourriture et le carburant et la hausse des prix qu\u2019une population de plus en plus pauvre ne peut suivre.<\/p>\n<p>\u00ab Le gouvernement est tout simplement \u00e0 court d\u2019id\u00e9es pour faire face aux d\u00e9fis socio-\u00e9conomiques croissants auxquels des millions de personnes sont confront\u00e9es en Sierra Leone \u00bb, affirme un analyste anonyme appartenant \u00e0 un groupe de r\u00e9flexion local.<\/p>\n<p>En Afrique du Sud, les protestations ont \u00e9t\u00e9 aliment\u00e9es par la hausse du co\u00fbt de l\u2019\u00e9lectricit\u00e9, qui a pouss\u00e9 de nombreuses entreprises locales \u00e0 la faillite et a port\u00e9 un coup dur aux efforts du gouvernement de Cyril Ramaphosa pour r\u00e9duire le ch\u00f4mage, notamment chez les jeunes.<\/p>\n<p>Plusieurs personnes sont mortes depuis le d\u00e9but du mois d\u2019ao\u00fbt pour protester contre les difficult\u00e9s \u00e9conomiques croissantes de l\u2019Afrique du Sud, qui ont vu la valeur de la monnaie locale, le rand, s\u2019effondrer au plus fort de la p\u00e9riode post-Covid et les crimes li\u00e9s au ch\u00f4mage et \u00e0 la pauvret\u00e9 augmenter sensiblement.<\/p>\n<p>La violence dans le township de Thembisa, au nord-est du pays, un centre financier proche de Johannesburg, a fait deux morts, la police ayant utilis\u00e9 des m\u00e9thodes muscl\u00e9es pour nettoyer les rues.<\/p>\n<p>Plusieurs semaines auparavant, l\u2019ancien pr\u00e9sident Thabo Mbeki avait mis en garde contre le risque d\u2019un printemps arabe en Afrique du Sud si le m\u00e9contentement g\u00e9n\u00e9ralis\u00e9 venait \u00e0 s\u2019envenimer.<\/p>\n<p>Alors que les manifestations en Guin\u00e9e, au S\u00e9n\u00e9gal et dans l\u2019enclave semi-autonome du Somaliland visaient davantage \u00e0 faire des d\u00e9clarations politiques aux dirigeants de Dakar et de Conakry qu\u2019\u00e0 autre chose, le m\u00e9contentement qui couvait \u00e0 propos de la hausse des prix des produits de base comme la nourriture et du ch\u00f4mage des jeunes a accentu\u00e9 ces d\u00e9sillusions communes.<\/p>\n<p>Au moins quatre personnes sont mortes lorsque des manifestations ont \u00e9clat\u00e9 \u00e0 Conakry en juillet en raison de la m\u00e9fiance croissante \u00e0 l\u2019\u00e9gard de la junte militaire dirig\u00e9e par Mamady Doumbouya, dont le calendrier de transition est largement consid\u00e9r\u00e9 comme trop lent par une population de plus en plus irrit\u00e9e \u00e0 l\u2019id\u00e9e de voir l\u2019arm\u00e9e revenir en politique.<\/p>\n<p>Au S\u00e9n\u00e9gal, le m\u00e9contentement de la population \u00e0 l\u2019\u00e9gard du pouvoir politique sous la pr\u00e9sidence de Macky Sall depuis juin a conduit \u00e0 des accusations selon lesquelles la police aurait eu la main lourde pour r\u00e9primer les manifestations \u00e0 Dakar et dans la r\u00e9gion m\u00e9ridionale de la Casamance.<\/p>\n<p>Il a \u00e9galement \u00e9t\u00e9 reproch\u00e9 \u00e0 la r\u00e9putation de longue date du S\u00e9n\u00e9gal en tant que phare de la paix et de la stabilit\u00e9 dans une r\u00e9gion ouest-africaine pr\u00e9caire d\u2019\u00eatre lentement sap\u00e9e par la mani\u00e8re dont l\u2019Etat traite la dissidence ouverte au moyen de repr\u00e9sailles pr\u00e9tendument muscl\u00e9es.<\/p>\n<p>Dans l\u2019enclave autonome du Somaliland, les protestations ont \u00e9t\u00e9 dirig\u00e9es contre le pr\u00e9sident, que les manifestants ont accus\u00e9 de tenter de retarder les \u00e9lections pr\u00e9sidentielles.<\/p>\n<p>Le pr\u00e9sident Muse Bihi Abdi a d\u00e9clar\u00e9 qu\u2019au moins cinq personnes \u00e9taient mortes et des dizaines d\u2019autres bless\u00e9es lors des affrontements entre les manifestants et la police, qui a accus\u00e9 les manifestants de porter et d\u2019utiliser des balles r\u00e9elles.<\/p>\n<p>Le mouvement de protestation affirme que le pr\u00e9sident est d\u00e9termin\u00e9 \u00e0 prolonger sa pr\u00e9sidence au-del\u00e0 du mois de novembre, date \u00e0 laquelle son mandat devrait expirer, ouvrant ainsi la voie \u00e0 de nouvelles \u00e9lections.<\/p>\n<p>Les d\u00e9tracteurs d\u2019Abdi affirment qu\u2019il envisage d\u2019utiliser le Conseil des anciens d\u00e9nomm\u00e9 \u00ab Guurti \u00bb, le parlement de facto du Somaliland, pour s\u2019accrocher au pouvoir contre la volont\u00e9 du peuple.<\/p>\n<p>Entre-temps, le message des protestations en RD Congo est mitig\u00e9 : certaines manifestations sont dirig\u00e9es contre le gouvernement du pr\u00e9sident F\u00e9lix Tshisek\u00e9di, qui n\u2019aurait pas tenu ses promesses de cr\u00e9er des emplois, d\u2019accro\u00eetre la s\u00e9curit\u00e9 et de donner aux Congolais ordinaires un espoir pour l\u2019avenir.<\/p>\n<p>Les manifestations de juillet contre la Mission des Nations unies en R\u00e9publique d\u00e9mocratique du Congo ou Monusco ont fait plus de dix morts, dont quelques soldats de la paix.<\/p>\n<p>Les Congolais ordinaires affirment que, bien que la Monusco soit pr\u00e9sente en RD Congo depuis plus de deux d\u00e9cennies, la s\u00e9curit\u00e9 de ses citoyens n\u2019a connu aucune am\u00e9lioration au cours de cette p\u00e9riode et exigent le d\u00e9part imm\u00e9diat de la Mission.<\/p>\n<p>Les manifestants ont accus\u00e9 les soldats de la paix de l\u2019Onu de retourner leurs armes contre eux, tuant au moins trois d\u2019entre eux dans la ville de Goma, dans l\u2019est du pays, en juillet.<\/p>\n<p>La Monusco est mise en cause pour son indiff\u00e9rence pr\u00e9sum\u00e9e face \u00e0 l\u2019ins\u00e9curit\u00e9 des civils dans un contexte de recrudescence des attaques arm\u00e9es de milices, notamment le M23.<\/p>\n<p>Le m\u00eame mois, des affrontements ont \u00e9clat\u00e9 dans la capitale tunisienne, Tunis, o\u00f9 des manifestants ont tent\u00e9 de marcher sur le b\u00e2timent de la commission \u00e9lectorale apr\u00e8s que le pr\u00e9sident Ka\u00efs Saied eut limog\u00e9 le responsable des \u00e9lections \u00e0 l\u2019approche d\u2019un r\u00e9f\u00e9rendum organis\u00e9 en juillet.<\/p>\n<p>L\u2019ann\u00e9e derni\u00e8re, le dirigeant tunisien avait limog\u00e9 l\u2019ensemble de son gouvernement, r\u00e9voqu\u00e9 plus de 50 \u00ab juges corrompus \u00bb et dissous le Parlement, suscitant la crainte qu\u2019il ne mette en p\u00e9ril la d\u00e9mocratie acquise de haute lutte par le pays.<\/p>\n<p><strong>Pour plus d&rsquo;informations et d&rsquo;analyses sur la <a href=\"https:\/\/www.africa-press.net\/tchad\">Tchad<\/a>, suivez <a href=\"https:\/\/www.africa-press.net\/\">Africa-Press<\/a><\/strong><\/p>\n","protected":false},"excerpt":{"rendered":"<p>Africa-Press &#8211; Tchad. Cet \u00e9t\u00e9, l\u2019Afrique a \u00e9t\u00e9 le th\u00e9\u00e2tre de nombreuses manifestations, dont certaines sont parmi les plus marquantes de l\u2019histoire r\u00e9cente du continent, \u00e0 un moment o\u00f9 la r\u00e9cession \u00e9conomique et les incertitudes politiques mettent des millions de pauvres du continent \u00e0 rude \u00e9preuve et que leur patience est chauff\u00e9e \u00e0 blanc.Depuis le [&hellip;]<\/p>\n","protected":false},"author":82,"featured_media":30779,"comment_status":"open","ping_status":"closed","sticky":false,"template":"","format":"standard","meta":{"footnotes":""},"categories":[7,11,10],"tags":[37,292,29],"class_list":["post-30780","post","type-post","status-publish","format-standard","has-post-thumbnail","hentry","category-dossiers","category-homepage-french","category-toutes-les-actualites","tag-africa-press","tag-africa-press-tchad","tag-tchad"],"yoast_head":"<!-- This site is optimized with the Yoast SEO Premium plugin v26.1 (Yoast SEO v27.0) - https:\/\/yoast.com\/product\/yoast-seo-premium-wordpress\/ -->\n<title>L\u2019\u00e9t\u00e9 du m\u00e9contentement en Afrique - tchad<\/title>\n<meta name=\"description\" content=\"Cet \u00e9t\u00e9, l\u2019Afrique a \u00e9t\u00e9 le th\u00e9\u00e2tre de nombreuses manifestations, dont certaines sont parmi les plus marquantes de l\u2019his ...\" \/>\n<meta name=\"robots\" content=\"index, follow, max-snippet:-1, max-image-preview:large, max-video-preview:-1\" \/>\n<link rel=\"canonical\" href=\"https:\/\/www.africa-press.net\/tchad\/dossiers\/lete-du-mecontentement-en-afrique\" \/>\n<meta property=\"og:locale\" content=\"fr_FR\" \/>\n<meta property=\"og:type\" content=\"article\" \/>\n<meta property=\"og:title\" content=\"L\u2019\u00e9t\u00e9 du m\u00e9contentement en Afrique\" \/>\n<meta property=\"og:description\" content=\"Cet \u00e9t\u00e9, l\u2019Afrique a \u00e9t\u00e9 le th\u00e9\u00e2tre de nombreuses manifestations, dont certaines sont parmi les plus marquantes de l\u2019his ...\" \/>\n<meta property=\"og:url\" content=\"https:\/\/www.africa-press.net\/tchad\/dossiers\/lete-du-mecontentement-en-afrique\" \/>\n<meta property=\"og:site_name\" content=\"tchad\" \/>\n<meta property=\"article:published_time\" content=\"2022-08-18T17:26:46+00:00\" \/>\n<meta property=\"article:modified_time\" content=\"2022-08-18T17:57:22+00:00\" \/>\n<meta property=\"og:image\" content=\"https:\/\/static.africa-press.net\/tchad\/sites\/41\/2022\/08\/postQueueImg_51-62fe7d6854eaa.jpg\" \/>\n\t<meta property=\"og:image:width\" content=\"780\" \/>\n\t<meta property=\"og:image:height\" content=\"440\" \/>\n\t<meta property=\"og:image:type\" content=\"image\/jpeg\" \/>\n<meta name=\"author\" content=\"cfeditorfr\" \/>\n<meta name=\"twitter:card\" content=\"summary_large_image\" \/>\n<meta name=\"twitter:label1\" content=\"\u00c9crit par\" \/>\n\t<meta name=\"twitter:data1\" content=\"cfeditorfr\" \/>\n\t<meta name=\"twitter:label2\" content=\"Dur\u00e9e de lecture estim\u00e9e\" \/>\n\t<meta name=\"twitter:data2\" content=\"7 minutes\" \/>\n<script type=\"application\/ld+json\" class=\"yoast-schema-graph\">{\"@context\":\"https:\/\/schema.org\",\"@graph\":[{\"@type\":\"Article\",\"@id\":\"https:\/\/www.africa-press.net\/tchad\/dossiers\/lete-du-mecontentement-en-afrique#article\",\"isPartOf\":{\"@id\":\"https:\/\/www.africa-press.net\/tchad\/dossiers\/lete-du-mecontentement-en-afrique\"},\"author\":{\"name\":\"cfeditorfr\",\"@id\":\"https:\/\/www.africa-press.net\/tchad\/#\/schema\/person\/2b1cf3cd81a31e3cd26889ca66d677f1\"},\"headline\":\"L\u2019\u00e9t\u00e9 du m\u00e9contentement en Afrique\",\"datePublished\":\"2022-08-18T17:26:46+00:00\",\"dateModified\":\"2022-08-18T17:57:22+00:00\",\"mainEntityOfPage\":{\"@id\":\"https:\/\/www.africa-press.net\/tchad\/dossiers\/lete-du-mecontentement-en-afrique\"},\"wordCount\":1539,\"commentCount\":0,\"image\":{\"@id\":\"https:\/\/www.africa-press.net\/tchad\/dossiers\/lete-du-mecontentement-en-afrique#primaryimage\"},\"thumbnailUrl\":\"https:\/\/static.africa-press.net\/tchad\/sites\/41\/2022\/08\/postQueueImg_51-62fe7d6854eaa.jpg\",\"keywords\":[\"Africa Press\",\"Africa Press-Tchad\",\"Tchad\"],\"articleSection\":[\"Dossiers\",\"homepage-french\",\"Toutes les actualit\u00e9s\"],\"inLanguage\":\"fr-FR\",\"potentialAction\":[{\"@type\":\"CommentAction\",\"name\":\"Comment\",\"target\":[\"https:\/\/www.africa-press.net\/tchad\/dossiers\/lete-du-mecontentement-en-afrique#respond\"]}]},{\"@type\":\"WebPage\",\"@id\":\"https:\/\/www.africa-press.net\/tchad\/dossiers\/lete-du-mecontentement-en-afrique\",\"url\":\"https:\/\/www.africa-press.net\/tchad\/dossiers\/lete-du-mecontentement-en-afrique\",\"name\":\"L\u2019\u00e9t\u00e9 du m\u00e9contentement en Afrique - tchad\",\"isPartOf\":{\"@id\":\"https:\/\/www.africa-press.net\/tchad\/#website\"},\"primaryImageOfPage\":{\"@id\":\"https:\/\/www.africa-press.net\/tchad\/dossiers\/lete-du-mecontentement-en-afrique#primaryimage\"},\"image\":{\"@id\":\"https:\/\/www.africa-press.net\/tchad\/dossiers\/lete-du-mecontentement-en-afrique#primaryimage\"},\"thumbnailUrl\":\"https:\/\/static.africa-press.net\/tchad\/sites\/41\/2022\/08\/postQueueImg_51-62fe7d6854eaa.jpg\",\"datePublished\":\"2022-08-18T17:26:46+00:00\",\"dateModified\":\"2022-08-18T17:57:22+00:00\",\"author\":{\"@id\":\"https:\/\/www.africa-press.net\/tchad\/#\/schema\/person\/2b1cf3cd81a31e3cd26889ca66d677f1\"},\"description\":\"Cet \u00e9t\u00e9, l\u2019Afrique a \u00e9t\u00e9 le th\u00e9\u00e2tre de nombreuses manifestations, dont certaines sont parmi les plus marquantes de l\u2019his ...\",\"breadcrumb\":{\"@id\":\"https:\/\/www.africa-press.net\/tchad\/dossiers\/lete-du-mecontentement-en-afrique#breadcrumb\"},\"inLanguage\":\"fr-FR\",\"potentialAction\":[{\"@type\":\"ReadAction\",\"target\":[\"https:\/\/www.africa-press.net\/tchad\/dossiers\/lete-du-mecontentement-en-afrique\"]}]},{\"@type\":\"ImageObject\",\"inLanguage\":\"fr-FR\",\"@id\":\"https:\/\/www.africa-press.net\/tchad\/dossiers\/lete-du-mecontentement-en-afrique#primaryimage\",\"url\":\"https:\/\/static.africa-press.net\/tchad\/sites\/41\/2022\/08\/postQueueImg_51-62fe7d6854eaa.jpg\",\"contentUrl\":\"https:\/\/static.africa-press.net\/tchad\/sites\/41\/2022\/08\/postQueueImg_51-62fe7d6854eaa.jpg\",\"width\":780,\"height\":440,\"caption\":\"L\u2019\u00e9t\u00e9 du m\u00e9contentement en Afrique\"},{\"@type\":\"BreadcrumbList\",\"@id\":\"https:\/\/www.africa-press.net\/tchad\/dossiers\/lete-du-mecontentement-en-afrique#breadcrumb\",\"itemListElement\":[{\"@type\":\"ListItem\",\"position\":1,\"name\":\"Accueil\",\"item\":\"https:\/\/www.africa-press.net\/tchad\/\"},{\"@type\":\"ListItem\",\"position\":2,\"name\":\"L\u2019\u00e9t\u00e9 du m\u00e9contentement en Afrique\"}]},{\"@type\":\"WebSite\",\"@id\":\"https:\/\/www.africa-press.net\/tchad\/#website\",\"url\":\"https:\/\/www.africa-press.net\/tchad\/\",\"name\":\"tchad\",\"description\":\"Just another Africa News Agency Sites site\",\"potentialAction\":[{\"@type\":\"SearchAction\",\"target\":{\"@type\":\"EntryPoint\",\"urlTemplate\":\"https:\/\/www.africa-press.net\/tchad\/?s={search_term_string}\"},\"query-input\":{\"@type\":\"PropertyValueSpecification\",\"valueRequired\":true,\"valueName\":\"search_term_string\"}}],\"inLanguage\":\"fr-FR\"},{\"@type\":\"Person\",\"@id\":\"https:\/\/www.africa-press.net\/tchad\/#\/schema\/person\/2b1cf3cd81a31e3cd26889ca66d677f1\",\"name\":\"cfeditorfr\"}]}<\/script>\n<!-- \/ Yoast SEO Premium plugin. -->","yoast_head_json":{"title":"L\u2019\u00e9t\u00e9 du m\u00e9contentement en Afrique - tchad","description":"Cet \u00e9t\u00e9, l\u2019Afrique a \u00e9t\u00e9 le th\u00e9\u00e2tre de nombreuses manifestations, dont certaines sont parmi les plus marquantes de l\u2019his ...","robots":{"index":"index","follow":"follow","max-snippet":"max-snippet:-1","max-image-preview":"max-image-preview:large","max-video-preview":"max-video-preview:-1"},"canonical":"https:\/\/www.africa-press.net\/tchad\/dossiers\/lete-du-mecontentement-en-afrique","og_locale":"fr_FR","og_type":"article","og_title":"L\u2019\u00e9t\u00e9 du m\u00e9contentement en Afrique","og_description":"Cet \u00e9t\u00e9, l\u2019Afrique a \u00e9t\u00e9 le th\u00e9\u00e2tre de nombreuses manifestations, dont certaines sont parmi les plus marquantes de l\u2019his ...","og_url":"https:\/\/www.africa-press.net\/tchad\/dossiers\/lete-du-mecontentement-en-afrique","og_site_name":"tchad","article_published_time":"2022-08-18T17:26:46+00:00","article_modified_time":"2022-08-18T17:57:22+00:00","og_image":[{"width":780,"height":440,"url":"https:\/\/static.africa-press.net\/tchad\/sites\/41\/2022\/08\/postQueueImg_51-62fe7d6854eaa.jpg","type":"image\/jpeg"}],"author":"cfeditorfr","twitter_card":"summary_large_image","twitter_misc":{"\u00c9crit par":"cfeditorfr","Dur\u00e9e de lecture estim\u00e9e":"7 minutes"},"schema":{"@context":"https:\/\/schema.org","@graph":[{"@type":"Article","@id":"https:\/\/www.africa-press.net\/tchad\/dossiers\/lete-du-mecontentement-en-afrique#article","isPartOf":{"@id":"https:\/\/www.africa-press.net\/tchad\/dossiers\/lete-du-mecontentement-en-afrique"},"author":{"name":"cfeditorfr","@id":"https:\/\/www.africa-press.net\/tchad\/#\/schema\/person\/2b1cf3cd81a31e3cd26889ca66d677f1"},"headline":"L\u2019\u00e9t\u00e9 du m\u00e9contentement en Afrique","datePublished":"2022-08-18T17:26:46+00:00","dateModified":"2022-08-18T17:57:22+00:00","mainEntityOfPage":{"@id":"https:\/\/www.africa-press.net\/tchad\/dossiers\/lete-du-mecontentement-en-afrique"},"wordCount":1539,"commentCount":0,"image":{"@id":"https:\/\/www.africa-press.net\/tchad\/dossiers\/lete-du-mecontentement-en-afrique#primaryimage"},"thumbnailUrl":"https:\/\/static.africa-press.net\/tchad\/sites\/41\/2022\/08\/postQueueImg_51-62fe7d6854eaa.jpg","keywords":["Africa Press","Africa Press-Tchad","Tchad"],"articleSection":["Dossiers","homepage-french","Toutes les actualit\u00e9s"],"inLanguage":"fr-FR","potentialAction":[{"@type":"CommentAction","name":"Comment","target":["https:\/\/www.africa-press.net\/tchad\/dossiers\/lete-du-mecontentement-en-afrique#respond"]}]},{"@type":"WebPage","@id":"https:\/\/www.africa-press.net\/tchad\/dossiers\/lete-du-mecontentement-en-afrique","url":"https:\/\/www.africa-press.net\/tchad\/dossiers\/lete-du-mecontentement-en-afrique","name":"L\u2019\u00e9t\u00e9 du m\u00e9contentement en Afrique - tchad","isPartOf":{"@id":"https:\/\/www.africa-press.net\/tchad\/#website"},"primaryImageOfPage":{"@id":"https:\/\/www.africa-press.net\/tchad\/dossiers\/lete-du-mecontentement-en-afrique#primaryimage"},"image":{"@id":"https:\/\/www.africa-press.net\/tchad\/dossiers\/lete-du-mecontentement-en-afrique#primaryimage"},"thumbnailUrl":"https:\/\/static.africa-press.net\/tchad\/sites\/41\/2022\/08\/postQueueImg_51-62fe7d6854eaa.jpg","datePublished":"2022-08-18T17:26:46+00:00","dateModified":"2022-08-18T17:57:22+00:00","author":{"@id":"https:\/\/www.africa-press.net\/tchad\/#\/schema\/person\/2b1cf3cd81a31e3cd26889ca66d677f1"},"description":"Cet \u00e9t\u00e9, l\u2019Afrique a \u00e9t\u00e9 le th\u00e9\u00e2tre de nombreuses manifestations, dont certaines sont parmi les plus marquantes de l\u2019his ...","breadcrumb":{"@id":"https:\/\/www.africa-press.net\/tchad\/dossiers\/lete-du-mecontentement-en-afrique#breadcrumb"},"inLanguage":"fr-FR","potentialAction":[{"@type":"ReadAction","target":["https:\/\/www.africa-press.net\/tchad\/dossiers\/lete-du-mecontentement-en-afrique"]}]},{"@type":"ImageObject","inLanguage":"fr-FR","@id":"https:\/\/www.africa-press.net\/tchad\/dossiers\/lete-du-mecontentement-en-afrique#primaryimage","url":"https:\/\/static.africa-press.net\/tchad\/sites\/41\/2022\/08\/postQueueImg_51-62fe7d6854eaa.jpg","contentUrl":"https:\/\/static.africa-press.net\/tchad\/sites\/41\/2022\/08\/postQueueImg_51-62fe7d6854eaa.jpg","width":780,"height":440,"caption":"L\u2019\u00e9t\u00e9 du m\u00e9contentement en Afrique"},{"@type":"BreadcrumbList","@id":"https:\/\/www.africa-press.net\/tchad\/dossiers\/lete-du-mecontentement-en-afrique#breadcrumb","itemListElement":[{"@type":"ListItem","position":1,"name":"Accueil","item":"https:\/\/www.africa-press.net\/tchad\/"},{"@type":"ListItem","position":2,"name":"L\u2019\u00e9t\u00e9 du m\u00e9contentement en Afrique"}]},{"@type":"WebSite","@id":"https:\/\/www.africa-press.net\/tchad\/#website","url":"https:\/\/www.africa-press.net\/tchad\/","name":"tchad","description":"Just another Africa News Agency Sites site","potentialAction":[{"@type":"SearchAction","target":{"@type":"EntryPoint","urlTemplate":"https:\/\/www.africa-press.net\/tchad\/?s={search_term_string}"},"query-input":{"@type":"PropertyValueSpecification","valueRequired":true,"valueName":"search_term_string"}}],"inLanguage":"fr-FR"},{"@type":"Person","@id":"https:\/\/www.africa-press.net\/tchad\/#\/schema\/person\/2b1cf3cd81a31e3cd26889ca66d677f1","name":"cfeditorfr"}]}},"_links":{"self":[{"href":"https:\/\/www.africa-press.net\/tchad\/wp-json\/wp\/v2\/posts\/30780","targetHints":{"allow":["GET"]}}],"collection":[{"href":"https:\/\/www.africa-press.net\/tchad\/wp-json\/wp\/v2\/posts"}],"about":[{"href":"https:\/\/www.africa-press.net\/tchad\/wp-json\/wp\/v2\/types\/post"}],"author":[{"embeddable":true,"href":"https:\/\/www.africa-press.net\/tchad\/wp-json\/wp\/v2\/users\/82"}],"replies":[{"embeddable":true,"href":"https:\/\/www.africa-press.net\/tchad\/wp-json\/wp\/v2\/comments?post=30780"}],"version-history":[{"count":0,"href":"https:\/\/www.africa-press.net\/tchad\/wp-json\/wp\/v2\/posts\/30780\/revisions"}],"wp:featuredmedia":[{"embeddable":true,"href":"https:\/\/www.africa-press.net\/tchad\/wp-json\/wp\/v2\/media\/30779"}],"wp:attachment":[{"href":"https:\/\/www.africa-press.net\/tchad\/wp-json\/wp\/v2\/media?parent=30780"}],"wp:term":[{"taxonomy":"category","embeddable":true,"href":"https:\/\/www.africa-press.net\/tchad\/wp-json\/wp\/v2\/categories?post=30780"},{"taxonomy":"post_tag","embeddable":true,"href":"https:\/\/www.africa-press.net\/tchad\/wp-json\/wp\/v2\/tags?post=30780"}],"curies":[{"name":"wp","href":"https:\/\/api.w.org\/{rel}","templated":true}]}}