{"id":30783,"date":"2022-08-18T17:27:17","date_gmt":"2022-08-18T17:27:17","guid":{"rendered":"https:\/\/www.africa-press.net\/tchad\/politique\/tchad-ahmat-haroun-ousman-abbas-et-brahim-yves-transferes-a-la-maison-darret"},"modified":"2022-08-18T17:58:44","modified_gmt":"2022-08-18T17:58:44","slug":"tchad-ahmat-haroun-ousman-abbas-et-brahim-yves-transferes-a-la-maison-darret","status":"publish","type":"post","link":"https:\/\/www.africa-press.net\/tchad\/politique\/tchad-ahmat-haroun-ousman-abbas-et-brahim-yves-transferes-a-la-maison-darret","title":{"rendered":"Tchad : Ahmat Haroun, Ousman Abbas et Brahim Yves transf\u00e9r\u00e9s \u00e0 la maison d&rsquo;arr\u00eat"},"content":{"rendered":"<p><span style=\"color: #ff6600\"><strong>Africa-Press &#8211; Tchad. <\/strong><\/span>Les trois hommes sont impliqu\u00e9s dans une violente rixe survenue dans la nuit du 12 ao\u00fbt dernier dans un quartier de N&rsquo;Djamena.<\/p>\n<p>Dans un \u00e9change t\u00e9l\u00e9phonique, Ahmat Haroun Larry et Ousman Abbas se sont donn\u00e9 rendez-vous pour un \u00e9change, \u00e0 la suite de propos que le conseiller du maire a jug\u00e9 insultants \u00e0 l&rsquo;\u00e9gard de sa m\u00e8re et de ses tantes.<\/p>\n<p>Les versions diff\u00e8rent ensuite : Ahmat Haroun Larry affirme avoir fait l&rsquo;objet d&rsquo;une tentative d&rsquo;assassinat par un groupe d&rsquo;une quinzaine de personnes tandis que Ousman Abbas assure avoir \u00e9t\u00e9 pris dans un guet-apens et lynch\u00e9.<\/p>\n<p>La veille, le parquet a rouvert le dossier pour compl\u00e9ment d&rsquo;information et r\u00e9gularisation du proc\u00e8s-verbal. Les renseignements g\u00e9n\u00e9raux ont fait une descente au domicile du maire de N&rsquo;Djamena dans la nuit pour proc\u00e9der \u00e0 l&rsquo;arrestation d&rsquo;un de ses fils qui serait impliqu\u00e9 dans la rixe, selon Me. Alain Kagonb\u00e9, avocat du maire.<\/p>\n<p><strong>Pour plus d&rsquo;informations et d&rsquo;analyses sur la <a href=\"https:\/\/www.africa-press.net\/tchad\">Tchad<\/a>, suivez <a href=\"https:\/\/www.africa-press.net\/\">Africa-Press<\/a><\/strong><\/p>\n","protected":false},"excerpt":{"rendered":"<p>Africa-Press &#8211; Tchad. Les trois hommes sont impliqu\u00e9s dans une violente rixe survenue dans la nuit du 12 ao\u00fbt dernier dans un quartier de N&rsquo;Djamena. Dans un \u00e9change t\u00e9l\u00e9phonique, Ahmat Haroun Larry et Ousman Abbas se sont donn\u00e9 rendez-vous pour un \u00e9change, \u00e0 la suite de propos que le conseiller du maire a jug\u00e9 insultants [&hellip;]<\/p>\n","protected":false},"author":82,"featured_media":30782,"comment_status":"open","ping_status":"closed","sticky":false,"template":"","format":"standard","meta":{"footnotes":""},"categories":[11,2,10],"tags":[37,292,29],"class_list":["post-30783","post","type-post","status-publish","format-standard","has-post-thumbnail","hentry","category-homepage-french","category-politique","category-toutes-les-actualites","tag-africa-press","tag-africa-press-tchad","tag-tchad"],"yoast_head":"<!-- This site is optimized with the Yoast SEO Premium plugin v26.1 (Yoast SEO v27.0) - https:\/\/yoast.com\/product\/yoast-seo-premium-wordpress\/ -->\n<title>Tchad : Ahmat Haroun, Ousman Abbas et Brahim Yves transf\u00e9r\u00e9s \u00e0 la maison d&#039;arr\u00eat - tchad<\/title>\n<meta name=\"description\" content=\"Les trois hommes sont impliqu\u00e9s dans une violente rixe survenue dans la nuit du 12 ao\u00fbt dernier dans un quartier de N&#039;Dj ...\" \/>\n<meta name=\"robots\" content=\"index, follow, max-snippet:-1, max-image-preview:large, max-video-preview:-1\" \/>\n<link rel=\"canonical\" href=\"https:\/\/www.africa-press.net\/tchad\/politique\/tchad-ahmat-haroun-ousman-abbas-et-brahim-yves-transferes-a-la-maison-darret\" \/>\n<meta property=\"og:locale\" content=\"fr_FR\" \/>\n<meta property=\"og:type\" content=\"article\" \/>\n<meta property=\"og:title\" content=\"Tchad : Ahmat Haroun, Ousman Abbas et Brahim Yves transf\u00e9r\u00e9s \u00e0 la maison d&#039;arr\u00eat\" \/>\n<meta property=\"og:description\" content=\"Les trois hommes sont impliqu\u00e9s dans une violente rixe survenue dans la nuit du 12 ao\u00fbt dernier dans un quartier de N&#039;Dj ...\" \/>\n<meta property=\"og:url\" content=\"https:\/\/www.africa-press.net\/tchad\/politique\/tchad-ahmat-haroun-ousman-abbas-et-brahim-yves-transferes-a-la-maison-darret\" \/>\n<meta property=\"og:site_name\" content=\"tchad\" \/>\n<meta property=\"article:published_time\" content=\"2022-08-18T17:27:17+00:00\" \/>\n<meta property=\"article:modified_time\" content=\"2022-08-18T17:58:44+00:00\" \/>\n<meta property=\"og:image\" content=\"https:\/\/static.africa-press.net\/tchad\/sites\/41\/2022\/08\/postQueueImg_52-62fe7dbb81ff3.jpg\" \/>\n\t<meta property=\"og:image:width\" content=\"959\" \/>\n\t<meta property=\"og:image:height\" content=\"636\" \/>\n\t<meta property=\"og:image:type\" content=\"image\/jpeg\" \/>\n<meta name=\"author\" content=\"cfeditorfr\" \/>\n<meta name=\"twitter:card\" content=\"summary_large_image\" \/>\n<meta name=\"twitter:label1\" content=\"\u00c9crit par\" \/>\n\t<meta name=\"twitter:data1\" content=\"cfeditorfr\" \/>\n\t<meta name=\"twitter:label2\" content=\"Dur\u00e9e de lecture estim\u00e9e\" \/>\n\t<meta name=\"twitter:data2\" content=\"1 minute\" \/>\n<script type=\"application\/ld+json\" class=\"yoast-schema-graph\">{\"@context\":\"https:\/\/schema.org\",\"@graph\":[{\"@type\":\"Article\",\"@id\":\"https:\/\/www.africa-press.net\/tchad\/politique\/tchad-ahmat-haroun-ousman-abbas-et-brahim-yves-transferes-a-la-maison-darret#article\",\"isPartOf\":{\"@id\":\"https:\/\/www.africa-press.net\/tchad\/politique\/tchad-ahmat-haroun-ousman-abbas-et-brahim-yves-transferes-a-la-maison-darret\"},\"author\":{\"name\":\"cfeditorfr\",\"@id\":\"https:\/\/www.africa-press.net\/tchad\/#\/schema\/person\/2b1cf3cd81a31e3cd26889ca66d677f1\"},\"headline\":\"Tchad : Ahmat Haroun, Ousman Abbas et Brahim Yves transf\u00e9r\u00e9s \u00e0 la maison d&rsquo;arr\u00eat\",\"datePublished\":\"2022-08-18T17:27:17+00:00\",\"dateModified\":\"2022-08-18T17:58:44+00:00\",\"mainEntityOfPage\":{\"@id\":\"https:\/\/www.africa-press.net\/tchad\/politique\/tchad-ahmat-haroun-ousman-abbas-et-brahim-yves-transferes-a-la-maison-darret\"},\"wordCount\":196,\"commentCount\":0,\"image\":{\"@id\":\"https:\/\/www.africa-press.net\/tchad\/politique\/tchad-ahmat-haroun-ousman-abbas-et-brahim-yves-transferes-a-la-maison-darret#primaryimage\"},\"thumbnailUrl\":\"https:\/\/static.africa-press.net\/tchad\/sites\/41\/2022\/08\/postQueueImg_52-62fe7dbb81ff3.jpg\",\"keywords\":[\"Africa Press\",\"Africa Press-Tchad\",\"Tchad\"],\"articleSection\":[\"homepage-french\",\"Politique\",\"Toutes les actualit\u00e9s\"],\"inLanguage\":\"fr-FR\",\"potentialAction\":[{\"@type\":\"CommentAction\",\"name\":\"Comment\",\"target\":[\"https:\/\/www.africa-press.net\/tchad\/politique\/tchad-ahmat-haroun-ousman-abbas-et-brahim-yves-transferes-a-la-maison-darret#respond\"]}]},{\"@type\":\"WebPage\",\"@id\":\"https:\/\/www.africa-press.net\/tchad\/politique\/tchad-ahmat-haroun-ousman-abbas-et-brahim-yves-transferes-a-la-maison-darret\",\"url\":\"https:\/\/www.africa-press.net\/tchad\/politique\/tchad-ahmat-haroun-ousman-abbas-et-brahim-yves-transferes-a-la-maison-darret\",\"name\":\"Tchad : Ahmat Haroun, Ousman Abbas et Brahim Yves transf\u00e9r\u00e9s \u00e0 la maison d'arr\u00eat - tchad\",\"isPartOf\":{\"@id\":\"https:\/\/www.africa-press.net\/tchad\/#website\"},\"primaryImageOfPage\":{\"@id\":\"https:\/\/www.africa-press.net\/tchad\/politique\/tchad-ahmat-haroun-ousman-abbas-et-brahim-yves-transferes-a-la-maison-darret#primaryimage\"},\"image\":{\"@id\":\"https:\/\/www.africa-press.net\/tchad\/politique\/tchad-ahmat-haroun-ousman-abbas-et-brahim-yves-transferes-a-la-maison-darret#primaryimage\"},\"thumbnailUrl\":\"https:\/\/static.africa-press.net\/tchad\/sites\/41\/2022\/08\/postQueueImg_52-62fe7dbb81ff3.jpg\",\"datePublished\":\"2022-08-18T17:27:17+00:00\",\"dateModified\":\"2022-08-18T17:58:44+00:00\",\"author\":{\"@id\":\"https:\/\/www.africa-press.net\/tchad\/#\/schema\/person\/2b1cf3cd81a31e3cd26889ca66d677f1\"},\"description\":\"Les trois hommes sont impliqu\u00e9s dans une violente rixe survenue dans la nuit du 12 ao\u00fbt dernier dans un quartier de N'Dj ...\",\"breadcrumb\":{\"@id\":\"https:\/\/www.africa-press.net\/tchad\/politique\/tchad-ahmat-haroun-ousman-abbas-et-brahim-yves-transferes-a-la-maison-darret#breadcrumb\"},\"inLanguage\":\"fr-FR\",\"potentialAction\":[{\"@type\":\"ReadAction\",\"target\":[\"https:\/\/www.africa-press.net\/tchad\/politique\/tchad-ahmat-haroun-ousman-abbas-et-brahim-yves-transferes-a-la-maison-darret\"]}]},{\"@type\":\"ImageObject\",\"inLanguage\":\"fr-FR\",\"@id\":\"https:\/\/www.africa-press.net\/tchad\/politique\/tchad-ahmat-haroun-ousman-abbas-et-brahim-yves-transferes-a-la-maison-darret#primaryimage\",\"url\":\"https:\/\/static.africa-press.net\/tchad\/sites\/41\/2022\/08\/postQueueImg_52-62fe7dbb81ff3.jpg\",\"contentUrl\":\"https:\/\/static.africa-press.net\/tchad\/sites\/41\/2022\/08\/postQueueImg_52-62fe7dbb81ff3.jpg\",\"width\":959,\"height\":636,\"caption\":\"Tchad : Ahmat Haroun, Ousman Abbas et Brahim Yves transf\u00e9r\u00e9s \u00e0 la maison d'arr\u00eat\"},{\"@type\":\"BreadcrumbList\",\"@id\":\"https:\/\/www.africa-press.net\/tchad\/politique\/tchad-ahmat-haroun-ousman-abbas-et-brahim-yves-transferes-a-la-maison-darret#breadcrumb\",\"itemListElement\":[{\"@type\":\"ListItem\",\"position\":1,\"name\":\"Accueil\",\"item\":\"https:\/\/www.africa-press.net\/tchad\/\"},{\"@type\":\"ListItem\",\"position\":2,\"name\":\"Tchad : Ahmat Haroun, Ousman Abbas et Brahim Yves transf\u00e9r\u00e9s \u00e0 la maison d&#8217;arr\u00eat\"}]},{\"@type\":\"WebSite\",\"@id\":\"https:\/\/www.africa-press.net\/tchad\/#website\",\"url\":\"https:\/\/www.africa-press.net\/tchad\/\",\"name\":\"tchad\",\"description\":\"Just another Africa News Agency Sites site\",\"potentialAction\":[{\"@type\":\"SearchAction\",\"target\":{\"@type\":\"EntryPoint\",\"urlTemplate\":\"https:\/\/www.africa-press.net\/tchad\/?s={search_term_string}\"},\"query-input\":{\"@type\":\"PropertyValueSpecification\",\"valueRequired\":true,\"valueName\":\"search_term_string\"}}],\"inLanguage\":\"fr-FR\"},{\"@type\":\"Person\",\"@id\":\"https:\/\/www.africa-press.net\/tchad\/#\/schema\/person\/2b1cf3cd81a31e3cd26889ca66d677f1\",\"name\":\"cfeditorfr\"}]}<\/script>\n<!-- \/ Yoast SEO Premium plugin. -->","yoast_head_json":{"title":"Tchad : Ahmat Haroun, Ousman Abbas et Brahim Yves transf\u00e9r\u00e9s \u00e0 la maison d'arr\u00eat - tchad","description":"Les trois hommes sont impliqu\u00e9s dans une violente rixe survenue dans la nuit du 12 ao\u00fbt dernier dans un quartier de N'Dj ...","robots":{"index":"index","follow":"follow","max-snippet":"max-snippet:-1","max-image-preview":"max-image-preview:large","max-video-preview":"max-video-preview:-1"},"canonical":"https:\/\/www.africa-press.net\/tchad\/politique\/tchad-ahmat-haroun-ousman-abbas-et-brahim-yves-transferes-a-la-maison-darret","og_locale":"fr_FR","og_type":"article","og_title":"Tchad : Ahmat Haroun, Ousman Abbas et Brahim Yves transf\u00e9r\u00e9s \u00e0 la maison d'arr\u00eat","og_description":"Les trois hommes sont impliqu\u00e9s dans une violente rixe survenue dans la nuit du 12 ao\u00fbt dernier dans un quartier de N'Dj ...","og_url":"https:\/\/www.africa-press.net\/tchad\/politique\/tchad-ahmat-haroun-ousman-abbas-et-brahim-yves-transferes-a-la-maison-darret","og_site_name":"tchad","article_published_time":"2022-08-18T17:27:17+00:00","article_modified_time":"2022-08-18T17:58:44+00:00","og_image":[{"width":959,"height":636,"url":"https:\/\/static.africa-press.net\/tchad\/sites\/41\/2022\/08\/postQueueImg_52-62fe7dbb81ff3.jpg","type":"image\/jpeg"}],"author":"cfeditorfr","twitter_card":"summary_large_image","twitter_misc":{"\u00c9crit par":"cfeditorfr","Dur\u00e9e de lecture estim\u00e9e":"1 minute"},"schema":{"@context":"https:\/\/schema.org","@graph":[{"@type":"Article","@id":"https:\/\/www.africa-press.net\/tchad\/politique\/tchad-ahmat-haroun-ousman-abbas-et-brahim-yves-transferes-a-la-maison-darret#article","isPartOf":{"@id":"https:\/\/www.africa-press.net\/tchad\/politique\/tchad-ahmat-haroun-ousman-abbas-et-brahim-yves-transferes-a-la-maison-darret"},"author":{"name":"cfeditorfr","@id":"https:\/\/www.africa-press.net\/tchad\/#\/schema\/person\/2b1cf3cd81a31e3cd26889ca66d677f1"},"headline":"Tchad : Ahmat Haroun, Ousman Abbas et Brahim Yves transf\u00e9r\u00e9s \u00e0 la maison d&rsquo;arr\u00eat","datePublished":"2022-08-18T17:27:17+00:00","dateModified":"2022-08-18T17:58:44+00:00","mainEntityOfPage":{"@id":"https:\/\/www.africa-press.net\/tchad\/politique\/tchad-ahmat-haroun-ousman-abbas-et-brahim-yves-transferes-a-la-maison-darret"},"wordCount":196,"commentCount":0,"image":{"@id":"https:\/\/www.africa-press.net\/tchad\/politique\/tchad-ahmat-haroun-ousman-abbas-et-brahim-yves-transferes-a-la-maison-darret#primaryimage"},"thumbnailUrl":"https:\/\/static.africa-press.net\/tchad\/sites\/41\/2022\/08\/postQueueImg_52-62fe7dbb81ff3.jpg","keywords":["Africa Press","Africa Press-Tchad","Tchad"],"articleSection":["homepage-french","Politique","Toutes les actualit\u00e9s"],"inLanguage":"fr-FR","potentialAction":[{"@type":"CommentAction","name":"Comment","target":["https:\/\/www.africa-press.net\/tchad\/politique\/tchad-ahmat-haroun-ousman-abbas-et-brahim-yves-transferes-a-la-maison-darret#respond"]}]},{"@type":"WebPage","@id":"https:\/\/www.africa-press.net\/tchad\/politique\/tchad-ahmat-haroun-ousman-abbas-et-brahim-yves-transferes-a-la-maison-darret","url":"https:\/\/www.africa-press.net\/tchad\/politique\/tchad-ahmat-haroun-ousman-abbas-et-brahim-yves-transferes-a-la-maison-darret","name":"Tchad : Ahmat Haroun, Ousman Abbas et Brahim Yves transf\u00e9r\u00e9s \u00e0 la maison d'arr\u00eat - tchad","isPartOf":{"@id":"https:\/\/www.africa-press.net\/tchad\/#website"},"primaryImageOfPage":{"@id":"https:\/\/www.africa-press.net\/tchad\/politique\/tchad-ahmat-haroun-ousman-abbas-et-brahim-yves-transferes-a-la-maison-darret#primaryimage"},"image":{"@id":"https:\/\/www.africa-press.net\/tchad\/politique\/tchad-ahmat-haroun-ousman-abbas-et-brahim-yves-transferes-a-la-maison-darret#primaryimage"},"thumbnailUrl":"https:\/\/static.africa-press.net\/tchad\/sites\/41\/2022\/08\/postQueueImg_52-62fe7dbb81ff3.jpg","datePublished":"2022-08-18T17:27:17+00:00","dateModified":"2022-08-18T17:58:44+00:00","author":{"@id":"https:\/\/www.africa-press.net\/tchad\/#\/schema\/person\/2b1cf3cd81a31e3cd26889ca66d677f1"},"description":"Les trois hommes sont impliqu\u00e9s dans une violente rixe survenue dans la nuit du 12 ao\u00fbt dernier dans un quartier de N'Dj ...","breadcrumb":{"@id":"https:\/\/www.africa-press.net\/tchad\/politique\/tchad-ahmat-haroun-ousman-abbas-et-brahim-yves-transferes-a-la-maison-darret#breadcrumb"},"inLanguage":"fr-FR","potentialAction":[{"@type":"ReadAction","target":["https:\/\/www.africa-press.net\/tchad\/politique\/tchad-ahmat-haroun-ousman-abbas-et-brahim-yves-transferes-a-la-maison-darret"]}]},{"@type":"ImageObject","inLanguage":"fr-FR","@id":"https:\/\/www.africa-press.net\/tchad\/politique\/tchad-ahmat-haroun-ousman-abbas-et-brahim-yves-transferes-a-la-maison-darret#primaryimage","url":"https:\/\/static.africa-press.net\/tchad\/sites\/41\/2022\/08\/postQueueImg_52-62fe7dbb81ff3.jpg","contentUrl":"https:\/\/static.africa-press.net\/tchad\/sites\/41\/2022\/08\/postQueueImg_52-62fe7dbb81ff3.jpg","width":959,"height":636,"caption":"Tchad : Ahmat Haroun, Ousman Abbas et Brahim Yves transf\u00e9r\u00e9s \u00e0 la maison d'arr\u00eat"},{"@type":"BreadcrumbList","@id":"https:\/\/www.africa-press.net\/tchad\/politique\/tchad-ahmat-haroun-ousman-abbas-et-brahim-yves-transferes-a-la-maison-darret#breadcrumb","itemListElement":[{"@type":"ListItem","position":1,"name":"Accueil","item":"https:\/\/www.africa-press.net\/tchad\/"},{"@type":"ListItem","position":2,"name":"Tchad : Ahmat Haroun, Ousman Abbas et Brahim Yves transf\u00e9r\u00e9s \u00e0 la maison d&#8217;arr\u00eat"}]},{"@type":"WebSite","@id":"https:\/\/www.africa-press.net\/tchad\/#website","url":"https:\/\/www.africa-press.net\/tchad\/","name":"tchad","description":"Just another Africa News Agency Sites site","potentialAction":[{"@type":"SearchAction","target":{"@type":"EntryPoint","urlTemplate":"https:\/\/www.africa-press.net\/tchad\/?s={search_term_string}"},"query-input":{"@type":"PropertyValueSpecification","valueRequired":true,"valueName":"search_term_string"}}],"inLanguage":"fr-FR"},{"@type":"Person","@id":"https:\/\/www.africa-press.net\/tchad\/#\/schema\/person\/2b1cf3cd81a31e3cd26889ca66d677f1","name":"cfeditorfr"}]}},"_links":{"self":[{"href":"https:\/\/www.africa-press.net\/tchad\/wp-json\/wp\/v2\/posts\/30783","targetHints":{"allow":["GET"]}}],"collection":[{"href":"https:\/\/www.africa-press.net\/tchad\/wp-json\/wp\/v2\/posts"}],"about":[{"href":"https:\/\/www.africa-press.net\/tchad\/wp-json\/wp\/v2\/types\/post"}],"author":[{"embeddable":true,"href":"https:\/\/www.africa-press.net\/tchad\/wp-json\/wp\/v2\/users\/82"}],"replies":[{"embeddable":true,"href":"https:\/\/www.africa-press.net\/tchad\/wp-json\/wp\/v2\/comments?post=30783"}],"version-history":[{"count":0,"href":"https:\/\/www.africa-press.net\/tchad\/wp-json\/wp\/v2\/posts\/30783\/revisions"}],"wp:featuredmedia":[{"embeddable":true,"href":"https:\/\/www.africa-press.net\/tchad\/wp-json\/wp\/v2\/media\/30782"}],"wp:attachment":[{"href":"https:\/\/www.africa-press.net\/tchad\/wp-json\/wp\/v2\/media?parent=30783"}],"wp:term":[{"taxonomy":"category","embeddable":true,"href":"https:\/\/www.africa-press.net\/tchad\/wp-json\/wp\/v2\/categories?post=30783"},{"taxonomy":"post_tag","embeddable":true,"href":"https:\/\/www.africa-press.net\/tchad\/wp-json\/wp\/v2\/tags?post=30783"}],"curies":[{"name":"wp","href":"https:\/\/api.w.org\/{rel}","templated":true}]}}