{"id":30786,"date":"2022-08-18T17:27:35","date_gmt":"2022-08-18T17:27:35","guid":{"rendered":"https:\/\/www.africa-press.net\/tchad\/politique\/tchad-siddikh-abdelkerim-annonce-que-le-ch-ira-au-dialogue-pour-defendre-ses-idees"},"modified":"2022-08-18T17:59:15","modified_gmt":"2022-08-18T17:59:15","slug":"tchad-siddikh-abdelkerim-annonce-que-le-ch-ira-au-dialogue-pour-defendre-ses-idees","status":"publish","type":"post","link":"https:\/\/www.africa-press.net\/tchad\/politique\/tchad-siddikh-abdelkerim-annonce-que-le-ch-ira-au-dialogue-pour-defendre-ses-idees","title":{"rendered":"Tchad : Siddikh Abdelkerim annonce que le CH ira au Dialogue pour d\u00e9fendre ses id\u00e9es"},"content":{"rendered":"<p><span style=\"color: #ff6600\"><strong>Africa-Press &#8211; Tchad. <\/strong><\/span>Le Comit\u00e9 d&rsquo;harmonisation (CH) dont les bureaux sont pilot\u00e9s par le pr\u00e9sident du parti Union pour la Refondation du Tchad (URT), Siddikh Abdelkerim Haggar, d\u00e9cide d&rsquo;aller au dialogue pour ne pas faire la politique de la chaise vise.<\/p>\n<p>Cela dit, Siddikh Abdelkerim Haggar annonce qu&rsquo;en cas de d\u00e9saccord pour l&rsquo;adoption du r\u00e8glement int\u00e9rieur, ils boycotteront le dialogue en quittant la salle. Par ailleurs, il appelle les partis politiques qui boycottent le dialogue de ne pas le faire, mais de prendre part au dialogue permet de faire des propositions, d\u00e9fendre et juger.<\/p>\n<p>Par cette d\u00e9marche, les membres du CH esp\u00e8rent convaincre les participants d&rsquo;adh\u00e9rer \u00e0 leurs propositions objectives et impartiales. \u00ab Elles sont les seules susceptibles de garantir une organisation r\u00e9ussie du Dialogue national \u00bb, souligne le repr\u00e9sentant du CH.<\/p>\n<p>Le CH regroupe 105 partis politiques et 74 organisations de la soci\u00e9t\u00e9 civile, dont certaines f\u00e9d\u00e8rent avec des associations.<\/p>\n<p><strong>Pour plus d&rsquo;informations et d&rsquo;analyses sur la <a href=\"https:\/\/www.africa-press.net\/tchad\">Tchad<\/a>, suivez <a href=\"https:\/\/www.africa-press.net\/\">Africa-Press<\/a><\/strong><\/p>\n","protected":false},"excerpt":{"rendered":"<p>Africa-Press &#8211; Tchad. Le Comit\u00e9 d&rsquo;harmonisation (CH) dont les bureaux sont pilot\u00e9s par le pr\u00e9sident du parti Union pour la Refondation du Tchad (URT), Siddikh Abdelkerim Haggar, d\u00e9cide d&rsquo;aller au dialogue pour ne pas faire la politique de la chaise vise. Cela dit, Siddikh Abdelkerim Haggar annonce qu&rsquo;en cas de d\u00e9saccord pour l&rsquo;adoption du r\u00e8glement [&hellip;]<\/p>\n","protected":false},"author":82,"featured_media":30785,"comment_status":"open","ping_status":"closed","sticky":false,"template":"","format":"standard","meta":{"footnotes":""},"categories":[11,2,10],"tags":[37,292,29],"class_list":["post-30786","post","type-post","status-publish","format-standard","has-post-thumbnail","hentry","category-homepage-french","category-politique","category-toutes-les-actualites","tag-africa-press","tag-africa-press-tchad","tag-tchad"],"yoast_head":"<!-- This site is optimized with the Yoast SEO Premium plugin v26.1 (Yoast SEO v27.0) - https:\/\/yoast.com\/product\/yoast-seo-premium-wordpress\/ -->\n<title>Tchad : Siddikh Abdelkerim annonce que le CH ira au Dialogue pour d\u00e9fendre ses id\u00e9es - tchad<\/title>\n<meta name=\"description\" content=\"Le Comit\u00e9 d&#039;harmonisation (CH) dont les bureaux sont pilot\u00e9s par le pr\u00e9sident du parti Union pour la Refondation du Tcha ...\" \/>\n<meta name=\"robots\" content=\"index, follow, max-snippet:-1, max-image-preview:large, max-video-preview:-1\" \/>\n<link rel=\"canonical\" href=\"https:\/\/www.africa-press.net\/tchad\/politique\/tchad-siddikh-abdelkerim-annonce-que-le-ch-ira-au-dialogue-pour-defendre-ses-idees\" \/>\n<meta property=\"og:locale\" content=\"fr_FR\" \/>\n<meta property=\"og:type\" content=\"article\" \/>\n<meta property=\"og:title\" content=\"Tchad : Siddikh Abdelkerim annonce que le CH ira au Dialogue pour d\u00e9fendre ses id\u00e9es\" \/>\n<meta property=\"og:description\" content=\"Le Comit\u00e9 d&#039;harmonisation (CH) dont les bureaux sont pilot\u00e9s par le pr\u00e9sident du parti Union pour la Refondation du Tcha ...\" \/>\n<meta property=\"og:url\" content=\"https:\/\/www.africa-press.net\/tchad\/politique\/tchad-siddikh-abdelkerim-annonce-que-le-ch-ira-au-dialogue-pour-defendre-ses-idees\" \/>\n<meta property=\"og:site_name\" content=\"tchad\" \/>\n<meta property=\"article:published_time\" content=\"2022-08-18T17:27:35+00:00\" \/>\n<meta property=\"article:modified_time\" content=\"2022-08-18T17:59:15+00:00\" \/>\n<meta property=\"og:image\" content=\"https:\/\/static.africa-press.net\/tchad\/sites\/41\/2022\/08\/postQueueImg_53-62fe7dda808dc.jpg\" \/>\n\t<meta property=\"og:image:width\" content=\"999\" \/>\n\t<meta property=\"og:image:height\" content=\"749\" \/>\n\t<meta property=\"og:image:type\" content=\"image\/jpeg\" \/>\n<meta name=\"author\" content=\"cfeditorfr\" \/>\n<meta name=\"twitter:card\" content=\"summary_large_image\" \/>\n<meta name=\"twitter:label1\" content=\"\u00c9crit par\" \/>\n\t<meta name=\"twitter:data1\" content=\"cfeditorfr\" \/>\n\t<meta name=\"twitter:label2\" content=\"Dur\u00e9e de lecture estim\u00e9e\" \/>\n\t<meta name=\"twitter:data2\" content=\"1 minute\" \/>\n<script type=\"application\/ld+json\" class=\"yoast-schema-graph\">{\"@context\":\"https:\/\/schema.org\",\"@graph\":[{\"@type\":\"Article\",\"@id\":\"https:\/\/www.africa-press.net\/tchad\/politique\/tchad-siddikh-abdelkerim-annonce-que-le-ch-ira-au-dialogue-pour-defendre-ses-idees#article\",\"isPartOf\":{\"@id\":\"https:\/\/www.africa-press.net\/tchad\/politique\/tchad-siddikh-abdelkerim-annonce-que-le-ch-ira-au-dialogue-pour-defendre-ses-idees\"},\"author\":{\"name\":\"cfeditorfr\",\"@id\":\"https:\/\/www.africa-press.net\/tchad\/#\/schema\/person\/2b1cf3cd81a31e3cd26889ca66d677f1\"},\"headline\":\"Tchad : Siddikh Abdelkerim annonce que le CH ira au Dialogue pour d\u00e9fendre ses id\u00e9es\",\"datePublished\":\"2022-08-18T17:27:35+00:00\",\"dateModified\":\"2022-08-18T17:59:15+00:00\",\"mainEntityOfPage\":{\"@id\":\"https:\/\/www.africa-press.net\/tchad\/politique\/tchad-siddikh-abdelkerim-annonce-que-le-ch-ira-au-dialogue-pour-defendre-ses-idees\"},\"wordCount\":194,\"commentCount\":0,\"image\":{\"@id\":\"https:\/\/www.africa-press.net\/tchad\/politique\/tchad-siddikh-abdelkerim-annonce-que-le-ch-ira-au-dialogue-pour-defendre-ses-idees#primaryimage\"},\"thumbnailUrl\":\"https:\/\/static.africa-press.net\/tchad\/sites\/41\/2022\/08\/postQueueImg_53-62fe7dda808dc.jpg\",\"keywords\":[\"Africa Press\",\"Africa Press-Tchad\",\"Tchad\"],\"articleSection\":[\"homepage-french\",\"Politique\",\"Toutes les actualit\u00e9s\"],\"inLanguage\":\"fr-FR\",\"potentialAction\":[{\"@type\":\"CommentAction\",\"name\":\"Comment\",\"target\":[\"https:\/\/www.africa-press.net\/tchad\/politique\/tchad-siddikh-abdelkerim-annonce-que-le-ch-ira-au-dialogue-pour-defendre-ses-idees#respond\"]}]},{\"@type\":\"WebPage\",\"@id\":\"https:\/\/www.africa-press.net\/tchad\/politique\/tchad-siddikh-abdelkerim-annonce-que-le-ch-ira-au-dialogue-pour-defendre-ses-idees\",\"url\":\"https:\/\/www.africa-press.net\/tchad\/politique\/tchad-siddikh-abdelkerim-annonce-que-le-ch-ira-au-dialogue-pour-defendre-ses-idees\",\"name\":\"Tchad : Siddikh Abdelkerim annonce que le CH ira au Dialogue pour d\u00e9fendre ses id\u00e9es - tchad\",\"isPartOf\":{\"@id\":\"https:\/\/www.africa-press.net\/tchad\/#website\"},\"primaryImageOfPage\":{\"@id\":\"https:\/\/www.africa-press.net\/tchad\/politique\/tchad-siddikh-abdelkerim-annonce-que-le-ch-ira-au-dialogue-pour-defendre-ses-idees#primaryimage\"},\"image\":{\"@id\":\"https:\/\/www.africa-press.net\/tchad\/politique\/tchad-siddikh-abdelkerim-annonce-que-le-ch-ira-au-dialogue-pour-defendre-ses-idees#primaryimage\"},\"thumbnailUrl\":\"https:\/\/static.africa-press.net\/tchad\/sites\/41\/2022\/08\/postQueueImg_53-62fe7dda808dc.jpg\",\"datePublished\":\"2022-08-18T17:27:35+00:00\",\"dateModified\":\"2022-08-18T17:59:15+00:00\",\"author\":{\"@id\":\"https:\/\/www.africa-press.net\/tchad\/#\/schema\/person\/2b1cf3cd81a31e3cd26889ca66d677f1\"},\"description\":\"Le Comit\u00e9 d'harmonisation (CH) dont les bureaux sont pilot\u00e9s par le pr\u00e9sident du parti Union pour la Refondation du Tcha ...\",\"breadcrumb\":{\"@id\":\"https:\/\/www.africa-press.net\/tchad\/politique\/tchad-siddikh-abdelkerim-annonce-que-le-ch-ira-au-dialogue-pour-defendre-ses-idees#breadcrumb\"},\"inLanguage\":\"fr-FR\",\"potentialAction\":[{\"@type\":\"ReadAction\",\"target\":[\"https:\/\/www.africa-press.net\/tchad\/politique\/tchad-siddikh-abdelkerim-annonce-que-le-ch-ira-au-dialogue-pour-defendre-ses-idees\"]}]},{\"@type\":\"ImageObject\",\"inLanguage\":\"fr-FR\",\"@id\":\"https:\/\/www.africa-press.net\/tchad\/politique\/tchad-siddikh-abdelkerim-annonce-que-le-ch-ira-au-dialogue-pour-defendre-ses-idees#primaryimage\",\"url\":\"https:\/\/static.africa-press.net\/tchad\/sites\/41\/2022\/08\/postQueueImg_53-62fe7dda808dc.jpg\",\"contentUrl\":\"https:\/\/static.africa-press.net\/tchad\/sites\/41\/2022\/08\/postQueueImg_53-62fe7dda808dc.jpg\",\"width\":999,\"height\":749,\"caption\":\"Tchad : Siddikh Abdelkerim annonce que le CH ira au Dialogue pour d\u00e9fendre ses id\u00e9es\"},{\"@type\":\"BreadcrumbList\",\"@id\":\"https:\/\/www.africa-press.net\/tchad\/politique\/tchad-siddikh-abdelkerim-annonce-que-le-ch-ira-au-dialogue-pour-defendre-ses-idees#breadcrumb\",\"itemListElement\":[{\"@type\":\"ListItem\",\"position\":1,\"name\":\"Accueil\",\"item\":\"https:\/\/www.africa-press.net\/tchad\/\"},{\"@type\":\"ListItem\",\"position\":2,\"name\":\"Tchad : Siddikh Abdelkerim annonce que le CH ira au Dialogue pour d\u00e9fendre ses id\u00e9es\"}]},{\"@type\":\"WebSite\",\"@id\":\"https:\/\/www.africa-press.net\/tchad\/#website\",\"url\":\"https:\/\/www.africa-press.net\/tchad\/\",\"name\":\"tchad\",\"description\":\"Just another Africa News Agency Sites site\",\"potentialAction\":[{\"@type\":\"SearchAction\",\"target\":{\"@type\":\"EntryPoint\",\"urlTemplate\":\"https:\/\/www.africa-press.net\/tchad\/?s={search_term_string}\"},\"query-input\":{\"@type\":\"PropertyValueSpecification\",\"valueRequired\":true,\"valueName\":\"search_term_string\"}}],\"inLanguage\":\"fr-FR\"},{\"@type\":\"Person\",\"@id\":\"https:\/\/www.africa-press.net\/tchad\/#\/schema\/person\/2b1cf3cd81a31e3cd26889ca66d677f1\",\"name\":\"cfeditorfr\"}]}<\/script>\n<!-- \/ Yoast SEO Premium plugin. -->","yoast_head_json":{"title":"Tchad : Siddikh Abdelkerim annonce que le CH ira au Dialogue pour d\u00e9fendre ses id\u00e9es - tchad","description":"Le Comit\u00e9 d'harmonisation (CH) dont les bureaux sont pilot\u00e9s par le pr\u00e9sident du parti Union pour la Refondation du Tcha ...","robots":{"index":"index","follow":"follow","max-snippet":"max-snippet:-1","max-image-preview":"max-image-preview:large","max-video-preview":"max-video-preview:-1"},"canonical":"https:\/\/www.africa-press.net\/tchad\/politique\/tchad-siddikh-abdelkerim-annonce-que-le-ch-ira-au-dialogue-pour-defendre-ses-idees","og_locale":"fr_FR","og_type":"article","og_title":"Tchad : Siddikh Abdelkerim annonce que le CH ira au Dialogue pour d\u00e9fendre ses id\u00e9es","og_description":"Le Comit\u00e9 d'harmonisation (CH) dont les bureaux sont pilot\u00e9s par le pr\u00e9sident du parti Union pour la Refondation du Tcha ...","og_url":"https:\/\/www.africa-press.net\/tchad\/politique\/tchad-siddikh-abdelkerim-annonce-que-le-ch-ira-au-dialogue-pour-defendre-ses-idees","og_site_name":"tchad","article_published_time":"2022-08-18T17:27:35+00:00","article_modified_time":"2022-08-18T17:59:15+00:00","og_image":[{"width":999,"height":749,"url":"https:\/\/static.africa-press.net\/tchad\/sites\/41\/2022\/08\/postQueueImg_53-62fe7dda808dc.jpg","type":"image\/jpeg"}],"author":"cfeditorfr","twitter_card":"summary_large_image","twitter_misc":{"\u00c9crit par":"cfeditorfr","Dur\u00e9e de lecture estim\u00e9e":"1 minute"},"schema":{"@context":"https:\/\/schema.org","@graph":[{"@type":"Article","@id":"https:\/\/www.africa-press.net\/tchad\/politique\/tchad-siddikh-abdelkerim-annonce-que-le-ch-ira-au-dialogue-pour-defendre-ses-idees#article","isPartOf":{"@id":"https:\/\/www.africa-press.net\/tchad\/politique\/tchad-siddikh-abdelkerim-annonce-que-le-ch-ira-au-dialogue-pour-defendre-ses-idees"},"author":{"name":"cfeditorfr","@id":"https:\/\/www.africa-press.net\/tchad\/#\/schema\/person\/2b1cf3cd81a31e3cd26889ca66d677f1"},"headline":"Tchad : Siddikh Abdelkerim annonce que le CH ira au Dialogue pour d\u00e9fendre ses id\u00e9es","datePublished":"2022-08-18T17:27:35+00:00","dateModified":"2022-08-18T17:59:15+00:00","mainEntityOfPage":{"@id":"https:\/\/www.africa-press.net\/tchad\/politique\/tchad-siddikh-abdelkerim-annonce-que-le-ch-ira-au-dialogue-pour-defendre-ses-idees"},"wordCount":194,"commentCount":0,"image":{"@id":"https:\/\/www.africa-press.net\/tchad\/politique\/tchad-siddikh-abdelkerim-annonce-que-le-ch-ira-au-dialogue-pour-defendre-ses-idees#primaryimage"},"thumbnailUrl":"https:\/\/static.africa-press.net\/tchad\/sites\/41\/2022\/08\/postQueueImg_53-62fe7dda808dc.jpg","keywords":["Africa Press","Africa Press-Tchad","Tchad"],"articleSection":["homepage-french","Politique","Toutes les actualit\u00e9s"],"inLanguage":"fr-FR","potentialAction":[{"@type":"CommentAction","name":"Comment","target":["https:\/\/www.africa-press.net\/tchad\/politique\/tchad-siddikh-abdelkerim-annonce-que-le-ch-ira-au-dialogue-pour-defendre-ses-idees#respond"]}]},{"@type":"WebPage","@id":"https:\/\/www.africa-press.net\/tchad\/politique\/tchad-siddikh-abdelkerim-annonce-que-le-ch-ira-au-dialogue-pour-defendre-ses-idees","url":"https:\/\/www.africa-press.net\/tchad\/politique\/tchad-siddikh-abdelkerim-annonce-que-le-ch-ira-au-dialogue-pour-defendre-ses-idees","name":"Tchad : Siddikh Abdelkerim annonce que le CH ira au Dialogue pour d\u00e9fendre ses id\u00e9es - tchad","isPartOf":{"@id":"https:\/\/www.africa-press.net\/tchad\/#website"},"primaryImageOfPage":{"@id":"https:\/\/www.africa-press.net\/tchad\/politique\/tchad-siddikh-abdelkerim-annonce-que-le-ch-ira-au-dialogue-pour-defendre-ses-idees#primaryimage"},"image":{"@id":"https:\/\/www.africa-press.net\/tchad\/politique\/tchad-siddikh-abdelkerim-annonce-que-le-ch-ira-au-dialogue-pour-defendre-ses-idees#primaryimage"},"thumbnailUrl":"https:\/\/static.africa-press.net\/tchad\/sites\/41\/2022\/08\/postQueueImg_53-62fe7dda808dc.jpg","datePublished":"2022-08-18T17:27:35+00:00","dateModified":"2022-08-18T17:59:15+00:00","author":{"@id":"https:\/\/www.africa-press.net\/tchad\/#\/schema\/person\/2b1cf3cd81a31e3cd26889ca66d677f1"},"description":"Le Comit\u00e9 d'harmonisation (CH) dont les bureaux sont pilot\u00e9s par le pr\u00e9sident du parti Union pour la Refondation du Tcha ...","breadcrumb":{"@id":"https:\/\/www.africa-press.net\/tchad\/politique\/tchad-siddikh-abdelkerim-annonce-que-le-ch-ira-au-dialogue-pour-defendre-ses-idees#breadcrumb"},"inLanguage":"fr-FR","potentialAction":[{"@type":"ReadAction","target":["https:\/\/www.africa-press.net\/tchad\/politique\/tchad-siddikh-abdelkerim-annonce-que-le-ch-ira-au-dialogue-pour-defendre-ses-idees"]}]},{"@type":"ImageObject","inLanguage":"fr-FR","@id":"https:\/\/www.africa-press.net\/tchad\/politique\/tchad-siddikh-abdelkerim-annonce-que-le-ch-ira-au-dialogue-pour-defendre-ses-idees#primaryimage","url":"https:\/\/static.africa-press.net\/tchad\/sites\/41\/2022\/08\/postQueueImg_53-62fe7dda808dc.jpg","contentUrl":"https:\/\/static.africa-press.net\/tchad\/sites\/41\/2022\/08\/postQueueImg_53-62fe7dda808dc.jpg","width":999,"height":749,"caption":"Tchad : Siddikh Abdelkerim annonce que le CH ira au Dialogue pour d\u00e9fendre ses id\u00e9es"},{"@type":"BreadcrumbList","@id":"https:\/\/www.africa-press.net\/tchad\/politique\/tchad-siddikh-abdelkerim-annonce-que-le-ch-ira-au-dialogue-pour-defendre-ses-idees#breadcrumb","itemListElement":[{"@type":"ListItem","position":1,"name":"Accueil","item":"https:\/\/www.africa-press.net\/tchad\/"},{"@type":"ListItem","position":2,"name":"Tchad : Siddikh Abdelkerim annonce que le CH ira au Dialogue pour d\u00e9fendre ses id\u00e9es"}]},{"@type":"WebSite","@id":"https:\/\/www.africa-press.net\/tchad\/#website","url":"https:\/\/www.africa-press.net\/tchad\/","name":"tchad","description":"Just another Africa News Agency Sites site","potentialAction":[{"@type":"SearchAction","target":{"@type":"EntryPoint","urlTemplate":"https:\/\/www.africa-press.net\/tchad\/?s={search_term_string}"},"query-input":{"@type":"PropertyValueSpecification","valueRequired":true,"valueName":"search_term_string"}}],"inLanguage":"fr-FR"},{"@type":"Person","@id":"https:\/\/www.africa-press.net\/tchad\/#\/schema\/person\/2b1cf3cd81a31e3cd26889ca66d677f1","name":"cfeditorfr"}]}},"_links":{"self":[{"href":"https:\/\/www.africa-press.net\/tchad\/wp-json\/wp\/v2\/posts\/30786","targetHints":{"allow":["GET"]}}],"collection":[{"href":"https:\/\/www.africa-press.net\/tchad\/wp-json\/wp\/v2\/posts"}],"about":[{"href":"https:\/\/www.africa-press.net\/tchad\/wp-json\/wp\/v2\/types\/post"}],"author":[{"embeddable":true,"href":"https:\/\/www.africa-press.net\/tchad\/wp-json\/wp\/v2\/users\/82"}],"replies":[{"embeddable":true,"href":"https:\/\/www.africa-press.net\/tchad\/wp-json\/wp\/v2\/comments?post=30786"}],"version-history":[{"count":0,"href":"https:\/\/www.africa-press.net\/tchad\/wp-json\/wp\/v2\/posts\/30786\/revisions"}],"wp:featuredmedia":[{"embeddable":true,"href":"https:\/\/www.africa-press.net\/tchad\/wp-json\/wp\/v2\/media\/30785"}],"wp:attachment":[{"href":"https:\/\/www.africa-press.net\/tchad\/wp-json\/wp\/v2\/media?parent=30786"}],"wp:term":[{"taxonomy":"category","embeddable":true,"href":"https:\/\/www.africa-press.net\/tchad\/wp-json\/wp\/v2\/categories?post=30786"},{"taxonomy":"post_tag","embeddable":true,"href":"https:\/\/www.africa-press.net\/tchad\/wp-json\/wp\/v2\/tags?post=30786"}],"curies":[{"name":"wp","href":"https:\/\/api.w.org\/{rel}","templated":true}]}}