{"id":30795,"date":"2022-08-18T17:28:38","date_gmt":"2022-08-18T17:28:38","guid":{"rendered":"https:\/\/www.africa-press.net\/tchad\/politique\/le-chef-rebelle-timan-erdimi-a-ndjamena-pour-participer-au-dialogue-national"},"modified":"2022-08-18T18:00:31","modified_gmt":"2022-08-18T18:00:31","slug":"le-chef-rebelle-timan-erdimi-a-ndjamena-pour-participer-au-dialogue-national","status":"publish","type":"post","link":"https:\/\/www.africa-press.net\/tchad\/politique\/le-chef-rebelle-timan-erdimi-a-ndjamena-pour-participer-au-dialogue-national","title":{"rendered":"le chef rebelle Timan Erdimi \u00e0 N\u2019Djamena pour participer au dialogue national"},"content":{"rendered":"<p><span style=\"color: #ff6600\"><strong>Africa-Press &#8211; Tchad. <\/strong><\/span>Le dialogue national inclusif s\u2019ouvre samedi 20 ao\u00fbt dans la capitale tchadienne.<\/p>\n<p>Il devrait d\u00e9boucher sur des \u00e9lections \u00ab libres et d\u00e9mocratiques \u00bb, affirme le pouvoir.<\/p>\n<p>Timan Erdimi, chef de l\u2019UFR, un important groupe rebelle, est arriv\u00e9 ce jeudi matin \u00e0 N\u2019Djamena pour y participer.<\/p>\n<p>Apr\u00e8s plusieurs reports, le forum de r\u00e9conciliation va d\u00e9marrer le 20 ao\u00fbt \u00e0 N\u2019Djamena.<\/p>\n<p>Premier signe concret de cette marche vers le dialogue, Timan Erdimi, le chef de l\u2019Union des forces de la r\u00e9sistance (UFR) \u2013 dont les colonnes, qui fondaient sur la capitale en 2019, avaient \u00e9t\u00e9 stopp\u00e9es gr\u00e2ce aux bombardements d\u2019avions de l\u2019arm\u00e9e fran\u00e7aise \u2013, a atterri ce jeudi matin \u00e0 l\u2019a\u00e9roport de la ville, o\u00f9 l\u2019attendaient une cinquantaine de proches.<\/p>\n<p>Le chef rebelle, cousin de Mahamat Idriss D\u00e9by Itno, vivait en exil au Qatar depuis une dizaine d\u2019ann\u00e9es.<\/p>\n<p>Apr\u00e8s son offensive rat\u00e9e, la justice tchadienne l\u2019avait condamn\u00e9 par contumace \u00e0 une peine d\u2019emprisonnement \u00e0 perp\u00e9tuit\u00e9.<\/p>\n<p>Selon un d\u00e9cret sign\u00e9 mercredi 17 ao\u00fbt, \u00ab le dialogue national inclusif [sera] souverain \u00bb et ses r\u00e9solutions seront \u00ab ex\u00e9cutoires \u00bb.<\/p>\n<p>\u00c0 son arriv\u00e9e \u00e0 la t\u00eate du pays, Mahamat Idriss D\u00e9by Itno, le pr\u00e9sident du Conseil militaire de transition (CMT), avait promis d\u2019organiser une rencontre entre l\u2019opposition et l\u2019arm\u00e9e pour permettre le transfert du pouvoir aux civils et des \u00e9lections.<\/p>\n<p>Le dialogue qui s\u2019ouvrira samedi doit d\u00e9boucher sur des \u00e9lections \u00ab libres et d\u00e9mocratiques \u00bb, ont promis les autorit\u00e9s tchadiennes.<\/p>\n<p>Ni Succ\u00e8s Masra ni Wakit Tamma<\/p>\n<p>Samedi, quelque 1 400 d\u00e9l\u00e9gu\u00e9s, membres de syndicats, de partis et du CMT, vont se r\u00e9unir pendant trois semaines pour discuter de la r\u00e9forme des institutions et d\u2019une nouvelle Constitution, qui sera ensuite soumise \u00e0 r\u00e9f\u00e9rendum.<\/p>\n<p>Une quarantaine de groupes rebelles, dont certains ont men\u00e9 des offensives jusqu\u2019aux portes du palais pr\u00e9sidentiel, participeront \u00e9galement \u00e0 l\u2019\u00e9v\u00e9nement, apr\u00e8s avoir sign\u00e9, le 8 ao\u00fbt, au terme de cinq mois de n\u00e9gociations parfois houleuses, un accord de paix avec la junte \u00e0 Doha.<\/p>\n<p>\u00c0 LIRE<\/p>\n<p>Tchad : valse de chefs d\u2019\u00c9tat \u00e0 N\u2019Djamena avant l\u2019ouverture du dialogue national<\/p>\n<p>Mais deux des principaux groupes rebelles, dont le Front pour l\u2019alternance et la concorde au Tchad (FACT), \u00e0 l\u2019origine de l\u2019attaque qui avait co\u00fbt\u00e9 la vie en avril 2021 \u00e0 Idriss D\u00e9by Itno, ont refus\u00e9 de signer cet accord.<\/p>\n<p>Wakit Tamma, une coalition de partis d\u2019opposition et de membres de la soci\u00e9t\u00e9 civile, a \u00e9galement refus\u00e9 de prendre part au dialogue, accusant la junte de perp\u00e9trer des \u00ab violations de droits humains \u00bb.<\/p>\n<p>\u00ab Il aurait fallu consacrer le caract\u00e8re souverain du dialogue dans la charte de transition, car un d\u00e9cret est annulable \u00e0 tout moment par une volont\u00e9 unilat\u00e9rale \u00bb, a d\u00e9nonc\u00e9 Succ\u00e8s Masra, pr\u00e9sident des Transformateurs, parti membre de Wakit Tamma.<\/p>\n<p><strong>Pour plus d&rsquo;informations et d&rsquo;analyses sur la <a href=\"https:\/\/www.africa-press.net\/tchad\">Tchad<\/a>, suivez <a href=\"https:\/\/www.africa-press.net\/\">Africa-Press<\/a><\/strong><\/p>\n","protected":false},"excerpt":{"rendered":"<p>Africa-Press &#8211; Tchad. Le dialogue national inclusif s\u2019ouvre samedi 20 ao\u00fbt dans la capitale tchadienne. Il devrait d\u00e9boucher sur des \u00e9lections \u00ab libres et d\u00e9mocratiques \u00bb, affirme le pouvoir. Timan Erdimi, chef de l\u2019UFR, un important groupe rebelle, est arriv\u00e9 ce jeudi matin \u00e0 N\u2019Djamena pour y participer. Apr\u00e8s plusieurs reports, le forum de r\u00e9conciliation [&hellip;]<\/p>\n","protected":false},"author":82,"featured_media":30794,"comment_status":"open","ping_status":"closed","sticky":false,"template":"","format":"standard","meta":{"footnotes":""},"categories":[11,2,20,10],"tags":[37,292,29],"class_list":["post-30795","post","type-post","status-publish","format-standard","has-post-thumbnail","hentry","category-homepage-french","category-politique","category-top-nouvelles","category-toutes-les-actualites","tag-africa-press","tag-africa-press-tchad","tag-tchad"],"yoast_head":"<!-- This site is optimized with the Yoast SEO Premium plugin v26.1 (Yoast SEO v27.0) - https:\/\/yoast.com\/product\/yoast-seo-premium-wordpress\/ -->\n<title>le chef rebelle Timan Erdimi \u00e0 N\u2019Djamena pour participer au dialogue national - tchad<\/title>\n<meta name=\"description\" content=\"Le dialogue national inclusif s\u2019ouvre samedi 20 ao\u00fbt dans la capitale tchadienne. Il devrait d\u00e9boucher sur des \u00e9lection ...\" \/>\n<meta name=\"robots\" content=\"index, follow, max-snippet:-1, max-image-preview:large, max-video-preview:-1\" \/>\n<link rel=\"canonical\" href=\"https:\/\/www.africa-press.net\/tchad\/politique\/le-chef-rebelle-timan-erdimi-a-ndjamena-pour-participer-au-dialogue-national\" \/>\n<meta property=\"og:locale\" content=\"fr_FR\" \/>\n<meta property=\"og:type\" content=\"article\" \/>\n<meta property=\"og:title\" content=\"le chef rebelle Timan Erdimi \u00e0 N\u2019Djamena pour participer au dialogue national\" \/>\n<meta property=\"og:description\" content=\"Le dialogue national inclusif s\u2019ouvre samedi 20 ao\u00fbt dans la capitale tchadienne. Il devrait d\u00e9boucher sur des \u00e9lection ...\" \/>\n<meta property=\"og:url\" content=\"https:\/\/www.africa-press.net\/tchad\/politique\/le-chef-rebelle-timan-erdimi-a-ndjamena-pour-participer-au-dialogue-national\" \/>\n<meta property=\"og:site_name\" content=\"tchad\" \/>\n<meta property=\"article:published_time\" content=\"2022-08-18T17:28:38+00:00\" \/>\n<meta property=\"article:modified_time\" content=\"2022-08-18T18:00:31+00:00\" \/>\n<meta property=\"og:image\" content=\"https:\/\/static.africa-press.net\/tchad\/sites\/41\/2022\/08\/postQueueImg_56.jpg\" \/>\n\t<meta property=\"og:image:width\" content=\"1050\" \/>\n\t<meta property=\"og:image:height\" content=\"549\" \/>\n\t<meta property=\"og:image:type\" content=\"image\/jpeg\" \/>\n<meta name=\"author\" content=\"cfeditorfr\" \/>\n<meta name=\"twitter:card\" content=\"summary_large_image\" \/>\n<meta name=\"twitter:label1\" content=\"\u00c9crit par\" \/>\n\t<meta name=\"twitter:data1\" content=\"cfeditorfr\" \/>\n\t<meta name=\"twitter:label2\" content=\"Dur\u00e9e de lecture estim\u00e9e\" \/>\n\t<meta name=\"twitter:data2\" content=\"3 minutes\" \/>\n<script type=\"application\/ld+json\" class=\"yoast-schema-graph\">{\"@context\":\"https:\/\/schema.org\",\"@graph\":[{\"@type\":\"Article\",\"@id\":\"https:\/\/www.africa-press.net\/tchad\/politique\/le-chef-rebelle-timan-erdimi-a-ndjamena-pour-participer-au-dialogue-national#article\",\"isPartOf\":{\"@id\":\"https:\/\/www.africa-press.net\/tchad\/politique\/le-chef-rebelle-timan-erdimi-a-ndjamena-pour-participer-au-dialogue-national\"},\"author\":{\"name\":\"cfeditorfr\",\"@id\":\"https:\/\/www.africa-press.net\/tchad\/#\/schema\/person\/2b1cf3cd81a31e3cd26889ca66d677f1\"},\"headline\":\"le chef rebelle Timan Erdimi \u00e0 N\u2019Djamena pour participer au dialogue national\",\"datePublished\":\"2022-08-18T17:28:38+00:00\",\"dateModified\":\"2022-08-18T18:00:31+00:00\",\"mainEntityOfPage\":{\"@id\":\"https:\/\/www.africa-press.net\/tchad\/politique\/le-chef-rebelle-timan-erdimi-a-ndjamena-pour-participer-au-dialogue-national\"},\"wordCount\":517,\"commentCount\":0,\"image\":{\"@id\":\"https:\/\/www.africa-press.net\/tchad\/politique\/le-chef-rebelle-timan-erdimi-a-ndjamena-pour-participer-au-dialogue-national#primaryimage\"},\"thumbnailUrl\":\"https:\/\/static.africa-press.net\/tchad\/sites\/41\/2022\/08\/postQueueImg_56.jpg\",\"keywords\":[\"Africa Press\",\"Africa Press-Tchad\",\"Tchad\"],\"articleSection\":[\"homepage-french\",\"Politique\",\"Top Nouvelles\",\"Toutes les actualit\u00e9s\"],\"inLanguage\":\"fr-FR\",\"potentialAction\":[{\"@type\":\"CommentAction\",\"name\":\"Comment\",\"target\":[\"https:\/\/www.africa-press.net\/tchad\/politique\/le-chef-rebelle-timan-erdimi-a-ndjamena-pour-participer-au-dialogue-national#respond\"]}]},{\"@type\":\"WebPage\",\"@id\":\"https:\/\/www.africa-press.net\/tchad\/politique\/le-chef-rebelle-timan-erdimi-a-ndjamena-pour-participer-au-dialogue-national\",\"url\":\"https:\/\/www.africa-press.net\/tchad\/politique\/le-chef-rebelle-timan-erdimi-a-ndjamena-pour-participer-au-dialogue-national\",\"name\":\"le chef rebelle Timan Erdimi \u00e0 N\u2019Djamena pour participer au dialogue national - tchad\",\"isPartOf\":{\"@id\":\"https:\/\/www.africa-press.net\/tchad\/#website\"},\"primaryImageOfPage\":{\"@id\":\"https:\/\/www.africa-press.net\/tchad\/politique\/le-chef-rebelle-timan-erdimi-a-ndjamena-pour-participer-au-dialogue-national#primaryimage\"},\"image\":{\"@id\":\"https:\/\/www.africa-press.net\/tchad\/politique\/le-chef-rebelle-timan-erdimi-a-ndjamena-pour-participer-au-dialogue-national#primaryimage\"},\"thumbnailUrl\":\"https:\/\/static.africa-press.net\/tchad\/sites\/41\/2022\/08\/postQueueImg_56.jpg\",\"datePublished\":\"2022-08-18T17:28:38+00:00\",\"dateModified\":\"2022-08-18T18:00:31+00:00\",\"author\":{\"@id\":\"https:\/\/www.africa-press.net\/tchad\/#\/schema\/person\/2b1cf3cd81a31e3cd26889ca66d677f1\"},\"description\":\"Le dialogue national inclusif s\u2019ouvre samedi 20 ao\u00fbt dans la capitale tchadienne. Il devrait d\u00e9boucher sur des \u00e9lection ...\",\"breadcrumb\":{\"@id\":\"https:\/\/www.africa-press.net\/tchad\/politique\/le-chef-rebelle-timan-erdimi-a-ndjamena-pour-participer-au-dialogue-national#breadcrumb\"},\"inLanguage\":\"fr-FR\",\"potentialAction\":[{\"@type\":\"ReadAction\",\"target\":[\"https:\/\/www.africa-press.net\/tchad\/politique\/le-chef-rebelle-timan-erdimi-a-ndjamena-pour-participer-au-dialogue-national\"]}]},{\"@type\":\"ImageObject\",\"inLanguage\":\"fr-FR\",\"@id\":\"https:\/\/www.africa-press.net\/tchad\/politique\/le-chef-rebelle-timan-erdimi-a-ndjamena-pour-participer-au-dialogue-national#primaryimage\",\"url\":\"https:\/\/static.africa-press.net\/tchad\/sites\/41\/2022\/08\/postQueueImg_56.jpg\",\"contentUrl\":\"https:\/\/static.africa-press.net\/tchad\/sites\/41\/2022\/08\/postQueueImg_56.jpg\",\"width\":1050,\"height\":549,\"caption\":\"le chef rebelle Timan Erdimi \u00e0 N\u2019Djamena pour participer au dialogue national\"},{\"@type\":\"BreadcrumbList\",\"@id\":\"https:\/\/www.africa-press.net\/tchad\/politique\/le-chef-rebelle-timan-erdimi-a-ndjamena-pour-participer-au-dialogue-national#breadcrumb\",\"itemListElement\":[{\"@type\":\"ListItem\",\"position\":1,\"name\":\"Accueil\",\"item\":\"https:\/\/www.africa-press.net\/tchad\/\"},{\"@type\":\"ListItem\",\"position\":2,\"name\":\"le chef rebelle Timan Erdimi \u00e0 N\u2019Djamena pour participer au dialogue national\"}]},{\"@type\":\"WebSite\",\"@id\":\"https:\/\/www.africa-press.net\/tchad\/#website\",\"url\":\"https:\/\/www.africa-press.net\/tchad\/\",\"name\":\"tchad\",\"description\":\"Just another Africa News Agency Sites site\",\"potentialAction\":[{\"@type\":\"SearchAction\",\"target\":{\"@type\":\"EntryPoint\",\"urlTemplate\":\"https:\/\/www.africa-press.net\/tchad\/?s={search_term_string}\"},\"query-input\":{\"@type\":\"PropertyValueSpecification\",\"valueRequired\":true,\"valueName\":\"search_term_string\"}}],\"inLanguage\":\"fr-FR\"},{\"@type\":\"Person\",\"@id\":\"https:\/\/www.africa-press.net\/tchad\/#\/schema\/person\/2b1cf3cd81a31e3cd26889ca66d677f1\",\"name\":\"cfeditorfr\"}]}<\/script>\n<!-- \/ Yoast SEO Premium plugin. -->","yoast_head_json":{"title":"le chef rebelle Timan Erdimi \u00e0 N\u2019Djamena pour participer au dialogue national - tchad","description":"Le dialogue national inclusif s\u2019ouvre samedi 20 ao\u00fbt dans la capitale tchadienne. Il devrait d\u00e9boucher sur des \u00e9lection ...","robots":{"index":"index","follow":"follow","max-snippet":"max-snippet:-1","max-image-preview":"max-image-preview:large","max-video-preview":"max-video-preview:-1"},"canonical":"https:\/\/www.africa-press.net\/tchad\/politique\/le-chef-rebelle-timan-erdimi-a-ndjamena-pour-participer-au-dialogue-national","og_locale":"fr_FR","og_type":"article","og_title":"le chef rebelle Timan Erdimi \u00e0 N\u2019Djamena pour participer au dialogue national","og_description":"Le dialogue national inclusif s\u2019ouvre samedi 20 ao\u00fbt dans la capitale tchadienne. Il devrait d\u00e9boucher sur des \u00e9lection ...","og_url":"https:\/\/www.africa-press.net\/tchad\/politique\/le-chef-rebelle-timan-erdimi-a-ndjamena-pour-participer-au-dialogue-national","og_site_name":"tchad","article_published_time":"2022-08-18T17:28:38+00:00","article_modified_time":"2022-08-18T18:00:31+00:00","og_image":[{"width":1050,"height":549,"url":"https:\/\/static.africa-press.net\/tchad\/sites\/41\/2022\/08\/postQueueImg_56.jpg","type":"image\/jpeg"}],"author":"cfeditorfr","twitter_card":"summary_large_image","twitter_misc":{"\u00c9crit par":"cfeditorfr","Dur\u00e9e de lecture estim\u00e9e":"3 minutes"},"schema":{"@context":"https:\/\/schema.org","@graph":[{"@type":"Article","@id":"https:\/\/www.africa-press.net\/tchad\/politique\/le-chef-rebelle-timan-erdimi-a-ndjamena-pour-participer-au-dialogue-national#article","isPartOf":{"@id":"https:\/\/www.africa-press.net\/tchad\/politique\/le-chef-rebelle-timan-erdimi-a-ndjamena-pour-participer-au-dialogue-national"},"author":{"name":"cfeditorfr","@id":"https:\/\/www.africa-press.net\/tchad\/#\/schema\/person\/2b1cf3cd81a31e3cd26889ca66d677f1"},"headline":"le chef rebelle Timan Erdimi \u00e0 N\u2019Djamena pour participer au dialogue national","datePublished":"2022-08-18T17:28:38+00:00","dateModified":"2022-08-18T18:00:31+00:00","mainEntityOfPage":{"@id":"https:\/\/www.africa-press.net\/tchad\/politique\/le-chef-rebelle-timan-erdimi-a-ndjamena-pour-participer-au-dialogue-national"},"wordCount":517,"commentCount":0,"image":{"@id":"https:\/\/www.africa-press.net\/tchad\/politique\/le-chef-rebelle-timan-erdimi-a-ndjamena-pour-participer-au-dialogue-national#primaryimage"},"thumbnailUrl":"https:\/\/static.africa-press.net\/tchad\/sites\/41\/2022\/08\/postQueueImg_56.jpg","keywords":["Africa Press","Africa Press-Tchad","Tchad"],"articleSection":["homepage-french","Politique","Top Nouvelles","Toutes les actualit\u00e9s"],"inLanguage":"fr-FR","potentialAction":[{"@type":"CommentAction","name":"Comment","target":["https:\/\/www.africa-press.net\/tchad\/politique\/le-chef-rebelle-timan-erdimi-a-ndjamena-pour-participer-au-dialogue-national#respond"]}]},{"@type":"WebPage","@id":"https:\/\/www.africa-press.net\/tchad\/politique\/le-chef-rebelle-timan-erdimi-a-ndjamena-pour-participer-au-dialogue-national","url":"https:\/\/www.africa-press.net\/tchad\/politique\/le-chef-rebelle-timan-erdimi-a-ndjamena-pour-participer-au-dialogue-national","name":"le chef rebelle Timan Erdimi \u00e0 N\u2019Djamena pour participer au dialogue national - tchad","isPartOf":{"@id":"https:\/\/www.africa-press.net\/tchad\/#website"},"primaryImageOfPage":{"@id":"https:\/\/www.africa-press.net\/tchad\/politique\/le-chef-rebelle-timan-erdimi-a-ndjamena-pour-participer-au-dialogue-national#primaryimage"},"image":{"@id":"https:\/\/www.africa-press.net\/tchad\/politique\/le-chef-rebelle-timan-erdimi-a-ndjamena-pour-participer-au-dialogue-national#primaryimage"},"thumbnailUrl":"https:\/\/static.africa-press.net\/tchad\/sites\/41\/2022\/08\/postQueueImg_56.jpg","datePublished":"2022-08-18T17:28:38+00:00","dateModified":"2022-08-18T18:00:31+00:00","author":{"@id":"https:\/\/www.africa-press.net\/tchad\/#\/schema\/person\/2b1cf3cd81a31e3cd26889ca66d677f1"},"description":"Le dialogue national inclusif s\u2019ouvre samedi 20 ao\u00fbt dans la capitale tchadienne. Il devrait d\u00e9boucher sur des \u00e9lection ...","breadcrumb":{"@id":"https:\/\/www.africa-press.net\/tchad\/politique\/le-chef-rebelle-timan-erdimi-a-ndjamena-pour-participer-au-dialogue-national#breadcrumb"},"inLanguage":"fr-FR","potentialAction":[{"@type":"ReadAction","target":["https:\/\/www.africa-press.net\/tchad\/politique\/le-chef-rebelle-timan-erdimi-a-ndjamena-pour-participer-au-dialogue-national"]}]},{"@type":"ImageObject","inLanguage":"fr-FR","@id":"https:\/\/www.africa-press.net\/tchad\/politique\/le-chef-rebelle-timan-erdimi-a-ndjamena-pour-participer-au-dialogue-national#primaryimage","url":"https:\/\/static.africa-press.net\/tchad\/sites\/41\/2022\/08\/postQueueImg_56.jpg","contentUrl":"https:\/\/static.africa-press.net\/tchad\/sites\/41\/2022\/08\/postQueueImg_56.jpg","width":1050,"height":549,"caption":"le chef rebelle Timan Erdimi \u00e0 N\u2019Djamena pour participer au dialogue national"},{"@type":"BreadcrumbList","@id":"https:\/\/www.africa-press.net\/tchad\/politique\/le-chef-rebelle-timan-erdimi-a-ndjamena-pour-participer-au-dialogue-national#breadcrumb","itemListElement":[{"@type":"ListItem","position":1,"name":"Accueil","item":"https:\/\/www.africa-press.net\/tchad\/"},{"@type":"ListItem","position":2,"name":"le chef rebelle Timan Erdimi \u00e0 N\u2019Djamena pour participer au dialogue national"}]},{"@type":"WebSite","@id":"https:\/\/www.africa-press.net\/tchad\/#website","url":"https:\/\/www.africa-press.net\/tchad\/","name":"tchad","description":"Just another Africa News Agency Sites site","potentialAction":[{"@type":"SearchAction","target":{"@type":"EntryPoint","urlTemplate":"https:\/\/www.africa-press.net\/tchad\/?s={search_term_string}"},"query-input":{"@type":"PropertyValueSpecification","valueRequired":true,"valueName":"search_term_string"}}],"inLanguage":"fr-FR"},{"@type":"Person","@id":"https:\/\/www.africa-press.net\/tchad\/#\/schema\/person\/2b1cf3cd81a31e3cd26889ca66d677f1","name":"cfeditorfr"}]}},"_links":{"self":[{"href":"https:\/\/www.africa-press.net\/tchad\/wp-json\/wp\/v2\/posts\/30795","targetHints":{"allow":["GET"]}}],"collection":[{"href":"https:\/\/www.africa-press.net\/tchad\/wp-json\/wp\/v2\/posts"}],"about":[{"href":"https:\/\/www.africa-press.net\/tchad\/wp-json\/wp\/v2\/types\/post"}],"author":[{"embeddable":true,"href":"https:\/\/www.africa-press.net\/tchad\/wp-json\/wp\/v2\/users\/82"}],"replies":[{"embeddable":true,"href":"https:\/\/www.africa-press.net\/tchad\/wp-json\/wp\/v2\/comments?post=30795"}],"version-history":[{"count":0,"href":"https:\/\/www.africa-press.net\/tchad\/wp-json\/wp\/v2\/posts\/30795\/revisions"}],"wp:featuredmedia":[{"embeddable":true,"href":"https:\/\/www.africa-press.net\/tchad\/wp-json\/wp\/v2\/media\/30794"}],"wp:attachment":[{"href":"https:\/\/www.africa-press.net\/tchad\/wp-json\/wp\/v2\/media?parent=30795"}],"wp:term":[{"taxonomy":"category","embeddable":true,"href":"https:\/\/www.africa-press.net\/tchad\/wp-json\/wp\/v2\/categories?post=30795"},{"taxonomy":"post_tag","embeddable":true,"href":"https:\/\/www.africa-press.net\/tchad\/wp-json\/wp\/v2\/tags?post=30795"}],"curies":[{"name":"wp","href":"https:\/\/api.w.org\/{rel}","templated":true}]}}