{"id":30844,"date":"2022-08-19T13:45:16","date_gmt":"2022-08-19T13:45:16","guid":{"rendered":"https:\/\/www.africa-press.net\/tchad\/politique\/pekin-propose-une-communaute-davenir-partage-sino-africaine"},"modified":"2022-08-19T14:03:14","modified_gmt":"2022-08-19T14:03:14","slug":"pekin-propose-une-communaute-davenir-partage-sino-africaine","status":"publish","type":"post","link":"https:\/\/www.africa-press.net\/tchad\/politique\/pekin-propose-une-communaute-davenir-partage-sino-africaine","title":{"rendered":"P\u00e9kin propose \u00ab\u00a0une communaut\u00e9 d&rsquo;avenir partag\u00e9\u00a0\u00bb sino-africaine"},"content":{"rendered":"<p><span style=\"color: #ff6600\"><strong>Africa-Press &#8211; Tchad. <\/strong><\/span>La Chine a propos\u00e9, jeudi par la voix de son ministre des Affaires \u00e9trang\u00e8res, Wang Yi, la mise en place d\u2019\u00a0\u00bb une communaut\u00e9 d&rsquo;avenir partag\u00e9 \u00a0\u00bb avec le continent africain.<\/p>\n<p>S\u2019exprimant par liaison vid\u00e9o lors d&rsquo;une r\u00e9union sur les progr\u00e8s r\u00e9alis\u00e9s dans la coop\u00e9ration sino-africaine, M. Wang a indiqu\u00e9 que la Chine et l&rsquo;Afrique ont r\u00e9alis\u00e9 de \u00ab\u00a0bons progr\u00e8s\u00a0\u00bb avec des \u00ab\u00a0b\u00e9n\u00e9fices tangibles\u00a0\u00bb pour les peuples africains.<\/p>\n<p>La rencontre s\u2019inscrit dans le cadre du suivi de la mise \u0153uvre des d\u00e9cisions prises \u00e0 l\u2019occasion de la 8\u00e8 Conf\u00e9rence minist\u00e9rielle du Forum sur la coop\u00e9ration Chine-Afrique (FOCAC), tenue en novembre 2021 \u00e0 Dakar.<\/p>\n<p>Lors de cette conf\u00e9rence, la Chine a annonc\u00e9 la mise en \u0153uvre de neuf projets conjoints avec des pays africains, comme signe de l\u2019engagement de P\u00e9kin envers l&rsquo;Afrique et en faveur de la dynamique durable de la coop\u00e9ration sino-africaine.<\/p>\n<p>Le chef de la diplomatie chinoise a soulign\u00e9 que son pays et l&rsquo;Afrique ont \u0153uvr\u00e9 pour faire avancer la construction des infrastructures pour faciliter l&rsquo;industrialisation de l&rsquo;Afrique, r\u00e9pondre conjointement \u00e0 la crise alimentaire mondiale et \u00e0 la pand\u00e9mie de Covid-19, poursuivre le d\u00e9veloppement durable \u00e0 travers la coop\u00e9ration en mati\u00e8re d&rsquo;\u00e9nergie propre et de r\u00e9ponse au changement climatique et promouvoir la paix et la stabilit\u00e9 r\u00e9gionales.<\/p>\n<p>Il a relev\u00e9 que la Chine et l&rsquo;Afrique devaient renforcer leur coop\u00e9ration \u00e9troite afin de poursuivre le d\u00e9veloppement commun et construire une communaut\u00e9 d&rsquo;avenir partag\u00e9 Chine-Afrique dans la nouvelle \u00e8re. Le responsable chinois a mis sur la table un plan visant \u00e0 renforcer la coop\u00e9ration de son pays avec l\u2019Afrique.<\/p>\n<p>Le plan appelle notamment \u00e0 la consolidation de l&rsquo;unit\u00e9 et l&rsquo;entraide entre les deux parties, a dit M. Wang, notant que la Chine continuera \u00e0 jouer un r\u00f4le actif dans la construction des infrastructures majeures en Afrique, augmenter les importations depuis l&rsquo;Afrique, soutenir la croissance de l&rsquo;agriculture et des industries manufacturi\u00e8res de l&rsquo;Afrique, et \u00e9tendre la coop\u00e9ration dans les industries \u00e9mergentes.<\/p>\n<p>La Chine est pr\u00eate \u00e0 surmonter les difficult\u00e9s pos\u00e9es par la pand\u00e9mie et \u00e0 aider les \u00e9tudiants africains en Chine \u00e0 revenir dans le pays, a, d\u2019autre part, indiqu\u00e9 le responsable chinois, ajoutant que Beijing encourage les groupes de r\u00e9flexion, les m\u00e9dias, les organisations non gouvernementales, les jeunes et les femmes de toutes les parties \u00e0 renforcer les \u00e9changes et la coop\u00e9ration. Il a exhort\u00e9 toutes les parties \u00e0 adh\u00e9rer \u00e0 l&rsquo;ouverture et \u00e0 la coop\u00e9ration gagnant-gagnant pour promouvoir le d\u00e9veloppement sain de la coop\u00e9ration internationale avec l&rsquo;Afrique.<\/p>\n<p><strong>Pour plus d&rsquo;informations et d&rsquo;analyses sur la <a href=\"https:\/\/www.africa-press.net\/tchad\">Tchad<\/a>, suivez <a href=\"https:\/\/www.africa-press.net\/\">Africa-Press<\/a><\/strong><\/p>\n","protected":false},"excerpt":{"rendered":"<p>Africa-Press &#8211; Tchad. La Chine a propos\u00e9, jeudi par la voix de son ministre des Affaires \u00e9trang\u00e8res, Wang Yi, la mise en place d\u2019\u00a0\u00bb une communaut\u00e9 d&rsquo;avenir partag\u00e9 \u00a0\u00bb avec le continent africain. S\u2019exprimant par liaison vid\u00e9o lors d&rsquo;une r\u00e9union sur les progr\u00e8s r\u00e9alis\u00e9s dans la coop\u00e9ration sino-africaine, M. Wang a indiqu\u00e9 que la Chine [&hellip;]<\/p>\n","protected":false},"author":82,"featured_media":30843,"comment_status":"open","ping_status":"closed","sticky":false,"template":"","format":"standard","meta":{"footnotes":""},"categories":[11,2,10],"tags":[37,292,29],"class_list":["post-30844","post","type-post","status-publish","format-standard","has-post-thumbnail","hentry","category-homepage-french","category-politique","category-toutes-les-actualites","tag-africa-press","tag-africa-press-tchad","tag-tchad"],"yoast_head":"<!-- This site is optimized with the Yoast SEO Premium plugin v26.1 (Yoast SEO v27.0) - https:\/\/yoast.com\/product\/yoast-seo-premium-wordpress\/ -->\n<title>P\u00e9kin propose &quot;une communaut\u00e9 d&#039;avenir partag\u00e9&quot; sino-africaine - tchad<\/title>\n<meta name=\"description\" content=\"La Chine a propos\u00e9, jeudi par la voix de son ministre des Affaires \u00e9trang\u00e8res, Wang Yi, la mise en place d\u2019&quot; une communa ...\" \/>\n<meta name=\"robots\" content=\"index, follow, max-snippet:-1, max-image-preview:large, max-video-preview:-1\" \/>\n<link rel=\"canonical\" href=\"https:\/\/www.africa-press.net\/tchad\/politique\/pekin-propose-une-communaute-davenir-partage-sino-africaine\" \/>\n<meta property=\"og:locale\" content=\"fr_FR\" \/>\n<meta property=\"og:type\" content=\"article\" \/>\n<meta property=\"og:title\" content=\"P\u00e9kin propose &quot;une communaut\u00e9 d&#039;avenir partag\u00e9&quot; sino-africaine\" \/>\n<meta property=\"og:description\" content=\"La Chine a propos\u00e9, jeudi par la voix de son ministre des Affaires \u00e9trang\u00e8res, Wang Yi, la mise en place d\u2019&quot; une communa ...\" \/>\n<meta property=\"og:url\" content=\"https:\/\/www.africa-press.net\/tchad\/politique\/pekin-propose-une-communaute-davenir-partage-sino-africaine\" \/>\n<meta property=\"og:site_name\" content=\"tchad\" \/>\n<meta property=\"article:published_time\" content=\"2022-08-19T13:45:16+00:00\" \/>\n<meta property=\"article:modified_time\" content=\"2022-08-19T14:03:14+00:00\" \/>\n<meta property=\"og:image\" content=\"https:\/\/static.africa-press.net\/tchad\/sites\/41\/2022\/08\/postQueueImg_5-62ff97e2cfe7e.jpg\" \/>\n\t<meta property=\"og:image:width\" content=\"1920\" \/>\n\t<meta property=\"og:image:height\" content=\"1080\" \/>\n\t<meta property=\"og:image:type\" content=\"image\/jpeg\" \/>\n<meta name=\"author\" content=\"cfeditorfr\" \/>\n<meta name=\"twitter:card\" content=\"summary_large_image\" \/>\n<meta name=\"twitter:label1\" content=\"\u00c9crit par\" \/>\n\t<meta name=\"twitter:data1\" content=\"cfeditorfr\" \/>\n\t<meta name=\"twitter:label2\" content=\"Dur\u00e9e de lecture estim\u00e9e\" \/>\n\t<meta name=\"twitter:data2\" content=\"3 minutes\" \/>\n<script type=\"application\/ld+json\" class=\"yoast-schema-graph\">{\"@context\":\"https:\/\/schema.org\",\"@graph\":[{\"@type\":\"Article\",\"@id\":\"https:\/\/www.africa-press.net\/tchad\/politique\/pekin-propose-une-communaute-davenir-partage-sino-africaine#article\",\"isPartOf\":{\"@id\":\"https:\/\/www.africa-press.net\/tchad\/politique\/pekin-propose-une-communaute-davenir-partage-sino-africaine\"},\"author\":{\"name\":\"cfeditorfr\",\"@id\":\"https:\/\/www.africa-press.net\/tchad\/#\/schema\/person\/2b1cf3cd81a31e3cd26889ca66d677f1\"},\"headline\":\"P\u00e9kin propose \u00ab\u00a0une communaut\u00e9 d&rsquo;avenir partag\u00e9\u00a0\u00bb sino-africaine\",\"datePublished\":\"2022-08-19T13:45:16+00:00\",\"dateModified\":\"2022-08-19T14:03:14+00:00\",\"mainEntityOfPage\":{\"@id\":\"https:\/\/www.africa-press.net\/tchad\/politique\/pekin-propose-une-communaute-davenir-partage-sino-africaine\"},\"wordCount\":477,\"commentCount\":0,\"image\":{\"@id\":\"https:\/\/www.africa-press.net\/tchad\/politique\/pekin-propose-une-communaute-davenir-partage-sino-africaine#primaryimage\"},\"thumbnailUrl\":\"https:\/\/static.africa-press.net\/tchad\/sites\/41\/2022\/08\/postQueueImg_5-62ff97e2cfe7e.jpg\",\"keywords\":[\"Africa Press\",\"Africa Press-Tchad\",\"Tchad\"],\"articleSection\":[\"homepage-french\",\"Politique\",\"Toutes les actualit\u00e9s\"],\"inLanguage\":\"fr-FR\",\"potentialAction\":[{\"@type\":\"CommentAction\",\"name\":\"Comment\",\"target\":[\"https:\/\/www.africa-press.net\/tchad\/politique\/pekin-propose-une-communaute-davenir-partage-sino-africaine#respond\"]}]},{\"@type\":\"WebPage\",\"@id\":\"https:\/\/www.africa-press.net\/tchad\/politique\/pekin-propose-une-communaute-davenir-partage-sino-africaine\",\"url\":\"https:\/\/www.africa-press.net\/tchad\/politique\/pekin-propose-une-communaute-davenir-partage-sino-africaine\",\"name\":\"P\u00e9kin propose \\\"une communaut\u00e9 d'avenir partag\u00e9\\\" sino-africaine - tchad\",\"isPartOf\":{\"@id\":\"https:\/\/www.africa-press.net\/tchad\/#website\"},\"primaryImageOfPage\":{\"@id\":\"https:\/\/www.africa-press.net\/tchad\/politique\/pekin-propose-une-communaute-davenir-partage-sino-africaine#primaryimage\"},\"image\":{\"@id\":\"https:\/\/www.africa-press.net\/tchad\/politique\/pekin-propose-une-communaute-davenir-partage-sino-africaine#primaryimage\"},\"thumbnailUrl\":\"https:\/\/static.africa-press.net\/tchad\/sites\/41\/2022\/08\/postQueueImg_5-62ff97e2cfe7e.jpg\",\"datePublished\":\"2022-08-19T13:45:16+00:00\",\"dateModified\":\"2022-08-19T14:03:14+00:00\",\"author\":{\"@id\":\"https:\/\/www.africa-press.net\/tchad\/#\/schema\/person\/2b1cf3cd81a31e3cd26889ca66d677f1\"},\"description\":\"La Chine a propos\u00e9, jeudi par la voix de son ministre des Affaires \u00e9trang\u00e8res, Wang Yi, la mise en place d\u2019\\\" une communa ...\",\"breadcrumb\":{\"@id\":\"https:\/\/www.africa-press.net\/tchad\/politique\/pekin-propose-une-communaute-davenir-partage-sino-africaine#breadcrumb\"},\"inLanguage\":\"fr-FR\",\"potentialAction\":[{\"@type\":\"ReadAction\",\"target\":[\"https:\/\/www.africa-press.net\/tchad\/politique\/pekin-propose-une-communaute-davenir-partage-sino-africaine\"]}]},{\"@type\":\"ImageObject\",\"inLanguage\":\"fr-FR\",\"@id\":\"https:\/\/www.africa-press.net\/tchad\/politique\/pekin-propose-une-communaute-davenir-partage-sino-africaine#primaryimage\",\"url\":\"https:\/\/static.africa-press.net\/tchad\/sites\/41\/2022\/08\/postQueueImg_5-62ff97e2cfe7e.jpg\",\"contentUrl\":\"https:\/\/static.africa-press.net\/tchad\/sites\/41\/2022\/08\/postQueueImg_5-62ff97e2cfe7e.jpg\",\"width\":1920,\"height\":1080,\"caption\":\"P\u00e9kin propose \\\"une communaut\u00e9 d'avenir partag\u00e9\\\" sino-africaine\"},{\"@type\":\"BreadcrumbList\",\"@id\":\"https:\/\/www.africa-press.net\/tchad\/politique\/pekin-propose-une-communaute-davenir-partage-sino-africaine#breadcrumb\",\"itemListElement\":[{\"@type\":\"ListItem\",\"position\":1,\"name\":\"Accueil\",\"item\":\"https:\/\/www.africa-press.net\/tchad\/\"},{\"@type\":\"ListItem\",\"position\":2,\"name\":\"P\u00e9kin propose &#8220;une communaut\u00e9 d&#8217;avenir partag\u00e9&#8221; sino-africaine\"}]},{\"@type\":\"WebSite\",\"@id\":\"https:\/\/www.africa-press.net\/tchad\/#website\",\"url\":\"https:\/\/www.africa-press.net\/tchad\/\",\"name\":\"tchad\",\"description\":\"Just another Africa News Agency Sites site\",\"potentialAction\":[{\"@type\":\"SearchAction\",\"target\":{\"@type\":\"EntryPoint\",\"urlTemplate\":\"https:\/\/www.africa-press.net\/tchad\/?s={search_term_string}\"},\"query-input\":{\"@type\":\"PropertyValueSpecification\",\"valueRequired\":true,\"valueName\":\"search_term_string\"}}],\"inLanguage\":\"fr-FR\"},{\"@type\":\"Person\",\"@id\":\"https:\/\/www.africa-press.net\/tchad\/#\/schema\/person\/2b1cf3cd81a31e3cd26889ca66d677f1\",\"name\":\"cfeditorfr\"}]}<\/script>\n<!-- \/ Yoast SEO Premium plugin. -->","yoast_head_json":{"title":"P\u00e9kin propose \"une communaut\u00e9 d'avenir partag\u00e9\" sino-africaine - tchad","description":"La Chine a propos\u00e9, jeudi par la voix de son ministre des Affaires \u00e9trang\u00e8res, Wang Yi, la mise en place d\u2019\" une communa ...","robots":{"index":"index","follow":"follow","max-snippet":"max-snippet:-1","max-image-preview":"max-image-preview:large","max-video-preview":"max-video-preview:-1"},"canonical":"https:\/\/www.africa-press.net\/tchad\/politique\/pekin-propose-une-communaute-davenir-partage-sino-africaine","og_locale":"fr_FR","og_type":"article","og_title":"P\u00e9kin propose \"une communaut\u00e9 d'avenir partag\u00e9\" sino-africaine","og_description":"La Chine a propos\u00e9, jeudi par la voix de son ministre des Affaires \u00e9trang\u00e8res, Wang Yi, la mise en place d\u2019\" une communa ...","og_url":"https:\/\/www.africa-press.net\/tchad\/politique\/pekin-propose-une-communaute-davenir-partage-sino-africaine","og_site_name":"tchad","article_published_time":"2022-08-19T13:45:16+00:00","article_modified_time":"2022-08-19T14:03:14+00:00","og_image":[{"width":1920,"height":1080,"url":"https:\/\/static.africa-press.net\/tchad\/sites\/41\/2022\/08\/postQueueImg_5-62ff97e2cfe7e.jpg","type":"image\/jpeg"}],"author":"cfeditorfr","twitter_card":"summary_large_image","twitter_misc":{"\u00c9crit par":"cfeditorfr","Dur\u00e9e de lecture estim\u00e9e":"3 minutes"},"schema":{"@context":"https:\/\/schema.org","@graph":[{"@type":"Article","@id":"https:\/\/www.africa-press.net\/tchad\/politique\/pekin-propose-une-communaute-davenir-partage-sino-africaine#article","isPartOf":{"@id":"https:\/\/www.africa-press.net\/tchad\/politique\/pekin-propose-une-communaute-davenir-partage-sino-africaine"},"author":{"name":"cfeditorfr","@id":"https:\/\/www.africa-press.net\/tchad\/#\/schema\/person\/2b1cf3cd81a31e3cd26889ca66d677f1"},"headline":"P\u00e9kin propose \u00ab\u00a0une communaut\u00e9 d&rsquo;avenir partag\u00e9\u00a0\u00bb sino-africaine","datePublished":"2022-08-19T13:45:16+00:00","dateModified":"2022-08-19T14:03:14+00:00","mainEntityOfPage":{"@id":"https:\/\/www.africa-press.net\/tchad\/politique\/pekin-propose-une-communaute-davenir-partage-sino-africaine"},"wordCount":477,"commentCount":0,"image":{"@id":"https:\/\/www.africa-press.net\/tchad\/politique\/pekin-propose-une-communaute-davenir-partage-sino-africaine#primaryimage"},"thumbnailUrl":"https:\/\/static.africa-press.net\/tchad\/sites\/41\/2022\/08\/postQueueImg_5-62ff97e2cfe7e.jpg","keywords":["Africa Press","Africa Press-Tchad","Tchad"],"articleSection":["homepage-french","Politique","Toutes les actualit\u00e9s"],"inLanguage":"fr-FR","potentialAction":[{"@type":"CommentAction","name":"Comment","target":["https:\/\/www.africa-press.net\/tchad\/politique\/pekin-propose-une-communaute-davenir-partage-sino-africaine#respond"]}]},{"@type":"WebPage","@id":"https:\/\/www.africa-press.net\/tchad\/politique\/pekin-propose-une-communaute-davenir-partage-sino-africaine","url":"https:\/\/www.africa-press.net\/tchad\/politique\/pekin-propose-une-communaute-davenir-partage-sino-africaine","name":"P\u00e9kin propose \"une communaut\u00e9 d'avenir partag\u00e9\" sino-africaine - tchad","isPartOf":{"@id":"https:\/\/www.africa-press.net\/tchad\/#website"},"primaryImageOfPage":{"@id":"https:\/\/www.africa-press.net\/tchad\/politique\/pekin-propose-une-communaute-davenir-partage-sino-africaine#primaryimage"},"image":{"@id":"https:\/\/www.africa-press.net\/tchad\/politique\/pekin-propose-une-communaute-davenir-partage-sino-africaine#primaryimage"},"thumbnailUrl":"https:\/\/static.africa-press.net\/tchad\/sites\/41\/2022\/08\/postQueueImg_5-62ff97e2cfe7e.jpg","datePublished":"2022-08-19T13:45:16+00:00","dateModified":"2022-08-19T14:03:14+00:00","author":{"@id":"https:\/\/www.africa-press.net\/tchad\/#\/schema\/person\/2b1cf3cd81a31e3cd26889ca66d677f1"},"description":"La Chine a propos\u00e9, jeudi par la voix de son ministre des Affaires \u00e9trang\u00e8res, Wang Yi, la mise en place d\u2019\" une communa ...","breadcrumb":{"@id":"https:\/\/www.africa-press.net\/tchad\/politique\/pekin-propose-une-communaute-davenir-partage-sino-africaine#breadcrumb"},"inLanguage":"fr-FR","potentialAction":[{"@type":"ReadAction","target":["https:\/\/www.africa-press.net\/tchad\/politique\/pekin-propose-une-communaute-davenir-partage-sino-africaine"]}]},{"@type":"ImageObject","inLanguage":"fr-FR","@id":"https:\/\/www.africa-press.net\/tchad\/politique\/pekin-propose-une-communaute-davenir-partage-sino-africaine#primaryimage","url":"https:\/\/static.africa-press.net\/tchad\/sites\/41\/2022\/08\/postQueueImg_5-62ff97e2cfe7e.jpg","contentUrl":"https:\/\/static.africa-press.net\/tchad\/sites\/41\/2022\/08\/postQueueImg_5-62ff97e2cfe7e.jpg","width":1920,"height":1080,"caption":"P\u00e9kin propose \"une communaut\u00e9 d'avenir partag\u00e9\" sino-africaine"},{"@type":"BreadcrumbList","@id":"https:\/\/www.africa-press.net\/tchad\/politique\/pekin-propose-une-communaute-davenir-partage-sino-africaine#breadcrumb","itemListElement":[{"@type":"ListItem","position":1,"name":"Accueil","item":"https:\/\/www.africa-press.net\/tchad\/"},{"@type":"ListItem","position":2,"name":"P\u00e9kin propose &#8220;une communaut\u00e9 d&#8217;avenir partag\u00e9&#8221; sino-africaine"}]},{"@type":"WebSite","@id":"https:\/\/www.africa-press.net\/tchad\/#website","url":"https:\/\/www.africa-press.net\/tchad\/","name":"tchad","description":"Just another Africa News Agency Sites site","potentialAction":[{"@type":"SearchAction","target":{"@type":"EntryPoint","urlTemplate":"https:\/\/www.africa-press.net\/tchad\/?s={search_term_string}"},"query-input":{"@type":"PropertyValueSpecification","valueRequired":true,"valueName":"search_term_string"}}],"inLanguage":"fr-FR"},{"@type":"Person","@id":"https:\/\/www.africa-press.net\/tchad\/#\/schema\/person\/2b1cf3cd81a31e3cd26889ca66d677f1","name":"cfeditorfr"}]}},"_links":{"self":[{"href":"https:\/\/www.africa-press.net\/tchad\/wp-json\/wp\/v2\/posts\/30844","targetHints":{"allow":["GET"]}}],"collection":[{"href":"https:\/\/www.africa-press.net\/tchad\/wp-json\/wp\/v2\/posts"}],"about":[{"href":"https:\/\/www.africa-press.net\/tchad\/wp-json\/wp\/v2\/types\/post"}],"author":[{"embeddable":true,"href":"https:\/\/www.africa-press.net\/tchad\/wp-json\/wp\/v2\/users\/82"}],"replies":[{"embeddable":true,"href":"https:\/\/www.africa-press.net\/tchad\/wp-json\/wp\/v2\/comments?post=30844"}],"version-history":[{"count":0,"href":"https:\/\/www.africa-press.net\/tchad\/wp-json\/wp\/v2\/posts\/30844\/revisions"}],"wp:featuredmedia":[{"embeddable":true,"href":"https:\/\/www.africa-press.net\/tchad\/wp-json\/wp\/v2\/media\/30843"}],"wp:attachment":[{"href":"https:\/\/www.africa-press.net\/tchad\/wp-json\/wp\/v2\/media?parent=30844"}],"wp:term":[{"taxonomy":"category","embeddable":true,"href":"https:\/\/www.africa-press.net\/tchad\/wp-json\/wp\/v2\/categories?post=30844"},{"taxonomy":"post_tag","embeddable":true,"href":"https:\/\/www.africa-press.net\/tchad\/wp-json\/wp\/v2\/tags?post=30844"}],"curies":[{"name":"wp","href":"https:\/\/api.w.org\/{rel}","templated":true}]}}