{"id":30853,"date":"2022-08-19T16:21:06","date_gmt":"2022-08-19T16:21:06","guid":{"rendered":"https:\/\/www.africa-press.net\/tchad\/politique\/une-deuxieme-vague-des-diplomes-integree-a-la-fonction-publique"},"modified":"2022-08-19T16:54:03","modified_gmt":"2022-08-19T16:54:03","slug":"une-deuxieme-vague-des-diplomes-integree-a-la-fonction-publique","status":"publish","type":"post","link":"https:\/\/www.africa-press.net\/tchad\/culture-et-art\/une-deuxieme-vague-des-diplomes-integree-a-la-fonction-publique","title":{"rendered":"une deuxi\u00e8me vague des dipl\u00f4m\u00e9s int\u00e9gr\u00e9e \u00e0 la fonction publique"},"content":{"rendered":"<p><span style=\"color: #ff6600\"><strong>Africa-Press &#8211; Tchad. <\/strong><\/span>Ce vendredi 19 ao\u00fbt 2022, les noms de la deuxi\u00e8me vague des dipl\u00f4m\u00e9s recrut\u00e9s \u00e0 la fonction publique seront affich\u00e9s. Il s\u2019agit de ceux issus des \u00e9coles professionnelles des secteurs de l\u2019Education et de la Sant\u00e9.<\/p>\n<p>Dans un article publi\u00e9 par Tchadinfos, dans la matin\u00e9e du 19 ao\u00fbt 2022, \u00ab la deuxi\u00e8me vague des int\u00e9grations \u00e0 la fonction publique est sortie. D\u2019apr\u00e8s le journal, l\u2019arr\u00eat\u00e9 d\u2019int\u00e9gration a d\u2019ores et d\u00e9j\u00e0 \u00e9t\u00e9 sign\u00e9 et sera affich\u00e9 ce jour. \u00ab Les dipl\u00f4m\u00e9s int\u00e9gr\u00e9s sont ceux que des laur\u00e9ats des \u00e9coles professionnelles des secteurs de l\u2019Education et de la Sant\u00e9. \u00bb<\/p>\n<p>Le 30 juin dernier, le ministre de la Fonction publique, confirmait que 416 laur\u00e9ats de la premi\u00e8re vague ont \u00e9t\u00e9 int\u00e9gr\u00e9s. Il s\u2019agissait des dipl\u00f4m\u00e9s de diff\u00e9rentes \u00e9coles de formation des instituteurs bacheliers et instituteurs adjoints. Ces derniers avaient re\u00e7us les f\u00e9licitations du pr\u00e9sident du Conseil militaire de transition. \u00ab Brillante carri\u00e8re \u00e0 chacun d\u2019entre eux dans les diff\u00e9rentes entit\u00e9s de l\u2019administration publique. \u00bb avait \u00e9crit le chef de la junte.<\/p>\n<p>Pour rappel, c\u2019est en mars 2022, que le pr\u00e9sident du Conseil militaire de transition, Mahamat Idriss Deby Itno a instruit le recrutement de 5000 jeunes dipl\u00f4m\u00e9s \u00e0 la fonction publique. Tchad : 416 dipl\u00f4m\u00e9s int\u00e9gr\u00e9s \u00e0 la Fonction publique sur 5000 promis<\/p>\n<p><strong>Pour plus d&rsquo;informations et d&rsquo;analyses sur la <a href=\"https:\/\/www.africa-press.net\/tchad\">Tchad<\/a>, suivez <a href=\"https:\/\/www.africa-press.net\/\">Africa-Press<\/a><\/strong><\/p>\n","protected":false},"excerpt":{"rendered":"<p>Africa-Press &#8211; Tchad. Ce vendredi 19 ao\u00fbt 2022, les noms de la deuxi\u00e8me vague des dipl\u00f4m\u00e9s recrut\u00e9s \u00e0 la fonction publique seront affich\u00e9s. Il s\u2019agit de ceux issus des \u00e9coles professionnelles des secteurs de l\u2019Education et de la Sant\u00e9. Dans un article publi\u00e9 par Tchadinfos, dans la matin\u00e9e du 19 ao\u00fbt 2022, \u00ab la deuxi\u00e8me [&hellip;]<\/p>\n","protected":false},"author":82,"featured_media":30852,"comment_status":"open","ping_status":"closed","sticky":false,"template":"","format":"standard","meta":{"footnotes":""},"categories":[5,11,10],"tags":[37,292,29],"class_list":["post-30853","post","type-post","status-publish","format-standard","has-post-thumbnail","hentry","category-culture-et-art","category-homepage-french","category-toutes-les-actualites","tag-africa-press","tag-africa-press-tchad","tag-tchad"],"yoast_head":"<!-- This site is optimized with the Yoast SEO Premium plugin v26.1 (Yoast SEO v27.0) - https:\/\/yoast.com\/product\/yoast-seo-premium-wordpress\/ -->\n<title>une deuxi\u00e8me vague des dipl\u00f4m\u00e9s int\u00e9gr\u00e9e \u00e0 la fonction publique - tchad<\/title>\n<meta name=\"description\" content=\"Ce vendredi 19 ao\u00fbt 2022, les noms de la deuxi\u00e8me vague des dipl\u00f4m\u00e9s recrut\u00e9s \u00e0 la fonction publique seront affich\u00e9s. Il ...\" \/>\n<meta name=\"robots\" content=\"index, follow, max-snippet:-1, max-image-preview:large, max-video-preview:-1\" \/>\n<link rel=\"canonical\" href=\"https:\/\/www.africa-press.net\/tchad\/culture-et-art\/une-deuxieme-vague-des-diplomes-integree-a-la-fonction-publique\" \/>\n<meta property=\"og:locale\" content=\"fr_FR\" \/>\n<meta property=\"og:type\" content=\"article\" \/>\n<meta property=\"og:title\" content=\"une deuxi\u00e8me vague des dipl\u00f4m\u00e9s int\u00e9gr\u00e9e \u00e0 la fonction publique\" \/>\n<meta property=\"og:description\" content=\"Ce vendredi 19 ao\u00fbt 2022, les noms de la deuxi\u00e8me vague des dipl\u00f4m\u00e9s recrut\u00e9s \u00e0 la fonction publique seront affich\u00e9s. Il ...\" \/>\n<meta property=\"og:url\" content=\"https:\/\/www.africa-press.net\/tchad\/culture-et-art\/une-deuxieme-vague-des-diplomes-integree-a-la-fonction-publique\" \/>\n<meta property=\"og:site_name\" content=\"tchad\" \/>\n<meta property=\"article:published_time\" content=\"2022-08-19T16:21:06+00:00\" \/>\n<meta property=\"article:modified_time\" content=\"2022-08-19T16:54:03+00:00\" \/>\n<meta property=\"og:image\" content=\"https:\/\/static.africa-press.net\/tchad\/sites\/41\/2022\/08\/postQueueImg_1-62ffbff5a9fda.jpg\" \/>\n\t<meta property=\"og:image:width\" content=\"780\" \/>\n\t<meta property=\"og:image:height\" content=\"440\" \/>\n\t<meta property=\"og:image:type\" content=\"image\/jpeg\" \/>\n<meta name=\"author\" content=\"cfeditorfr\" \/>\n<meta name=\"twitter:card\" content=\"summary_large_image\" \/>\n<meta name=\"twitter:label1\" content=\"\u00c9crit par\" \/>\n\t<meta name=\"twitter:data1\" content=\"cfeditorfr\" \/>\n\t<meta name=\"twitter:label2\" content=\"Dur\u00e9e de lecture estim\u00e9e\" \/>\n\t<meta name=\"twitter:data2\" content=\"2 minutes\" \/>\n<script type=\"application\/ld+json\" class=\"yoast-schema-graph\">{\"@context\":\"https:\/\/schema.org\",\"@graph\":[{\"@type\":\"Article\",\"@id\":\"https:\/\/www.africa-press.net\/tchad\/culture-et-art\/une-deuxieme-vague-des-diplomes-integree-a-la-fonction-publique#article\",\"isPartOf\":{\"@id\":\"https:\/\/www.africa-press.net\/tchad\/culture-et-art\/une-deuxieme-vague-des-diplomes-integree-a-la-fonction-publique\"},\"author\":{\"name\":\"cfeditorfr\",\"@id\":\"https:\/\/www.africa-press.net\/tchad\/#\/schema\/person\/2b1cf3cd81a31e3cd26889ca66d677f1\"},\"headline\":\"une deuxi\u00e8me vague des dipl\u00f4m\u00e9s int\u00e9gr\u00e9e \u00e0 la fonction publique\",\"datePublished\":\"2022-08-19T16:21:06+00:00\",\"dateModified\":\"2022-08-19T16:54:03+00:00\",\"mainEntityOfPage\":{\"@id\":\"https:\/\/www.africa-press.net\/tchad\/culture-et-art\/une-deuxieme-vague-des-diplomes-integree-a-la-fonction-publique\"},\"wordCount\":269,\"commentCount\":0,\"image\":{\"@id\":\"https:\/\/www.africa-press.net\/tchad\/culture-et-art\/une-deuxieme-vague-des-diplomes-integree-a-la-fonction-publique#primaryimage\"},\"thumbnailUrl\":\"https:\/\/static.africa-press.net\/tchad\/sites\/41\/2022\/08\/postQueueImg_1-62ffbff5a9fda.jpg\",\"keywords\":[\"Africa Press\",\"Africa Press-Tchad\",\"Tchad\"],\"articleSection\":[\"Culture et Art\",\"homepage-french\",\"Toutes les actualit\u00e9s\"],\"inLanguage\":\"fr-FR\",\"potentialAction\":[{\"@type\":\"CommentAction\",\"name\":\"Comment\",\"target\":[\"https:\/\/www.africa-press.net\/tchad\/culture-et-art\/une-deuxieme-vague-des-diplomes-integree-a-la-fonction-publique#respond\"]}]},{\"@type\":\"WebPage\",\"@id\":\"https:\/\/www.africa-press.net\/tchad\/culture-et-art\/une-deuxieme-vague-des-diplomes-integree-a-la-fonction-publique\",\"url\":\"https:\/\/www.africa-press.net\/tchad\/culture-et-art\/une-deuxieme-vague-des-diplomes-integree-a-la-fonction-publique\",\"name\":\"une deuxi\u00e8me vague des dipl\u00f4m\u00e9s int\u00e9gr\u00e9e \u00e0 la fonction publique - tchad\",\"isPartOf\":{\"@id\":\"https:\/\/www.africa-press.net\/tchad\/#website\"},\"primaryImageOfPage\":{\"@id\":\"https:\/\/www.africa-press.net\/tchad\/culture-et-art\/une-deuxieme-vague-des-diplomes-integree-a-la-fonction-publique#primaryimage\"},\"image\":{\"@id\":\"https:\/\/www.africa-press.net\/tchad\/culture-et-art\/une-deuxieme-vague-des-diplomes-integree-a-la-fonction-publique#primaryimage\"},\"thumbnailUrl\":\"https:\/\/static.africa-press.net\/tchad\/sites\/41\/2022\/08\/postQueueImg_1-62ffbff5a9fda.jpg\",\"datePublished\":\"2022-08-19T16:21:06+00:00\",\"dateModified\":\"2022-08-19T16:54:03+00:00\",\"author\":{\"@id\":\"https:\/\/www.africa-press.net\/tchad\/#\/schema\/person\/2b1cf3cd81a31e3cd26889ca66d677f1\"},\"description\":\"Ce vendredi 19 ao\u00fbt 2022, les noms de la deuxi\u00e8me vague des dipl\u00f4m\u00e9s recrut\u00e9s \u00e0 la fonction publique seront affich\u00e9s. Il ...\",\"breadcrumb\":{\"@id\":\"https:\/\/www.africa-press.net\/tchad\/culture-et-art\/une-deuxieme-vague-des-diplomes-integree-a-la-fonction-publique#breadcrumb\"},\"inLanguage\":\"fr-FR\",\"potentialAction\":[{\"@type\":\"ReadAction\",\"target\":[\"https:\/\/www.africa-press.net\/tchad\/culture-et-art\/une-deuxieme-vague-des-diplomes-integree-a-la-fonction-publique\"]}]},{\"@type\":\"ImageObject\",\"inLanguage\":\"fr-FR\",\"@id\":\"https:\/\/www.africa-press.net\/tchad\/culture-et-art\/une-deuxieme-vague-des-diplomes-integree-a-la-fonction-publique#primaryimage\",\"url\":\"https:\/\/static.africa-press.net\/tchad\/sites\/41\/2022\/08\/postQueueImg_1-62ffbff5a9fda.jpg\",\"contentUrl\":\"https:\/\/static.africa-press.net\/tchad\/sites\/41\/2022\/08\/postQueueImg_1-62ffbff5a9fda.jpg\",\"width\":780,\"height\":440,\"caption\":\"une deuxi\u00e8me vague des dipl\u00f4m\u00e9s int\u00e9gr\u00e9e \u00e0 la fonction publique\"},{\"@type\":\"BreadcrumbList\",\"@id\":\"https:\/\/www.africa-press.net\/tchad\/culture-et-art\/une-deuxieme-vague-des-diplomes-integree-a-la-fonction-publique#breadcrumb\",\"itemListElement\":[{\"@type\":\"ListItem\",\"position\":1,\"name\":\"Accueil\",\"item\":\"https:\/\/www.africa-press.net\/tchad\/\"},{\"@type\":\"ListItem\",\"position\":2,\"name\":\"une deuxi\u00e8me vague des dipl\u00f4m\u00e9s int\u00e9gr\u00e9e \u00e0 la fonction publique\"}]},{\"@type\":\"WebSite\",\"@id\":\"https:\/\/www.africa-press.net\/tchad\/#website\",\"url\":\"https:\/\/www.africa-press.net\/tchad\/\",\"name\":\"tchad\",\"description\":\"Just another Africa News Agency Sites site\",\"potentialAction\":[{\"@type\":\"SearchAction\",\"target\":{\"@type\":\"EntryPoint\",\"urlTemplate\":\"https:\/\/www.africa-press.net\/tchad\/?s={search_term_string}\"},\"query-input\":{\"@type\":\"PropertyValueSpecification\",\"valueRequired\":true,\"valueName\":\"search_term_string\"}}],\"inLanguage\":\"fr-FR\"},{\"@type\":\"Person\",\"@id\":\"https:\/\/www.africa-press.net\/tchad\/#\/schema\/person\/2b1cf3cd81a31e3cd26889ca66d677f1\",\"name\":\"cfeditorfr\"}]}<\/script>\n<!-- \/ Yoast SEO Premium plugin. -->","yoast_head_json":{"title":"une deuxi\u00e8me vague des dipl\u00f4m\u00e9s int\u00e9gr\u00e9e \u00e0 la fonction publique - tchad","description":"Ce vendredi 19 ao\u00fbt 2022, les noms de la deuxi\u00e8me vague des dipl\u00f4m\u00e9s recrut\u00e9s \u00e0 la fonction publique seront affich\u00e9s. Il ...","robots":{"index":"index","follow":"follow","max-snippet":"max-snippet:-1","max-image-preview":"max-image-preview:large","max-video-preview":"max-video-preview:-1"},"canonical":"https:\/\/www.africa-press.net\/tchad\/culture-et-art\/une-deuxieme-vague-des-diplomes-integree-a-la-fonction-publique","og_locale":"fr_FR","og_type":"article","og_title":"une deuxi\u00e8me vague des dipl\u00f4m\u00e9s int\u00e9gr\u00e9e \u00e0 la fonction publique","og_description":"Ce vendredi 19 ao\u00fbt 2022, les noms de la deuxi\u00e8me vague des dipl\u00f4m\u00e9s recrut\u00e9s \u00e0 la fonction publique seront affich\u00e9s. Il ...","og_url":"https:\/\/www.africa-press.net\/tchad\/culture-et-art\/une-deuxieme-vague-des-diplomes-integree-a-la-fonction-publique","og_site_name":"tchad","article_published_time":"2022-08-19T16:21:06+00:00","article_modified_time":"2022-08-19T16:54:03+00:00","og_image":[{"width":780,"height":440,"url":"https:\/\/static.africa-press.net\/tchad\/sites\/41\/2022\/08\/postQueueImg_1-62ffbff5a9fda.jpg","type":"image\/jpeg"}],"author":"cfeditorfr","twitter_card":"summary_large_image","twitter_misc":{"\u00c9crit par":"cfeditorfr","Dur\u00e9e de lecture estim\u00e9e":"2 minutes"},"schema":{"@context":"https:\/\/schema.org","@graph":[{"@type":"Article","@id":"https:\/\/www.africa-press.net\/tchad\/culture-et-art\/une-deuxieme-vague-des-diplomes-integree-a-la-fonction-publique#article","isPartOf":{"@id":"https:\/\/www.africa-press.net\/tchad\/culture-et-art\/une-deuxieme-vague-des-diplomes-integree-a-la-fonction-publique"},"author":{"name":"cfeditorfr","@id":"https:\/\/www.africa-press.net\/tchad\/#\/schema\/person\/2b1cf3cd81a31e3cd26889ca66d677f1"},"headline":"une deuxi\u00e8me vague des dipl\u00f4m\u00e9s int\u00e9gr\u00e9e \u00e0 la fonction publique","datePublished":"2022-08-19T16:21:06+00:00","dateModified":"2022-08-19T16:54:03+00:00","mainEntityOfPage":{"@id":"https:\/\/www.africa-press.net\/tchad\/culture-et-art\/une-deuxieme-vague-des-diplomes-integree-a-la-fonction-publique"},"wordCount":269,"commentCount":0,"image":{"@id":"https:\/\/www.africa-press.net\/tchad\/culture-et-art\/une-deuxieme-vague-des-diplomes-integree-a-la-fonction-publique#primaryimage"},"thumbnailUrl":"https:\/\/static.africa-press.net\/tchad\/sites\/41\/2022\/08\/postQueueImg_1-62ffbff5a9fda.jpg","keywords":["Africa Press","Africa Press-Tchad","Tchad"],"articleSection":["Culture et Art","homepage-french","Toutes les actualit\u00e9s"],"inLanguage":"fr-FR","potentialAction":[{"@type":"CommentAction","name":"Comment","target":["https:\/\/www.africa-press.net\/tchad\/culture-et-art\/une-deuxieme-vague-des-diplomes-integree-a-la-fonction-publique#respond"]}]},{"@type":"WebPage","@id":"https:\/\/www.africa-press.net\/tchad\/culture-et-art\/une-deuxieme-vague-des-diplomes-integree-a-la-fonction-publique","url":"https:\/\/www.africa-press.net\/tchad\/culture-et-art\/une-deuxieme-vague-des-diplomes-integree-a-la-fonction-publique","name":"une deuxi\u00e8me vague des dipl\u00f4m\u00e9s int\u00e9gr\u00e9e \u00e0 la fonction publique - tchad","isPartOf":{"@id":"https:\/\/www.africa-press.net\/tchad\/#website"},"primaryImageOfPage":{"@id":"https:\/\/www.africa-press.net\/tchad\/culture-et-art\/une-deuxieme-vague-des-diplomes-integree-a-la-fonction-publique#primaryimage"},"image":{"@id":"https:\/\/www.africa-press.net\/tchad\/culture-et-art\/une-deuxieme-vague-des-diplomes-integree-a-la-fonction-publique#primaryimage"},"thumbnailUrl":"https:\/\/static.africa-press.net\/tchad\/sites\/41\/2022\/08\/postQueueImg_1-62ffbff5a9fda.jpg","datePublished":"2022-08-19T16:21:06+00:00","dateModified":"2022-08-19T16:54:03+00:00","author":{"@id":"https:\/\/www.africa-press.net\/tchad\/#\/schema\/person\/2b1cf3cd81a31e3cd26889ca66d677f1"},"description":"Ce vendredi 19 ao\u00fbt 2022, les noms de la deuxi\u00e8me vague des dipl\u00f4m\u00e9s recrut\u00e9s \u00e0 la fonction publique seront affich\u00e9s. Il ...","breadcrumb":{"@id":"https:\/\/www.africa-press.net\/tchad\/culture-et-art\/une-deuxieme-vague-des-diplomes-integree-a-la-fonction-publique#breadcrumb"},"inLanguage":"fr-FR","potentialAction":[{"@type":"ReadAction","target":["https:\/\/www.africa-press.net\/tchad\/culture-et-art\/une-deuxieme-vague-des-diplomes-integree-a-la-fonction-publique"]}]},{"@type":"ImageObject","inLanguage":"fr-FR","@id":"https:\/\/www.africa-press.net\/tchad\/culture-et-art\/une-deuxieme-vague-des-diplomes-integree-a-la-fonction-publique#primaryimage","url":"https:\/\/static.africa-press.net\/tchad\/sites\/41\/2022\/08\/postQueueImg_1-62ffbff5a9fda.jpg","contentUrl":"https:\/\/static.africa-press.net\/tchad\/sites\/41\/2022\/08\/postQueueImg_1-62ffbff5a9fda.jpg","width":780,"height":440,"caption":"une deuxi\u00e8me vague des dipl\u00f4m\u00e9s int\u00e9gr\u00e9e \u00e0 la fonction publique"},{"@type":"BreadcrumbList","@id":"https:\/\/www.africa-press.net\/tchad\/culture-et-art\/une-deuxieme-vague-des-diplomes-integree-a-la-fonction-publique#breadcrumb","itemListElement":[{"@type":"ListItem","position":1,"name":"Accueil","item":"https:\/\/www.africa-press.net\/tchad\/"},{"@type":"ListItem","position":2,"name":"une deuxi\u00e8me vague des dipl\u00f4m\u00e9s int\u00e9gr\u00e9e \u00e0 la fonction publique"}]},{"@type":"WebSite","@id":"https:\/\/www.africa-press.net\/tchad\/#website","url":"https:\/\/www.africa-press.net\/tchad\/","name":"tchad","description":"Just another Africa News Agency Sites site","potentialAction":[{"@type":"SearchAction","target":{"@type":"EntryPoint","urlTemplate":"https:\/\/www.africa-press.net\/tchad\/?s={search_term_string}"},"query-input":{"@type":"PropertyValueSpecification","valueRequired":true,"valueName":"search_term_string"}}],"inLanguage":"fr-FR"},{"@type":"Person","@id":"https:\/\/www.africa-press.net\/tchad\/#\/schema\/person\/2b1cf3cd81a31e3cd26889ca66d677f1","name":"cfeditorfr"}]}},"_links":{"self":[{"href":"https:\/\/www.africa-press.net\/tchad\/wp-json\/wp\/v2\/posts\/30853","targetHints":{"allow":["GET"]}}],"collection":[{"href":"https:\/\/www.africa-press.net\/tchad\/wp-json\/wp\/v2\/posts"}],"about":[{"href":"https:\/\/www.africa-press.net\/tchad\/wp-json\/wp\/v2\/types\/post"}],"author":[{"embeddable":true,"href":"https:\/\/www.africa-press.net\/tchad\/wp-json\/wp\/v2\/users\/82"}],"replies":[{"embeddable":true,"href":"https:\/\/www.africa-press.net\/tchad\/wp-json\/wp\/v2\/comments?post=30853"}],"version-history":[{"count":0,"href":"https:\/\/www.africa-press.net\/tchad\/wp-json\/wp\/v2\/posts\/30853\/revisions"}],"wp:featuredmedia":[{"embeddable":true,"href":"https:\/\/www.africa-press.net\/tchad\/wp-json\/wp\/v2\/media\/30852"}],"wp:attachment":[{"href":"https:\/\/www.africa-press.net\/tchad\/wp-json\/wp\/v2\/media?parent=30853"}],"wp:term":[{"taxonomy":"category","embeddable":true,"href":"https:\/\/www.africa-press.net\/tchad\/wp-json\/wp\/v2\/categories?post=30853"},{"taxonomy":"post_tag","embeddable":true,"href":"https:\/\/www.africa-press.net\/tchad\/wp-json\/wp\/v2\/tags?post=30853"}],"curies":[{"name":"wp","href":"https:\/\/api.w.org\/{rel}","templated":true}]}}