{"id":30856,"date":"2022-08-19T16:21:38","date_gmt":"2022-08-19T16:21:38","guid":{"rendered":"https:\/\/www.africa-press.net\/tchad\/politique\/deux-importants-chefs-rebelles-de-retour-au-tchad-apres-des-annees-dexil"},"modified":"2022-08-19T16:54:39","modified_gmt":"2022-08-19T16:54:39","slug":"deux-importants-chefs-rebelles-de-retour-au-tchad-apres-des-annees-dexil","status":"publish","type":"post","link":"https:\/\/www.africa-press.net\/tchad\/politique\/deux-importants-chefs-rebelles-de-retour-au-tchad-apres-des-annees-dexil","title":{"rendered":"Deux importants chefs rebelles de retour au Tchad apr\u00e8s des ann\u00e9es d\u2019exil"},"content":{"rendered":"<p><span style=\"color: #ff6600\"><strong>Africa-Press &#8211; Tchad. <\/strong><\/span>A deux jours de l\u2019ouverture d\u2019un dialogue national au Tchad plusieurs fois report\u00e9, Timan Erdimi et Mahamat Nouri, deux importants chefs rebelles tchadiens en exil depuis des ann\u00e9es apr\u00e8s avoir tent\u00e9 de renverser l\u2019ancien pr\u00e9sident Idriss D\u00e9by Itno, sont rentr\u00e9s, jeudi 18 ao\u00fbt, \u00e0 N\u2019Djamena.<\/p>\n<p>Timan Erdimi, le chef de l\u2019Union des forces de la r\u00e9sistance (UFR), dont les colonnes qui fondaient sur la capitale en 2019 ont \u00e9t\u00e9 stopp\u00e9es gr\u00e2ce aux avions de l\u2019arm\u00e9e fran\u00e7aise, a atterri en d\u00e9but de matin\u00e9e \u00e0 l\u2019a\u00e9roport de N\u2019Djamena, o\u00f9 l\u2019attendait une cinquantaine de proches, a constat\u00e9 un journaliste de l\u2019AFP. <b>\u00ab Je suis tr\u00e8s content de regagner le pays apr\u00e8s tant d\u2019ann\u00e9es d\u2019exil \u00bb<\/b>, a d\u00e9clar\u00e9 \u00e0 l\u2019AFP Timan Erdimi, 67 ans, arborant une fine barbe blanche et v\u00eatu d\u2019un habit traditionnel et d\u2019un bonnet blanc.<\/p>\n<p>Un peu plus tard dans la matin\u00e9e, Mahamat Nouri, leader de l\u2019Union des forces pour la d\u00e9mocratie et le d\u00e9veloppement (UFDD), est lui aussi arriv\u00e9 \u00e0 l\u2019a\u00e9roport de la capitale tchadienne. M. Nouri, ancien ministre de la d\u00e9fense d\u2019Idriss D\u00e9by, avant de faire d\u00e9fection, avait \u00e9t\u00e9 mis en examen en France pour <b>\u00ab crimes contre l\u2019humanit\u00e9 \u00bb<\/b> pour le recrutement pr\u00e9sum\u00e9 d\u2019enfants soldats au Tchad et au Soudan. Incarc\u00e9r\u00e9 \u00e0 Paris en 2019, il est remis en libert\u00e9 en 2020 pour raisons de sant\u00e9. Une foule compacte de plusieurs centaines de personnes a accueilli Mahamat Nouri, v\u00eatu d\u2019un grand boubou et d\u2019un turban blanc sur la t\u00eate, a constat\u00e9 un journaliste de l\u2019AFP.<\/p>\n<p>Les deux chefs rebelles doivent participer, \u00e0 partir de samedi, \u00e0 un grand dialogue national inclusif (DNI), qui doit d\u00e9boucher sur des \u00e9lections <b>\u00ab libres et d\u00e9mocratiques \u00bb<\/b> et le transfert du pouvoir aux civils.<\/p>\n<p>Amnistie Le chef de l\u2019UFR, qui vivait en exil depuis une dizaine d\u2019ann\u00e9es au Qatar et dont le fr\u00e8re jumeau Tom est emprisonn\u00e9 depuis plusieurs mois en Egypte, est membre de l\u2019ethnie Zaghawa comme son oncle, Idriss D\u00e9by, qui a dirig\u00e9 le Tchad d\u2019une main de fer durant trente ans avant d\u2019\u00eatre tu\u00e9 en se rendant au front contre des rebelles en avril 2021.<\/p>\n<p><b>\u00ab On ne pas peut s\u2019attendre \u00e0 ce que Timan Erdimi se contente de se rallier au pouvoir, il va certainement jouer sa propre partition, on peut m\u00eame s\u2019attendre \u00e0 ce que les tensions, qui sont importantes en ce moment au sein de la communaut\u00e9 Zaghawa, soient aliment\u00e9es par Timan, plut\u00f4t qu\u2019il ne les calme \u00bb<\/b>, d\u00e9clare \u00e0 l\u2019AFP J\u00e9r\u00f4me Tubiana, chercheur fran\u00e7ais sp\u00e9cialiste du Tchad et de ses groupes rebelles.<\/p>\n<p>Les deux chefs rebelles avaient particip\u00e9 \u00e0 l\u2019offensive de 2008 qui \u00e9tait arriv\u00e9e aux portes du palais pr\u00e9sidentiel, avant finalement d\u2019\u00eatre repouss\u00e9e, notamment gr\u00e2ce \u00e0 l\u2019appui de la France. En 2019, apr\u00e8s une autre offensive rat\u00e9e, la justice tchadienne avait condamn\u00e9 Timan Erdimi par contumace \u00e0 une peine d\u2019emprisonnement \u00e0 perp\u00e9tuit\u00e9.<\/p>\n<p>En novembre 2021, la junte au pouvoir avait d\u00e9cr\u00e9t\u00e9 une amnistie g\u00e9n\u00e9rale pour les rebelles et opposants, affirmant vouloir <b>\u00ab faire table rase des vestiges h\u00e9rit\u00e9s des p\u00e9riodes sombres de notre pays \u00bb<\/b>.<\/p>\n<p>M. Erdimi est un cousin de Mahamat Idriss D\u00e9by, le nouvel homme fort du Tchad, qui a pris le pouvoir \u00e0 la suite de son p\u00e8re Idriss D\u00e9by \u00e0 la t\u00eate d\u2019un Conseil militaire de transition (CMT). Mahamat Idriss D\u00e9by s\u2019est arrog\u00e9 pratiquement tous les pouvoirs, apr\u00e8s avoir dissous le gouvernement et suspendu la Constitution. Il a promis le retour d\u2019un pouvoir civil \u00e0 l\u2019issue d\u2019une p\u00e9riode de transition de dix-huit mois.<\/p>\n<p>\u00ab Reb\u00e2tir le Tchad \u00bb<\/p>\n<p>Apr\u00e8s plusieurs ann\u00e9es de lutte arm\u00e9e, le 8 ao\u00fbt, l\u2019UFR de Timan Erdimi et l\u2019UFDD de Mahamat Nouri, aux c\u00f4t\u00e9s d\u2019une quarantaine d\u2019autres groupes rebelles, ont sign\u00e9 un accord au Qatar avec la junte au pouvoir, pr\u00e9voyant notamment un cessez-le-feu. <b>\u00ab Nous avons sign\u00e9 cet accord pour reb\u00e2tir le Tchad \u00bb<\/b>, a affirm\u00e9 \u00e0 l\u2019AFP Timan Erdimi.<\/p>\n<p>Les groupes signataires sont invit\u00e9s \u00e0 participer au DNI, forum de r\u00e9conciliation nationale qui s\u2019ouvre samedi \u00e0 N\u2019Djamena apr\u00e8s plusieurs reports. Quelque 1 400 d\u00e9l\u00e9gu\u00e9s, membres de syndicats, de partis politiques et du CMT, se r\u00e9uniront pendant trois semaines pour discuter de la r\u00e9forme des institutions et d\u2019une nouvelle Constitution, qui sera ensuite soumise \u00e0 r\u00e9f\u00e9rendum. Mais deux des principaux groupes rebelles, ainsi qu\u2019une plateforme de partis politiques et de la soci\u00e9t\u00e9 civile, ont refus\u00e9 de participer au DNI, le consid\u00e9rant comme <b>\u00ab biais\u00e9 \u00bb<\/b>.<\/p>\n<p>L\u2019UFR, avec plusieurs centaines d\u2019hommes, est bas\u00e9e dans le sud de la Libye et dans le nord du Tchad. L\u2019UFDD, bas\u00e9e elle aussi en Libye, est sortie tr\u00e8s affaiblie du d\u00e9part de Mahamat Mahdi Ali, parti fonder en 2016 le Front pour l\u2019alternance et la concorde au Tchad (FACT), groupe rebelle \u00e0 l\u2019origine de l\u2019offensive qui a co\u00fbt\u00e9 la vie \u00e0 Idriss D\u00e9by.<\/p>\n<p>Le Tchad, membre du G5 Sahel, est consid\u00e9r\u00e9 comme un partenaire cl\u00e9 dans la lutte antidjihadiste men\u00e9e en Afrique centrale et de l\u2019Ouest par les Occidentaux, \u00e0 commencer par la France.<\/p>\n<p><strong>Pour plus d&rsquo;informations et d&rsquo;analyses sur la <a href=\"https:\/\/www.africa-press.net\/tchad\">Tchad<\/a>, suivez <a href=\"https:\/\/www.africa-press.net\/\">Africa-Press<\/a><\/strong><\/p>\n","protected":false},"excerpt":{"rendered":"<p>Africa-Press &#8211; Tchad. A deux jours de l\u2019ouverture d\u2019un dialogue national au Tchad plusieurs fois report\u00e9, Timan Erdimi et Mahamat Nouri, deux importants chefs rebelles tchadiens en exil depuis des ann\u00e9es apr\u00e8s avoir tent\u00e9 de renverser l\u2019ancien pr\u00e9sident Idriss D\u00e9by Itno, sont rentr\u00e9s, jeudi 18 ao\u00fbt, \u00e0 N\u2019Djamena. Timan Erdimi, le chef de l\u2019Union des [&hellip;]<\/p>\n","protected":false},"author":82,"featured_media":30855,"comment_status":"open","ping_status":"closed","sticky":false,"template":"","format":"standard","meta":{"footnotes":""},"categories":[11,2,20,10],"tags":[37,292,29],"class_list":["post-30856","post","type-post","status-publish","format-standard","has-post-thumbnail","hentry","category-homepage-french","category-politique","category-top-nouvelles","category-toutes-les-actualites","tag-africa-press","tag-africa-press-tchad","tag-tchad"],"yoast_head":"<!-- This site is optimized with the Yoast SEO Premium plugin v26.1 (Yoast SEO v27.0) - https:\/\/yoast.com\/product\/yoast-seo-premium-wordpress\/ -->\n<title>Deux importants chefs rebelles de retour au Tchad apr\u00e8s des ann\u00e9es d\u2019exil - tchad<\/title>\n<meta name=\"description\" content=\"A deux jours de l\u2019ouverture d\u2019un dialogue national au Tchad plusieurs fois report\u00e9, Timan Erdimi et Mahamat Nouri, deux ...\" \/>\n<meta name=\"robots\" content=\"index, follow, max-snippet:-1, max-image-preview:large, max-video-preview:-1\" \/>\n<link rel=\"canonical\" href=\"https:\/\/www.africa-press.net\/tchad\/politique\/deux-importants-chefs-rebelles-de-retour-au-tchad-apres-des-annees-dexil\" \/>\n<meta property=\"og:locale\" content=\"fr_FR\" \/>\n<meta property=\"og:type\" content=\"article\" \/>\n<meta property=\"og:title\" content=\"Deux importants chefs rebelles de retour au Tchad apr\u00e8s des ann\u00e9es d\u2019exil\" \/>\n<meta property=\"og:description\" content=\"A deux jours de l\u2019ouverture d\u2019un dialogue national au Tchad plusieurs fois report\u00e9, Timan Erdimi et Mahamat Nouri, deux ...\" \/>\n<meta property=\"og:url\" content=\"https:\/\/www.africa-press.net\/tchad\/politique\/deux-importants-chefs-rebelles-de-retour-au-tchad-apres-des-annees-dexil\" \/>\n<meta property=\"og:site_name\" content=\"tchad\" \/>\n<meta property=\"article:published_time\" content=\"2022-08-19T16:21:38+00:00\" \/>\n<meta property=\"article:modified_time\" content=\"2022-08-19T16:54:39+00:00\" \/>\n<meta property=\"og:image\" content=\"https:\/\/static.africa-press.net\/tchad\/sites\/41\/2022\/08\/postQueueImg_2-62ffc03505317.jpg\" \/>\n\t<meta property=\"og:image:width\" content=\"1440\" \/>\n\t<meta property=\"og:image:height\" content=\"960\" \/>\n\t<meta property=\"og:image:type\" content=\"image\/jpeg\" \/>\n<meta name=\"author\" content=\"cfeditorfr\" \/>\n<meta name=\"twitter:card\" content=\"summary_large_image\" \/>\n<meta name=\"twitter:label1\" content=\"\u00c9crit par\" \/>\n\t<meta name=\"twitter:data1\" content=\"cfeditorfr\" \/>\n\t<meta name=\"twitter:label2\" content=\"Dur\u00e9e de lecture estim\u00e9e\" \/>\n\t<meta name=\"twitter:data2\" content=\"5 minutes\" \/>\n<script type=\"application\/ld+json\" class=\"yoast-schema-graph\">{\"@context\":\"https:\/\/schema.org\",\"@graph\":[{\"@type\":\"Article\",\"@id\":\"https:\/\/www.africa-press.net\/tchad\/politique\/deux-importants-chefs-rebelles-de-retour-au-tchad-apres-des-annees-dexil#article\",\"isPartOf\":{\"@id\":\"https:\/\/www.africa-press.net\/tchad\/politique\/deux-importants-chefs-rebelles-de-retour-au-tchad-apres-des-annees-dexil\"},\"author\":{\"name\":\"cfeditorfr\",\"@id\":\"https:\/\/www.africa-press.net\/tchad\/#\/schema\/person\/2b1cf3cd81a31e3cd26889ca66d677f1\"},\"headline\":\"Deux importants chefs rebelles de retour au Tchad apr\u00e8s des ann\u00e9es d\u2019exil\",\"datePublished\":\"2022-08-19T16:21:38+00:00\",\"dateModified\":\"2022-08-19T16:54:39+00:00\",\"mainEntityOfPage\":{\"@id\":\"https:\/\/www.africa-press.net\/tchad\/politique\/deux-importants-chefs-rebelles-de-retour-au-tchad-apres-des-annees-dexil\"},\"wordCount\":941,\"commentCount\":0,\"image\":{\"@id\":\"https:\/\/www.africa-press.net\/tchad\/politique\/deux-importants-chefs-rebelles-de-retour-au-tchad-apres-des-annees-dexil#primaryimage\"},\"thumbnailUrl\":\"https:\/\/static.africa-press.net\/tchad\/sites\/41\/2022\/08\/postQueueImg_2-62ffc03505317.jpg\",\"keywords\":[\"Africa Press\",\"Africa Press-Tchad\",\"Tchad\"],\"articleSection\":[\"homepage-french\",\"Politique\",\"Top Nouvelles\",\"Toutes les actualit\u00e9s\"],\"inLanguage\":\"fr-FR\",\"potentialAction\":[{\"@type\":\"CommentAction\",\"name\":\"Comment\",\"target\":[\"https:\/\/www.africa-press.net\/tchad\/politique\/deux-importants-chefs-rebelles-de-retour-au-tchad-apres-des-annees-dexil#respond\"]}]},{\"@type\":\"WebPage\",\"@id\":\"https:\/\/www.africa-press.net\/tchad\/politique\/deux-importants-chefs-rebelles-de-retour-au-tchad-apres-des-annees-dexil\",\"url\":\"https:\/\/www.africa-press.net\/tchad\/politique\/deux-importants-chefs-rebelles-de-retour-au-tchad-apres-des-annees-dexil\",\"name\":\"Deux importants chefs rebelles de retour au Tchad apr\u00e8s des ann\u00e9es d\u2019exil - tchad\",\"isPartOf\":{\"@id\":\"https:\/\/www.africa-press.net\/tchad\/#website\"},\"primaryImageOfPage\":{\"@id\":\"https:\/\/www.africa-press.net\/tchad\/politique\/deux-importants-chefs-rebelles-de-retour-au-tchad-apres-des-annees-dexil#primaryimage\"},\"image\":{\"@id\":\"https:\/\/www.africa-press.net\/tchad\/politique\/deux-importants-chefs-rebelles-de-retour-au-tchad-apres-des-annees-dexil#primaryimage\"},\"thumbnailUrl\":\"https:\/\/static.africa-press.net\/tchad\/sites\/41\/2022\/08\/postQueueImg_2-62ffc03505317.jpg\",\"datePublished\":\"2022-08-19T16:21:38+00:00\",\"dateModified\":\"2022-08-19T16:54:39+00:00\",\"author\":{\"@id\":\"https:\/\/www.africa-press.net\/tchad\/#\/schema\/person\/2b1cf3cd81a31e3cd26889ca66d677f1\"},\"description\":\"A deux jours de l\u2019ouverture d\u2019un dialogue national au Tchad plusieurs fois report\u00e9, Timan Erdimi et Mahamat Nouri, deux ...\",\"breadcrumb\":{\"@id\":\"https:\/\/www.africa-press.net\/tchad\/politique\/deux-importants-chefs-rebelles-de-retour-au-tchad-apres-des-annees-dexil#breadcrumb\"},\"inLanguage\":\"fr-FR\",\"potentialAction\":[{\"@type\":\"ReadAction\",\"target\":[\"https:\/\/www.africa-press.net\/tchad\/politique\/deux-importants-chefs-rebelles-de-retour-au-tchad-apres-des-annees-dexil\"]}]},{\"@type\":\"ImageObject\",\"inLanguage\":\"fr-FR\",\"@id\":\"https:\/\/www.africa-press.net\/tchad\/politique\/deux-importants-chefs-rebelles-de-retour-au-tchad-apres-des-annees-dexil#primaryimage\",\"url\":\"https:\/\/static.africa-press.net\/tchad\/sites\/41\/2022\/08\/postQueueImg_2-62ffc03505317.jpg\",\"contentUrl\":\"https:\/\/static.africa-press.net\/tchad\/sites\/41\/2022\/08\/postQueueImg_2-62ffc03505317.jpg\",\"width\":1440,\"height\":960,\"caption\":\"Deux importants chefs rebelles de retour au Tchad apr\u00e8s des ann\u00e9es d\u2019exil\"},{\"@type\":\"BreadcrumbList\",\"@id\":\"https:\/\/www.africa-press.net\/tchad\/politique\/deux-importants-chefs-rebelles-de-retour-au-tchad-apres-des-annees-dexil#breadcrumb\",\"itemListElement\":[{\"@type\":\"ListItem\",\"position\":1,\"name\":\"Accueil\",\"item\":\"https:\/\/www.africa-press.net\/tchad\/\"},{\"@type\":\"ListItem\",\"position\":2,\"name\":\"Deux importants chefs rebelles de retour au Tchad apr\u00e8s des ann\u00e9es d\u2019exil\"}]},{\"@type\":\"WebSite\",\"@id\":\"https:\/\/www.africa-press.net\/tchad\/#website\",\"url\":\"https:\/\/www.africa-press.net\/tchad\/\",\"name\":\"tchad\",\"description\":\"Just another Africa News Agency Sites site\",\"potentialAction\":[{\"@type\":\"SearchAction\",\"target\":{\"@type\":\"EntryPoint\",\"urlTemplate\":\"https:\/\/www.africa-press.net\/tchad\/?s={search_term_string}\"},\"query-input\":{\"@type\":\"PropertyValueSpecification\",\"valueRequired\":true,\"valueName\":\"search_term_string\"}}],\"inLanguage\":\"fr-FR\"},{\"@type\":\"Person\",\"@id\":\"https:\/\/www.africa-press.net\/tchad\/#\/schema\/person\/2b1cf3cd81a31e3cd26889ca66d677f1\",\"name\":\"cfeditorfr\"}]}<\/script>\n<!-- \/ Yoast SEO Premium plugin. -->","yoast_head_json":{"title":"Deux importants chefs rebelles de retour au Tchad apr\u00e8s des ann\u00e9es d\u2019exil - tchad","description":"A deux jours de l\u2019ouverture d\u2019un dialogue national au Tchad plusieurs fois report\u00e9, Timan Erdimi et Mahamat Nouri, deux ...","robots":{"index":"index","follow":"follow","max-snippet":"max-snippet:-1","max-image-preview":"max-image-preview:large","max-video-preview":"max-video-preview:-1"},"canonical":"https:\/\/www.africa-press.net\/tchad\/politique\/deux-importants-chefs-rebelles-de-retour-au-tchad-apres-des-annees-dexil","og_locale":"fr_FR","og_type":"article","og_title":"Deux importants chefs rebelles de retour au Tchad apr\u00e8s des ann\u00e9es d\u2019exil","og_description":"A deux jours de l\u2019ouverture d\u2019un dialogue national au Tchad plusieurs fois report\u00e9, Timan Erdimi et Mahamat Nouri, deux ...","og_url":"https:\/\/www.africa-press.net\/tchad\/politique\/deux-importants-chefs-rebelles-de-retour-au-tchad-apres-des-annees-dexil","og_site_name":"tchad","article_published_time":"2022-08-19T16:21:38+00:00","article_modified_time":"2022-08-19T16:54:39+00:00","og_image":[{"width":1440,"height":960,"url":"https:\/\/static.africa-press.net\/tchad\/sites\/41\/2022\/08\/postQueueImg_2-62ffc03505317.jpg","type":"image\/jpeg"}],"author":"cfeditorfr","twitter_card":"summary_large_image","twitter_misc":{"\u00c9crit par":"cfeditorfr","Dur\u00e9e de lecture estim\u00e9e":"5 minutes"},"schema":{"@context":"https:\/\/schema.org","@graph":[{"@type":"Article","@id":"https:\/\/www.africa-press.net\/tchad\/politique\/deux-importants-chefs-rebelles-de-retour-au-tchad-apres-des-annees-dexil#article","isPartOf":{"@id":"https:\/\/www.africa-press.net\/tchad\/politique\/deux-importants-chefs-rebelles-de-retour-au-tchad-apres-des-annees-dexil"},"author":{"name":"cfeditorfr","@id":"https:\/\/www.africa-press.net\/tchad\/#\/schema\/person\/2b1cf3cd81a31e3cd26889ca66d677f1"},"headline":"Deux importants chefs rebelles de retour au Tchad apr\u00e8s des ann\u00e9es d\u2019exil","datePublished":"2022-08-19T16:21:38+00:00","dateModified":"2022-08-19T16:54:39+00:00","mainEntityOfPage":{"@id":"https:\/\/www.africa-press.net\/tchad\/politique\/deux-importants-chefs-rebelles-de-retour-au-tchad-apres-des-annees-dexil"},"wordCount":941,"commentCount":0,"image":{"@id":"https:\/\/www.africa-press.net\/tchad\/politique\/deux-importants-chefs-rebelles-de-retour-au-tchad-apres-des-annees-dexil#primaryimage"},"thumbnailUrl":"https:\/\/static.africa-press.net\/tchad\/sites\/41\/2022\/08\/postQueueImg_2-62ffc03505317.jpg","keywords":["Africa Press","Africa Press-Tchad","Tchad"],"articleSection":["homepage-french","Politique","Top Nouvelles","Toutes les actualit\u00e9s"],"inLanguage":"fr-FR","potentialAction":[{"@type":"CommentAction","name":"Comment","target":["https:\/\/www.africa-press.net\/tchad\/politique\/deux-importants-chefs-rebelles-de-retour-au-tchad-apres-des-annees-dexil#respond"]}]},{"@type":"WebPage","@id":"https:\/\/www.africa-press.net\/tchad\/politique\/deux-importants-chefs-rebelles-de-retour-au-tchad-apres-des-annees-dexil","url":"https:\/\/www.africa-press.net\/tchad\/politique\/deux-importants-chefs-rebelles-de-retour-au-tchad-apres-des-annees-dexil","name":"Deux importants chefs rebelles de retour au Tchad apr\u00e8s des ann\u00e9es d\u2019exil - tchad","isPartOf":{"@id":"https:\/\/www.africa-press.net\/tchad\/#website"},"primaryImageOfPage":{"@id":"https:\/\/www.africa-press.net\/tchad\/politique\/deux-importants-chefs-rebelles-de-retour-au-tchad-apres-des-annees-dexil#primaryimage"},"image":{"@id":"https:\/\/www.africa-press.net\/tchad\/politique\/deux-importants-chefs-rebelles-de-retour-au-tchad-apres-des-annees-dexil#primaryimage"},"thumbnailUrl":"https:\/\/static.africa-press.net\/tchad\/sites\/41\/2022\/08\/postQueueImg_2-62ffc03505317.jpg","datePublished":"2022-08-19T16:21:38+00:00","dateModified":"2022-08-19T16:54:39+00:00","author":{"@id":"https:\/\/www.africa-press.net\/tchad\/#\/schema\/person\/2b1cf3cd81a31e3cd26889ca66d677f1"},"description":"A deux jours de l\u2019ouverture d\u2019un dialogue national au Tchad plusieurs fois report\u00e9, Timan Erdimi et Mahamat Nouri, deux ...","breadcrumb":{"@id":"https:\/\/www.africa-press.net\/tchad\/politique\/deux-importants-chefs-rebelles-de-retour-au-tchad-apres-des-annees-dexil#breadcrumb"},"inLanguage":"fr-FR","potentialAction":[{"@type":"ReadAction","target":["https:\/\/www.africa-press.net\/tchad\/politique\/deux-importants-chefs-rebelles-de-retour-au-tchad-apres-des-annees-dexil"]}]},{"@type":"ImageObject","inLanguage":"fr-FR","@id":"https:\/\/www.africa-press.net\/tchad\/politique\/deux-importants-chefs-rebelles-de-retour-au-tchad-apres-des-annees-dexil#primaryimage","url":"https:\/\/static.africa-press.net\/tchad\/sites\/41\/2022\/08\/postQueueImg_2-62ffc03505317.jpg","contentUrl":"https:\/\/static.africa-press.net\/tchad\/sites\/41\/2022\/08\/postQueueImg_2-62ffc03505317.jpg","width":1440,"height":960,"caption":"Deux importants chefs rebelles de retour au Tchad apr\u00e8s des ann\u00e9es d\u2019exil"},{"@type":"BreadcrumbList","@id":"https:\/\/www.africa-press.net\/tchad\/politique\/deux-importants-chefs-rebelles-de-retour-au-tchad-apres-des-annees-dexil#breadcrumb","itemListElement":[{"@type":"ListItem","position":1,"name":"Accueil","item":"https:\/\/www.africa-press.net\/tchad\/"},{"@type":"ListItem","position":2,"name":"Deux importants chefs rebelles de retour au Tchad apr\u00e8s des ann\u00e9es d\u2019exil"}]},{"@type":"WebSite","@id":"https:\/\/www.africa-press.net\/tchad\/#website","url":"https:\/\/www.africa-press.net\/tchad\/","name":"tchad","description":"Just another Africa News Agency Sites site","potentialAction":[{"@type":"SearchAction","target":{"@type":"EntryPoint","urlTemplate":"https:\/\/www.africa-press.net\/tchad\/?s={search_term_string}"},"query-input":{"@type":"PropertyValueSpecification","valueRequired":true,"valueName":"search_term_string"}}],"inLanguage":"fr-FR"},{"@type":"Person","@id":"https:\/\/www.africa-press.net\/tchad\/#\/schema\/person\/2b1cf3cd81a31e3cd26889ca66d677f1","name":"cfeditorfr"}]}},"_links":{"self":[{"href":"https:\/\/www.africa-press.net\/tchad\/wp-json\/wp\/v2\/posts\/30856","targetHints":{"allow":["GET"]}}],"collection":[{"href":"https:\/\/www.africa-press.net\/tchad\/wp-json\/wp\/v2\/posts"}],"about":[{"href":"https:\/\/www.africa-press.net\/tchad\/wp-json\/wp\/v2\/types\/post"}],"author":[{"embeddable":true,"href":"https:\/\/www.africa-press.net\/tchad\/wp-json\/wp\/v2\/users\/82"}],"replies":[{"embeddable":true,"href":"https:\/\/www.africa-press.net\/tchad\/wp-json\/wp\/v2\/comments?post=30856"}],"version-history":[{"count":0,"href":"https:\/\/www.africa-press.net\/tchad\/wp-json\/wp\/v2\/posts\/30856\/revisions"}],"wp:featuredmedia":[{"embeddable":true,"href":"https:\/\/www.africa-press.net\/tchad\/wp-json\/wp\/v2\/media\/30855"}],"wp:attachment":[{"href":"https:\/\/www.africa-press.net\/tchad\/wp-json\/wp\/v2\/media?parent=30856"}],"wp:term":[{"taxonomy":"category","embeddable":true,"href":"https:\/\/www.africa-press.net\/tchad\/wp-json\/wp\/v2\/categories?post=30856"},{"taxonomy":"post_tag","embeddable":true,"href":"https:\/\/www.africa-press.net\/tchad\/wp-json\/wp\/v2\/tags?post=30856"}],"curies":[{"name":"wp","href":"https:\/\/api.w.org\/{rel}","templated":true}]}}