{"id":30862,"date":"2022-08-19T16:23:59","date_gmt":"2022-08-19T16:23:59","guid":{"rendered":"https:\/\/www.africa-press.net\/tchad\/politique\/le-tchad-et-lunicef-en-quete-des-solutions-contre-la-malnutrition"},"modified":"2022-08-19T16:55:45","modified_gmt":"2022-08-19T16:55:45","slug":"le-tchad-et-lunicef-en-quete-des-solutions-contre-la-malnutrition","status":"publish","type":"post","link":"https:\/\/www.africa-press.net\/tchad\/toutes-les-actualites\/le-tchad-et-lunicef-en-quete-des-solutions-contre-la-malnutrition","title":{"rendered":"Le Tchad et l\u2019UNICEF en qu\u00eate des solutions contre la malnutrition"},"content":{"rendered":"<p><span style=\"color: #ff6600\"><strong>Africa-Press &#8211; Tchad. <\/strong><\/span>Le ministre de la sant\u00e9 publique et de la solidarit\u00e9 nationale Dr Abdel-madjid Abderahim a re\u00e7u ce vendredi 19 ao\u00fbt 2022, le repr\u00e9sentant de l\u2019Unicef au Tchad Jacques Boyer.<\/p>\n<p>Les \u00e9changes ont port\u00e9 sur le renforcement de la coop\u00e9ration entre les deux institutions. La vaccination, la lutte contre la malnutrition, les perspectives de la consolidation des actions et la promptitude dans la r\u00e9alisation des activit\u00e9s ont domin\u00e9 l\u2019entrevue.<\/p>\n<p>Le repr\u00e9sentant de l\u2019Unicef a rassur\u00e9 le ministre que son organisation est dispos\u00e9e \u00e0 accompagner les services de sant\u00e9 dans l\u2019accomplissement de leurs taches selon les accords \u00e9tablis.<\/p>\n<p>Dr Abdel-madjid Abderahim a pour sa part mis l\u2019accent sur la franche collaboration, le suivi r\u00e9gulier des activit\u00e9s et le respect des engagements pour plus de succ\u00e8s dans le partenariat.<\/p>\n<p>Le ministre de la sant\u00e9 publique et de la solidarit\u00e9 nationale a exig\u00e9 des techniciens la c\u00e9l\u00e9rit\u00e9 et la rationalit\u00e9 dans la r\u00e9alisation des activit\u00e9s.<\/p>\n<p>Il a encourag\u00e9 les services concern\u00e9s \u00e0 raffermir les liens pour mieux communiquer afin de r\u00e9pondre aux sollicitations des populations. Source : minist\u00e8re de la Sant\u00e9<\/p>\n<p><strong>Pour plus d&rsquo;informations et d&rsquo;analyses sur la <a href=\"https:\/\/www.africa-press.net\/tchad\">Tchad<\/a>, suivez <a href=\"https:\/\/www.africa-press.net\/\">Africa-Press<\/a><\/strong><\/p>\n","protected":false},"excerpt":{"rendered":"<p>Africa-Press &#8211; Tchad. Le ministre de la sant\u00e9 publique et de la solidarit\u00e9 nationale Dr Abdel-madjid Abderahim a re\u00e7u ce vendredi 19 ao\u00fbt 2022, le repr\u00e9sentant de l\u2019Unicef au Tchad Jacques Boyer. Les \u00e9changes ont port\u00e9 sur le renforcement de la coop\u00e9ration entre les deux institutions. La vaccination, la lutte contre la malnutrition, les perspectives [&hellip;]<\/p>\n","protected":false},"author":82,"featured_media":30861,"comment_status":"open","ping_status":"closed","sticky":false,"template":"","format":"standard","meta":{"footnotes":""},"categories":[21,11,10],"tags":[37,292,29],"class_list":["post-30862","post","type-post","status-publish","format-standard","has-post-thumbnail","hentry","category-communaute","category-homepage-french","category-toutes-les-actualites","tag-africa-press","tag-africa-press-tchad","tag-tchad"],"yoast_head":"<!-- This site is optimized with the Yoast SEO Premium plugin v26.1 (Yoast SEO v27.0) - https:\/\/yoast.com\/product\/yoast-seo-premium-wordpress\/ -->\n<title>Le Tchad et l\u2019UNICEF en qu\u00eate des solutions contre la malnutrition - tchad<\/title>\n<meta name=\"description\" content=\"Le ministre de la sant\u00e9 publique et de la solidarit\u00e9 nationale Dr Abdel-madjid Abderahim a re\u00e7u ce vendredi 19 ao\u00fbt 2022 ...\" \/>\n<meta name=\"robots\" content=\"index, follow, max-snippet:-1, max-image-preview:large, max-video-preview:-1\" \/>\n<link rel=\"canonical\" href=\"https:\/\/www.africa-press.net\/tchad\/toutes-les-actualites\/le-tchad-et-lunicef-en-quete-des-solutions-contre-la-malnutrition\" \/>\n<meta property=\"og:locale\" content=\"fr_FR\" \/>\n<meta property=\"og:type\" content=\"article\" \/>\n<meta property=\"og:title\" content=\"Le Tchad et l\u2019UNICEF en qu\u00eate des solutions contre la malnutrition\" \/>\n<meta property=\"og:description\" content=\"Le ministre de la sant\u00e9 publique et de la solidarit\u00e9 nationale Dr Abdel-madjid Abderahim a re\u00e7u ce vendredi 19 ao\u00fbt 2022 ...\" \/>\n<meta property=\"og:url\" content=\"https:\/\/www.africa-press.net\/tchad\/toutes-les-actualites\/le-tchad-et-lunicef-en-quete-des-solutions-contre-la-malnutrition\" \/>\n<meta property=\"og:site_name\" content=\"tchad\" \/>\n<meta property=\"article:published_time\" content=\"2022-08-19T16:23:59+00:00\" \/>\n<meta property=\"article:modified_time\" content=\"2022-08-19T16:55:45+00:00\" \/>\n<meta property=\"og:image\" content=\"https:\/\/static.africa-press.net\/tchad\/sites\/41\/2022\/08\/postQueueImg_4-62ffc075f2b0b.jpg\" \/>\n\t<meta property=\"og:image:width\" content=\"780\" \/>\n\t<meta property=\"og:image:height\" content=\"440\" \/>\n\t<meta property=\"og:image:type\" content=\"image\/jpeg\" \/>\n<meta name=\"author\" content=\"cfeditorfr\" \/>\n<meta name=\"twitter:card\" content=\"summary_large_image\" \/>\n<meta name=\"twitter:label1\" content=\"\u00c9crit par\" \/>\n\t<meta name=\"twitter:data1\" content=\"cfeditorfr\" \/>\n\t<meta name=\"twitter:label2\" content=\"Dur\u00e9e de lecture estim\u00e9e\" \/>\n\t<meta name=\"twitter:data2\" content=\"1 minute\" \/>\n<script type=\"application\/ld+json\" class=\"yoast-schema-graph\">{\"@context\":\"https:\/\/schema.org\",\"@graph\":[{\"@type\":\"Article\",\"@id\":\"https:\/\/www.africa-press.net\/tchad\/toutes-les-actualites\/le-tchad-et-lunicef-en-quete-des-solutions-contre-la-malnutrition#article\",\"isPartOf\":{\"@id\":\"https:\/\/www.africa-press.net\/tchad\/toutes-les-actualites\/le-tchad-et-lunicef-en-quete-des-solutions-contre-la-malnutrition\"},\"author\":{\"name\":\"cfeditorfr\",\"@id\":\"https:\/\/www.africa-press.net\/tchad\/#\/schema\/person\/2b1cf3cd81a31e3cd26889ca66d677f1\"},\"headline\":\"Le Tchad et l\u2019UNICEF en qu\u00eate des solutions contre la malnutrition\",\"datePublished\":\"2022-08-19T16:23:59+00:00\",\"dateModified\":\"2022-08-19T16:55:45+00:00\",\"mainEntityOfPage\":{\"@id\":\"https:\/\/www.africa-press.net\/tchad\/toutes-les-actualites\/le-tchad-et-lunicef-en-quete-des-solutions-contre-la-malnutrition\"},\"wordCount\":223,\"commentCount\":0,\"image\":{\"@id\":\"https:\/\/www.africa-press.net\/tchad\/toutes-les-actualites\/le-tchad-et-lunicef-en-quete-des-solutions-contre-la-malnutrition#primaryimage\"},\"thumbnailUrl\":\"https:\/\/static.africa-press.net\/tchad\/sites\/41\/2022\/08\/postQueueImg_4-62ffc075f2b0b.jpg\",\"keywords\":[\"Africa Press\",\"Africa Press-Tchad\",\"Tchad\"],\"articleSection\":[\"Communaut\u00e9\",\"homepage-french\",\"Toutes les actualit\u00e9s\"],\"inLanguage\":\"fr-FR\",\"potentialAction\":[{\"@type\":\"CommentAction\",\"name\":\"Comment\",\"target\":[\"https:\/\/www.africa-press.net\/tchad\/toutes-les-actualites\/le-tchad-et-lunicef-en-quete-des-solutions-contre-la-malnutrition#respond\"]}]},{\"@type\":\"WebPage\",\"@id\":\"https:\/\/www.africa-press.net\/tchad\/toutes-les-actualites\/le-tchad-et-lunicef-en-quete-des-solutions-contre-la-malnutrition\",\"url\":\"https:\/\/www.africa-press.net\/tchad\/toutes-les-actualites\/le-tchad-et-lunicef-en-quete-des-solutions-contre-la-malnutrition\",\"name\":\"Le Tchad et l\u2019UNICEF en qu\u00eate des solutions contre la malnutrition - tchad\",\"isPartOf\":{\"@id\":\"https:\/\/www.africa-press.net\/tchad\/#website\"},\"primaryImageOfPage\":{\"@id\":\"https:\/\/www.africa-press.net\/tchad\/toutes-les-actualites\/le-tchad-et-lunicef-en-quete-des-solutions-contre-la-malnutrition#primaryimage\"},\"image\":{\"@id\":\"https:\/\/www.africa-press.net\/tchad\/toutes-les-actualites\/le-tchad-et-lunicef-en-quete-des-solutions-contre-la-malnutrition#primaryimage\"},\"thumbnailUrl\":\"https:\/\/static.africa-press.net\/tchad\/sites\/41\/2022\/08\/postQueueImg_4-62ffc075f2b0b.jpg\",\"datePublished\":\"2022-08-19T16:23:59+00:00\",\"dateModified\":\"2022-08-19T16:55:45+00:00\",\"author\":{\"@id\":\"https:\/\/www.africa-press.net\/tchad\/#\/schema\/person\/2b1cf3cd81a31e3cd26889ca66d677f1\"},\"description\":\"Le ministre de la sant\u00e9 publique et de la solidarit\u00e9 nationale Dr Abdel-madjid Abderahim a re\u00e7u ce vendredi 19 ao\u00fbt 2022 ...\",\"breadcrumb\":{\"@id\":\"https:\/\/www.africa-press.net\/tchad\/toutes-les-actualites\/le-tchad-et-lunicef-en-quete-des-solutions-contre-la-malnutrition#breadcrumb\"},\"inLanguage\":\"fr-FR\",\"potentialAction\":[{\"@type\":\"ReadAction\",\"target\":[\"https:\/\/www.africa-press.net\/tchad\/toutes-les-actualites\/le-tchad-et-lunicef-en-quete-des-solutions-contre-la-malnutrition\"]}]},{\"@type\":\"ImageObject\",\"inLanguage\":\"fr-FR\",\"@id\":\"https:\/\/www.africa-press.net\/tchad\/toutes-les-actualites\/le-tchad-et-lunicef-en-quete-des-solutions-contre-la-malnutrition#primaryimage\",\"url\":\"https:\/\/static.africa-press.net\/tchad\/sites\/41\/2022\/08\/postQueueImg_4-62ffc075f2b0b.jpg\",\"contentUrl\":\"https:\/\/static.africa-press.net\/tchad\/sites\/41\/2022\/08\/postQueueImg_4-62ffc075f2b0b.jpg\",\"width\":780,\"height\":440,\"caption\":\"Le Tchad et l\u2019UNICEF en qu\u00eate des solutions contre la malnutrition\"},{\"@type\":\"BreadcrumbList\",\"@id\":\"https:\/\/www.africa-press.net\/tchad\/toutes-les-actualites\/le-tchad-et-lunicef-en-quete-des-solutions-contre-la-malnutrition#breadcrumb\",\"itemListElement\":[{\"@type\":\"ListItem\",\"position\":1,\"name\":\"Accueil\",\"item\":\"https:\/\/www.africa-press.net\/tchad\/\"},{\"@type\":\"ListItem\",\"position\":2,\"name\":\"Le Tchad et l\u2019UNICEF en qu\u00eate des solutions contre la malnutrition\"}]},{\"@type\":\"WebSite\",\"@id\":\"https:\/\/www.africa-press.net\/tchad\/#website\",\"url\":\"https:\/\/www.africa-press.net\/tchad\/\",\"name\":\"tchad\",\"description\":\"Just another Africa News Agency Sites site\",\"potentialAction\":[{\"@type\":\"SearchAction\",\"target\":{\"@type\":\"EntryPoint\",\"urlTemplate\":\"https:\/\/www.africa-press.net\/tchad\/?s={search_term_string}\"},\"query-input\":{\"@type\":\"PropertyValueSpecification\",\"valueRequired\":true,\"valueName\":\"search_term_string\"}}],\"inLanguage\":\"fr-FR\"},{\"@type\":\"Person\",\"@id\":\"https:\/\/www.africa-press.net\/tchad\/#\/schema\/person\/2b1cf3cd81a31e3cd26889ca66d677f1\",\"name\":\"cfeditorfr\"}]}<\/script>\n<!-- \/ Yoast SEO Premium plugin. -->","yoast_head_json":{"title":"Le Tchad et l\u2019UNICEF en qu\u00eate des solutions contre la malnutrition - tchad","description":"Le ministre de la sant\u00e9 publique et de la solidarit\u00e9 nationale Dr Abdel-madjid Abderahim a re\u00e7u ce vendredi 19 ao\u00fbt 2022 ...","robots":{"index":"index","follow":"follow","max-snippet":"max-snippet:-1","max-image-preview":"max-image-preview:large","max-video-preview":"max-video-preview:-1"},"canonical":"https:\/\/www.africa-press.net\/tchad\/toutes-les-actualites\/le-tchad-et-lunicef-en-quete-des-solutions-contre-la-malnutrition","og_locale":"fr_FR","og_type":"article","og_title":"Le Tchad et l\u2019UNICEF en qu\u00eate des solutions contre la malnutrition","og_description":"Le ministre de la sant\u00e9 publique et de la solidarit\u00e9 nationale Dr Abdel-madjid Abderahim a re\u00e7u ce vendredi 19 ao\u00fbt 2022 ...","og_url":"https:\/\/www.africa-press.net\/tchad\/toutes-les-actualites\/le-tchad-et-lunicef-en-quete-des-solutions-contre-la-malnutrition","og_site_name":"tchad","article_published_time":"2022-08-19T16:23:59+00:00","article_modified_time":"2022-08-19T16:55:45+00:00","og_image":[{"width":780,"height":440,"url":"https:\/\/static.africa-press.net\/tchad\/sites\/41\/2022\/08\/postQueueImg_4-62ffc075f2b0b.jpg","type":"image\/jpeg"}],"author":"cfeditorfr","twitter_card":"summary_large_image","twitter_misc":{"\u00c9crit par":"cfeditorfr","Dur\u00e9e de lecture estim\u00e9e":"1 minute"},"schema":{"@context":"https:\/\/schema.org","@graph":[{"@type":"Article","@id":"https:\/\/www.africa-press.net\/tchad\/toutes-les-actualites\/le-tchad-et-lunicef-en-quete-des-solutions-contre-la-malnutrition#article","isPartOf":{"@id":"https:\/\/www.africa-press.net\/tchad\/toutes-les-actualites\/le-tchad-et-lunicef-en-quete-des-solutions-contre-la-malnutrition"},"author":{"name":"cfeditorfr","@id":"https:\/\/www.africa-press.net\/tchad\/#\/schema\/person\/2b1cf3cd81a31e3cd26889ca66d677f1"},"headline":"Le Tchad et l\u2019UNICEF en qu\u00eate des solutions contre la malnutrition","datePublished":"2022-08-19T16:23:59+00:00","dateModified":"2022-08-19T16:55:45+00:00","mainEntityOfPage":{"@id":"https:\/\/www.africa-press.net\/tchad\/toutes-les-actualites\/le-tchad-et-lunicef-en-quete-des-solutions-contre-la-malnutrition"},"wordCount":223,"commentCount":0,"image":{"@id":"https:\/\/www.africa-press.net\/tchad\/toutes-les-actualites\/le-tchad-et-lunicef-en-quete-des-solutions-contre-la-malnutrition#primaryimage"},"thumbnailUrl":"https:\/\/static.africa-press.net\/tchad\/sites\/41\/2022\/08\/postQueueImg_4-62ffc075f2b0b.jpg","keywords":["Africa Press","Africa Press-Tchad","Tchad"],"articleSection":["Communaut\u00e9","homepage-french","Toutes les actualit\u00e9s"],"inLanguage":"fr-FR","potentialAction":[{"@type":"CommentAction","name":"Comment","target":["https:\/\/www.africa-press.net\/tchad\/toutes-les-actualites\/le-tchad-et-lunicef-en-quete-des-solutions-contre-la-malnutrition#respond"]}]},{"@type":"WebPage","@id":"https:\/\/www.africa-press.net\/tchad\/toutes-les-actualites\/le-tchad-et-lunicef-en-quete-des-solutions-contre-la-malnutrition","url":"https:\/\/www.africa-press.net\/tchad\/toutes-les-actualites\/le-tchad-et-lunicef-en-quete-des-solutions-contre-la-malnutrition","name":"Le Tchad et l\u2019UNICEF en qu\u00eate des solutions contre la malnutrition - tchad","isPartOf":{"@id":"https:\/\/www.africa-press.net\/tchad\/#website"},"primaryImageOfPage":{"@id":"https:\/\/www.africa-press.net\/tchad\/toutes-les-actualites\/le-tchad-et-lunicef-en-quete-des-solutions-contre-la-malnutrition#primaryimage"},"image":{"@id":"https:\/\/www.africa-press.net\/tchad\/toutes-les-actualites\/le-tchad-et-lunicef-en-quete-des-solutions-contre-la-malnutrition#primaryimage"},"thumbnailUrl":"https:\/\/static.africa-press.net\/tchad\/sites\/41\/2022\/08\/postQueueImg_4-62ffc075f2b0b.jpg","datePublished":"2022-08-19T16:23:59+00:00","dateModified":"2022-08-19T16:55:45+00:00","author":{"@id":"https:\/\/www.africa-press.net\/tchad\/#\/schema\/person\/2b1cf3cd81a31e3cd26889ca66d677f1"},"description":"Le ministre de la sant\u00e9 publique et de la solidarit\u00e9 nationale Dr Abdel-madjid Abderahim a re\u00e7u ce vendredi 19 ao\u00fbt 2022 ...","breadcrumb":{"@id":"https:\/\/www.africa-press.net\/tchad\/toutes-les-actualites\/le-tchad-et-lunicef-en-quete-des-solutions-contre-la-malnutrition#breadcrumb"},"inLanguage":"fr-FR","potentialAction":[{"@type":"ReadAction","target":["https:\/\/www.africa-press.net\/tchad\/toutes-les-actualites\/le-tchad-et-lunicef-en-quete-des-solutions-contre-la-malnutrition"]}]},{"@type":"ImageObject","inLanguage":"fr-FR","@id":"https:\/\/www.africa-press.net\/tchad\/toutes-les-actualites\/le-tchad-et-lunicef-en-quete-des-solutions-contre-la-malnutrition#primaryimage","url":"https:\/\/static.africa-press.net\/tchad\/sites\/41\/2022\/08\/postQueueImg_4-62ffc075f2b0b.jpg","contentUrl":"https:\/\/static.africa-press.net\/tchad\/sites\/41\/2022\/08\/postQueueImg_4-62ffc075f2b0b.jpg","width":780,"height":440,"caption":"Le Tchad et l\u2019UNICEF en qu\u00eate des solutions contre la malnutrition"},{"@type":"BreadcrumbList","@id":"https:\/\/www.africa-press.net\/tchad\/toutes-les-actualites\/le-tchad-et-lunicef-en-quete-des-solutions-contre-la-malnutrition#breadcrumb","itemListElement":[{"@type":"ListItem","position":1,"name":"Accueil","item":"https:\/\/www.africa-press.net\/tchad\/"},{"@type":"ListItem","position":2,"name":"Le Tchad et l\u2019UNICEF en qu\u00eate des solutions contre la malnutrition"}]},{"@type":"WebSite","@id":"https:\/\/www.africa-press.net\/tchad\/#website","url":"https:\/\/www.africa-press.net\/tchad\/","name":"tchad","description":"Just another Africa News Agency Sites site","potentialAction":[{"@type":"SearchAction","target":{"@type":"EntryPoint","urlTemplate":"https:\/\/www.africa-press.net\/tchad\/?s={search_term_string}"},"query-input":{"@type":"PropertyValueSpecification","valueRequired":true,"valueName":"search_term_string"}}],"inLanguage":"fr-FR"},{"@type":"Person","@id":"https:\/\/www.africa-press.net\/tchad\/#\/schema\/person\/2b1cf3cd81a31e3cd26889ca66d677f1","name":"cfeditorfr"}]}},"_links":{"self":[{"href":"https:\/\/www.africa-press.net\/tchad\/wp-json\/wp\/v2\/posts\/30862","targetHints":{"allow":["GET"]}}],"collection":[{"href":"https:\/\/www.africa-press.net\/tchad\/wp-json\/wp\/v2\/posts"}],"about":[{"href":"https:\/\/www.africa-press.net\/tchad\/wp-json\/wp\/v2\/types\/post"}],"author":[{"embeddable":true,"href":"https:\/\/www.africa-press.net\/tchad\/wp-json\/wp\/v2\/users\/82"}],"replies":[{"embeddable":true,"href":"https:\/\/www.africa-press.net\/tchad\/wp-json\/wp\/v2\/comments?post=30862"}],"version-history":[{"count":0,"href":"https:\/\/www.africa-press.net\/tchad\/wp-json\/wp\/v2\/posts\/30862\/revisions"}],"wp:featuredmedia":[{"embeddable":true,"href":"https:\/\/www.africa-press.net\/tchad\/wp-json\/wp\/v2\/media\/30861"}],"wp:attachment":[{"href":"https:\/\/www.africa-press.net\/tchad\/wp-json\/wp\/v2\/media?parent=30862"}],"wp:term":[{"taxonomy":"category","embeddable":true,"href":"https:\/\/www.africa-press.net\/tchad\/wp-json\/wp\/v2\/categories?post=30862"},{"taxonomy":"post_tag","embeddable":true,"href":"https:\/\/www.africa-press.net\/tchad\/wp-json\/wp\/v2\/tags?post=30862"}],"curies":[{"name":"wp","href":"https:\/\/api.w.org\/{rel}","templated":true}]}}