{"id":30865,"date":"2022-08-19T16:25:59","date_gmt":"2022-08-19T16:25:59","guid":{"rendered":"https:\/\/www.africa-press.net\/tchad\/politique\/lust-demande-daligner-les-travailleurs-du-prive-au-meme-pourcentage-quau-public"},"modified":"2022-08-19T16:56:10","modified_gmt":"2022-08-19T16:56:10","slug":"lust-demande-daligner-les-travailleurs-du-prive-au-meme-pourcentage-quau-public","status":"publish","type":"post","link":"https:\/\/www.africa-press.net\/tchad\/toutes-les-actualites\/lust-demande-daligner-les-travailleurs-du-prive-au-meme-pourcentage-quau-public","title":{"rendered":"l\u2019UST demande d\u2019aligner les travailleurs du priv\u00e9 au m\u00eame pourcentage qu\u2019au public"},"content":{"rendered":"<p><span style=\"color: #ff6600\"><strong>Africa-Press &#8211; Tchad. <\/strong><\/span>L\u2019Union des syndicats du Tchad annonce qu\u2019elle tiendra son assembl\u00e9e g\u00e9n\u00e9rale demain samedi, 20 ao\u00fbt 2022. Plusieurs points de la vie sociale sont au programme.<\/p>\n<p>Apr\u00e8s le mot d\u2019ordre de trois jours de l\u2019UST, l\u2019union annonce une assembl\u00e9e g\u00e9n\u00e9rale demain samedi 20 ao\u00fbt 2022, jour d\u2019ouverture du dialogue national inclusif et souverain. L\u2019Union des syndicats du Tchad \u00e9met d\u2019ores et d\u00e9j\u00e0 quelques exigences.<\/p>\n<p>Elle demande la restitution des milliards d\u00e9tourn\u00e9s par des personnes proches du pouvoir. Pour l\u2019UST, cet argent doit \u00eatre revers\u00e9 au dans les caisses du Tr\u00e9sor public. Elle exige \u00e9galement que les fonds retenus des travailleurs pendant la p\u00e9riode des 16 mesures soient rembours\u00e9s.<\/p>\n<p>L\u2019UST va plus loin en demandant, la suppression pure et simple 30% d\u2019imp\u00f4ts des travailleurs du secteur priv\u00e9. Et dans la m\u00eame logique d\u2019aligner au m\u00eame pourcentage que ces du secteur public.<\/p>\n<p>Elle souhaite une augmentation de salaire de 50% \u00e0 tous les agents des secteurs public et priv\u00e9 pour faire face \u00e0 la situation sociale. Pour m\u00e9moire, l\u2019Union a demand\u00e9 d\u2019observer une gr\u00e8ve de trois jours \u00e0 partir du 17 ao\u00fbt dernier dans tout le pays avec service minimum dans les h\u00f4pitaux.<\/p>\n<p><strong>Pour plus d&rsquo;informations et d&rsquo;analyses sur la <a href=\"https:\/\/www.africa-press.net\/tchad\">Tchad<\/a>, suivez <a href=\"https:\/\/www.africa-press.net\/\">Africa-Press<\/a><\/strong><\/p>\n","protected":false},"excerpt":{"rendered":"<p>Africa-Press &#8211; Tchad. L\u2019Union des syndicats du Tchad annonce qu\u2019elle tiendra son assembl\u00e9e g\u00e9n\u00e9rale demain samedi, 20 ao\u00fbt 2022. Plusieurs points de la vie sociale sont au programme. Apr\u00e8s le mot d\u2019ordre de trois jours de l\u2019UST, l\u2019union annonce une assembl\u00e9e g\u00e9n\u00e9rale demain samedi 20 ao\u00fbt 2022, jour d\u2019ouverture du dialogue national inclusif et souverain. [&hellip;]<\/p>\n","protected":false},"author":82,"featured_media":30864,"comment_status":"open","ping_status":"closed","sticky":false,"template":"","format":"standard","meta":{"footnotes":""},"categories":[21,11,10],"tags":[37,292,29],"class_list":["post-30865","post","type-post","status-publish","format-standard","has-post-thumbnail","hentry","category-communaute","category-homepage-french","category-toutes-les-actualites","tag-africa-press","tag-africa-press-tchad","tag-tchad"],"yoast_head":"<!-- This site is optimized with the Yoast SEO Premium plugin v26.1 (Yoast SEO v27.0) - https:\/\/yoast.com\/product\/yoast-seo-premium-wordpress\/ -->\n<title>l\u2019UST demande d\u2019aligner les travailleurs du priv\u00e9 au m\u00eame pourcentage qu\u2019au public - tchad<\/title>\n<meta name=\"description\" content=\"L\u2019Union des syndicats du Tchad annonce qu\u2019elle tiendra son assembl\u00e9e g\u00e9n\u00e9rale demain samedi, 20 ao\u00fbt 2022. Plusieurs poi ...\" \/>\n<meta name=\"robots\" content=\"index, follow, max-snippet:-1, max-image-preview:large, max-video-preview:-1\" \/>\n<link rel=\"canonical\" href=\"https:\/\/www.africa-press.net\/tchad\/toutes-les-actualites\/lust-demande-daligner-les-travailleurs-du-prive-au-meme-pourcentage-quau-public\" \/>\n<meta property=\"og:locale\" content=\"fr_FR\" \/>\n<meta property=\"og:type\" content=\"article\" \/>\n<meta property=\"og:title\" content=\"l\u2019UST demande d\u2019aligner les travailleurs du priv\u00e9 au m\u00eame pourcentage qu\u2019au public\" \/>\n<meta property=\"og:description\" content=\"L\u2019Union des syndicats du Tchad annonce qu\u2019elle tiendra son assembl\u00e9e g\u00e9n\u00e9rale demain samedi, 20 ao\u00fbt 2022. Plusieurs poi ...\" \/>\n<meta property=\"og:url\" content=\"https:\/\/www.africa-press.net\/tchad\/toutes-les-actualites\/lust-demande-daligner-les-travailleurs-du-prive-au-meme-pourcentage-quau-public\" \/>\n<meta property=\"og:site_name\" content=\"tchad\" \/>\n<meta property=\"article:published_time\" content=\"2022-08-19T16:25:59+00:00\" \/>\n<meta property=\"article:modified_time\" content=\"2022-08-19T16:56:10+00:00\" \/>\n<meta property=\"og:image\" content=\"https:\/\/static.africa-press.net\/tchad\/sites\/41\/2022\/08\/postQueueImg_5-62ffc09490bb1.jpg\" \/>\n\t<meta property=\"og:image:width\" content=\"780\" \/>\n\t<meta property=\"og:image:height\" content=\"440\" \/>\n\t<meta property=\"og:image:type\" content=\"image\/jpeg\" \/>\n<meta name=\"author\" content=\"cfeditorfr\" \/>\n<meta name=\"twitter:card\" content=\"summary_large_image\" \/>\n<meta name=\"twitter:label1\" content=\"\u00c9crit par\" \/>\n\t<meta name=\"twitter:data1\" content=\"cfeditorfr\" \/>\n\t<meta name=\"twitter:label2\" content=\"Dur\u00e9e de lecture estim\u00e9e\" \/>\n\t<meta name=\"twitter:data2\" content=\"2 minutes\" \/>\n<script type=\"application\/ld+json\" class=\"yoast-schema-graph\">{\"@context\":\"https:\/\/schema.org\",\"@graph\":[{\"@type\":\"Article\",\"@id\":\"https:\/\/www.africa-press.net\/tchad\/toutes-les-actualites\/lust-demande-daligner-les-travailleurs-du-prive-au-meme-pourcentage-quau-public#article\",\"isPartOf\":{\"@id\":\"https:\/\/www.africa-press.net\/tchad\/toutes-les-actualites\/lust-demande-daligner-les-travailleurs-du-prive-au-meme-pourcentage-quau-public\"},\"author\":{\"name\":\"cfeditorfr\",\"@id\":\"https:\/\/www.africa-press.net\/tchad\/#\/schema\/person\/2b1cf3cd81a31e3cd26889ca66d677f1\"},\"headline\":\"l\u2019UST demande d\u2019aligner les travailleurs du priv\u00e9 au m\u00eame pourcentage qu\u2019au public\",\"datePublished\":\"2022-08-19T16:25:59+00:00\",\"dateModified\":\"2022-08-19T16:56:10+00:00\",\"mainEntityOfPage\":{\"@id\":\"https:\/\/www.africa-press.net\/tchad\/toutes-les-actualites\/lust-demande-daligner-les-travailleurs-du-prive-au-meme-pourcentage-quau-public\"},\"wordCount\":246,\"commentCount\":0,\"image\":{\"@id\":\"https:\/\/www.africa-press.net\/tchad\/toutes-les-actualites\/lust-demande-daligner-les-travailleurs-du-prive-au-meme-pourcentage-quau-public#primaryimage\"},\"thumbnailUrl\":\"https:\/\/static.africa-press.net\/tchad\/sites\/41\/2022\/08\/postQueueImg_5-62ffc09490bb1.jpg\",\"keywords\":[\"Africa Press\",\"Africa Press-Tchad\",\"Tchad\"],\"articleSection\":[\"Communaut\u00e9\",\"homepage-french\",\"Toutes les actualit\u00e9s\"],\"inLanguage\":\"fr-FR\",\"potentialAction\":[{\"@type\":\"CommentAction\",\"name\":\"Comment\",\"target\":[\"https:\/\/www.africa-press.net\/tchad\/toutes-les-actualites\/lust-demande-daligner-les-travailleurs-du-prive-au-meme-pourcentage-quau-public#respond\"]}]},{\"@type\":\"WebPage\",\"@id\":\"https:\/\/www.africa-press.net\/tchad\/toutes-les-actualites\/lust-demande-daligner-les-travailleurs-du-prive-au-meme-pourcentage-quau-public\",\"url\":\"https:\/\/www.africa-press.net\/tchad\/toutes-les-actualites\/lust-demande-daligner-les-travailleurs-du-prive-au-meme-pourcentage-quau-public\",\"name\":\"l\u2019UST demande d\u2019aligner les travailleurs du priv\u00e9 au m\u00eame pourcentage qu\u2019au public - tchad\",\"isPartOf\":{\"@id\":\"https:\/\/www.africa-press.net\/tchad\/#website\"},\"primaryImageOfPage\":{\"@id\":\"https:\/\/www.africa-press.net\/tchad\/toutes-les-actualites\/lust-demande-daligner-les-travailleurs-du-prive-au-meme-pourcentage-quau-public#primaryimage\"},\"image\":{\"@id\":\"https:\/\/www.africa-press.net\/tchad\/toutes-les-actualites\/lust-demande-daligner-les-travailleurs-du-prive-au-meme-pourcentage-quau-public#primaryimage\"},\"thumbnailUrl\":\"https:\/\/static.africa-press.net\/tchad\/sites\/41\/2022\/08\/postQueueImg_5-62ffc09490bb1.jpg\",\"datePublished\":\"2022-08-19T16:25:59+00:00\",\"dateModified\":\"2022-08-19T16:56:10+00:00\",\"author\":{\"@id\":\"https:\/\/www.africa-press.net\/tchad\/#\/schema\/person\/2b1cf3cd81a31e3cd26889ca66d677f1\"},\"description\":\"L\u2019Union des syndicats du Tchad annonce qu\u2019elle tiendra son assembl\u00e9e g\u00e9n\u00e9rale demain samedi, 20 ao\u00fbt 2022. Plusieurs poi ...\",\"breadcrumb\":{\"@id\":\"https:\/\/www.africa-press.net\/tchad\/toutes-les-actualites\/lust-demande-daligner-les-travailleurs-du-prive-au-meme-pourcentage-quau-public#breadcrumb\"},\"inLanguage\":\"fr-FR\",\"potentialAction\":[{\"@type\":\"ReadAction\",\"target\":[\"https:\/\/www.africa-press.net\/tchad\/toutes-les-actualites\/lust-demande-daligner-les-travailleurs-du-prive-au-meme-pourcentage-quau-public\"]}]},{\"@type\":\"ImageObject\",\"inLanguage\":\"fr-FR\",\"@id\":\"https:\/\/www.africa-press.net\/tchad\/toutes-les-actualites\/lust-demande-daligner-les-travailleurs-du-prive-au-meme-pourcentage-quau-public#primaryimage\",\"url\":\"https:\/\/static.africa-press.net\/tchad\/sites\/41\/2022\/08\/postQueueImg_5-62ffc09490bb1.jpg\",\"contentUrl\":\"https:\/\/static.africa-press.net\/tchad\/sites\/41\/2022\/08\/postQueueImg_5-62ffc09490bb1.jpg\",\"width\":780,\"height\":440,\"caption\":\"l\u2019UST demande d\u2019aligner les travailleurs du priv\u00e9 au m\u00eame pourcentage qu\u2019au public\"},{\"@type\":\"BreadcrumbList\",\"@id\":\"https:\/\/www.africa-press.net\/tchad\/toutes-les-actualites\/lust-demande-daligner-les-travailleurs-du-prive-au-meme-pourcentage-quau-public#breadcrumb\",\"itemListElement\":[{\"@type\":\"ListItem\",\"position\":1,\"name\":\"Accueil\",\"item\":\"https:\/\/www.africa-press.net\/tchad\/\"},{\"@type\":\"ListItem\",\"position\":2,\"name\":\"l\u2019UST demande d\u2019aligner les travailleurs du priv\u00e9 au m\u00eame pourcentage qu\u2019au public\"}]},{\"@type\":\"WebSite\",\"@id\":\"https:\/\/www.africa-press.net\/tchad\/#website\",\"url\":\"https:\/\/www.africa-press.net\/tchad\/\",\"name\":\"tchad\",\"description\":\"Just another Africa News Agency Sites site\",\"potentialAction\":[{\"@type\":\"SearchAction\",\"target\":{\"@type\":\"EntryPoint\",\"urlTemplate\":\"https:\/\/www.africa-press.net\/tchad\/?s={search_term_string}\"},\"query-input\":{\"@type\":\"PropertyValueSpecification\",\"valueRequired\":true,\"valueName\":\"search_term_string\"}}],\"inLanguage\":\"fr-FR\"},{\"@type\":\"Person\",\"@id\":\"https:\/\/www.africa-press.net\/tchad\/#\/schema\/person\/2b1cf3cd81a31e3cd26889ca66d677f1\",\"name\":\"cfeditorfr\"}]}<\/script>\n<!-- \/ Yoast SEO Premium plugin. -->","yoast_head_json":{"title":"l\u2019UST demande d\u2019aligner les travailleurs du priv\u00e9 au m\u00eame pourcentage qu\u2019au public - tchad","description":"L\u2019Union des syndicats du Tchad annonce qu\u2019elle tiendra son assembl\u00e9e g\u00e9n\u00e9rale demain samedi, 20 ao\u00fbt 2022. Plusieurs poi ...","robots":{"index":"index","follow":"follow","max-snippet":"max-snippet:-1","max-image-preview":"max-image-preview:large","max-video-preview":"max-video-preview:-1"},"canonical":"https:\/\/www.africa-press.net\/tchad\/toutes-les-actualites\/lust-demande-daligner-les-travailleurs-du-prive-au-meme-pourcentage-quau-public","og_locale":"fr_FR","og_type":"article","og_title":"l\u2019UST demande d\u2019aligner les travailleurs du priv\u00e9 au m\u00eame pourcentage qu\u2019au public","og_description":"L\u2019Union des syndicats du Tchad annonce qu\u2019elle tiendra son assembl\u00e9e g\u00e9n\u00e9rale demain samedi, 20 ao\u00fbt 2022. Plusieurs poi ...","og_url":"https:\/\/www.africa-press.net\/tchad\/toutes-les-actualites\/lust-demande-daligner-les-travailleurs-du-prive-au-meme-pourcentage-quau-public","og_site_name":"tchad","article_published_time":"2022-08-19T16:25:59+00:00","article_modified_time":"2022-08-19T16:56:10+00:00","og_image":[{"width":780,"height":440,"url":"https:\/\/static.africa-press.net\/tchad\/sites\/41\/2022\/08\/postQueueImg_5-62ffc09490bb1.jpg","type":"image\/jpeg"}],"author":"cfeditorfr","twitter_card":"summary_large_image","twitter_misc":{"\u00c9crit par":"cfeditorfr","Dur\u00e9e de lecture estim\u00e9e":"2 minutes"},"schema":{"@context":"https:\/\/schema.org","@graph":[{"@type":"Article","@id":"https:\/\/www.africa-press.net\/tchad\/toutes-les-actualites\/lust-demande-daligner-les-travailleurs-du-prive-au-meme-pourcentage-quau-public#article","isPartOf":{"@id":"https:\/\/www.africa-press.net\/tchad\/toutes-les-actualites\/lust-demande-daligner-les-travailleurs-du-prive-au-meme-pourcentage-quau-public"},"author":{"name":"cfeditorfr","@id":"https:\/\/www.africa-press.net\/tchad\/#\/schema\/person\/2b1cf3cd81a31e3cd26889ca66d677f1"},"headline":"l\u2019UST demande d\u2019aligner les travailleurs du priv\u00e9 au m\u00eame pourcentage qu\u2019au public","datePublished":"2022-08-19T16:25:59+00:00","dateModified":"2022-08-19T16:56:10+00:00","mainEntityOfPage":{"@id":"https:\/\/www.africa-press.net\/tchad\/toutes-les-actualites\/lust-demande-daligner-les-travailleurs-du-prive-au-meme-pourcentage-quau-public"},"wordCount":246,"commentCount":0,"image":{"@id":"https:\/\/www.africa-press.net\/tchad\/toutes-les-actualites\/lust-demande-daligner-les-travailleurs-du-prive-au-meme-pourcentage-quau-public#primaryimage"},"thumbnailUrl":"https:\/\/static.africa-press.net\/tchad\/sites\/41\/2022\/08\/postQueueImg_5-62ffc09490bb1.jpg","keywords":["Africa Press","Africa Press-Tchad","Tchad"],"articleSection":["Communaut\u00e9","homepage-french","Toutes les actualit\u00e9s"],"inLanguage":"fr-FR","potentialAction":[{"@type":"CommentAction","name":"Comment","target":["https:\/\/www.africa-press.net\/tchad\/toutes-les-actualites\/lust-demande-daligner-les-travailleurs-du-prive-au-meme-pourcentage-quau-public#respond"]}]},{"@type":"WebPage","@id":"https:\/\/www.africa-press.net\/tchad\/toutes-les-actualites\/lust-demande-daligner-les-travailleurs-du-prive-au-meme-pourcentage-quau-public","url":"https:\/\/www.africa-press.net\/tchad\/toutes-les-actualites\/lust-demande-daligner-les-travailleurs-du-prive-au-meme-pourcentage-quau-public","name":"l\u2019UST demande d\u2019aligner les travailleurs du priv\u00e9 au m\u00eame pourcentage qu\u2019au public - tchad","isPartOf":{"@id":"https:\/\/www.africa-press.net\/tchad\/#website"},"primaryImageOfPage":{"@id":"https:\/\/www.africa-press.net\/tchad\/toutes-les-actualites\/lust-demande-daligner-les-travailleurs-du-prive-au-meme-pourcentage-quau-public#primaryimage"},"image":{"@id":"https:\/\/www.africa-press.net\/tchad\/toutes-les-actualites\/lust-demande-daligner-les-travailleurs-du-prive-au-meme-pourcentage-quau-public#primaryimage"},"thumbnailUrl":"https:\/\/static.africa-press.net\/tchad\/sites\/41\/2022\/08\/postQueueImg_5-62ffc09490bb1.jpg","datePublished":"2022-08-19T16:25:59+00:00","dateModified":"2022-08-19T16:56:10+00:00","author":{"@id":"https:\/\/www.africa-press.net\/tchad\/#\/schema\/person\/2b1cf3cd81a31e3cd26889ca66d677f1"},"description":"L\u2019Union des syndicats du Tchad annonce qu\u2019elle tiendra son assembl\u00e9e g\u00e9n\u00e9rale demain samedi, 20 ao\u00fbt 2022. Plusieurs poi ...","breadcrumb":{"@id":"https:\/\/www.africa-press.net\/tchad\/toutes-les-actualites\/lust-demande-daligner-les-travailleurs-du-prive-au-meme-pourcentage-quau-public#breadcrumb"},"inLanguage":"fr-FR","potentialAction":[{"@type":"ReadAction","target":["https:\/\/www.africa-press.net\/tchad\/toutes-les-actualites\/lust-demande-daligner-les-travailleurs-du-prive-au-meme-pourcentage-quau-public"]}]},{"@type":"ImageObject","inLanguage":"fr-FR","@id":"https:\/\/www.africa-press.net\/tchad\/toutes-les-actualites\/lust-demande-daligner-les-travailleurs-du-prive-au-meme-pourcentage-quau-public#primaryimage","url":"https:\/\/static.africa-press.net\/tchad\/sites\/41\/2022\/08\/postQueueImg_5-62ffc09490bb1.jpg","contentUrl":"https:\/\/static.africa-press.net\/tchad\/sites\/41\/2022\/08\/postQueueImg_5-62ffc09490bb1.jpg","width":780,"height":440,"caption":"l\u2019UST demande d\u2019aligner les travailleurs du priv\u00e9 au m\u00eame pourcentage qu\u2019au public"},{"@type":"BreadcrumbList","@id":"https:\/\/www.africa-press.net\/tchad\/toutes-les-actualites\/lust-demande-daligner-les-travailleurs-du-prive-au-meme-pourcentage-quau-public#breadcrumb","itemListElement":[{"@type":"ListItem","position":1,"name":"Accueil","item":"https:\/\/www.africa-press.net\/tchad\/"},{"@type":"ListItem","position":2,"name":"l\u2019UST demande d\u2019aligner les travailleurs du priv\u00e9 au m\u00eame pourcentage qu\u2019au public"}]},{"@type":"WebSite","@id":"https:\/\/www.africa-press.net\/tchad\/#website","url":"https:\/\/www.africa-press.net\/tchad\/","name":"tchad","description":"Just another Africa News Agency Sites site","potentialAction":[{"@type":"SearchAction","target":{"@type":"EntryPoint","urlTemplate":"https:\/\/www.africa-press.net\/tchad\/?s={search_term_string}"},"query-input":{"@type":"PropertyValueSpecification","valueRequired":true,"valueName":"search_term_string"}}],"inLanguage":"fr-FR"},{"@type":"Person","@id":"https:\/\/www.africa-press.net\/tchad\/#\/schema\/person\/2b1cf3cd81a31e3cd26889ca66d677f1","name":"cfeditorfr"}]}},"_links":{"self":[{"href":"https:\/\/www.africa-press.net\/tchad\/wp-json\/wp\/v2\/posts\/30865","targetHints":{"allow":["GET"]}}],"collection":[{"href":"https:\/\/www.africa-press.net\/tchad\/wp-json\/wp\/v2\/posts"}],"about":[{"href":"https:\/\/www.africa-press.net\/tchad\/wp-json\/wp\/v2\/types\/post"}],"author":[{"embeddable":true,"href":"https:\/\/www.africa-press.net\/tchad\/wp-json\/wp\/v2\/users\/82"}],"replies":[{"embeddable":true,"href":"https:\/\/www.africa-press.net\/tchad\/wp-json\/wp\/v2\/comments?post=30865"}],"version-history":[{"count":0,"href":"https:\/\/www.africa-press.net\/tchad\/wp-json\/wp\/v2\/posts\/30865\/revisions"}],"wp:featuredmedia":[{"embeddable":true,"href":"https:\/\/www.africa-press.net\/tchad\/wp-json\/wp\/v2\/media\/30864"}],"wp:attachment":[{"href":"https:\/\/www.africa-press.net\/tchad\/wp-json\/wp\/v2\/media?parent=30865"}],"wp:term":[{"taxonomy":"category","embeddable":true,"href":"https:\/\/www.africa-press.net\/tchad\/wp-json\/wp\/v2\/categories?post=30865"},{"taxonomy":"post_tag","embeddable":true,"href":"https:\/\/www.africa-press.net\/tchad\/wp-json\/wp\/v2\/tags?post=30865"}],"curies":[{"name":"wp","href":"https:\/\/api.w.org\/{rel}","templated":true}]}}