{"id":30871,"date":"2022-08-19T16:27:59","date_gmt":"2022-08-19T16:27:59","guid":{"rendered":"https:\/\/www.africa-press.net\/tchad\/politique\/le-fact-denonce-un-dialogue-non-inclusif-et-se-solidarise-avec-wakit-tamma"},"modified":"2022-08-19T16:57:22","modified_gmt":"2022-08-19T16:57:22","slug":"le-fact-denonce-un-dialogue-non-inclusif-et-se-solidarise-avec-wakit-tamma","status":"publish","type":"post","link":"https:\/\/www.africa-press.net\/tchad\/politique\/le-fact-denonce-un-dialogue-non-inclusif-et-se-solidarise-avec-wakit-tamma","title":{"rendered":"le FACT d\u00e9nonce un dialogue non inclusif et se solidarise avec Wakit Tamma"},"content":{"rendered":"<p><span style=\"color: #ff6600\"><strong>Africa-Press &#8211; Tchad. <\/strong><\/span>Des organisations de la soci\u00e9t\u00e9 civile et des partis politiques appellent \u00e0 une manifestation pacifique les 19 et 20 ao\u00fbt 2022 pour exiger un v\u00e9ritable dialogue national et souverain.<\/p>\n<p>Le FACT <b>\u00ab\u00a0salue cette initiative et encourage les manifestants \u00e0 ne pas r\u00e9pondre aux provocations de la junte. Au lieu de prendre les dispositions n\u00e9cessaires pour s\u00e9curiser ces manifestations, comme d&rsquo;habitude la junte ordonne de mani\u00e8re abusive leur interdiction\u00a0\u00bb.<\/b><\/p>\n<p>Le mouvement lance un appel urgent \u00e0 la communaut\u00e9 internationale et aux pays amis du Tchad afin de <b>\u00ab\u00a0rappeler \u00e0 la junte de ne pas r\u00e9primer et laisser les manifestants exprimer pacifiquement et librement leur d\u00e9sapprobation quant \u00e0 la tenue d&rsquo;un dialogue non inclusif, taill\u00e9 sur mesure au CMT et au MPS\u00a0\u00bb.<\/b><\/p>\n<p><strong>Pour plus d&rsquo;informations et d&rsquo;analyses sur la <a href=\"https:\/\/www.africa-press.net\/tchad\">Tchad<\/a>, suivez <a href=\"https:\/\/www.africa-press.net\/\">Africa-Press<\/a><\/strong><\/p>\n","protected":false},"excerpt":{"rendered":"<p>Africa-Press &#8211; Tchad. Des organisations de la soci\u00e9t\u00e9 civile et des partis politiques appellent \u00e0 une manifestation pacifique les 19 et 20 ao\u00fbt 2022 pour exiger un v\u00e9ritable dialogue national et souverain. Le FACT \u00ab\u00a0salue cette initiative et encourage les manifestants \u00e0 ne pas r\u00e9pondre aux provocations de la junte. Au lieu de prendre les [&hellip;]<\/p>\n","protected":false},"author":82,"featured_media":30870,"comment_status":"open","ping_status":"closed","sticky":false,"template":"","format":"standard","meta":{"footnotes":""},"categories":[11,2,10],"tags":[37,292,29],"class_list":["post-30871","post","type-post","status-publish","format-standard","has-post-thumbnail","hentry","category-homepage-french","category-politique","category-toutes-les-actualites","tag-africa-press","tag-africa-press-tchad","tag-tchad"],"yoast_head":"<!-- This site is optimized with the Yoast SEO Premium plugin v26.1 (Yoast SEO v27.0) - https:\/\/yoast.com\/product\/yoast-seo-premium-wordpress\/ -->\n<title>le FACT d\u00e9nonce un dialogue non inclusif et se solidarise avec Wakit Tamma - tchad<\/title>\n<meta name=\"description\" content=\"Des organisations de la soci\u00e9t\u00e9 civile et des partis politiques appellent \u00e0 une manifestation pacifique les 19 et 20 ao\u00fb ...\" \/>\n<meta name=\"robots\" content=\"index, follow, max-snippet:-1, max-image-preview:large, max-video-preview:-1\" \/>\n<link rel=\"canonical\" href=\"https:\/\/www.africa-press.net\/tchad\/politique\/le-fact-denonce-un-dialogue-non-inclusif-et-se-solidarise-avec-wakit-tamma\" \/>\n<meta property=\"og:locale\" content=\"fr_FR\" \/>\n<meta property=\"og:type\" content=\"article\" \/>\n<meta property=\"og:title\" content=\"le FACT d\u00e9nonce un dialogue non inclusif et se solidarise avec Wakit Tamma\" \/>\n<meta property=\"og:description\" content=\"Des organisations de la soci\u00e9t\u00e9 civile et des partis politiques appellent \u00e0 une manifestation pacifique les 19 et 20 ao\u00fb ...\" \/>\n<meta property=\"og:url\" content=\"https:\/\/www.africa-press.net\/tchad\/politique\/le-fact-denonce-un-dialogue-non-inclusif-et-se-solidarise-avec-wakit-tamma\" \/>\n<meta property=\"og:site_name\" content=\"tchad\" \/>\n<meta property=\"article:published_time\" content=\"2022-08-19T16:27:59+00:00\" \/>\n<meta property=\"article:modified_time\" content=\"2022-08-19T16:57:22+00:00\" \/>\n<meta property=\"og:image\" content=\"https:\/\/static.africa-press.net\/tchad\/sites\/41\/2022\/08\/postQueueImg_7-62ffc0d97690e.jpg\" \/>\n\t<meta property=\"og:image:width\" content=\"1920\" \/>\n\t<meta property=\"og:image:height\" content=\"1440\" \/>\n\t<meta property=\"og:image:type\" content=\"image\/jpeg\" \/>\n<meta name=\"author\" content=\"cfeditorfr\" \/>\n<meta name=\"twitter:card\" content=\"summary_large_image\" \/>\n<meta name=\"twitter:label1\" content=\"\u00c9crit par\" \/>\n\t<meta name=\"twitter:data1\" content=\"cfeditorfr\" \/>\n\t<meta name=\"twitter:label2\" content=\"Dur\u00e9e de lecture estim\u00e9e\" \/>\n\t<meta name=\"twitter:data2\" content=\"1 minute\" \/>\n<script type=\"application\/ld+json\" class=\"yoast-schema-graph\">{\"@context\":\"https:\/\/schema.org\",\"@graph\":[{\"@type\":\"Article\",\"@id\":\"https:\/\/www.africa-press.net\/tchad\/politique\/le-fact-denonce-un-dialogue-non-inclusif-et-se-solidarise-avec-wakit-tamma#article\",\"isPartOf\":{\"@id\":\"https:\/\/www.africa-press.net\/tchad\/politique\/le-fact-denonce-un-dialogue-non-inclusif-et-se-solidarise-avec-wakit-tamma\"},\"author\":{\"name\":\"cfeditorfr\",\"@id\":\"https:\/\/www.africa-press.net\/tchad\/#\/schema\/person\/2b1cf3cd81a31e3cd26889ca66d677f1\"},\"headline\":\"le FACT d\u00e9nonce un dialogue non inclusif et se solidarise avec Wakit Tamma\",\"datePublished\":\"2022-08-19T16:27:59+00:00\",\"dateModified\":\"2022-08-19T16:57:22+00:00\",\"mainEntityOfPage\":{\"@id\":\"https:\/\/www.africa-press.net\/tchad\/politique\/le-fact-denonce-un-dialogue-non-inclusif-et-se-solidarise-avec-wakit-tamma\"},\"wordCount\":152,\"commentCount\":0,\"image\":{\"@id\":\"https:\/\/www.africa-press.net\/tchad\/politique\/le-fact-denonce-un-dialogue-non-inclusif-et-se-solidarise-avec-wakit-tamma#primaryimage\"},\"thumbnailUrl\":\"https:\/\/static.africa-press.net\/tchad\/sites\/41\/2022\/08\/postQueueImg_7-62ffc0d97690e.jpg\",\"keywords\":[\"Africa Press\",\"Africa Press-Tchad\",\"Tchad\"],\"articleSection\":[\"homepage-french\",\"Politique\",\"Toutes les actualit\u00e9s\"],\"inLanguage\":\"fr-FR\",\"potentialAction\":[{\"@type\":\"CommentAction\",\"name\":\"Comment\",\"target\":[\"https:\/\/www.africa-press.net\/tchad\/politique\/le-fact-denonce-un-dialogue-non-inclusif-et-se-solidarise-avec-wakit-tamma#respond\"]}]},{\"@type\":\"WebPage\",\"@id\":\"https:\/\/www.africa-press.net\/tchad\/politique\/le-fact-denonce-un-dialogue-non-inclusif-et-se-solidarise-avec-wakit-tamma\",\"url\":\"https:\/\/www.africa-press.net\/tchad\/politique\/le-fact-denonce-un-dialogue-non-inclusif-et-se-solidarise-avec-wakit-tamma\",\"name\":\"le FACT d\u00e9nonce un dialogue non inclusif et se solidarise avec Wakit Tamma - tchad\",\"isPartOf\":{\"@id\":\"https:\/\/www.africa-press.net\/tchad\/#website\"},\"primaryImageOfPage\":{\"@id\":\"https:\/\/www.africa-press.net\/tchad\/politique\/le-fact-denonce-un-dialogue-non-inclusif-et-se-solidarise-avec-wakit-tamma#primaryimage\"},\"image\":{\"@id\":\"https:\/\/www.africa-press.net\/tchad\/politique\/le-fact-denonce-un-dialogue-non-inclusif-et-se-solidarise-avec-wakit-tamma#primaryimage\"},\"thumbnailUrl\":\"https:\/\/static.africa-press.net\/tchad\/sites\/41\/2022\/08\/postQueueImg_7-62ffc0d97690e.jpg\",\"datePublished\":\"2022-08-19T16:27:59+00:00\",\"dateModified\":\"2022-08-19T16:57:22+00:00\",\"author\":{\"@id\":\"https:\/\/www.africa-press.net\/tchad\/#\/schema\/person\/2b1cf3cd81a31e3cd26889ca66d677f1\"},\"description\":\"Des organisations de la soci\u00e9t\u00e9 civile et des partis politiques appellent \u00e0 une manifestation pacifique les 19 et 20 ao\u00fb ...\",\"breadcrumb\":{\"@id\":\"https:\/\/www.africa-press.net\/tchad\/politique\/le-fact-denonce-un-dialogue-non-inclusif-et-se-solidarise-avec-wakit-tamma#breadcrumb\"},\"inLanguage\":\"fr-FR\",\"potentialAction\":[{\"@type\":\"ReadAction\",\"target\":[\"https:\/\/www.africa-press.net\/tchad\/politique\/le-fact-denonce-un-dialogue-non-inclusif-et-se-solidarise-avec-wakit-tamma\"]}]},{\"@type\":\"ImageObject\",\"inLanguage\":\"fr-FR\",\"@id\":\"https:\/\/www.africa-press.net\/tchad\/politique\/le-fact-denonce-un-dialogue-non-inclusif-et-se-solidarise-avec-wakit-tamma#primaryimage\",\"url\":\"https:\/\/static.africa-press.net\/tchad\/sites\/41\/2022\/08\/postQueueImg_7-62ffc0d97690e.jpg\",\"contentUrl\":\"https:\/\/static.africa-press.net\/tchad\/sites\/41\/2022\/08\/postQueueImg_7-62ffc0d97690e.jpg\",\"width\":1920,\"height\":1440,\"caption\":\"le FACT d\u00e9nonce un dialogue non inclusif et se solidarise avec Wakit Tamma\"},{\"@type\":\"BreadcrumbList\",\"@id\":\"https:\/\/www.africa-press.net\/tchad\/politique\/le-fact-denonce-un-dialogue-non-inclusif-et-se-solidarise-avec-wakit-tamma#breadcrumb\",\"itemListElement\":[{\"@type\":\"ListItem\",\"position\":1,\"name\":\"Accueil\",\"item\":\"https:\/\/www.africa-press.net\/tchad\/\"},{\"@type\":\"ListItem\",\"position\":2,\"name\":\"le FACT d\u00e9nonce un dialogue non inclusif et se solidarise avec Wakit Tamma\"}]},{\"@type\":\"WebSite\",\"@id\":\"https:\/\/www.africa-press.net\/tchad\/#website\",\"url\":\"https:\/\/www.africa-press.net\/tchad\/\",\"name\":\"tchad\",\"description\":\"Just another Africa News Agency Sites site\",\"potentialAction\":[{\"@type\":\"SearchAction\",\"target\":{\"@type\":\"EntryPoint\",\"urlTemplate\":\"https:\/\/www.africa-press.net\/tchad\/?s={search_term_string}\"},\"query-input\":{\"@type\":\"PropertyValueSpecification\",\"valueRequired\":true,\"valueName\":\"search_term_string\"}}],\"inLanguage\":\"fr-FR\"},{\"@type\":\"Person\",\"@id\":\"https:\/\/www.africa-press.net\/tchad\/#\/schema\/person\/2b1cf3cd81a31e3cd26889ca66d677f1\",\"name\":\"cfeditorfr\"}]}<\/script>\n<!-- \/ Yoast SEO Premium plugin. -->","yoast_head_json":{"title":"le FACT d\u00e9nonce un dialogue non inclusif et se solidarise avec Wakit Tamma - tchad","description":"Des organisations de la soci\u00e9t\u00e9 civile et des partis politiques appellent \u00e0 une manifestation pacifique les 19 et 20 ao\u00fb ...","robots":{"index":"index","follow":"follow","max-snippet":"max-snippet:-1","max-image-preview":"max-image-preview:large","max-video-preview":"max-video-preview:-1"},"canonical":"https:\/\/www.africa-press.net\/tchad\/politique\/le-fact-denonce-un-dialogue-non-inclusif-et-se-solidarise-avec-wakit-tamma","og_locale":"fr_FR","og_type":"article","og_title":"le FACT d\u00e9nonce un dialogue non inclusif et se solidarise avec Wakit Tamma","og_description":"Des organisations de la soci\u00e9t\u00e9 civile et des partis politiques appellent \u00e0 une manifestation pacifique les 19 et 20 ao\u00fb ...","og_url":"https:\/\/www.africa-press.net\/tchad\/politique\/le-fact-denonce-un-dialogue-non-inclusif-et-se-solidarise-avec-wakit-tamma","og_site_name":"tchad","article_published_time":"2022-08-19T16:27:59+00:00","article_modified_time":"2022-08-19T16:57:22+00:00","og_image":[{"width":1920,"height":1440,"url":"https:\/\/static.africa-press.net\/tchad\/sites\/41\/2022\/08\/postQueueImg_7-62ffc0d97690e.jpg","type":"image\/jpeg"}],"author":"cfeditorfr","twitter_card":"summary_large_image","twitter_misc":{"\u00c9crit par":"cfeditorfr","Dur\u00e9e de lecture estim\u00e9e":"1 minute"},"schema":{"@context":"https:\/\/schema.org","@graph":[{"@type":"Article","@id":"https:\/\/www.africa-press.net\/tchad\/politique\/le-fact-denonce-un-dialogue-non-inclusif-et-se-solidarise-avec-wakit-tamma#article","isPartOf":{"@id":"https:\/\/www.africa-press.net\/tchad\/politique\/le-fact-denonce-un-dialogue-non-inclusif-et-se-solidarise-avec-wakit-tamma"},"author":{"name":"cfeditorfr","@id":"https:\/\/www.africa-press.net\/tchad\/#\/schema\/person\/2b1cf3cd81a31e3cd26889ca66d677f1"},"headline":"le FACT d\u00e9nonce un dialogue non inclusif et se solidarise avec Wakit Tamma","datePublished":"2022-08-19T16:27:59+00:00","dateModified":"2022-08-19T16:57:22+00:00","mainEntityOfPage":{"@id":"https:\/\/www.africa-press.net\/tchad\/politique\/le-fact-denonce-un-dialogue-non-inclusif-et-se-solidarise-avec-wakit-tamma"},"wordCount":152,"commentCount":0,"image":{"@id":"https:\/\/www.africa-press.net\/tchad\/politique\/le-fact-denonce-un-dialogue-non-inclusif-et-se-solidarise-avec-wakit-tamma#primaryimage"},"thumbnailUrl":"https:\/\/static.africa-press.net\/tchad\/sites\/41\/2022\/08\/postQueueImg_7-62ffc0d97690e.jpg","keywords":["Africa Press","Africa Press-Tchad","Tchad"],"articleSection":["homepage-french","Politique","Toutes les actualit\u00e9s"],"inLanguage":"fr-FR","potentialAction":[{"@type":"CommentAction","name":"Comment","target":["https:\/\/www.africa-press.net\/tchad\/politique\/le-fact-denonce-un-dialogue-non-inclusif-et-se-solidarise-avec-wakit-tamma#respond"]}]},{"@type":"WebPage","@id":"https:\/\/www.africa-press.net\/tchad\/politique\/le-fact-denonce-un-dialogue-non-inclusif-et-se-solidarise-avec-wakit-tamma","url":"https:\/\/www.africa-press.net\/tchad\/politique\/le-fact-denonce-un-dialogue-non-inclusif-et-se-solidarise-avec-wakit-tamma","name":"le FACT d\u00e9nonce un dialogue non inclusif et se solidarise avec Wakit Tamma - tchad","isPartOf":{"@id":"https:\/\/www.africa-press.net\/tchad\/#website"},"primaryImageOfPage":{"@id":"https:\/\/www.africa-press.net\/tchad\/politique\/le-fact-denonce-un-dialogue-non-inclusif-et-se-solidarise-avec-wakit-tamma#primaryimage"},"image":{"@id":"https:\/\/www.africa-press.net\/tchad\/politique\/le-fact-denonce-un-dialogue-non-inclusif-et-se-solidarise-avec-wakit-tamma#primaryimage"},"thumbnailUrl":"https:\/\/static.africa-press.net\/tchad\/sites\/41\/2022\/08\/postQueueImg_7-62ffc0d97690e.jpg","datePublished":"2022-08-19T16:27:59+00:00","dateModified":"2022-08-19T16:57:22+00:00","author":{"@id":"https:\/\/www.africa-press.net\/tchad\/#\/schema\/person\/2b1cf3cd81a31e3cd26889ca66d677f1"},"description":"Des organisations de la soci\u00e9t\u00e9 civile et des partis politiques appellent \u00e0 une manifestation pacifique les 19 et 20 ao\u00fb ...","breadcrumb":{"@id":"https:\/\/www.africa-press.net\/tchad\/politique\/le-fact-denonce-un-dialogue-non-inclusif-et-se-solidarise-avec-wakit-tamma#breadcrumb"},"inLanguage":"fr-FR","potentialAction":[{"@type":"ReadAction","target":["https:\/\/www.africa-press.net\/tchad\/politique\/le-fact-denonce-un-dialogue-non-inclusif-et-se-solidarise-avec-wakit-tamma"]}]},{"@type":"ImageObject","inLanguage":"fr-FR","@id":"https:\/\/www.africa-press.net\/tchad\/politique\/le-fact-denonce-un-dialogue-non-inclusif-et-se-solidarise-avec-wakit-tamma#primaryimage","url":"https:\/\/static.africa-press.net\/tchad\/sites\/41\/2022\/08\/postQueueImg_7-62ffc0d97690e.jpg","contentUrl":"https:\/\/static.africa-press.net\/tchad\/sites\/41\/2022\/08\/postQueueImg_7-62ffc0d97690e.jpg","width":1920,"height":1440,"caption":"le FACT d\u00e9nonce un dialogue non inclusif et se solidarise avec Wakit Tamma"},{"@type":"BreadcrumbList","@id":"https:\/\/www.africa-press.net\/tchad\/politique\/le-fact-denonce-un-dialogue-non-inclusif-et-se-solidarise-avec-wakit-tamma#breadcrumb","itemListElement":[{"@type":"ListItem","position":1,"name":"Accueil","item":"https:\/\/www.africa-press.net\/tchad\/"},{"@type":"ListItem","position":2,"name":"le FACT d\u00e9nonce un dialogue non inclusif et se solidarise avec Wakit Tamma"}]},{"@type":"WebSite","@id":"https:\/\/www.africa-press.net\/tchad\/#website","url":"https:\/\/www.africa-press.net\/tchad\/","name":"tchad","description":"Just another Africa News Agency Sites site","potentialAction":[{"@type":"SearchAction","target":{"@type":"EntryPoint","urlTemplate":"https:\/\/www.africa-press.net\/tchad\/?s={search_term_string}"},"query-input":{"@type":"PropertyValueSpecification","valueRequired":true,"valueName":"search_term_string"}}],"inLanguage":"fr-FR"},{"@type":"Person","@id":"https:\/\/www.africa-press.net\/tchad\/#\/schema\/person\/2b1cf3cd81a31e3cd26889ca66d677f1","name":"cfeditorfr"}]}},"_links":{"self":[{"href":"https:\/\/www.africa-press.net\/tchad\/wp-json\/wp\/v2\/posts\/30871","targetHints":{"allow":["GET"]}}],"collection":[{"href":"https:\/\/www.africa-press.net\/tchad\/wp-json\/wp\/v2\/posts"}],"about":[{"href":"https:\/\/www.africa-press.net\/tchad\/wp-json\/wp\/v2\/types\/post"}],"author":[{"embeddable":true,"href":"https:\/\/www.africa-press.net\/tchad\/wp-json\/wp\/v2\/users\/82"}],"replies":[{"embeddable":true,"href":"https:\/\/www.africa-press.net\/tchad\/wp-json\/wp\/v2\/comments?post=30871"}],"version-history":[{"count":0,"href":"https:\/\/www.africa-press.net\/tchad\/wp-json\/wp\/v2\/posts\/30871\/revisions"}],"wp:featuredmedia":[{"embeddable":true,"href":"https:\/\/www.africa-press.net\/tchad\/wp-json\/wp\/v2\/media\/30870"}],"wp:attachment":[{"href":"https:\/\/www.africa-press.net\/tchad\/wp-json\/wp\/v2\/media?parent=30871"}],"wp:term":[{"taxonomy":"category","embeddable":true,"href":"https:\/\/www.africa-press.net\/tchad\/wp-json\/wp\/v2\/categories?post=30871"},{"taxonomy":"post_tag","embeddable":true,"href":"https:\/\/www.africa-press.net\/tchad\/wp-json\/wp\/v2\/tags?post=30871"}],"curies":[{"name":"wp","href":"https:\/\/api.w.org\/{rel}","templated":true}]}}