{"id":30877,"date":"2022-08-19T16:29:03","date_gmt":"2022-08-19T16:29:03","guid":{"rendered":"https:\/\/www.africa-press.net\/tchad\/politique\/tchad-50-eleves-beneficient-dune-formation-dans-les-ntic-a-ati"},"modified":"2022-08-19T16:58:28","modified_gmt":"2022-08-19T16:58:28","slug":"tchad-50-eleves-beneficient-dune-formation-dans-les-ntic-a-ati","status":"publish","type":"post","link":"https:\/\/www.africa-press.net\/tchad\/culture-et-art\/tchad-50-eleves-beneficient-dune-formation-dans-les-ntic-a-ati","title":{"rendered":"Tchad : 50 \u00e9l\u00e8ves b\u00e9n\u00e9ficient d&rsquo;une formation dans les NTIC \u00e0 Ati"},"content":{"rendered":"<p><span style=\"color: #ff6600\"><strong>Africa-Press &#8211; Tchad. <\/strong><\/span>Au total, 50 \u00e9l\u00e8ves dont 30 jeunes filles et 20 jeunes gar\u00e7ons ont termin\u00e9 la formation dans les domaines des nouvelles technologies de l&rsquo;information et de la la communication dans la ville d&rsquo;Ati. La formation a \u00e9t\u00e9 financ\u00e9e par la conseill\u00e8re nationale Mme Housna Moussa Ali, avec l&rsquo;appui du minist\u00e8re des Postes et de l&rsquo;\u00c9conomie num\u00e9rique.<\/p>\n<p>Le PDG de SININE CENTER, Mahamat Ahmat Sinine, a salu\u00e9 les appuis multiformes pour la concr\u00e9tisation de la formation.<\/p>\n<p>Le directeur de cabinet du gouverneur, Ali Voubou Amadou, a soulign\u00e9 que cette initiative louable d&rsquo;une fille de la province vise l&rsquo;am\u00e9lioration des jeunes dans le domaine des NTIC, tout en promouvant l&#8217;emploi des jeunes et le d\u00e9veloppement des comp\u00e9tences.<\/p>\n<p>Ali Voubou Amadou a profit\u00e9 de cette occasion pour faire un plaidoyer aux ONG, projets, programmes et au secteur priv\u00e9 pour accompagner les jeunes dans l&rsquo;optique de la p\u00e9rennisation des acquis de cette formation.<\/p>\n<p><strong>Pour plus d&rsquo;informations et d&rsquo;analyses sur la <a href=\"https:\/\/www.africa-press.net\/tchad\">Tchad<\/a>, suivez <a href=\"https:\/\/www.africa-press.net\/\">Africa-Press<\/a><\/strong><\/p>\n","protected":false},"excerpt":{"rendered":"<p>Africa-Press &#8211; Tchad. Au total, 50 \u00e9l\u00e8ves dont 30 jeunes filles et 20 jeunes gar\u00e7ons ont termin\u00e9 la formation dans les domaines des nouvelles technologies de l&rsquo;information et de la la communication dans la ville d&rsquo;Ati. La formation a \u00e9t\u00e9 financ\u00e9e par la conseill\u00e8re nationale Mme Housna Moussa Ali, avec l&rsquo;appui du minist\u00e8re des Postes [&hellip;]<\/p>\n","protected":false},"author":82,"featured_media":30876,"comment_status":"open","ping_status":"closed","sticky":false,"template":"","format":"standard","meta":{"footnotes":""},"categories":[5,11,10],"tags":[37,292,29],"class_list":["post-30877","post","type-post","status-publish","format-standard","has-post-thumbnail","hentry","category-culture-et-art","category-homepage-french","category-toutes-les-actualites","tag-africa-press","tag-africa-press-tchad","tag-tchad"],"yoast_head":"<!-- This site is optimized with the Yoast SEO Premium plugin v26.1 (Yoast SEO v27.0) - https:\/\/yoast.com\/product\/yoast-seo-premium-wordpress\/ -->\n<title>Tchad : 50 \u00e9l\u00e8ves b\u00e9n\u00e9ficient d&#039;une formation dans les NTIC \u00e0 Ati - tchad<\/title>\n<meta name=\"description\" content=\"Au total, 50 \u00e9l\u00e8ves dont 30 jeunes filles et 20 jeunes gar\u00e7ons ont termin\u00e9 la formation dans les domaines des nouvelles ...\" \/>\n<meta name=\"robots\" content=\"index, follow, max-snippet:-1, max-image-preview:large, max-video-preview:-1\" \/>\n<link rel=\"canonical\" href=\"https:\/\/www.africa-press.net\/tchad\/culture-et-art\/tchad-50-eleves-beneficient-dune-formation-dans-les-ntic-a-ati\" \/>\n<meta property=\"og:locale\" content=\"fr_FR\" \/>\n<meta property=\"og:type\" content=\"article\" \/>\n<meta property=\"og:title\" content=\"Tchad : 50 \u00e9l\u00e8ves b\u00e9n\u00e9ficient d&#039;une formation dans les NTIC \u00e0 Ati\" \/>\n<meta property=\"og:description\" content=\"Au total, 50 \u00e9l\u00e8ves dont 30 jeunes filles et 20 jeunes gar\u00e7ons ont termin\u00e9 la formation dans les domaines des nouvelles ...\" \/>\n<meta property=\"og:url\" content=\"https:\/\/www.africa-press.net\/tchad\/culture-et-art\/tchad-50-eleves-beneficient-dune-formation-dans-les-ntic-a-ati\" \/>\n<meta property=\"og:site_name\" content=\"tchad\" \/>\n<meta property=\"article:published_time\" content=\"2022-08-19T16:29:03+00:00\" \/>\n<meta property=\"article:modified_time\" content=\"2022-08-19T16:58:28+00:00\" \/>\n<meta property=\"og:image\" content=\"https:\/\/static.africa-press.net\/tchad\/sites\/41\/2022\/08\/postQueueImg_9-62ffc11d6060e.jpg\" \/>\n\t<meta property=\"og:image:width\" content=\"1000\" \/>\n\t<meta property=\"og:image:height\" content=\"562\" \/>\n\t<meta property=\"og:image:type\" content=\"image\/jpeg\" \/>\n<meta name=\"author\" content=\"cfeditorfr\" \/>\n<meta name=\"twitter:card\" content=\"summary_large_image\" \/>\n<meta name=\"twitter:label1\" content=\"\u00c9crit par\" \/>\n\t<meta name=\"twitter:data1\" content=\"cfeditorfr\" \/>\n\t<meta name=\"twitter:label2\" content=\"Dur\u00e9e de lecture estim\u00e9e\" \/>\n\t<meta name=\"twitter:data2\" content=\"1 minute\" \/>\n<script type=\"application\/ld+json\" class=\"yoast-schema-graph\">{\"@context\":\"https:\/\/schema.org\",\"@graph\":[{\"@type\":\"Article\",\"@id\":\"https:\/\/www.africa-press.net\/tchad\/culture-et-art\/tchad-50-eleves-beneficient-dune-formation-dans-les-ntic-a-ati#article\",\"isPartOf\":{\"@id\":\"https:\/\/www.africa-press.net\/tchad\/culture-et-art\/tchad-50-eleves-beneficient-dune-formation-dans-les-ntic-a-ati\"},\"author\":{\"name\":\"cfeditorfr\",\"@id\":\"https:\/\/www.africa-press.net\/tchad\/#\/schema\/person\/2b1cf3cd81a31e3cd26889ca66d677f1\"},\"headline\":\"Tchad : 50 \u00e9l\u00e8ves b\u00e9n\u00e9ficient d&rsquo;une formation dans les NTIC \u00e0 Ati\",\"datePublished\":\"2022-08-19T16:29:03+00:00\",\"dateModified\":\"2022-08-19T16:58:28+00:00\",\"mainEntityOfPage\":{\"@id\":\"https:\/\/www.africa-press.net\/tchad\/culture-et-art\/tchad-50-eleves-beneficient-dune-formation-dans-les-ntic-a-ati\"},\"wordCount\":193,\"commentCount\":0,\"image\":{\"@id\":\"https:\/\/www.africa-press.net\/tchad\/culture-et-art\/tchad-50-eleves-beneficient-dune-formation-dans-les-ntic-a-ati#primaryimage\"},\"thumbnailUrl\":\"https:\/\/static.africa-press.net\/tchad\/sites\/41\/2022\/08\/postQueueImg_9-62ffc11d6060e.jpg\",\"keywords\":[\"Africa Press\",\"Africa Press-Tchad\",\"Tchad\"],\"articleSection\":[\"Culture et Art\",\"homepage-french\",\"Toutes les actualit\u00e9s\"],\"inLanguage\":\"fr-FR\",\"potentialAction\":[{\"@type\":\"CommentAction\",\"name\":\"Comment\",\"target\":[\"https:\/\/www.africa-press.net\/tchad\/culture-et-art\/tchad-50-eleves-beneficient-dune-formation-dans-les-ntic-a-ati#respond\"]}]},{\"@type\":\"WebPage\",\"@id\":\"https:\/\/www.africa-press.net\/tchad\/culture-et-art\/tchad-50-eleves-beneficient-dune-formation-dans-les-ntic-a-ati\",\"url\":\"https:\/\/www.africa-press.net\/tchad\/culture-et-art\/tchad-50-eleves-beneficient-dune-formation-dans-les-ntic-a-ati\",\"name\":\"Tchad : 50 \u00e9l\u00e8ves b\u00e9n\u00e9ficient d'une formation dans les NTIC \u00e0 Ati - tchad\",\"isPartOf\":{\"@id\":\"https:\/\/www.africa-press.net\/tchad\/#website\"},\"primaryImageOfPage\":{\"@id\":\"https:\/\/www.africa-press.net\/tchad\/culture-et-art\/tchad-50-eleves-beneficient-dune-formation-dans-les-ntic-a-ati#primaryimage\"},\"image\":{\"@id\":\"https:\/\/www.africa-press.net\/tchad\/culture-et-art\/tchad-50-eleves-beneficient-dune-formation-dans-les-ntic-a-ati#primaryimage\"},\"thumbnailUrl\":\"https:\/\/static.africa-press.net\/tchad\/sites\/41\/2022\/08\/postQueueImg_9-62ffc11d6060e.jpg\",\"datePublished\":\"2022-08-19T16:29:03+00:00\",\"dateModified\":\"2022-08-19T16:58:28+00:00\",\"author\":{\"@id\":\"https:\/\/www.africa-press.net\/tchad\/#\/schema\/person\/2b1cf3cd81a31e3cd26889ca66d677f1\"},\"description\":\"Au total, 50 \u00e9l\u00e8ves dont 30 jeunes filles et 20 jeunes gar\u00e7ons ont termin\u00e9 la formation dans les domaines des nouvelles ...\",\"breadcrumb\":{\"@id\":\"https:\/\/www.africa-press.net\/tchad\/culture-et-art\/tchad-50-eleves-beneficient-dune-formation-dans-les-ntic-a-ati#breadcrumb\"},\"inLanguage\":\"fr-FR\",\"potentialAction\":[{\"@type\":\"ReadAction\",\"target\":[\"https:\/\/www.africa-press.net\/tchad\/culture-et-art\/tchad-50-eleves-beneficient-dune-formation-dans-les-ntic-a-ati\"]}]},{\"@type\":\"ImageObject\",\"inLanguage\":\"fr-FR\",\"@id\":\"https:\/\/www.africa-press.net\/tchad\/culture-et-art\/tchad-50-eleves-beneficient-dune-formation-dans-les-ntic-a-ati#primaryimage\",\"url\":\"https:\/\/static.africa-press.net\/tchad\/sites\/41\/2022\/08\/postQueueImg_9-62ffc11d6060e.jpg\",\"contentUrl\":\"https:\/\/static.africa-press.net\/tchad\/sites\/41\/2022\/08\/postQueueImg_9-62ffc11d6060e.jpg\",\"width\":1000,\"height\":562,\"caption\":\"Tchad : 50 \u00e9l\u00e8ves b\u00e9n\u00e9ficient d'une formation dans les NTIC \u00e0 Ati\"},{\"@type\":\"BreadcrumbList\",\"@id\":\"https:\/\/www.africa-press.net\/tchad\/culture-et-art\/tchad-50-eleves-beneficient-dune-formation-dans-les-ntic-a-ati#breadcrumb\",\"itemListElement\":[{\"@type\":\"ListItem\",\"position\":1,\"name\":\"Accueil\",\"item\":\"https:\/\/www.africa-press.net\/tchad\/\"},{\"@type\":\"ListItem\",\"position\":2,\"name\":\"Tchad : 50 \u00e9l\u00e8ves b\u00e9n\u00e9ficient d&#8217;une formation dans les NTIC \u00e0 Ati\"}]},{\"@type\":\"WebSite\",\"@id\":\"https:\/\/www.africa-press.net\/tchad\/#website\",\"url\":\"https:\/\/www.africa-press.net\/tchad\/\",\"name\":\"tchad\",\"description\":\"Just another Africa News Agency Sites site\",\"potentialAction\":[{\"@type\":\"SearchAction\",\"target\":{\"@type\":\"EntryPoint\",\"urlTemplate\":\"https:\/\/www.africa-press.net\/tchad\/?s={search_term_string}\"},\"query-input\":{\"@type\":\"PropertyValueSpecification\",\"valueRequired\":true,\"valueName\":\"search_term_string\"}}],\"inLanguage\":\"fr-FR\"},{\"@type\":\"Person\",\"@id\":\"https:\/\/www.africa-press.net\/tchad\/#\/schema\/person\/2b1cf3cd81a31e3cd26889ca66d677f1\",\"name\":\"cfeditorfr\"}]}<\/script>\n<!-- \/ Yoast SEO Premium plugin. -->","yoast_head_json":{"title":"Tchad : 50 \u00e9l\u00e8ves b\u00e9n\u00e9ficient d'une formation dans les NTIC \u00e0 Ati - tchad","description":"Au total, 50 \u00e9l\u00e8ves dont 30 jeunes filles et 20 jeunes gar\u00e7ons ont termin\u00e9 la formation dans les domaines des nouvelles ...","robots":{"index":"index","follow":"follow","max-snippet":"max-snippet:-1","max-image-preview":"max-image-preview:large","max-video-preview":"max-video-preview:-1"},"canonical":"https:\/\/www.africa-press.net\/tchad\/culture-et-art\/tchad-50-eleves-beneficient-dune-formation-dans-les-ntic-a-ati","og_locale":"fr_FR","og_type":"article","og_title":"Tchad : 50 \u00e9l\u00e8ves b\u00e9n\u00e9ficient d'une formation dans les NTIC \u00e0 Ati","og_description":"Au total, 50 \u00e9l\u00e8ves dont 30 jeunes filles et 20 jeunes gar\u00e7ons ont termin\u00e9 la formation dans les domaines des nouvelles ...","og_url":"https:\/\/www.africa-press.net\/tchad\/culture-et-art\/tchad-50-eleves-beneficient-dune-formation-dans-les-ntic-a-ati","og_site_name":"tchad","article_published_time":"2022-08-19T16:29:03+00:00","article_modified_time":"2022-08-19T16:58:28+00:00","og_image":[{"width":1000,"height":562,"url":"https:\/\/static.africa-press.net\/tchad\/sites\/41\/2022\/08\/postQueueImg_9-62ffc11d6060e.jpg","type":"image\/jpeg"}],"author":"cfeditorfr","twitter_card":"summary_large_image","twitter_misc":{"\u00c9crit par":"cfeditorfr","Dur\u00e9e de lecture estim\u00e9e":"1 minute"},"schema":{"@context":"https:\/\/schema.org","@graph":[{"@type":"Article","@id":"https:\/\/www.africa-press.net\/tchad\/culture-et-art\/tchad-50-eleves-beneficient-dune-formation-dans-les-ntic-a-ati#article","isPartOf":{"@id":"https:\/\/www.africa-press.net\/tchad\/culture-et-art\/tchad-50-eleves-beneficient-dune-formation-dans-les-ntic-a-ati"},"author":{"name":"cfeditorfr","@id":"https:\/\/www.africa-press.net\/tchad\/#\/schema\/person\/2b1cf3cd81a31e3cd26889ca66d677f1"},"headline":"Tchad : 50 \u00e9l\u00e8ves b\u00e9n\u00e9ficient d&rsquo;une formation dans les NTIC \u00e0 Ati","datePublished":"2022-08-19T16:29:03+00:00","dateModified":"2022-08-19T16:58:28+00:00","mainEntityOfPage":{"@id":"https:\/\/www.africa-press.net\/tchad\/culture-et-art\/tchad-50-eleves-beneficient-dune-formation-dans-les-ntic-a-ati"},"wordCount":193,"commentCount":0,"image":{"@id":"https:\/\/www.africa-press.net\/tchad\/culture-et-art\/tchad-50-eleves-beneficient-dune-formation-dans-les-ntic-a-ati#primaryimage"},"thumbnailUrl":"https:\/\/static.africa-press.net\/tchad\/sites\/41\/2022\/08\/postQueueImg_9-62ffc11d6060e.jpg","keywords":["Africa Press","Africa Press-Tchad","Tchad"],"articleSection":["Culture et Art","homepage-french","Toutes les actualit\u00e9s"],"inLanguage":"fr-FR","potentialAction":[{"@type":"CommentAction","name":"Comment","target":["https:\/\/www.africa-press.net\/tchad\/culture-et-art\/tchad-50-eleves-beneficient-dune-formation-dans-les-ntic-a-ati#respond"]}]},{"@type":"WebPage","@id":"https:\/\/www.africa-press.net\/tchad\/culture-et-art\/tchad-50-eleves-beneficient-dune-formation-dans-les-ntic-a-ati","url":"https:\/\/www.africa-press.net\/tchad\/culture-et-art\/tchad-50-eleves-beneficient-dune-formation-dans-les-ntic-a-ati","name":"Tchad : 50 \u00e9l\u00e8ves b\u00e9n\u00e9ficient d'une formation dans les NTIC \u00e0 Ati - tchad","isPartOf":{"@id":"https:\/\/www.africa-press.net\/tchad\/#website"},"primaryImageOfPage":{"@id":"https:\/\/www.africa-press.net\/tchad\/culture-et-art\/tchad-50-eleves-beneficient-dune-formation-dans-les-ntic-a-ati#primaryimage"},"image":{"@id":"https:\/\/www.africa-press.net\/tchad\/culture-et-art\/tchad-50-eleves-beneficient-dune-formation-dans-les-ntic-a-ati#primaryimage"},"thumbnailUrl":"https:\/\/static.africa-press.net\/tchad\/sites\/41\/2022\/08\/postQueueImg_9-62ffc11d6060e.jpg","datePublished":"2022-08-19T16:29:03+00:00","dateModified":"2022-08-19T16:58:28+00:00","author":{"@id":"https:\/\/www.africa-press.net\/tchad\/#\/schema\/person\/2b1cf3cd81a31e3cd26889ca66d677f1"},"description":"Au total, 50 \u00e9l\u00e8ves dont 30 jeunes filles et 20 jeunes gar\u00e7ons ont termin\u00e9 la formation dans les domaines des nouvelles ...","breadcrumb":{"@id":"https:\/\/www.africa-press.net\/tchad\/culture-et-art\/tchad-50-eleves-beneficient-dune-formation-dans-les-ntic-a-ati#breadcrumb"},"inLanguage":"fr-FR","potentialAction":[{"@type":"ReadAction","target":["https:\/\/www.africa-press.net\/tchad\/culture-et-art\/tchad-50-eleves-beneficient-dune-formation-dans-les-ntic-a-ati"]}]},{"@type":"ImageObject","inLanguage":"fr-FR","@id":"https:\/\/www.africa-press.net\/tchad\/culture-et-art\/tchad-50-eleves-beneficient-dune-formation-dans-les-ntic-a-ati#primaryimage","url":"https:\/\/static.africa-press.net\/tchad\/sites\/41\/2022\/08\/postQueueImg_9-62ffc11d6060e.jpg","contentUrl":"https:\/\/static.africa-press.net\/tchad\/sites\/41\/2022\/08\/postQueueImg_9-62ffc11d6060e.jpg","width":1000,"height":562,"caption":"Tchad : 50 \u00e9l\u00e8ves b\u00e9n\u00e9ficient d'une formation dans les NTIC \u00e0 Ati"},{"@type":"BreadcrumbList","@id":"https:\/\/www.africa-press.net\/tchad\/culture-et-art\/tchad-50-eleves-beneficient-dune-formation-dans-les-ntic-a-ati#breadcrumb","itemListElement":[{"@type":"ListItem","position":1,"name":"Accueil","item":"https:\/\/www.africa-press.net\/tchad\/"},{"@type":"ListItem","position":2,"name":"Tchad : 50 \u00e9l\u00e8ves b\u00e9n\u00e9ficient d&#8217;une formation dans les NTIC \u00e0 Ati"}]},{"@type":"WebSite","@id":"https:\/\/www.africa-press.net\/tchad\/#website","url":"https:\/\/www.africa-press.net\/tchad\/","name":"tchad","description":"Just another Africa News Agency Sites site","potentialAction":[{"@type":"SearchAction","target":{"@type":"EntryPoint","urlTemplate":"https:\/\/www.africa-press.net\/tchad\/?s={search_term_string}"},"query-input":{"@type":"PropertyValueSpecification","valueRequired":true,"valueName":"search_term_string"}}],"inLanguage":"fr-FR"},{"@type":"Person","@id":"https:\/\/www.africa-press.net\/tchad\/#\/schema\/person\/2b1cf3cd81a31e3cd26889ca66d677f1","name":"cfeditorfr"}]}},"_links":{"self":[{"href":"https:\/\/www.africa-press.net\/tchad\/wp-json\/wp\/v2\/posts\/30877","targetHints":{"allow":["GET"]}}],"collection":[{"href":"https:\/\/www.africa-press.net\/tchad\/wp-json\/wp\/v2\/posts"}],"about":[{"href":"https:\/\/www.africa-press.net\/tchad\/wp-json\/wp\/v2\/types\/post"}],"author":[{"embeddable":true,"href":"https:\/\/www.africa-press.net\/tchad\/wp-json\/wp\/v2\/users\/82"}],"replies":[{"embeddable":true,"href":"https:\/\/www.africa-press.net\/tchad\/wp-json\/wp\/v2\/comments?post=30877"}],"version-history":[{"count":0,"href":"https:\/\/www.africa-press.net\/tchad\/wp-json\/wp\/v2\/posts\/30877\/revisions"}],"wp:featuredmedia":[{"embeddable":true,"href":"https:\/\/www.africa-press.net\/tchad\/wp-json\/wp\/v2\/media\/30876"}],"wp:attachment":[{"href":"https:\/\/www.africa-press.net\/tchad\/wp-json\/wp\/v2\/media?parent=30877"}],"wp:term":[{"taxonomy":"category","embeddable":true,"href":"https:\/\/www.africa-press.net\/tchad\/wp-json\/wp\/v2\/categories?post=30877"},{"taxonomy":"post_tag","embeddable":true,"href":"https:\/\/www.africa-press.net\/tchad\/wp-json\/wp\/v2\/tags?post=30877"}],"curies":[{"name":"wp","href":"https:\/\/api.w.org\/{rel}","templated":true}]}}