{"id":30898,"date":"2022-08-19T16:31:58","date_gmt":"2022-08-19T16:31:58","guid":{"rendered":"https:\/\/www.africa-press.net\/tchad\/politique\/le-parti-les-transformateurs-doit-il-revoir-sa-position-en-assistant-au-dialogue"},"modified":"2022-08-19T17:02:19","modified_gmt":"2022-08-19T17:02:19","slug":"le-parti-les-transformateurs-doit-il-revoir-sa-position-en-assistant-au-dialogue","status":"publish","type":"post","link":"https:\/\/www.africa-press.net\/tchad\/parties\/le-parti-les-transformateurs-doit-il-revoir-sa-position-en-assistant-au-dialogue","title":{"rendered":"le parti Les Transformateurs doit-il revoir sa position en assistant au dialogue ?"},"content":{"rendered":"<p><span style=\"color: #ff6600\"><strong>Africa-Press &#8211; Tchad. <\/strong><\/span>Ils ne nous \u00e9coutent pas, le 20 ao\u00fbt nous irons vers le Palais de fa\u00e7on bienveillante et pacifique, afin de leur demander d&rsquo;int\u00e9grer l&rsquo;\u00e9galit\u00e9 et la justice. Et s&rsquo;ils s\u2019ent\u00eatent comme Pharaon dont le c\u0153ur a \u00e9t\u00e9 endurci, nous serons en droit de cr\u00e9er un nouveau dialogue, un nouveau gouvernement, une nouvelle arm\u00e9e et chacun n&rsquo;aura qu&rsquo;\u00e0 respecter le cadre juridique de l&rsquo;autre \u00bb, selon Dr Succ\u00e8s Masra, pr\u00e9sident dudit parti.<\/p>\n<p>Pourtant, leur participation \u00e0 ce grand rendez-vous donnera un cachet particulier. Car pour l&rsquo;heure, le peuple compte sur un changement sans la violence. Rien ne semble pouvoir emp\u00eacher la tenue ce dialogue, m\u00eame si le feu br\u00fble de partout.<\/p>\n<p>La position du gouvernement de transition semble claire, \u00e0 entendre le ministre de la S\u00e9curit\u00e9 publique, Idriss Dokony Adiker : \u00ab le chef de l&rsquo;\u00c9tat m&rsquo;a instruit de ne pas interdire les marches mais de prendre ma responsabilit\u00e9 pour les s\u00e9curiser \u00bb. Tout porte \u00e0 croire que \u00ab les chiens aboient, la caravane passe \u00bb.<\/p>\n<p>Le dialogue voulu hier par plusieurs Tchadiens risque de tourner au vinaigre. Au Tchad, la raison mafieuse est toujours la meilleure. D\u00e9j\u00e0 que la communaut\u00e9 internationale pense que seul ce dialogue peut constituer une porte de sortie pour un nouveau Tchad. De ce fait, ceux qui pensent descendre dans la rue et ceux qui ne veulent pas participer doivent revoir leur position.<\/p>\n<p>Il est mieux d&rsquo;assister au dialogue et de laver les mains comme Ponce Pilate, au moment de la crucifixion de J\u00e9sus Christ, que de jouer \u00e0 la politique de la chaise vide.<\/p>\n<p><strong>Pour plus d&rsquo;informations et d&rsquo;analyses sur la <a href=\"https:\/\/www.africa-press.net\/tchad\">Tchad<\/a>, suivez <a href=\"https:\/\/www.africa-press.net\/\">Africa-Press<\/a><\/strong><\/p>\n","protected":false},"excerpt":{"rendered":"<p>Africa-Press &#8211; Tchad. Ils ne nous \u00e9coutent pas, le 20 ao\u00fbt nous irons vers le Palais de fa\u00e7on bienveillante et pacifique, afin de leur demander d&rsquo;int\u00e9grer l&rsquo;\u00e9galit\u00e9 et la justice. Et s&rsquo;ils s\u2019ent\u00eatent comme Pharaon dont le c\u0153ur a \u00e9t\u00e9 endurci, nous serons en droit de cr\u00e9er un nouveau dialogue, un nouveau gouvernement, une nouvelle [&hellip;]<\/p>\n","protected":false},"author":82,"featured_media":30897,"comment_status":"open","ping_status":"closed","sticky":false,"template":"","format":"standard","meta":{"footnotes":""},"categories":[11,4,10],"tags":[37,292,29],"class_list":["post-30898","post","type-post","status-publish","format-standard","has-post-thumbnail","hentry","category-homepage-french","category-parties","category-toutes-les-actualites","tag-africa-press","tag-africa-press-tchad","tag-tchad"],"yoast_head":"<!-- This site is optimized with the Yoast SEO Premium plugin v26.1 (Yoast SEO v27.0) - https:\/\/yoast.com\/product\/yoast-seo-premium-wordpress\/ -->\n<title>le parti Les Transformateurs doit-il revoir sa position en assistant au dialogue ? - tchad<\/title>\n<meta name=\"description\" content=\"Ils ne nous \u00e9coutent pas, le 20 ao\u00fbt nous irons vers le Palais de fa\u00e7on bienveillante et pacifique, afin de leur demande ...\" \/>\n<meta name=\"robots\" content=\"index, follow, max-snippet:-1, max-image-preview:large, max-video-preview:-1\" \/>\n<link rel=\"canonical\" href=\"https:\/\/www.africa-press.net\/tchad\/parties\/le-parti-les-transformateurs-doit-il-revoir-sa-position-en-assistant-au-dialogue\" \/>\n<meta property=\"og:locale\" content=\"fr_FR\" \/>\n<meta property=\"og:type\" content=\"article\" \/>\n<meta property=\"og:title\" content=\"le parti Les Transformateurs doit-il revoir sa position en assistant au dialogue ?\" \/>\n<meta property=\"og:description\" content=\"Ils ne nous \u00e9coutent pas, le 20 ao\u00fbt nous irons vers le Palais de fa\u00e7on bienveillante et pacifique, afin de leur demande ...\" \/>\n<meta property=\"og:url\" content=\"https:\/\/www.africa-press.net\/tchad\/parties\/le-parti-les-transformateurs-doit-il-revoir-sa-position-en-assistant-au-dialogue\" \/>\n<meta property=\"og:site_name\" content=\"tchad\" \/>\n<meta property=\"article:published_time\" content=\"2022-08-19T16:31:58+00:00\" \/>\n<meta property=\"article:modified_time\" content=\"2022-08-19T17:02:19+00:00\" \/>\n<meta property=\"og:image\" content=\"https:\/\/static.africa-press.net\/tchad\/sites\/41\/2022\/08\/postQueueImg_16-62ffc20199d60.jpg\" \/>\n\t<meta property=\"og:image:width\" content=\"1280\" \/>\n\t<meta property=\"og:image:height\" content=\"576\" \/>\n\t<meta property=\"og:image:type\" content=\"image\/jpeg\" \/>\n<meta name=\"author\" content=\"cfeditorfr\" \/>\n<meta name=\"twitter:card\" content=\"summary_large_image\" \/>\n<meta name=\"twitter:label1\" content=\"\u00c9crit par\" \/>\n\t<meta name=\"twitter:data1\" content=\"cfeditorfr\" \/>\n\t<meta name=\"twitter:label2\" content=\"Dur\u00e9e de lecture estim\u00e9e\" \/>\n\t<meta name=\"twitter:data2\" content=\"2 minutes\" \/>\n<script type=\"application\/ld+json\" class=\"yoast-schema-graph\">{\"@context\":\"https:\/\/schema.org\",\"@graph\":[{\"@type\":\"Article\",\"@id\":\"https:\/\/www.africa-press.net\/tchad\/parties\/le-parti-les-transformateurs-doit-il-revoir-sa-position-en-assistant-au-dialogue#article\",\"isPartOf\":{\"@id\":\"https:\/\/www.africa-press.net\/tchad\/parties\/le-parti-les-transformateurs-doit-il-revoir-sa-position-en-assistant-au-dialogue\"},\"author\":{\"name\":\"cfeditorfr\",\"@id\":\"https:\/\/www.africa-press.net\/tchad\/#\/schema\/person\/2b1cf3cd81a31e3cd26889ca66d677f1\"},\"headline\":\"le parti Les Transformateurs doit-il revoir sa position en assistant au dialogue ?\",\"datePublished\":\"2022-08-19T16:31:58+00:00\",\"dateModified\":\"2022-08-19T17:02:19+00:00\",\"mainEntityOfPage\":{\"@id\":\"https:\/\/www.africa-press.net\/tchad\/parties\/le-parti-les-transformateurs-doit-il-revoir-sa-position-en-assistant-au-dialogue\"},\"wordCount\":301,\"commentCount\":0,\"image\":{\"@id\":\"https:\/\/www.africa-press.net\/tchad\/parties\/le-parti-les-transformateurs-doit-il-revoir-sa-position-en-assistant-au-dialogue#primaryimage\"},\"thumbnailUrl\":\"https:\/\/static.africa-press.net\/tchad\/sites\/41\/2022\/08\/postQueueImg_16-62ffc20199d60.jpg\",\"keywords\":[\"Africa Press\",\"Africa Press-Tchad\",\"Tchad\"],\"articleSection\":[\"homepage-french\",\"Parties\",\"Toutes les actualit\u00e9s\"],\"inLanguage\":\"fr-FR\",\"potentialAction\":[{\"@type\":\"CommentAction\",\"name\":\"Comment\",\"target\":[\"https:\/\/www.africa-press.net\/tchad\/parties\/le-parti-les-transformateurs-doit-il-revoir-sa-position-en-assistant-au-dialogue#respond\"]}]},{\"@type\":\"WebPage\",\"@id\":\"https:\/\/www.africa-press.net\/tchad\/parties\/le-parti-les-transformateurs-doit-il-revoir-sa-position-en-assistant-au-dialogue\",\"url\":\"https:\/\/www.africa-press.net\/tchad\/parties\/le-parti-les-transformateurs-doit-il-revoir-sa-position-en-assistant-au-dialogue\",\"name\":\"le parti Les Transformateurs doit-il revoir sa position en assistant au dialogue ? - tchad\",\"isPartOf\":{\"@id\":\"https:\/\/www.africa-press.net\/tchad\/#website\"},\"primaryImageOfPage\":{\"@id\":\"https:\/\/www.africa-press.net\/tchad\/parties\/le-parti-les-transformateurs-doit-il-revoir-sa-position-en-assistant-au-dialogue#primaryimage\"},\"image\":{\"@id\":\"https:\/\/www.africa-press.net\/tchad\/parties\/le-parti-les-transformateurs-doit-il-revoir-sa-position-en-assistant-au-dialogue#primaryimage\"},\"thumbnailUrl\":\"https:\/\/static.africa-press.net\/tchad\/sites\/41\/2022\/08\/postQueueImg_16-62ffc20199d60.jpg\",\"datePublished\":\"2022-08-19T16:31:58+00:00\",\"dateModified\":\"2022-08-19T17:02:19+00:00\",\"author\":{\"@id\":\"https:\/\/www.africa-press.net\/tchad\/#\/schema\/person\/2b1cf3cd81a31e3cd26889ca66d677f1\"},\"description\":\"Ils ne nous \u00e9coutent pas, le 20 ao\u00fbt nous irons vers le Palais de fa\u00e7on bienveillante et pacifique, afin de leur demande ...\",\"breadcrumb\":{\"@id\":\"https:\/\/www.africa-press.net\/tchad\/parties\/le-parti-les-transformateurs-doit-il-revoir-sa-position-en-assistant-au-dialogue#breadcrumb\"},\"inLanguage\":\"fr-FR\",\"potentialAction\":[{\"@type\":\"ReadAction\",\"target\":[\"https:\/\/www.africa-press.net\/tchad\/parties\/le-parti-les-transformateurs-doit-il-revoir-sa-position-en-assistant-au-dialogue\"]}]},{\"@type\":\"ImageObject\",\"inLanguage\":\"fr-FR\",\"@id\":\"https:\/\/www.africa-press.net\/tchad\/parties\/le-parti-les-transformateurs-doit-il-revoir-sa-position-en-assistant-au-dialogue#primaryimage\",\"url\":\"https:\/\/static.africa-press.net\/tchad\/sites\/41\/2022\/08\/postQueueImg_16-62ffc20199d60.jpg\",\"contentUrl\":\"https:\/\/static.africa-press.net\/tchad\/sites\/41\/2022\/08\/postQueueImg_16-62ffc20199d60.jpg\",\"width\":1280,\"height\":576,\"caption\":\"le parti Les Transformateurs doit-il revoir sa position en assistant au dialogue ?\"},{\"@type\":\"BreadcrumbList\",\"@id\":\"https:\/\/www.africa-press.net\/tchad\/parties\/le-parti-les-transformateurs-doit-il-revoir-sa-position-en-assistant-au-dialogue#breadcrumb\",\"itemListElement\":[{\"@type\":\"ListItem\",\"position\":1,\"name\":\"Accueil\",\"item\":\"https:\/\/www.africa-press.net\/tchad\/\"},{\"@type\":\"ListItem\",\"position\":2,\"name\":\"le parti Les Transformateurs doit-il revoir sa position en assistant au dialogue ?\"}]},{\"@type\":\"WebSite\",\"@id\":\"https:\/\/www.africa-press.net\/tchad\/#website\",\"url\":\"https:\/\/www.africa-press.net\/tchad\/\",\"name\":\"tchad\",\"description\":\"Just another Africa News Agency Sites site\",\"potentialAction\":[{\"@type\":\"SearchAction\",\"target\":{\"@type\":\"EntryPoint\",\"urlTemplate\":\"https:\/\/www.africa-press.net\/tchad\/?s={search_term_string}\"},\"query-input\":{\"@type\":\"PropertyValueSpecification\",\"valueRequired\":true,\"valueName\":\"search_term_string\"}}],\"inLanguage\":\"fr-FR\"},{\"@type\":\"Person\",\"@id\":\"https:\/\/www.africa-press.net\/tchad\/#\/schema\/person\/2b1cf3cd81a31e3cd26889ca66d677f1\",\"name\":\"cfeditorfr\"}]}<\/script>\n<!-- \/ Yoast SEO Premium plugin. -->","yoast_head_json":{"title":"le parti Les Transformateurs doit-il revoir sa position en assistant au dialogue ? - tchad","description":"Ils ne nous \u00e9coutent pas, le 20 ao\u00fbt nous irons vers le Palais de fa\u00e7on bienveillante et pacifique, afin de leur demande ...","robots":{"index":"index","follow":"follow","max-snippet":"max-snippet:-1","max-image-preview":"max-image-preview:large","max-video-preview":"max-video-preview:-1"},"canonical":"https:\/\/www.africa-press.net\/tchad\/parties\/le-parti-les-transformateurs-doit-il-revoir-sa-position-en-assistant-au-dialogue","og_locale":"fr_FR","og_type":"article","og_title":"le parti Les Transformateurs doit-il revoir sa position en assistant au dialogue ?","og_description":"Ils ne nous \u00e9coutent pas, le 20 ao\u00fbt nous irons vers le Palais de fa\u00e7on bienveillante et pacifique, afin de leur demande ...","og_url":"https:\/\/www.africa-press.net\/tchad\/parties\/le-parti-les-transformateurs-doit-il-revoir-sa-position-en-assistant-au-dialogue","og_site_name":"tchad","article_published_time":"2022-08-19T16:31:58+00:00","article_modified_time":"2022-08-19T17:02:19+00:00","og_image":[{"width":1280,"height":576,"url":"https:\/\/static.africa-press.net\/tchad\/sites\/41\/2022\/08\/postQueueImg_16-62ffc20199d60.jpg","type":"image\/jpeg"}],"author":"cfeditorfr","twitter_card":"summary_large_image","twitter_misc":{"\u00c9crit par":"cfeditorfr","Dur\u00e9e de lecture estim\u00e9e":"2 minutes"},"schema":{"@context":"https:\/\/schema.org","@graph":[{"@type":"Article","@id":"https:\/\/www.africa-press.net\/tchad\/parties\/le-parti-les-transformateurs-doit-il-revoir-sa-position-en-assistant-au-dialogue#article","isPartOf":{"@id":"https:\/\/www.africa-press.net\/tchad\/parties\/le-parti-les-transformateurs-doit-il-revoir-sa-position-en-assistant-au-dialogue"},"author":{"name":"cfeditorfr","@id":"https:\/\/www.africa-press.net\/tchad\/#\/schema\/person\/2b1cf3cd81a31e3cd26889ca66d677f1"},"headline":"le parti Les Transformateurs doit-il revoir sa position en assistant au dialogue ?","datePublished":"2022-08-19T16:31:58+00:00","dateModified":"2022-08-19T17:02:19+00:00","mainEntityOfPage":{"@id":"https:\/\/www.africa-press.net\/tchad\/parties\/le-parti-les-transformateurs-doit-il-revoir-sa-position-en-assistant-au-dialogue"},"wordCount":301,"commentCount":0,"image":{"@id":"https:\/\/www.africa-press.net\/tchad\/parties\/le-parti-les-transformateurs-doit-il-revoir-sa-position-en-assistant-au-dialogue#primaryimage"},"thumbnailUrl":"https:\/\/static.africa-press.net\/tchad\/sites\/41\/2022\/08\/postQueueImg_16-62ffc20199d60.jpg","keywords":["Africa Press","Africa Press-Tchad","Tchad"],"articleSection":["homepage-french","Parties","Toutes les actualit\u00e9s"],"inLanguage":"fr-FR","potentialAction":[{"@type":"CommentAction","name":"Comment","target":["https:\/\/www.africa-press.net\/tchad\/parties\/le-parti-les-transformateurs-doit-il-revoir-sa-position-en-assistant-au-dialogue#respond"]}]},{"@type":"WebPage","@id":"https:\/\/www.africa-press.net\/tchad\/parties\/le-parti-les-transformateurs-doit-il-revoir-sa-position-en-assistant-au-dialogue","url":"https:\/\/www.africa-press.net\/tchad\/parties\/le-parti-les-transformateurs-doit-il-revoir-sa-position-en-assistant-au-dialogue","name":"le parti Les Transformateurs doit-il revoir sa position en assistant au dialogue ? - tchad","isPartOf":{"@id":"https:\/\/www.africa-press.net\/tchad\/#website"},"primaryImageOfPage":{"@id":"https:\/\/www.africa-press.net\/tchad\/parties\/le-parti-les-transformateurs-doit-il-revoir-sa-position-en-assistant-au-dialogue#primaryimage"},"image":{"@id":"https:\/\/www.africa-press.net\/tchad\/parties\/le-parti-les-transformateurs-doit-il-revoir-sa-position-en-assistant-au-dialogue#primaryimage"},"thumbnailUrl":"https:\/\/static.africa-press.net\/tchad\/sites\/41\/2022\/08\/postQueueImg_16-62ffc20199d60.jpg","datePublished":"2022-08-19T16:31:58+00:00","dateModified":"2022-08-19T17:02:19+00:00","author":{"@id":"https:\/\/www.africa-press.net\/tchad\/#\/schema\/person\/2b1cf3cd81a31e3cd26889ca66d677f1"},"description":"Ils ne nous \u00e9coutent pas, le 20 ao\u00fbt nous irons vers le Palais de fa\u00e7on bienveillante et pacifique, afin de leur demande ...","breadcrumb":{"@id":"https:\/\/www.africa-press.net\/tchad\/parties\/le-parti-les-transformateurs-doit-il-revoir-sa-position-en-assistant-au-dialogue#breadcrumb"},"inLanguage":"fr-FR","potentialAction":[{"@type":"ReadAction","target":["https:\/\/www.africa-press.net\/tchad\/parties\/le-parti-les-transformateurs-doit-il-revoir-sa-position-en-assistant-au-dialogue"]}]},{"@type":"ImageObject","inLanguage":"fr-FR","@id":"https:\/\/www.africa-press.net\/tchad\/parties\/le-parti-les-transformateurs-doit-il-revoir-sa-position-en-assistant-au-dialogue#primaryimage","url":"https:\/\/static.africa-press.net\/tchad\/sites\/41\/2022\/08\/postQueueImg_16-62ffc20199d60.jpg","contentUrl":"https:\/\/static.africa-press.net\/tchad\/sites\/41\/2022\/08\/postQueueImg_16-62ffc20199d60.jpg","width":1280,"height":576,"caption":"le parti Les Transformateurs doit-il revoir sa position en assistant au dialogue ?"},{"@type":"BreadcrumbList","@id":"https:\/\/www.africa-press.net\/tchad\/parties\/le-parti-les-transformateurs-doit-il-revoir-sa-position-en-assistant-au-dialogue#breadcrumb","itemListElement":[{"@type":"ListItem","position":1,"name":"Accueil","item":"https:\/\/www.africa-press.net\/tchad\/"},{"@type":"ListItem","position":2,"name":"le parti Les Transformateurs doit-il revoir sa position en assistant au dialogue ?"}]},{"@type":"WebSite","@id":"https:\/\/www.africa-press.net\/tchad\/#website","url":"https:\/\/www.africa-press.net\/tchad\/","name":"tchad","description":"Just another Africa News Agency Sites site","potentialAction":[{"@type":"SearchAction","target":{"@type":"EntryPoint","urlTemplate":"https:\/\/www.africa-press.net\/tchad\/?s={search_term_string}"},"query-input":{"@type":"PropertyValueSpecification","valueRequired":true,"valueName":"search_term_string"}}],"inLanguage":"fr-FR"},{"@type":"Person","@id":"https:\/\/www.africa-press.net\/tchad\/#\/schema\/person\/2b1cf3cd81a31e3cd26889ca66d677f1","name":"cfeditorfr"}]}},"_links":{"self":[{"href":"https:\/\/www.africa-press.net\/tchad\/wp-json\/wp\/v2\/posts\/30898","targetHints":{"allow":["GET"]}}],"collection":[{"href":"https:\/\/www.africa-press.net\/tchad\/wp-json\/wp\/v2\/posts"}],"about":[{"href":"https:\/\/www.africa-press.net\/tchad\/wp-json\/wp\/v2\/types\/post"}],"author":[{"embeddable":true,"href":"https:\/\/www.africa-press.net\/tchad\/wp-json\/wp\/v2\/users\/82"}],"replies":[{"embeddable":true,"href":"https:\/\/www.africa-press.net\/tchad\/wp-json\/wp\/v2\/comments?post=30898"}],"version-history":[{"count":0,"href":"https:\/\/www.africa-press.net\/tchad\/wp-json\/wp\/v2\/posts\/30898\/revisions"}],"wp:featuredmedia":[{"embeddable":true,"href":"https:\/\/www.africa-press.net\/tchad\/wp-json\/wp\/v2\/media\/30897"}],"wp:attachment":[{"href":"https:\/\/www.africa-press.net\/tchad\/wp-json\/wp\/v2\/media?parent=30898"}],"wp:term":[{"taxonomy":"category","embeddable":true,"href":"https:\/\/www.africa-press.net\/tchad\/wp-json\/wp\/v2\/categories?post=30898"},{"taxonomy":"post_tag","embeddable":true,"href":"https:\/\/www.africa-press.net\/tchad\/wp-json\/wp\/v2\/tags?post=30898"}],"curies":[{"name":"wp","href":"https:\/\/api.w.org\/{rel}","templated":true}]}}