{"id":30933,"date":"2022-08-20T17:05:41","date_gmt":"2022-08-20T17:05:41","guid":{"rendered":"https:\/\/www.africa-press.net\/tchad\/politique\/mon-combat-cest-pour-la-federation-pas-pour-la-scission-takilal-ndolassem"},"modified":"2022-08-20T17:23:25","modified_gmt":"2022-08-20T17:23:25","slug":"mon-combat-cest-pour-la-federation-pas-pour-la-scission-takilal-ndolassem","status":"publish","type":"post","link":"https:\/\/www.africa-press.net\/tchad\/politique\/mon-combat-cest-pour-la-federation-pas-pour-la-scission-takilal-ndolassem","title":{"rendered":"\u00ab\u00a0mon combat c&rsquo;est pour la f\u00e9d\u00e9ration, pas pour la scission\u00a0\u00bb, Takilal Ndolassem"},"content":{"rendered":"<p><span style=\"color: #ff6600\"><strong>Africa-Press &#8211; Tchad. <\/strong><\/span><b>\u00ab\u00a0Mon combat c&rsquo;est le combat pour la f\u00e9d\u00e9ration. Pas pour la scission mais la f\u00e9d\u00e9ration\u00a0\u00bb,<\/b> a-t-il rappel\u00e9 ce 20 ao\u00fbt au pavillon d&rsquo;honneur de l&rsquo;a\u00e9roport.<\/p>\n<p><b>\u00ab\u00a0Il faudrait que chacun de nous puisse s&rsquo;occuper de sa province, de ses richesses, bien qu&rsquo;on puisse mettre ensemble les richesses nationales pour aider ceux qui n&rsquo;en n&rsquo;ont pas\u00a0\u00bb<\/b>, a expliqu\u00e9 Takilal Ndolassem.<\/p>\n<p>Le leader politico-militaire rappelle que cette forme d&rsquo;\u00c9tat avait \u00e9t\u00e9 \u00e9voqu\u00e9e publiquement par le d\u00e9funt pr\u00e9sident Idriss Deby.<\/p>\n<p><b>\u00ab\u00a0Nous sommes pour la f\u00e9d\u00e9ration parce que l&rsquo;injustice est criarde. Regardez au Mayo Kebbi, il y a eu des morts il n&rsquo;y a pas longtemps, \u00e0 Sandana, \u00e0 Ab\u00e9ch\u00e9, etc. Tous les jours, il y a des morts. Il faut que cette injustice cesse. Le mal du Tchad c&rsquo;est l&rsquo;injustice\u00a0\u00bb<\/b>, a soulign\u00e9 Takilal Ndolassem qui refuse \u00ab\u00a0la politique de la chaise vide\u00a0\u00bb.<\/p>\n<p><b>\u200bLe MPS s&rsquo;oppose \u00e0 la f\u00e9d\u00e9ration<\/b><\/p>\n<p>Le parti MPS ses alli\u00e9s (Alliance 43) s&rsquo;y opposent. Ils affichent une position commune. Dr. Haroun Kabadi, secr\u00e9taire g\u00e9n\u00e9ral du MPS, dit ne pas comprendre cette tendance \u00e0 \u00ab\u00a0vouloir diviser le pays\u00a0\u00bb. En revanche, de nombreux citoyens et partis politiques adh\u00e8rent \u00e0 cette nouvelle forme d&rsquo;\u00c9tat apr\u00e8s plusieurs d\u00e9cennies d&rsquo;\u00e9checs dans la gouvernance au Tchad.<\/p>\n<p><strong>Pour plus d&rsquo;informations et d&rsquo;analyses sur la <a href=\"https:\/\/www.africa-press.net\/tchad\">Tchad<\/a>, suivez <a href=\"https:\/\/www.africa-press.net\/\">Africa-Press<\/a><\/strong><\/p>\n","protected":false},"excerpt":{"rendered":"<p>Africa-Press &#8211; Tchad. \u00ab\u00a0Mon combat c&rsquo;est le combat pour la f\u00e9d\u00e9ration. Pas pour la scission mais la f\u00e9d\u00e9ration\u00a0\u00bb, a-t-il rappel\u00e9 ce 20 ao\u00fbt au pavillon d&rsquo;honneur de l&rsquo;a\u00e9roport. \u00ab\u00a0Il faudrait que chacun de nous puisse s&rsquo;occuper de sa province, de ses richesses, bien qu&rsquo;on puisse mettre ensemble les richesses nationales pour aider ceux qui n&rsquo;en [&hellip;]<\/p>\n","protected":false},"author":82,"featured_media":30932,"comment_status":"open","ping_status":"closed","sticky":false,"template":"","format":"standard","meta":{"footnotes":""},"categories":[11,2,10],"tags":[37,292,29],"class_list":["post-30933","post","type-post","status-publish","format-standard","has-post-thumbnail","hentry","category-homepage-french","category-politique","category-toutes-les-actualites","tag-africa-press","tag-africa-press-tchad","tag-tchad"],"yoast_head":"<!-- This site is optimized with the Yoast SEO Premium plugin v26.1 (Yoast SEO v27.0) - https:\/\/yoast.com\/product\/yoast-seo-premium-wordpress\/ -->\n<title>&quot;mon combat c&#039;est pour la f\u00e9d\u00e9ration, pas pour la scission&quot;, Takilal Ndolassem - tchad<\/title>\n<meta name=\"description\" content=\"&quot;Mon combat c&#039;est le combat pour la f\u00e9d\u00e9ration. Pas pour la scission mais la f\u00e9d\u00e9ration&quot;, a-t-il rappel\u00e9 ce 20 ao ...\" \/>\n<meta name=\"robots\" content=\"index, follow, max-snippet:-1, max-image-preview:large, max-video-preview:-1\" \/>\n<link rel=\"canonical\" href=\"https:\/\/www.africa-press.net\/tchad\/politique\/mon-combat-cest-pour-la-federation-pas-pour-la-scission-takilal-ndolassem\" \/>\n<meta property=\"og:locale\" content=\"fr_FR\" \/>\n<meta property=\"og:type\" content=\"article\" \/>\n<meta property=\"og:title\" content=\"&quot;mon combat c&#039;est pour la f\u00e9d\u00e9ration, pas pour la scission&quot;, Takilal Ndolassem\" \/>\n<meta property=\"og:description\" content=\"&quot;Mon combat c&#039;est le combat pour la f\u00e9d\u00e9ration. Pas pour la scission mais la f\u00e9d\u00e9ration&quot;, a-t-il rappel\u00e9 ce 20 ao ...\" \/>\n<meta property=\"og:url\" content=\"https:\/\/www.africa-press.net\/tchad\/politique\/mon-combat-cest-pour-la-federation-pas-pour-la-scission-takilal-ndolassem\" \/>\n<meta property=\"og:site_name\" content=\"tchad\" \/>\n<meta property=\"article:published_time\" content=\"2022-08-20T17:05:41+00:00\" \/>\n<meta property=\"article:modified_time\" content=\"2022-08-20T17:23:25+00:00\" \/>\n<meta property=\"og:image\" content=\"https:\/\/static.africa-press.net\/tchad\/sites\/41\/2022\/08\/postQueueImg_6-6301187bdea33.jpg\" \/>\n\t<meta property=\"og:image:width\" content=\"1008\" \/>\n\t<meta property=\"og:image:height\" content=\"490\" \/>\n\t<meta property=\"og:image:type\" content=\"image\/jpeg\" \/>\n<meta name=\"author\" content=\"cfeditorfr\" \/>\n<meta name=\"twitter:card\" content=\"summary_large_image\" \/>\n<meta name=\"twitter:label1\" content=\"\u00c9crit par\" \/>\n\t<meta name=\"twitter:data1\" content=\"cfeditorfr\" \/>\n\t<meta name=\"twitter:label2\" content=\"Dur\u00e9e de lecture estim\u00e9e\" \/>\n\t<meta name=\"twitter:data2\" content=\"2 minutes\" \/>\n<script type=\"application\/ld+json\" class=\"yoast-schema-graph\">{\"@context\":\"https:\/\/schema.org\",\"@graph\":[{\"@type\":\"Article\",\"@id\":\"https:\/\/www.africa-press.net\/tchad\/politique\/mon-combat-cest-pour-la-federation-pas-pour-la-scission-takilal-ndolassem#article\",\"isPartOf\":{\"@id\":\"https:\/\/www.africa-press.net\/tchad\/politique\/mon-combat-cest-pour-la-federation-pas-pour-la-scission-takilal-ndolassem\"},\"author\":{\"name\":\"cfeditorfr\",\"@id\":\"https:\/\/www.africa-press.net\/tchad\/#\/schema\/person\/2b1cf3cd81a31e3cd26889ca66d677f1\"},\"headline\":\"\u00ab\u00a0mon combat c&rsquo;est pour la f\u00e9d\u00e9ration, pas pour la scission\u00a0\u00bb, Takilal Ndolassem\",\"datePublished\":\"2022-08-20T17:05:41+00:00\",\"dateModified\":\"2022-08-20T17:23:25+00:00\",\"mainEntityOfPage\":{\"@id\":\"https:\/\/www.africa-press.net\/tchad\/politique\/mon-combat-cest-pour-la-federation-pas-pour-la-scission-takilal-ndolassem\"},\"wordCount\":259,\"commentCount\":0,\"image\":{\"@id\":\"https:\/\/www.africa-press.net\/tchad\/politique\/mon-combat-cest-pour-la-federation-pas-pour-la-scission-takilal-ndolassem#primaryimage\"},\"thumbnailUrl\":\"https:\/\/static.africa-press.net\/tchad\/sites\/41\/2022\/08\/postQueueImg_6-6301187bdea33.jpg\",\"keywords\":[\"Africa Press\",\"Africa Press-Tchad\",\"Tchad\"],\"articleSection\":[\"homepage-french\",\"Politique\",\"Toutes les actualit\u00e9s\"],\"inLanguage\":\"fr-FR\",\"potentialAction\":[{\"@type\":\"CommentAction\",\"name\":\"Comment\",\"target\":[\"https:\/\/www.africa-press.net\/tchad\/politique\/mon-combat-cest-pour-la-federation-pas-pour-la-scission-takilal-ndolassem#respond\"]}]},{\"@type\":\"WebPage\",\"@id\":\"https:\/\/www.africa-press.net\/tchad\/politique\/mon-combat-cest-pour-la-federation-pas-pour-la-scission-takilal-ndolassem\",\"url\":\"https:\/\/www.africa-press.net\/tchad\/politique\/mon-combat-cest-pour-la-federation-pas-pour-la-scission-takilal-ndolassem\",\"name\":\"\\\"mon combat c'est pour la f\u00e9d\u00e9ration, pas pour la scission\\\", Takilal Ndolassem - tchad\",\"isPartOf\":{\"@id\":\"https:\/\/www.africa-press.net\/tchad\/#website\"},\"primaryImageOfPage\":{\"@id\":\"https:\/\/www.africa-press.net\/tchad\/politique\/mon-combat-cest-pour-la-federation-pas-pour-la-scission-takilal-ndolassem#primaryimage\"},\"image\":{\"@id\":\"https:\/\/www.africa-press.net\/tchad\/politique\/mon-combat-cest-pour-la-federation-pas-pour-la-scission-takilal-ndolassem#primaryimage\"},\"thumbnailUrl\":\"https:\/\/static.africa-press.net\/tchad\/sites\/41\/2022\/08\/postQueueImg_6-6301187bdea33.jpg\",\"datePublished\":\"2022-08-20T17:05:41+00:00\",\"dateModified\":\"2022-08-20T17:23:25+00:00\",\"author\":{\"@id\":\"https:\/\/www.africa-press.net\/tchad\/#\/schema\/person\/2b1cf3cd81a31e3cd26889ca66d677f1\"},\"description\":\"\\\"Mon combat c'est le combat pour la f\u00e9d\u00e9ration. Pas pour la scission mais la f\u00e9d\u00e9ration\\\", a-t-il rappel\u00e9 ce 20 ao ...\",\"breadcrumb\":{\"@id\":\"https:\/\/www.africa-press.net\/tchad\/politique\/mon-combat-cest-pour-la-federation-pas-pour-la-scission-takilal-ndolassem#breadcrumb\"},\"inLanguage\":\"fr-FR\",\"potentialAction\":[{\"@type\":\"ReadAction\",\"target\":[\"https:\/\/www.africa-press.net\/tchad\/politique\/mon-combat-cest-pour-la-federation-pas-pour-la-scission-takilal-ndolassem\"]}]},{\"@type\":\"ImageObject\",\"inLanguage\":\"fr-FR\",\"@id\":\"https:\/\/www.africa-press.net\/tchad\/politique\/mon-combat-cest-pour-la-federation-pas-pour-la-scission-takilal-ndolassem#primaryimage\",\"url\":\"https:\/\/static.africa-press.net\/tchad\/sites\/41\/2022\/08\/postQueueImg_6-6301187bdea33.jpg\",\"contentUrl\":\"https:\/\/static.africa-press.net\/tchad\/sites\/41\/2022\/08\/postQueueImg_6-6301187bdea33.jpg\",\"width\":1008,\"height\":490,\"caption\":\"\\\"mon combat c'est pour la f\u00e9d\u00e9ration, pas pour la scission\\\", Takilal Ndolassem\"},{\"@type\":\"BreadcrumbList\",\"@id\":\"https:\/\/www.africa-press.net\/tchad\/politique\/mon-combat-cest-pour-la-federation-pas-pour-la-scission-takilal-ndolassem#breadcrumb\",\"itemListElement\":[{\"@type\":\"ListItem\",\"position\":1,\"name\":\"Accueil\",\"item\":\"https:\/\/www.africa-press.net\/tchad\/\"},{\"@type\":\"ListItem\",\"position\":2,\"name\":\"&#8220;mon combat c&#8217;est pour la f\u00e9d\u00e9ration, pas pour la scission&#8221;, Takilal Ndolassem\"}]},{\"@type\":\"WebSite\",\"@id\":\"https:\/\/www.africa-press.net\/tchad\/#website\",\"url\":\"https:\/\/www.africa-press.net\/tchad\/\",\"name\":\"tchad\",\"description\":\"Just another Africa News Agency Sites site\",\"potentialAction\":[{\"@type\":\"SearchAction\",\"target\":{\"@type\":\"EntryPoint\",\"urlTemplate\":\"https:\/\/www.africa-press.net\/tchad\/?s={search_term_string}\"},\"query-input\":{\"@type\":\"PropertyValueSpecification\",\"valueRequired\":true,\"valueName\":\"search_term_string\"}}],\"inLanguage\":\"fr-FR\"},{\"@type\":\"Person\",\"@id\":\"https:\/\/www.africa-press.net\/tchad\/#\/schema\/person\/2b1cf3cd81a31e3cd26889ca66d677f1\",\"name\":\"cfeditorfr\"}]}<\/script>\n<!-- \/ Yoast SEO Premium plugin. -->","yoast_head_json":{"title":"\"mon combat c'est pour la f\u00e9d\u00e9ration, pas pour la scission\", Takilal Ndolassem - tchad","description":"\"Mon combat c'est le combat pour la f\u00e9d\u00e9ration. Pas pour la scission mais la f\u00e9d\u00e9ration\", a-t-il rappel\u00e9 ce 20 ao ...","robots":{"index":"index","follow":"follow","max-snippet":"max-snippet:-1","max-image-preview":"max-image-preview:large","max-video-preview":"max-video-preview:-1"},"canonical":"https:\/\/www.africa-press.net\/tchad\/politique\/mon-combat-cest-pour-la-federation-pas-pour-la-scission-takilal-ndolassem","og_locale":"fr_FR","og_type":"article","og_title":"\"mon combat c'est pour la f\u00e9d\u00e9ration, pas pour la scission\", Takilal Ndolassem","og_description":"\"Mon combat c'est le combat pour la f\u00e9d\u00e9ration. Pas pour la scission mais la f\u00e9d\u00e9ration\", a-t-il rappel\u00e9 ce 20 ao ...","og_url":"https:\/\/www.africa-press.net\/tchad\/politique\/mon-combat-cest-pour-la-federation-pas-pour-la-scission-takilal-ndolassem","og_site_name":"tchad","article_published_time":"2022-08-20T17:05:41+00:00","article_modified_time":"2022-08-20T17:23:25+00:00","og_image":[{"width":1008,"height":490,"url":"https:\/\/static.africa-press.net\/tchad\/sites\/41\/2022\/08\/postQueueImg_6-6301187bdea33.jpg","type":"image\/jpeg"}],"author":"cfeditorfr","twitter_card":"summary_large_image","twitter_misc":{"\u00c9crit par":"cfeditorfr","Dur\u00e9e de lecture estim\u00e9e":"2 minutes"},"schema":{"@context":"https:\/\/schema.org","@graph":[{"@type":"Article","@id":"https:\/\/www.africa-press.net\/tchad\/politique\/mon-combat-cest-pour-la-federation-pas-pour-la-scission-takilal-ndolassem#article","isPartOf":{"@id":"https:\/\/www.africa-press.net\/tchad\/politique\/mon-combat-cest-pour-la-federation-pas-pour-la-scission-takilal-ndolassem"},"author":{"name":"cfeditorfr","@id":"https:\/\/www.africa-press.net\/tchad\/#\/schema\/person\/2b1cf3cd81a31e3cd26889ca66d677f1"},"headline":"\u00ab\u00a0mon combat c&rsquo;est pour la f\u00e9d\u00e9ration, pas pour la scission\u00a0\u00bb, Takilal Ndolassem","datePublished":"2022-08-20T17:05:41+00:00","dateModified":"2022-08-20T17:23:25+00:00","mainEntityOfPage":{"@id":"https:\/\/www.africa-press.net\/tchad\/politique\/mon-combat-cest-pour-la-federation-pas-pour-la-scission-takilal-ndolassem"},"wordCount":259,"commentCount":0,"image":{"@id":"https:\/\/www.africa-press.net\/tchad\/politique\/mon-combat-cest-pour-la-federation-pas-pour-la-scission-takilal-ndolassem#primaryimage"},"thumbnailUrl":"https:\/\/static.africa-press.net\/tchad\/sites\/41\/2022\/08\/postQueueImg_6-6301187bdea33.jpg","keywords":["Africa Press","Africa Press-Tchad","Tchad"],"articleSection":["homepage-french","Politique","Toutes les actualit\u00e9s"],"inLanguage":"fr-FR","potentialAction":[{"@type":"CommentAction","name":"Comment","target":["https:\/\/www.africa-press.net\/tchad\/politique\/mon-combat-cest-pour-la-federation-pas-pour-la-scission-takilal-ndolassem#respond"]}]},{"@type":"WebPage","@id":"https:\/\/www.africa-press.net\/tchad\/politique\/mon-combat-cest-pour-la-federation-pas-pour-la-scission-takilal-ndolassem","url":"https:\/\/www.africa-press.net\/tchad\/politique\/mon-combat-cest-pour-la-federation-pas-pour-la-scission-takilal-ndolassem","name":"\"mon combat c'est pour la f\u00e9d\u00e9ration, pas pour la scission\", Takilal Ndolassem - tchad","isPartOf":{"@id":"https:\/\/www.africa-press.net\/tchad\/#website"},"primaryImageOfPage":{"@id":"https:\/\/www.africa-press.net\/tchad\/politique\/mon-combat-cest-pour-la-federation-pas-pour-la-scission-takilal-ndolassem#primaryimage"},"image":{"@id":"https:\/\/www.africa-press.net\/tchad\/politique\/mon-combat-cest-pour-la-federation-pas-pour-la-scission-takilal-ndolassem#primaryimage"},"thumbnailUrl":"https:\/\/static.africa-press.net\/tchad\/sites\/41\/2022\/08\/postQueueImg_6-6301187bdea33.jpg","datePublished":"2022-08-20T17:05:41+00:00","dateModified":"2022-08-20T17:23:25+00:00","author":{"@id":"https:\/\/www.africa-press.net\/tchad\/#\/schema\/person\/2b1cf3cd81a31e3cd26889ca66d677f1"},"description":"\"Mon combat c'est le combat pour la f\u00e9d\u00e9ration. Pas pour la scission mais la f\u00e9d\u00e9ration\", a-t-il rappel\u00e9 ce 20 ao ...","breadcrumb":{"@id":"https:\/\/www.africa-press.net\/tchad\/politique\/mon-combat-cest-pour-la-federation-pas-pour-la-scission-takilal-ndolassem#breadcrumb"},"inLanguage":"fr-FR","potentialAction":[{"@type":"ReadAction","target":["https:\/\/www.africa-press.net\/tchad\/politique\/mon-combat-cest-pour-la-federation-pas-pour-la-scission-takilal-ndolassem"]}]},{"@type":"ImageObject","inLanguage":"fr-FR","@id":"https:\/\/www.africa-press.net\/tchad\/politique\/mon-combat-cest-pour-la-federation-pas-pour-la-scission-takilal-ndolassem#primaryimage","url":"https:\/\/static.africa-press.net\/tchad\/sites\/41\/2022\/08\/postQueueImg_6-6301187bdea33.jpg","contentUrl":"https:\/\/static.africa-press.net\/tchad\/sites\/41\/2022\/08\/postQueueImg_6-6301187bdea33.jpg","width":1008,"height":490,"caption":"\"mon combat c'est pour la f\u00e9d\u00e9ration, pas pour la scission\", Takilal Ndolassem"},{"@type":"BreadcrumbList","@id":"https:\/\/www.africa-press.net\/tchad\/politique\/mon-combat-cest-pour-la-federation-pas-pour-la-scission-takilal-ndolassem#breadcrumb","itemListElement":[{"@type":"ListItem","position":1,"name":"Accueil","item":"https:\/\/www.africa-press.net\/tchad\/"},{"@type":"ListItem","position":2,"name":"&#8220;mon combat c&#8217;est pour la f\u00e9d\u00e9ration, pas pour la scission&#8221;, Takilal Ndolassem"}]},{"@type":"WebSite","@id":"https:\/\/www.africa-press.net\/tchad\/#website","url":"https:\/\/www.africa-press.net\/tchad\/","name":"tchad","description":"Just another Africa News Agency Sites site","potentialAction":[{"@type":"SearchAction","target":{"@type":"EntryPoint","urlTemplate":"https:\/\/www.africa-press.net\/tchad\/?s={search_term_string}"},"query-input":{"@type":"PropertyValueSpecification","valueRequired":true,"valueName":"search_term_string"}}],"inLanguage":"fr-FR"},{"@type":"Person","@id":"https:\/\/www.africa-press.net\/tchad\/#\/schema\/person\/2b1cf3cd81a31e3cd26889ca66d677f1","name":"cfeditorfr"}]}},"_links":{"self":[{"href":"https:\/\/www.africa-press.net\/tchad\/wp-json\/wp\/v2\/posts\/30933","targetHints":{"allow":["GET"]}}],"collection":[{"href":"https:\/\/www.africa-press.net\/tchad\/wp-json\/wp\/v2\/posts"}],"about":[{"href":"https:\/\/www.africa-press.net\/tchad\/wp-json\/wp\/v2\/types\/post"}],"author":[{"embeddable":true,"href":"https:\/\/www.africa-press.net\/tchad\/wp-json\/wp\/v2\/users\/82"}],"replies":[{"embeddable":true,"href":"https:\/\/www.africa-press.net\/tchad\/wp-json\/wp\/v2\/comments?post=30933"}],"version-history":[{"count":0,"href":"https:\/\/www.africa-press.net\/tchad\/wp-json\/wp\/v2\/posts\/30933\/revisions"}],"wp:featuredmedia":[{"embeddable":true,"href":"https:\/\/www.africa-press.net\/tchad\/wp-json\/wp\/v2\/media\/30932"}],"wp:attachment":[{"href":"https:\/\/www.africa-press.net\/tchad\/wp-json\/wp\/v2\/media?parent=30933"}],"wp:term":[{"taxonomy":"category","embeddable":true,"href":"https:\/\/www.africa-press.net\/tchad\/wp-json\/wp\/v2\/categories?post=30933"},{"taxonomy":"post_tag","embeddable":true,"href":"https:\/\/www.africa-press.net\/tchad\/wp-json\/wp\/v2\/tags?post=30933"}],"curies":[{"name":"wp","href":"https:\/\/api.w.org\/{rel}","templated":true}]}}