{"id":30945,"date":"2022-08-20T17:07:36","date_gmt":"2022-08-20T17:07:36","guid":{"rendered":"https:\/\/www.africa-press.net\/tchad\/politique\/les-transformateurs-renoncent-a-marcher-sur-le-palais-du-15-et-donnent-un-ultimatum"},"modified":"2022-08-20T17:26:02","modified_gmt":"2022-08-20T17:26:02","slug":"les-transformateurs-renoncent-a-marcher-sur-le-palais-du-15-et-donnent-un-ultimatum","status":"publish","type":"post","link":"https:\/\/www.africa-press.net\/tchad\/politique\/les-transformateurs-renoncent-a-marcher-sur-le-palais-du-15-et-donnent-un-ultimatum","title":{"rendered":"les Transformateurs renoncent \u00e0 \u00ab\u00a0marcher sur le Palais du 15\u00a0\u00bb et donnent un ultimatum"},"content":{"rendered":"<p><span style=\"color: #ff6600\"><strong>Africa-Press &#8211; Tchad. <\/strong><\/span><b>\u00ab\u00a0Nous d\u00e9cr\u00e9tons \u00e0 partir de ce 20 ao\u00fbt, 60 jours de r\u00e9sistance pour la justice et l&rsquo;\u00e9galit\u00e9 en commen\u00e7ant d\u00e8s aujourd&rsquo;hui (&#8230;) afin de cr\u00e9er d&rsquo;ici le 20 octobre, date finale de cette p\u00e9riode de transition, un nouveau gouvernement du peuple\u00a0\u00bb<\/b>, a affirm\u00e9 Dr. Masra Succes.<\/p>\n<p><b>\u00ab\u00a0Nous d\u00e9montrons notre bonne foi en les laissant ouvrir la c\u00e9r\u00e9monie dans la salle qu&rsquo;ils veulent\u00a0\u00bb<\/b>, a-t-il ajout\u00e9. Dr. Succes Masra \u00e9voque l&rsquo;intervention de chefs d&rsquo;\u00c9tat \u00e9trangers, diplomates et de l&rsquo;ancien pr\u00e9sident tchadien Goukouni Weddeye.<\/p>\n<p>Dr. Succes Masra sugg\u00e8re une suspension des assises apr\u00e8s le lancement du dialogue national, afin de trouver un compromis.<\/p>\n<p><b>\u00ab\u00a0Si nous nous entendons sur le principe d&rsquo;\u00e9galit\u00e9, de justice, nous allons y arriver\u00a0\u00bb,<\/b> selon le leader des Transformateurs. Il menace toutefois d&rsquo;appeler \u00e0 marcher \u00e0 la Place de la nation si le peuple n&rsquo;est pas entendu.<\/p>\n<p><strong>Pour plus d&rsquo;informations et d&rsquo;analyses sur la <a href=\"https:\/\/www.africa-press.net\/tchad\">Tchad<\/a>, suivez <a href=\"https:\/\/www.africa-press.net\/\">Africa-Press<\/a><\/strong><\/p>\n","protected":false},"excerpt":{"rendered":"<p>Africa-Press &#8211; Tchad. \u00ab\u00a0Nous d\u00e9cr\u00e9tons \u00e0 partir de ce 20 ao\u00fbt, 60 jours de r\u00e9sistance pour la justice et l&rsquo;\u00e9galit\u00e9 en commen\u00e7ant d\u00e8s aujourd&rsquo;hui (&#8230;) afin de cr\u00e9er d&rsquo;ici le 20 octobre, date finale de cette p\u00e9riode de transition, un nouveau gouvernement du peuple\u00a0\u00bb, a affirm\u00e9 Dr. Masra Succes. \u00ab\u00a0Nous d\u00e9montrons notre bonne foi en [&hellip;]<\/p>\n","protected":false},"author":82,"featured_media":30944,"comment_status":"open","ping_status":"closed","sticky":false,"template":"","format":"standard","meta":{"footnotes":""},"categories":[11,2,10],"tags":[37,292,29],"class_list":["post-30945","post","type-post","status-publish","format-standard","has-post-thumbnail","hentry","category-homepage-french","category-politique","category-toutes-les-actualites","tag-africa-press","tag-africa-press-tchad","tag-tchad"],"yoast_head":"<!-- This site is optimized with the Yoast SEO Premium plugin v26.1 (Yoast SEO v27.0) - https:\/\/yoast.com\/product\/yoast-seo-premium-wordpress\/ -->\n<title>les Transformateurs renoncent \u00e0 &quot;marcher sur le Palais du 15&quot; et donnent un ultimatum - tchad<\/title>\n<meta name=\"description\" content=\"&quot;Nous d\u00e9cr\u00e9tons \u00e0 partir de ce 20 ao\u00fbt, 60 jours de r\u00e9sistance pour la justice et l&#039;\u00e9galit\u00e9 en commen\u00e7ant d\u00e8s aujourd ...\" \/>\n<meta name=\"robots\" content=\"index, follow, max-snippet:-1, max-image-preview:large, max-video-preview:-1\" \/>\n<link rel=\"canonical\" href=\"https:\/\/www.africa-press.net\/tchad\/politique\/les-transformateurs-renoncent-a-marcher-sur-le-palais-du-15-et-donnent-un-ultimatum\" \/>\n<meta property=\"og:locale\" content=\"fr_FR\" \/>\n<meta property=\"og:type\" content=\"article\" \/>\n<meta property=\"og:title\" content=\"les Transformateurs renoncent \u00e0 &quot;marcher sur le Palais du 15&quot; et donnent un ultimatum\" \/>\n<meta property=\"og:description\" content=\"&quot;Nous d\u00e9cr\u00e9tons \u00e0 partir de ce 20 ao\u00fbt, 60 jours de r\u00e9sistance pour la justice et l&#039;\u00e9galit\u00e9 en commen\u00e7ant d\u00e8s aujourd ...\" \/>\n<meta property=\"og:url\" content=\"https:\/\/www.africa-press.net\/tchad\/politique\/les-transformateurs-renoncent-a-marcher-sur-le-palais-du-15-et-donnent-un-ultimatum\" \/>\n<meta property=\"og:site_name\" content=\"tchad\" \/>\n<meta property=\"article:published_time\" content=\"2022-08-20T17:07:36+00:00\" \/>\n<meta property=\"article:modified_time\" content=\"2022-08-20T17:26:02+00:00\" \/>\n<meta property=\"og:image\" content=\"https:\/\/static.africa-press.net\/tchad\/sites\/41\/2022\/08\/postQueueImg_10-6301190ecc0a3.jpg\" \/>\n\t<meta property=\"og:image:width\" content=\"1280\" \/>\n\t<meta property=\"og:image:height\" content=\"720\" \/>\n\t<meta property=\"og:image:type\" content=\"image\/jpeg\" \/>\n<meta name=\"author\" content=\"cfeditorfr\" \/>\n<meta name=\"twitter:card\" content=\"summary_large_image\" \/>\n<meta name=\"twitter:label1\" content=\"\u00c9crit par\" \/>\n\t<meta name=\"twitter:data1\" content=\"cfeditorfr\" \/>\n\t<meta name=\"twitter:label2\" content=\"Dur\u00e9e de lecture estim\u00e9e\" \/>\n\t<meta name=\"twitter:data2\" content=\"1 minute\" \/>\n<script type=\"application\/ld+json\" class=\"yoast-schema-graph\">{\"@context\":\"https:\/\/schema.org\",\"@graph\":[{\"@type\":\"Article\",\"@id\":\"https:\/\/www.africa-press.net\/tchad\/politique\/les-transformateurs-renoncent-a-marcher-sur-le-palais-du-15-et-donnent-un-ultimatum#article\",\"isPartOf\":{\"@id\":\"https:\/\/www.africa-press.net\/tchad\/politique\/les-transformateurs-renoncent-a-marcher-sur-le-palais-du-15-et-donnent-un-ultimatum\"},\"author\":{\"name\":\"cfeditorfr\",\"@id\":\"https:\/\/www.africa-press.net\/tchad\/#\/schema\/person\/2b1cf3cd81a31e3cd26889ca66d677f1\"},\"headline\":\"les Transformateurs renoncent \u00e0 \u00ab\u00a0marcher sur le Palais du 15\u00a0\u00bb et donnent un ultimatum\",\"datePublished\":\"2022-08-20T17:07:36+00:00\",\"dateModified\":\"2022-08-20T17:26:02+00:00\",\"mainEntityOfPage\":{\"@id\":\"https:\/\/www.africa-press.net\/tchad\/politique\/les-transformateurs-renoncent-a-marcher-sur-le-palais-du-15-et-donnent-un-ultimatum\"},\"wordCount\":181,\"commentCount\":0,\"image\":{\"@id\":\"https:\/\/www.africa-press.net\/tchad\/politique\/les-transformateurs-renoncent-a-marcher-sur-le-palais-du-15-et-donnent-un-ultimatum#primaryimage\"},\"thumbnailUrl\":\"https:\/\/static.africa-press.net\/tchad\/sites\/41\/2022\/08\/postQueueImg_10-6301190ecc0a3.jpg\",\"keywords\":[\"Africa Press\",\"Africa Press-Tchad\",\"Tchad\"],\"articleSection\":[\"homepage-french\",\"Politique\",\"Toutes les actualit\u00e9s\"],\"inLanguage\":\"fr-FR\",\"potentialAction\":[{\"@type\":\"CommentAction\",\"name\":\"Comment\",\"target\":[\"https:\/\/www.africa-press.net\/tchad\/politique\/les-transformateurs-renoncent-a-marcher-sur-le-palais-du-15-et-donnent-un-ultimatum#respond\"]}]},{\"@type\":\"WebPage\",\"@id\":\"https:\/\/www.africa-press.net\/tchad\/politique\/les-transformateurs-renoncent-a-marcher-sur-le-palais-du-15-et-donnent-un-ultimatum\",\"url\":\"https:\/\/www.africa-press.net\/tchad\/politique\/les-transformateurs-renoncent-a-marcher-sur-le-palais-du-15-et-donnent-un-ultimatum\",\"name\":\"les Transformateurs renoncent \u00e0 \\\"marcher sur le Palais du 15\\\" et donnent un ultimatum - tchad\",\"isPartOf\":{\"@id\":\"https:\/\/www.africa-press.net\/tchad\/#website\"},\"primaryImageOfPage\":{\"@id\":\"https:\/\/www.africa-press.net\/tchad\/politique\/les-transformateurs-renoncent-a-marcher-sur-le-palais-du-15-et-donnent-un-ultimatum#primaryimage\"},\"image\":{\"@id\":\"https:\/\/www.africa-press.net\/tchad\/politique\/les-transformateurs-renoncent-a-marcher-sur-le-palais-du-15-et-donnent-un-ultimatum#primaryimage\"},\"thumbnailUrl\":\"https:\/\/static.africa-press.net\/tchad\/sites\/41\/2022\/08\/postQueueImg_10-6301190ecc0a3.jpg\",\"datePublished\":\"2022-08-20T17:07:36+00:00\",\"dateModified\":\"2022-08-20T17:26:02+00:00\",\"author\":{\"@id\":\"https:\/\/www.africa-press.net\/tchad\/#\/schema\/person\/2b1cf3cd81a31e3cd26889ca66d677f1\"},\"description\":\"\\\"Nous d\u00e9cr\u00e9tons \u00e0 partir de ce 20 ao\u00fbt, 60 jours de r\u00e9sistance pour la justice et l'\u00e9galit\u00e9 en commen\u00e7ant d\u00e8s aujourd ...\",\"breadcrumb\":{\"@id\":\"https:\/\/www.africa-press.net\/tchad\/politique\/les-transformateurs-renoncent-a-marcher-sur-le-palais-du-15-et-donnent-un-ultimatum#breadcrumb\"},\"inLanguage\":\"fr-FR\",\"potentialAction\":[{\"@type\":\"ReadAction\",\"target\":[\"https:\/\/www.africa-press.net\/tchad\/politique\/les-transformateurs-renoncent-a-marcher-sur-le-palais-du-15-et-donnent-un-ultimatum\"]}]},{\"@type\":\"ImageObject\",\"inLanguage\":\"fr-FR\",\"@id\":\"https:\/\/www.africa-press.net\/tchad\/politique\/les-transformateurs-renoncent-a-marcher-sur-le-palais-du-15-et-donnent-un-ultimatum#primaryimage\",\"url\":\"https:\/\/static.africa-press.net\/tchad\/sites\/41\/2022\/08\/postQueueImg_10-6301190ecc0a3.jpg\",\"contentUrl\":\"https:\/\/static.africa-press.net\/tchad\/sites\/41\/2022\/08\/postQueueImg_10-6301190ecc0a3.jpg\",\"width\":1280,\"height\":720,\"caption\":\"les Transformateurs renoncent \u00e0 \\\"marcher sur le Palais du 15\\\" et donnent un ultimatum\"},{\"@type\":\"BreadcrumbList\",\"@id\":\"https:\/\/www.africa-press.net\/tchad\/politique\/les-transformateurs-renoncent-a-marcher-sur-le-palais-du-15-et-donnent-un-ultimatum#breadcrumb\",\"itemListElement\":[{\"@type\":\"ListItem\",\"position\":1,\"name\":\"Accueil\",\"item\":\"https:\/\/www.africa-press.net\/tchad\/\"},{\"@type\":\"ListItem\",\"position\":2,\"name\":\"les Transformateurs renoncent \u00e0 &#8220;marcher sur le Palais du 15&#8221; et donnent un ultimatum\"}]},{\"@type\":\"WebSite\",\"@id\":\"https:\/\/www.africa-press.net\/tchad\/#website\",\"url\":\"https:\/\/www.africa-press.net\/tchad\/\",\"name\":\"tchad\",\"description\":\"Just another Africa News Agency Sites site\",\"potentialAction\":[{\"@type\":\"SearchAction\",\"target\":{\"@type\":\"EntryPoint\",\"urlTemplate\":\"https:\/\/www.africa-press.net\/tchad\/?s={search_term_string}\"},\"query-input\":{\"@type\":\"PropertyValueSpecification\",\"valueRequired\":true,\"valueName\":\"search_term_string\"}}],\"inLanguage\":\"fr-FR\"},{\"@type\":\"Person\",\"@id\":\"https:\/\/www.africa-press.net\/tchad\/#\/schema\/person\/2b1cf3cd81a31e3cd26889ca66d677f1\",\"name\":\"cfeditorfr\"}]}<\/script>\n<!-- \/ Yoast SEO Premium plugin. -->","yoast_head_json":{"title":"les Transformateurs renoncent \u00e0 \"marcher sur le Palais du 15\" et donnent un ultimatum - tchad","description":"\"Nous d\u00e9cr\u00e9tons \u00e0 partir de ce 20 ao\u00fbt, 60 jours de r\u00e9sistance pour la justice et l'\u00e9galit\u00e9 en commen\u00e7ant d\u00e8s aujourd ...","robots":{"index":"index","follow":"follow","max-snippet":"max-snippet:-1","max-image-preview":"max-image-preview:large","max-video-preview":"max-video-preview:-1"},"canonical":"https:\/\/www.africa-press.net\/tchad\/politique\/les-transformateurs-renoncent-a-marcher-sur-le-palais-du-15-et-donnent-un-ultimatum","og_locale":"fr_FR","og_type":"article","og_title":"les Transformateurs renoncent \u00e0 \"marcher sur le Palais du 15\" et donnent un ultimatum","og_description":"\"Nous d\u00e9cr\u00e9tons \u00e0 partir de ce 20 ao\u00fbt, 60 jours de r\u00e9sistance pour la justice et l'\u00e9galit\u00e9 en commen\u00e7ant d\u00e8s aujourd ...","og_url":"https:\/\/www.africa-press.net\/tchad\/politique\/les-transformateurs-renoncent-a-marcher-sur-le-palais-du-15-et-donnent-un-ultimatum","og_site_name":"tchad","article_published_time":"2022-08-20T17:07:36+00:00","article_modified_time":"2022-08-20T17:26:02+00:00","og_image":[{"width":1280,"height":720,"url":"https:\/\/static.africa-press.net\/tchad\/sites\/41\/2022\/08\/postQueueImg_10-6301190ecc0a3.jpg","type":"image\/jpeg"}],"author":"cfeditorfr","twitter_card":"summary_large_image","twitter_misc":{"\u00c9crit par":"cfeditorfr","Dur\u00e9e de lecture estim\u00e9e":"1 minute"},"schema":{"@context":"https:\/\/schema.org","@graph":[{"@type":"Article","@id":"https:\/\/www.africa-press.net\/tchad\/politique\/les-transformateurs-renoncent-a-marcher-sur-le-palais-du-15-et-donnent-un-ultimatum#article","isPartOf":{"@id":"https:\/\/www.africa-press.net\/tchad\/politique\/les-transformateurs-renoncent-a-marcher-sur-le-palais-du-15-et-donnent-un-ultimatum"},"author":{"name":"cfeditorfr","@id":"https:\/\/www.africa-press.net\/tchad\/#\/schema\/person\/2b1cf3cd81a31e3cd26889ca66d677f1"},"headline":"les Transformateurs renoncent \u00e0 \u00ab\u00a0marcher sur le Palais du 15\u00a0\u00bb et donnent un ultimatum","datePublished":"2022-08-20T17:07:36+00:00","dateModified":"2022-08-20T17:26:02+00:00","mainEntityOfPage":{"@id":"https:\/\/www.africa-press.net\/tchad\/politique\/les-transformateurs-renoncent-a-marcher-sur-le-palais-du-15-et-donnent-un-ultimatum"},"wordCount":181,"commentCount":0,"image":{"@id":"https:\/\/www.africa-press.net\/tchad\/politique\/les-transformateurs-renoncent-a-marcher-sur-le-palais-du-15-et-donnent-un-ultimatum#primaryimage"},"thumbnailUrl":"https:\/\/static.africa-press.net\/tchad\/sites\/41\/2022\/08\/postQueueImg_10-6301190ecc0a3.jpg","keywords":["Africa Press","Africa Press-Tchad","Tchad"],"articleSection":["homepage-french","Politique","Toutes les actualit\u00e9s"],"inLanguage":"fr-FR","potentialAction":[{"@type":"CommentAction","name":"Comment","target":["https:\/\/www.africa-press.net\/tchad\/politique\/les-transformateurs-renoncent-a-marcher-sur-le-palais-du-15-et-donnent-un-ultimatum#respond"]}]},{"@type":"WebPage","@id":"https:\/\/www.africa-press.net\/tchad\/politique\/les-transformateurs-renoncent-a-marcher-sur-le-palais-du-15-et-donnent-un-ultimatum","url":"https:\/\/www.africa-press.net\/tchad\/politique\/les-transformateurs-renoncent-a-marcher-sur-le-palais-du-15-et-donnent-un-ultimatum","name":"les Transformateurs renoncent \u00e0 \"marcher sur le Palais du 15\" et donnent un ultimatum - tchad","isPartOf":{"@id":"https:\/\/www.africa-press.net\/tchad\/#website"},"primaryImageOfPage":{"@id":"https:\/\/www.africa-press.net\/tchad\/politique\/les-transformateurs-renoncent-a-marcher-sur-le-palais-du-15-et-donnent-un-ultimatum#primaryimage"},"image":{"@id":"https:\/\/www.africa-press.net\/tchad\/politique\/les-transformateurs-renoncent-a-marcher-sur-le-palais-du-15-et-donnent-un-ultimatum#primaryimage"},"thumbnailUrl":"https:\/\/static.africa-press.net\/tchad\/sites\/41\/2022\/08\/postQueueImg_10-6301190ecc0a3.jpg","datePublished":"2022-08-20T17:07:36+00:00","dateModified":"2022-08-20T17:26:02+00:00","author":{"@id":"https:\/\/www.africa-press.net\/tchad\/#\/schema\/person\/2b1cf3cd81a31e3cd26889ca66d677f1"},"description":"\"Nous d\u00e9cr\u00e9tons \u00e0 partir de ce 20 ao\u00fbt, 60 jours de r\u00e9sistance pour la justice et l'\u00e9galit\u00e9 en commen\u00e7ant d\u00e8s aujourd ...","breadcrumb":{"@id":"https:\/\/www.africa-press.net\/tchad\/politique\/les-transformateurs-renoncent-a-marcher-sur-le-palais-du-15-et-donnent-un-ultimatum#breadcrumb"},"inLanguage":"fr-FR","potentialAction":[{"@type":"ReadAction","target":["https:\/\/www.africa-press.net\/tchad\/politique\/les-transformateurs-renoncent-a-marcher-sur-le-palais-du-15-et-donnent-un-ultimatum"]}]},{"@type":"ImageObject","inLanguage":"fr-FR","@id":"https:\/\/www.africa-press.net\/tchad\/politique\/les-transformateurs-renoncent-a-marcher-sur-le-palais-du-15-et-donnent-un-ultimatum#primaryimage","url":"https:\/\/static.africa-press.net\/tchad\/sites\/41\/2022\/08\/postQueueImg_10-6301190ecc0a3.jpg","contentUrl":"https:\/\/static.africa-press.net\/tchad\/sites\/41\/2022\/08\/postQueueImg_10-6301190ecc0a3.jpg","width":1280,"height":720,"caption":"les Transformateurs renoncent \u00e0 \"marcher sur le Palais du 15\" et donnent un ultimatum"},{"@type":"BreadcrumbList","@id":"https:\/\/www.africa-press.net\/tchad\/politique\/les-transformateurs-renoncent-a-marcher-sur-le-palais-du-15-et-donnent-un-ultimatum#breadcrumb","itemListElement":[{"@type":"ListItem","position":1,"name":"Accueil","item":"https:\/\/www.africa-press.net\/tchad\/"},{"@type":"ListItem","position":2,"name":"les Transformateurs renoncent \u00e0 &#8220;marcher sur le Palais du 15&#8221; et donnent un ultimatum"}]},{"@type":"WebSite","@id":"https:\/\/www.africa-press.net\/tchad\/#website","url":"https:\/\/www.africa-press.net\/tchad\/","name":"tchad","description":"Just another Africa News Agency Sites site","potentialAction":[{"@type":"SearchAction","target":{"@type":"EntryPoint","urlTemplate":"https:\/\/www.africa-press.net\/tchad\/?s={search_term_string}"},"query-input":{"@type":"PropertyValueSpecification","valueRequired":true,"valueName":"search_term_string"}}],"inLanguage":"fr-FR"},{"@type":"Person","@id":"https:\/\/www.africa-press.net\/tchad\/#\/schema\/person\/2b1cf3cd81a31e3cd26889ca66d677f1","name":"cfeditorfr"}]}},"_links":{"self":[{"href":"https:\/\/www.africa-press.net\/tchad\/wp-json\/wp\/v2\/posts\/30945","targetHints":{"allow":["GET"]}}],"collection":[{"href":"https:\/\/www.africa-press.net\/tchad\/wp-json\/wp\/v2\/posts"}],"about":[{"href":"https:\/\/www.africa-press.net\/tchad\/wp-json\/wp\/v2\/types\/post"}],"author":[{"embeddable":true,"href":"https:\/\/www.africa-press.net\/tchad\/wp-json\/wp\/v2\/users\/82"}],"replies":[{"embeddable":true,"href":"https:\/\/www.africa-press.net\/tchad\/wp-json\/wp\/v2\/comments?post=30945"}],"version-history":[{"count":0,"href":"https:\/\/www.africa-press.net\/tchad\/wp-json\/wp\/v2\/posts\/30945\/revisions"}],"wp:featuredmedia":[{"embeddable":true,"href":"https:\/\/www.africa-press.net\/tchad\/wp-json\/wp\/v2\/media\/30944"}],"wp:attachment":[{"href":"https:\/\/www.africa-press.net\/tchad\/wp-json\/wp\/v2\/media?parent=30945"}],"wp:term":[{"taxonomy":"category","embeddable":true,"href":"https:\/\/www.africa-press.net\/tchad\/wp-json\/wp\/v2\/categories?post=30945"},{"taxonomy":"post_tag","embeddable":true,"href":"https:\/\/www.africa-press.net\/tchad\/wp-json\/wp\/v2\/tags?post=30945"}],"curies":[{"name":"wp","href":"https:\/\/api.w.org\/{rel}","templated":true}]}}