{"id":30951,"date":"2022-08-20T17:08:45","date_gmt":"2022-08-20T17:08:45","guid":{"rendered":"https:\/\/www.africa-press.net\/tchad\/politique\/le-dialogue-national-officiellement-ouvert-les-travaux-debuteront-mardi-prochain"},"modified":"2022-08-20T17:26:50","modified_gmt":"2022-08-20T17:26:50","slug":"le-dialogue-national-officiellement-ouvert-les-travaux-debuteront-mardi-prochain","status":"publish","type":"post","link":"https:\/\/www.africa-press.net\/tchad\/politique\/le-dialogue-national-officiellement-ouvert-les-travaux-debuteront-mardi-prochain","title":{"rendered":"le dialogue national officiellement ouvert, les travaux d\u00e9buteront mardi prochain"},"content":{"rendered":"<p><span style=\"color: #ff6600\"><strong>Africa-Press &#8211; Tchad. <\/strong><\/span>La matin\u00e9e a \u00e9t\u00e9 marqu\u00e9e par l&rsquo;inauguration d&rsquo;une statue de la paix sur le parvis du Palais, ainsi que diff\u00e9rents discours dont celui du chef de la transition.<\/p>\n<p>Les participants sont convi\u00e9s \u00e0 un grand banquet avant de se retrouver \u00e0 nouveau dans la salle cet apr\u00e8s-midi pour des festivit\u00e9s culturelles.<\/p>\n<p><b>\u00ab\u00a0Plus rien ne justifie que les tchadiens se fassent la guerre. Nous avons un pays vaste et rempli d&rsquo;opportunit\u00e9s pour tout le monde\u00a0\u00bb<\/b>, a d\u00e9clar\u00e9 Mahamat Idriss Deby.<\/p>\n<p>\u200bUn important dispositif s\u00e9curitaire est visible aux abords du Palais de la culture et autour du chef de la transition.<\/p>\n<p>Les travaux du dialogue commenceront \u00e0 partir de mardi apr\u00e8s-midi pour permettre au secr\u00e9tariat permanent de proc\u00e9der \u00e0 des ajustements organisationnels et distribuer les badges restants aux participants.<\/p>\n<p><strong>Pour plus d&rsquo;informations et d&rsquo;analyses sur la <a href=\"https:\/\/www.africa-press.net\/tchad\">Tchad<\/a>, suivez <a href=\"https:\/\/www.africa-press.net\/\">Africa-Press<\/a><\/strong><\/p>\n","protected":false},"excerpt":{"rendered":"<p>Africa-Press &#8211; Tchad. La matin\u00e9e a \u00e9t\u00e9 marqu\u00e9e par l&rsquo;inauguration d&rsquo;une statue de la paix sur le parvis du Palais, ainsi que diff\u00e9rents discours dont celui du chef de la transition. Les participants sont convi\u00e9s \u00e0 un grand banquet avant de se retrouver \u00e0 nouveau dans la salle cet apr\u00e8s-midi pour des festivit\u00e9s culturelles. \u00ab\u00a0Plus [&hellip;]<\/p>\n","protected":false},"author":82,"featured_media":30950,"comment_status":"open","ping_status":"closed","sticky":false,"template":"","format":"standard","meta":{"footnotes":""},"categories":[11,2,10],"tags":[37,292,29],"class_list":["post-30951","post","type-post","status-publish","format-standard","has-post-thumbnail","hentry","category-homepage-french","category-politique","category-toutes-les-actualites","tag-africa-press","tag-africa-press-tchad","tag-tchad"],"yoast_head":"<!-- This site is optimized with the Yoast SEO Premium plugin v26.1 (Yoast SEO v27.0) - https:\/\/yoast.com\/product\/yoast-seo-premium-wordpress\/ -->\n<title>le dialogue national officiellement ouvert, les travaux d\u00e9buteront mardi prochain - tchad<\/title>\n<meta name=\"description\" content=\"La matin\u00e9e a \u00e9t\u00e9 marqu\u00e9e par l&#039;inauguration d&#039;une statue de la paix sur le parvis du Palais, ainsi que diff\u00e9rents discou ...\" \/>\n<meta name=\"robots\" content=\"index, follow, max-snippet:-1, max-image-preview:large, max-video-preview:-1\" \/>\n<link rel=\"canonical\" href=\"https:\/\/www.africa-press.net\/tchad\/politique\/le-dialogue-national-officiellement-ouvert-les-travaux-debuteront-mardi-prochain\" \/>\n<meta property=\"og:locale\" content=\"fr_FR\" \/>\n<meta property=\"og:type\" content=\"article\" \/>\n<meta property=\"og:title\" content=\"le dialogue national officiellement ouvert, les travaux d\u00e9buteront mardi prochain\" \/>\n<meta property=\"og:description\" content=\"La matin\u00e9e a \u00e9t\u00e9 marqu\u00e9e par l&#039;inauguration d&#039;une statue de la paix sur le parvis du Palais, ainsi que diff\u00e9rents discou ...\" \/>\n<meta property=\"og:url\" content=\"https:\/\/www.africa-press.net\/tchad\/politique\/le-dialogue-national-officiellement-ouvert-les-travaux-debuteront-mardi-prochain\" \/>\n<meta property=\"og:site_name\" content=\"tchad\" \/>\n<meta property=\"article:published_time\" content=\"2022-08-20T17:08:45+00:00\" \/>\n<meta property=\"article:modified_time\" content=\"2022-08-20T17:26:50+00:00\" \/>\n<meta property=\"og:image\" content=\"https:\/\/static.africa-press.net\/tchad\/sites\/41\/2022\/08\/postQueueImg_12-63011948c7295.jpg\" \/>\n\t<meta property=\"og:image:width\" content=\"960\" \/>\n\t<meta property=\"og:image:height\" content=\"948\" \/>\n\t<meta property=\"og:image:type\" content=\"image\/jpeg\" \/>\n<meta name=\"author\" content=\"cfeditorfr\" \/>\n<meta name=\"twitter:card\" content=\"summary_large_image\" \/>\n<meta name=\"twitter:label1\" content=\"\u00c9crit par\" \/>\n\t<meta name=\"twitter:data1\" content=\"cfeditorfr\" \/>\n\t<meta name=\"twitter:label2\" content=\"Dur\u00e9e de lecture estim\u00e9e\" \/>\n\t<meta name=\"twitter:data2\" content=\"1 minute\" \/>\n<script type=\"application\/ld+json\" class=\"yoast-schema-graph\">{\"@context\":\"https:\/\/schema.org\",\"@graph\":[{\"@type\":\"Article\",\"@id\":\"https:\/\/www.africa-press.net\/tchad\/politique\/le-dialogue-national-officiellement-ouvert-les-travaux-debuteront-mardi-prochain#article\",\"isPartOf\":{\"@id\":\"https:\/\/www.africa-press.net\/tchad\/politique\/le-dialogue-national-officiellement-ouvert-les-travaux-debuteront-mardi-prochain\"},\"author\":{\"name\":\"cfeditorfr\",\"@id\":\"https:\/\/www.africa-press.net\/tchad\/#\/schema\/person\/2b1cf3cd81a31e3cd26889ca66d677f1\"},\"headline\":\"le dialogue national officiellement ouvert, les travaux d\u00e9buteront mardi prochain\",\"datePublished\":\"2022-08-20T17:08:45+00:00\",\"dateModified\":\"2022-08-20T17:26:50+00:00\",\"mainEntityOfPage\":{\"@id\":\"https:\/\/www.africa-press.net\/tchad\/politique\/le-dialogue-national-officiellement-ouvert-les-travaux-debuteront-mardi-prochain\"},\"wordCount\":164,\"commentCount\":0,\"image\":{\"@id\":\"https:\/\/www.africa-press.net\/tchad\/politique\/le-dialogue-national-officiellement-ouvert-les-travaux-debuteront-mardi-prochain#primaryimage\"},\"thumbnailUrl\":\"https:\/\/static.africa-press.net\/tchad\/sites\/41\/2022\/08\/postQueueImg_12-63011948c7295.jpg\",\"keywords\":[\"Africa Press\",\"Africa Press-Tchad\",\"Tchad\"],\"articleSection\":[\"homepage-french\",\"Politique\",\"Toutes les actualit\u00e9s\"],\"inLanguage\":\"fr-FR\",\"potentialAction\":[{\"@type\":\"CommentAction\",\"name\":\"Comment\",\"target\":[\"https:\/\/www.africa-press.net\/tchad\/politique\/le-dialogue-national-officiellement-ouvert-les-travaux-debuteront-mardi-prochain#respond\"]}]},{\"@type\":\"WebPage\",\"@id\":\"https:\/\/www.africa-press.net\/tchad\/politique\/le-dialogue-national-officiellement-ouvert-les-travaux-debuteront-mardi-prochain\",\"url\":\"https:\/\/www.africa-press.net\/tchad\/politique\/le-dialogue-national-officiellement-ouvert-les-travaux-debuteront-mardi-prochain\",\"name\":\"le dialogue national officiellement ouvert, les travaux d\u00e9buteront mardi prochain - tchad\",\"isPartOf\":{\"@id\":\"https:\/\/www.africa-press.net\/tchad\/#website\"},\"primaryImageOfPage\":{\"@id\":\"https:\/\/www.africa-press.net\/tchad\/politique\/le-dialogue-national-officiellement-ouvert-les-travaux-debuteront-mardi-prochain#primaryimage\"},\"image\":{\"@id\":\"https:\/\/www.africa-press.net\/tchad\/politique\/le-dialogue-national-officiellement-ouvert-les-travaux-debuteront-mardi-prochain#primaryimage\"},\"thumbnailUrl\":\"https:\/\/static.africa-press.net\/tchad\/sites\/41\/2022\/08\/postQueueImg_12-63011948c7295.jpg\",\"datePublished\":\"2022-08-20T17:08:45+00:00\",\"dateModified\":\"2022-08-20T17:26:50+00:00\",\"author\":{\"@id\":\"https:\/\/www.africa-press.net\/tchad\/#\/schema\/person\/2b1cf3cd81a31e3cd26889ca66d677f1\"},\"description\":\"La matin\u00e9e a \u00e9t\u00e9 marqu\u00e9e par l'inauguration d'une statue de la paix sur le parvis du Palais, ainsi que diff\u00e9rents discou ...\",\"breadcrumb\":{\"@id\":\"https:\/\/www.africa-press.net\/tchad\/politique\/le-dialogue-national-officiellement-ouvert-les-travaux-debuteront-mardi-prochain#breadcrumb\"},\"inLanguage\":\"fr-FR\",\"potentialAction\":[{\"@type\":\"ReadAction\",\"target\":[\"https:\/\/www.africa-press.net\/tchad\/politique\/le-dialogue-national-officiellement-ouvert-les-travaux-debuteront-mardi-prochain\"]}]},{\"@type\":\"ImageObject\",\"inLanguage\":\"fr-FR\",\"@id\":\"https:\/\/www.africa-press.net\/tchad\/politique\/le-dialogue-national-officiellement-ouvert-les-travaux-debuteront-mardi-prochain#primaryimage\",\"url\":\"https:\/\/static.africa-press.net\/tchad\/sites\/41\/2022\/08\/postQueueImg_12-63011948c7295.jpg\",\"contentUrl\":\"https:\/\/static.africa-press.net\/tchad\/sites\/41\/2022\/08\/postQueueImg_12-63011948c7295.jpg\",\"width\":960,\"height\":948,\"caption\":\"le dialogue national officiellement ouvert, les travaux d\u00e9buteront mardi prochain\"},{\"@type\":\"BreadcrumbList\",\"@id\":\"https:\/\/www.africa-press.net\/tchad\/politique\/le-dialogue-national-officiellement-ouvert-les-travaux-debuteront-mardi-prochain#breadcrumb\",\"itemListElement\":[{\"@type\":\"ListItem\",\"position\":1,\"name\":\"Accueil\",\"item\":\"https:\/\/www.africa-press.net\/tchad\/\"},{\"@type\":\"ListItem\",\"position\":2,\"name\":\"le dialogue national officiellement ouvert, les travaux d\u00e9buteront mardi prochain\"}]},{\"@type\":\"WebSite\",\"@id\":\"https:\/\/www.africa-press.net\/tchad\/#website\",\"url\":\"https:\/\/www.africa-press.net\/tchad\/\",\"name\":\"tchad\",\"description\":\"Just another Africa News Agency Sites site\",\"potentialAction\":[{\"@type\":\"SearchAction\",\"target\":{\"@type\":\"EntryPoint\",\"urlTemplate\":\"https:\/\/www.africa-press.net\/tchad\/?s={search_term_string}\"},\"query-input\":{\"@type\":\"PropertyValueSpecification\",\"valueRequired\":true,\"valueName\":\"search_term_string\"}}],\"inLanguage\":\"fr-FR\"},{\"@type\":\"Person\",\"@id\":\"https:\/\/www.africa-press.net\/tchad\/#\/schema\/person\/2b1cf3cd81a31e3cd26889ca66d677f1\",\"name\":\"cfeditorfr\"}]}<\/script>\n<!-- \/ Yoast SEO Premium plugin. -->","yoast_head_json":{"title":"le dialogue national officiellement ouvert, les travaux d\u00e9buteront mardi prochain - tchad","description":"La matin\u00e9e a \u00e9t\u00e9 marqu\u00e9e par l'inauguration d'une statue de la paix sur le parvis du Palais, ainsi que diff\u00e9rents discou ...","robots":{"index":"index","follow":"follow","max-snippet":"max-snippet:-1","max-image-preview":"max-image-preview:large","max-video-preview":"max-video-preview:-1"},"canonical":"https:\/\/www.africa-press.net\/tchad\/politique\/le-dialogue-national-officiellement-ouvert-les-travaux-debuteront-mardi-prochain","og_locale":"fr_FR","og_type":"article","og_title":"le dialogue national officiellement ouvert, les travaux d\u00e9buteront mardi prochain","og_description":"La matin\u00e9e a \u00e9t\u00e9 marqu\u00e9e par l'inauguration d'une statue de la paix sur le parvis du Palais, ainsi que diff\u00e9rents discou ...","og_url":"https:\/\/www.africa-press.net\/tchad\/politique\/le-dialogue-national-officiellement-ouvert-les-travaux-debuteront-mardi-prochain","og_site_name":"tchad","article_published_time":"2022-08-20T17:08:45+00:00","article_modified_time":"2022-08-20T17:26:50+00:00","og_image":[{"width":960,"height":948,"url":"https:\/\/static.africa-press.net\/tchad\/sites\/41\/2022\/08\/postQueueImg_12-63011948c7295.jpg","type":"image\/jpeg"}],"author":"cfeditorfr","twitter_card":"summary_large_image","twitter_misc":{"\u00c9crit par":"cfeditorfr","Dur\u00e9e de lecture estim\u00e9e":"1 minute"},"schema":{"@context":"https:\/\/schema.org","@graph":[{"@type":"Article","@id":"https:\/\/www.africa-press.net\/tchad\/politique\/le-dialogue-national-officiellement-ouvert-les-travaux-debuteront-mardi-prochain#article","isPartOf":{"@id":"https:\/\/www.africa-press.net\/tchad\/politique\/le-dialogue-national-officiellement-ouvert-les-travaux-debuteront-mardi-prochain"},"author":{"name":"cfeditorfr","@id":"https:\/\/www.africa-press.net\/tchad\/#\/schema\/person\/2b1cf3cd81a31e3cd26889ca66d677f1"},"headline":"le dialogue national officiellement ouvert, les travaux d\u00e9buteront mardi prochain","datePublished":"2022-08-20T17:08:45+00:00","dateModified":"2022-08-20T17:26:50+00:00","mainEntityOfPage":{"@id":"https:\/\/www.africa-press.net\/tchad\/politique\/le-dialogue-national-officiellement-ouvert-les-travaux-debuteront-mardi-prochain"},"wordCount":164,"commentCount":0,"image":{"@id":"https:\/\/www.africa-press.net\/tchad\/politique\/le-dialogue-national-officiellement-ouvert-les-travaux-debuteront-mardi-prochain#primaryimage"},"thumbnailUrl":"https:\/\/static.africa-press.net\/tchad\/sites\/41\/2022\/08\/postQueueImg_12-63011948c7295.jpg","keywords":["Africa Press","Africa Press-Tchad","Tchad"],"articleSection":["homepage-french","Politique","Toutes les actualit\u00e9s"],"inLanguage":"fr-FR","potentialAction":[{"@type":"CommentAction","name":"Comment","target":["https:\/\/www.africa-press.net\/tchad\/politique\/le-dialogue-national-officiellement-ouvert-les-travaux-debuteront-mardi-prochain#respond"]}]},{"@type":"WebPage","@id":"https:\/\/www.africa-press.net\/tchad\/politique\/le-dialogue-national-officiellement-ouvert-les-travaux-debuteront-mardi-prochain","url":"https:\/\/www.africa-press.net\/tchad\/politique\/le-dialogue-national-officiellement-ouvert-les-travaux-debuteront-mardi-prochain","name":"le dialogue national officiellement ouvert, les travaux d\u00e9buteront mardi prochain - tchad","isPartOf":{"@id":"https:\/\/www.africa-press.net\/tchad\/#website"},"primaryImageOfPage":{"@id":"https:\/\/www.africa-press.net\/tchad\/politique\/le-dialogue-national-officiellement-ouvert-les-travaux-debuteront-mardi-prochain#primaryimage"},"image":{"@id":"https:\/\/www.africa-press.net\/tchad\/politique\/le-dialogue-national-officiellement-ouvert-les-travaux-debuteront-mardi-prochain#primaryimage"},"thumbnailUrl":"https:\/\/static.africa-press.net\/tchad\/sites\/41\/2022\/08\/postQueueImg_12-63011948c7295.jpg","datePublished":"2022-08-20T17:08:45+00:00","dateModified":"2022-08-20T17:26:50+00:00","author":{"@id":"https:\/\/www.africa-press.net\/tchad\/#\/schema\/person\/2b1cf3cd81a31e3cd26889ca66d677f1"},"description":"La matin\u00e9e a \u00e9t\u00e9 marqu\u00e9e par l'inauguration d'une statue de la paix sur le parvis du Palais, ainsi que diff\u00e9rents discou ...","breadcrumb":{"@id":"https:\/\/www.africa-press.net\/tchad\/politique\/le-dialogue-national-officiellement-ouvert-les-travaux-debuteront-mardi-prochain#breadcrumb"},"inLanguage":"fr-FR","potentialAction":[{"@type":"ReadAction","target":["https:\/\/www.africa-press.net\/tchad\/politique\/le-dialogue-national-officiellement-ouvert-les-travaux-debuteront-mardi-prochain"]}]},{"@type":"ImageObject","inLanguage":"fr-FR","@id":"https:\/\/www.africa-press.net\/tchad\/politique\/le-dialogue-national-officiellement-ouvert-les-travaux-debuteront-mardi-prochain#primaryimage","url":"https:\/\/static.africa-press.net\/tchad\/sites\/41\/2022\/08\/postQueueImg_12-63011948c7295.jpg","contentUrl":"https:\/\/static.africa-press.net\/tchad\/sites\/41\/2022\/08\/postQueueImg_12-63011948c7295.jpg","width":960,"height":948,"caption":"le dialogue national officiellement ouvert, les travaux d\u00e9buteront mardi prochain"},{"@type":"BreadcrumbList","@id":"https:\/\/www.africa-press.net\/tchad\/politique\/le-dialogue-national-officiellement-ouvert-les-travaux-debuteront-mardi-prochain#breadcrumb","itemListElement":[{"@type":"ListItem","position":1,"name":"Accueil","item":"https:\/\/www.africa-press.net\/tchad\/"},{"@type":"ListItem","position":2,"name":"le dialogue national officiellement ouvert, les travaux d\u00e9buteront mardi prochain"}]},{"@type":"WebSite","@id":"https:\/\/www.africa-press.net\/tchad\/#website","url":"https:\/\/www.africa-press.net\/tchad\/","name":"tchad","description":"Just another Africa News Agency Sites site","potentialAction":[{"@type":"SearchAction","target":{"@type":"EntryPoint","urlTemplate":"https:\/\/www.africa-press.net\/tchad\/?s={search_term_string}"},"query-input":{"@type":"PropertyValueSpecification","valueRequired":true,"valueName":"search_term_string"}}],"inLanguage":"fr-FR"},{"@type":"Person","@id":"https:\/\/www.africa-press.net\/tchad\/#\/schema\/person\/2b1cf3cd81a31e3cd26889ca66d677f1","name":"cfeditorfr"}]}},"_links":{"self":[{"href":"https:\/\/www.africa-press.net\/tchad\/wp-json\/wp\/v2\/posts\/30951","targetHints":{"allow":["GET"]}}],"collection":[{"href":"https:\/\/www.africa-press.net\/tchad\/wp-json\/wp\/v2\/posts"}],"about":[{"href":"https:\/\/www.africa-press.net\/tchad\/wp-json\/wp\/v2\/types\/post"}],"author":[{"embeddable":true,"href":"https:\/\/www.africa-press.net\/tchad\/wp-json\/wp\/v2\/users\/82"}],"replies":[{"embeddable":true,"href":"https:\/\/www.africa-press.net\/tchad\/wp-json\/wp\/v2\/comments?post=30951"}],"version-history":[{"count":0,"href":"https:\/\/www.africa-press.net\/tchad\/wp-json\/wp\/v2\/posts\/30951\/revisions"}],"wp:featuredmedia":[{"embeddable":true,"href":"https:\/\/www.africa-press.net\/tchad\/wp-json\/wp\/v2\/media\/30950"}],"wp:attachment":[{"href":"https:\/\/www.africa-press.net\/tchad\/wp-json\/wp\/v2\/media?parent=30951"}],"wp:term":[{"taxonomy":"category","embeddable":true,"href":"https:\/\/www.africa-press.net\/tchad\/wp-json\/wp\/v2\/categories?post=30951"},{"taxonomy":"post_tag","embeddable":true,"href":"https:\/\/www.africa-press.net\/tchad\/wp-json\/wp\/v2\/tags?post=30951"}],"curies":[{"name":"wp","href":"https:\/\/api.w.org\/{rel}","templated":true}]}}