{"id":30954,"date":"2022-08-20T17:09:43","date_gmt":"2022-08-20T17:09:43","guid":{"rendered":"https:\/\/www.africa-press.net\/tchad\/politique\/dialogue-au-tchad-lonu-demande-limplication-des-absents-dans-les-jours-ou-semaines-a-venir"},"modified":"2022-08-20T17:27:14","modified_gmt":"2022-08-20T17:27:14","slug":"dialogue-au-tchad-lonu-demande-limplication-des-absents-dans-les-jours-ou-semaines-a-venir","status":"publish","type":"post","link":"https:\/\/www.africa-press.net\/tchad\/politique\/dialogue-au-tchad-lonu-demande-limplication-des-absents-dans-les-jours-ou-semaines-a-venir","title":{"rendered":"Dialogue au Tchad : l&rsquo;ONU demande l&rsquo;implication des absents \u00ab\u00a0dans les jours ou semaines \u00e0 venir\u00a0\u00bb"},"content":{"rendered":"<p><span style=\"color: #ff6600\"><strong>Africa-Press &#8211; Tchad. <\/strong><\/span>Pr\u00e9sent \u00e0 N&rsquo;Djamena pour le lancement des assises du dialogue national, Parfait Onanga Anyanga, a exprim\u00e9 les encouragements et sollicitations du chef de l&rsquo;ONU, Ant\u00f3nio Guterres. Ce dernier souhaite que <b>\u00ab\u00a0l&rsquo;engagement se poursuivre pour que les membres de la soci\u00e9t\u00e9 tchadienne qui ne sont pas pr\u00e9sents aujourd&rsquo;hui s&rsquo;inscrivent dans la dynamique de dialogue dans les jours ou semaines \u00e0 venir\u00a0\u00bb.<\/b><\/p>\n<p>Il souligne que <b>\u00ab\u00a0les enjeux du dialogue national inclusif et souverain sont \u00e9normes. Le dialogue offre une opportunit\u00e9 pour le peuple tchadien de mettre le Tchad sur la voie du retour \u00e0 l&rsquo;ordre constitutionnel met d\u00e9mocratie\u00a0\u00bb.<\/b><\/p>\n<p>Et d&rsquo;ajouter :<b> \u00ab\u00a0ceci passera in\u00e9luctablement par la r\u00e9conciliation entre les fils et filles du Tchad\u00a0\u00bb.<\/b><\/p>\n<p>Le parti Les Transformateurs, la coalition Wakit Tamma ou encore des mouvements politico-militaires comme le FACT et le CCMSR ne prennent pas part aux assises. Ils r\u00e9clament notamment des meilleures garanties d&rsquo;inclusivit\u00e9.<\/p>\n<p><strong>Pour plus d&rsquo;informations et d&rsquo;analyses sur la <a href=\"https:\/\/www.africa-press.net\/tchad\">Tchad<\/a>, suivez <a href=\"https:\/\/www.africa-press.net\/\">Africa-Press<\/a><\/strong><\/p>\n","protected":false},"excerpt":{"rendered":"<p>Africa-Press &#8211; Tchad. Pr\u00e9sent \u00e0 N&rsquo;Djamena pour le lancement des assises du dialogue national, Parfait Onanga Anyanga, a exprim\u00e9 les encouragements et sollicitations du chef de l&rsquo;ONU, Ant\u00f3nio Guterres. Ce dernier souhaite que \u00ab\u00a0l&rsquo;engagement se poursuivre pour que les membres de la soci\u00e9t\u00e9 tchadienne qui ne sont pas pr\u00e9sents aujourd&rsquo;hui s&rsquo;inscrivent dans la dynamique de [&hellip;]<\/p>\n","protected":false},"author":82,"featured_media":30953,"comment_status":"open","ping_status":"closed","sticky":false,"template":"","format":"standard","meta":{"footnotes":""},"categories":[11,2,20,10],"tags":[37,292,29],"class_list":["post-30954","post","type-post","status-publish","format-standard","has-post-thumbnail","hentry","category-homepage-french","category-politique","category-top-nouvelles","category-toutes-les-actualites","tag-africa-press","tag-africa-press-tchad","tag-tchad"],"yoast_head":"<!-- This site is optimized with the Yoast SEO Premium plugin v26.1 (Yoast SEO v27.0) - https:\/\/yoast.com\/product\/yoast-seo-premium-wordpress\/ -->\n<title>Dialogue au Tchad : l&#039;ONU demande l&#039;implication des absents &quot;dans les jours ou semaines \u00e0 venir&quot; - tchad<\/title>\n<meta name=\"description\" content=\"Pr\u00e9sent \u00e0 N&#039;Djamena pour le lancement des assises du dialogue national, Parfait Onanga Anyanga, a exprim\u00e9 les encouragem ...\" \/>\n<meta name=\"robots\" content=\"index, follow, max-snippet:-1, max-image-preview:large, max-video-preview:-1\" \/>\n<link rel=\"canonical\" href=\"https:\/\/www.africa-press.net\/tchad\/politique\/dialogue-au-tchad-lonu-demande-limplication-des-absents-dans-les-jours-ou-semaines-a-venir\" \/>\n<meta property=\"og:locale\" content=\"fr_FR\" \/>\n<meta property=\"og:type\" content=\"article\" \/>\n<meta property=\"og:title\" content=\"Dialogue au Tchad : l&#039;ONU demande l&#039;implication des absents &quot;dans les jours ou semaines \u00e0 venir&quot;\" \/>\n<meta property=\"og:description\" content=\"Pr\u00e9sent \u00e0 N&#039;Djamena pour le lancement des assises du dialogue national, Parfait Onanga Anyanga, a exprim\u00e9 les encouragem ...\" \/>\n<meta property=\"og:url\" content=\"https:\/\/www.africa-press.net\/tchad\/politique\/dialogue-au-tchad-lonu-demande-limplication-des-absents-dans-les-jours-ou-semaines-a-venir\" \/>\n<meta property=\"og:site_name\" content=\"tchad\" \/>\n<meta property=\"article:published_time\" content=\"2022-08-20T17:09:43+00:00\" \/>\n<meta property=\"article:modified_time\" content=\"2022-08-20T17:27:14+00:00\" \/>\n<meta property=\"og:image\" content=\"https:\/\/static.africa-press.net\/tchad\/sites\/41\/2022\/08\/postQueueImg_13-630119608d1cf.jpg\" \/>\n\t<meta property=\"og:image:width\" content=\"959\" \/>\n\t<meta property=\"og:image:height\" content=\"638\" \/>\n\t<meta property=\"og:image:type\" content=\"image\/jpeg\" \/>\n<meta name=\"author\" content=\"cfeditorfr\" \/>\n<meta name=\"twitter:card\" content=\"summary_large_image\" \/>\n<meta name=\"twitter:label1\" content=\"\u00c9crit par\" \/>\n\t<meta name=\"twitter:data1\" content=\"cfeditorfr\" \/>\n\t<meta name=\"twitter:label2\" content=\"Dur\u00e9e de lecture estim\u00e9e\" \/>\n\t<meta name=\"twitter:data2\" content=\"1 minute\" \/>\n<script type=\"application\/ld+json\" class=\"yoast-schema-graph\">{\"@context\":\"https:\/\/schema.org\",\"@graph\":[{\"@type\":\"Article\",\"@id\":\"https:\/\/www.africa-press.net\/tchad\/politique\/dialogue-au-tchad-lonu-demande-limplication-des-absents-dans-les-jours-ou-semaines-a-venir#article\",\"isPartOf\":{\"@id\":\"https:\/\/www.africa-press.net\/tchad\/politique\/dialogue-au-tchad-lonu-demande-limplication-des-absents-dans-les-jours-ou-semaines-a-venir\"},\"author\":{\"name\":\"cfeditorfr\",\"@id\":\"https:\/\/www.africa-press.net\/tchad\/#\/schema\/person\/2b1cf3cd81a31e3cd26889ca66d677f1\"},\"headline\":\"Dialogue au Tchad : l&rsquo;ONU demande l&rsquo;implication des absents \u00ab\u00a0dans les jours ou semaines \u00e0 venir\u00a0\u00bb\",\"datePublished\":\"2022-08-20T17:09:43+00:00\",\"dateModified\":\"2022-08-20T17:27:14+00:00\",\"mainEntityOfPage\":{\"@id\":\"https:\/\/www.africa-press.net\/tchad\/politique\/dialogue-au-tchad-lonu-demande-limplication-des-absents-dans-les-jours-ou-semaines-a-venir\"},\"wordCount\":187,\"commentCount\":0,\"image\":{\"@id\":\"https:\/\/www.africa-press.net\/tchad\/politique\/dialogue-au-tchad-lonu-demande-limplication-des-absents-dans-les-jours-ou-semaines-a-venir#primaryimage\"},\"thumbnailUrl\":\"https:\/\/static.africa-press.net\/tchad\/sites\/41\/2022\/08\/postQueueImg_13-630119608d1cf.jpg\",\"keywords\":[\"Africa Press\",\"Africa Press-Tchad\",\"Tchad\"],\"articleSection\":[\"homepage-french\",\"Politique\",\"Top Nouvelles\",\"Toutes les actualit\u00e9s\"],\"inLanguage\":\"fr-FR\",\"potentialAction\":[{\"@type\":\"CommentAction\",\"name\":\"Comment\",\"target\":[\"https:\/\/www.africa-press.net\/tchad\/politique\/dialogue-au-tchad-lonu-demande-limplication-des-absents-dans-les-jours-ou-semaines-a-venir#respond\"]}]},{\"@type\":\"WebPage\",\"@id\":\"https:\/\/www.africa-press.net\/tchad\/politique\/dialogue-au-tchad-lonu-demande-limplication-des-absents-dans-les-jours-ou-semaines-a-venir\",\"url\":\"https:\/\/www.africa-press.net\/tchad\/politique\/dialogue-au-tchad-lonu-demande-limplication-des-absents-dans-les-jours-ou-semaines-a-venir\",\"name\":\"Dialogue au Tchad : l'ONU demande l'implication des absents \\\"dans les jours ou semaines \u00e0 venir\\\" - tchad\",\"isPartOf\":{\"@id\":\"https:\/\/www.africa-press.net\/tchad\/#website\"},\"primaryImageOfPage\":{\"@id\":\"https:\/\/www.africa-press.net\/tchad\/politique\/dialogue-au-tchad-lonu-demande-limplication-des-absents-dans-les-jours-ou-semaines-a-venir#primaryimage\"},\"image\":{\"@id\":\"https:\/\/www.africa-press.net\/tchad\/politique\/dialogue-au-tchad-lonu-demande-limplication-des-absents-dans-les-jours-ou-semaines-a-venir#primaryimage\"},\"thumbnailUrl\":\"https:\/\/static.africa-press.net\/tchad\/sites\/41\/2022\/08\/postQueueImg_13-630119608d1cf.jpg\",\"datePublished\":\"2022-08-20T17:09:43+00:00\",\"dateModified\":\"2022-08-20T17:27:14+00:00\",\"author\":{\"@id\":\"https:\/\/www.africa-press.net\/tchad\/#\/schema\/person\/2b1cf3cd81a31e3cd26889ca66d677f1\"},\"description\":\"Pr\u00e9sent \u00e0 N'Djamena pour le lancement des assises du dialogue national, Parfait Onanga Anyanga, a exprim\u00e9 les encouragem ...\",\"breadcrumb\":{\"@id\":\"https:\/\/www.africa-press.net\/tchad\/politique\/dialogue-au-tchad-lonu-demande-limplication-des-absents-dans-les-jours-ou-semaines-a-venir#breadcrumb\"},\"inLanguage\":\"fr-FR\",\"potentialAction\":[{\"@type\":\"ReadAction\",\"target\":[\"https:\/\/www.africa-press.net\/tchad\/politique\/dialogue-au-tchad-lonu-demande-limplication-des-absents-dans-les-jours-ou-semaines-a-venir\"]}]},{\"@type\":\"ImageObject\",\"inLanguage\":\"fr-FR\",\"@id\":\"https:\/\/www.africa-press.net\/tchad\/politique\/dialogue-au-tchad-lonu-demande-limplication-des-absents-dans-les-jours-ou-semaines-a-venir#primaryimage\",\"url\":\"https:\/\/static.africa-press.net\/tchad\/sites\/41\/2022\/08\/postQueueImg_13-630119608d1cf.jpg\",\"contentUrl\":\"https:\/\/static.africa-press.net\/tchad\/sites\/41\/2022\/08\/postQueueImg_13-630119608d1cf.jpg\",\"width\":959,\"height\":638,\"caption\":\"Dialogue au Tchad : l'ONU demande l'implication des absents \\\"dans les jours ou semaines \u00e0 venir\\\"\"},{\"@type\":\"BreadcrumbList\",\"@id\":\"https:\/\/www.africa-press.net\/tchad\/politique\/dialogue-au-tchad-lonu-demande-limplication-des-absents-dans-les-jours-ou-semaines-a-venir#breadcrumb\",\"itemListElement\":[{\"@type\":\"ListItem\",\"position\":1,\"name\":\"Accueil\",\"item\":\"https:\/\/www.africa-press.net\/tchad\/\"},{\"@type\":\"ListItem\",\"position\":2,\"name\":\"Dialogue au Tchad : l&#8217;ONU demande l&#8217;implication des absents &#8220;dans les jours ou semaines \u00e0 venir&#8221;\"}]},{\"@type\":\"WebSite\",\"@id\":\"https:\/\/www.africa-press.net\/tchad\/#website\",\"url\":\"https:\/\/www.africa-press.net\/tchad\/\",\"name\":\"tchad\",\"description\":\"Just another Africa News Agency Sites site\",\"potentialAction\":[{\"@type\":\"SearchAction\",\"target\":{\"@type\":\"EntryPoint\",\"urlTemplate\":\"https:\/\/www.africa-press.net\/tchad\/?s={search_term_string}\"},\"query-input\":{\"@type\":\"PropertyValueSpecification\",\"valueRequired\":true,\"valueName\":\"search_term_string\"}}],\"inLanguage\":\"fr-FR\"},{\"@type\":\"Person\",\"@id\":\"https:\/\/www.africa-press.net\/tchad\/#\/schema\/person\/2b1cf3cd81a31e3cd26889ca66d677f1\",\"name\":\"cfeditorfr\"}]}<\/script>\n<!-- \/ Yoast SEO Premium plugin. -->","yoast_head_json":{"title":"Dialogue au Tchad : l'ONU demande l'implication des absents \"dans les jours ou semaines \u00e0 venir\" - tchad","description":"Pr\u00e9sent \u00e0 N'Djamena pour le lancement des assises du dialogue national, Parfait Onanga Anyanga, a exprim\u00e9 les encouragem ...","robots":{"index":"index","follow":"follow","max-snippet":"max-snippet:-1","max-image-preview":"max-image-preview:large","max-video-preview":"max-video-preview:-1"},"canonical":"https:\/\/www.africa-press.net\/tchad\/politique\/dialogue-au-tchad-lonu-demande-limplication-des-absents-dans-les-jours-ou-semaines-a-venir","og_locale":"fr_FR","og_type":"article","og_title":"Dialogue au Tchad : l'ONU demande l'implication des absents \"dans les jours ou semaines \u00e0 venir\"","og_description":"Pr\u00e9sent \u00e0 N'Djamena pour le lancement des assises du dialogue national, Parfait Onanga Anyanga, a exprim\u00e9 les encouragem ...","og_url":"https:\/\/www.africa-press.net\/tchad\/politique\/dialogue-au-tchad-lonu-demande-limplication-des-absents-dans-les-jours-ou-semaines-a-venir","og_site_name":"tchad","article_published_time":"2022-08-20T17:09:43+00:00","article_modified_time":"2022-08-20T17:27:14+00:00","og_image":[{"width":959,"height":638,"url":"https:\/\/static.africa-press.net\/tchad\/sites\/41\/2022\/08\/postQueueImg_13-630119608d1cf.jpg","type":"image\/jpeg"}],"author":"cfeditorfr","twitter_card":"summary_large_image","twitter_misc":{"\u00c9crit par":"cfeditorfr","Dur\u00e9e de lecture estim\u00e9e":"1 minute"},"schema":{"@context":"https:\/\/schema.org","@graph":[{"@type":"Article","@id":"https:\/\/www.africa-press.net\/tchad\/politique\/dialogue-au-tchad-lonu-demande-limplication-des-absents-dans-les-jours-ou-semaines-a-venir#article","isPartOf":{"@id":"https:\/\/www.africa-press.net\/tchad\/politique\/dialogue-au-tchad-lonu-demande-limplication-des-absents-dans-les-jours-ou-semaines-a-venir"},"author":{"name":"cfeditorfr","@id":"https:\/\/www.africa-press.net\/tchad\/#\/schema\/person\/2b1cf3cd81a31e3cd26889ca66d677f1"},"headline":"Dialogue au Tchad : l&rsquo;ONU demande l&rsquo;implication des absents \u00ab\u00a0dans les jours ou semaines \u00e0 venir\u00a0\u00bb","datePublished":"2022-08-20T17:09:43+00:00","dateModified":"2022-08-20T17:27:14+00:00","mainEntityOfPage":{"@id":"https:\/\/www.africa-press.net\/tchad\/politique\/dialogue-au-tchad-lonu-demande-limplication-des-absents-dans-les-jours-ou-semaines-a-venir"},"wordCount":187,"commentCount":0,"image":{"@id":"https:\/\/www.africa-press.net\/tchad\/politique\/dialogue-au-tchad-lonu-demande-limplication-des-absents-dans-les-jours-ou-semaines-a-venir#primaryimage"},"thumbnailUrl":"https:\/\/static.africa-press.net\/tchad\/sites\/41\/2022\/08\/postQueueImg_13-630119608d1cf.jpg","keywords":["Africa Press","Africa Press-Tchad","Tchad"],"articleSection":["homepage-french","Politique","Top Nouvelles","Toutes les actualit\u00e9s"],"inLanguage":"fr-FR","potentialAction":[{"@type":"CommentAction","name":"Comment","target":["https:\/\/www.africa-press.net\/tchad\/politique\/dialogue-au-tchad-lonu-demande-limplication-des-absents-dans-les-jours-ou-semaines-a-venir#respond"]}]},{"@type":"WebPage","@id":"https:\/\/www.africa-press.net\/tchad\/politique\/dialogue-au-tchad-lonu-demande-limplication-des-absents-dans-les-jours-ou-semaines-a-venir","url":"https:\/\/www.africa-press.net\/tchad\/politique\/dialogue-au-tchad-lonu-demande-limplication-des-absents-dans-les-jours-ou-semaines-a-venir","name":"Dialogue au Tchad : l'ONU demande l'implication des absents \"dans les jours ou semaines \u00e0 venir\" - tchad","isPartOf":{"@id":"https:\/\/www.africa-press.net\/tchad\/#website"},"primaryImageOfPage":{"@id":"https:\/\/www.africa-press.net\/tchad\/politique\/dialogue-au-tchad-lonu-demande-limplication-des-absents-dans-les-jours-ou-semaines-a-venir#primaryimage"},"image":{"@id":"https:\/\/www.africa-press.net\/tchad\/politique\/dialogue-au-tchad-lonu-demande-limplication-des-absents-dans-les-jours-ou-semaines-a-venir#primaryimage"},"thumbnailUrl":"https:\/\/static.africa-press.net\/tchad\/sites\/41\/2022\/08\/postQueueImg_13-630119608d1cf.jpg","datePublished":"2022-08-20T17:09:43+00:00","dateModified":"2022-08-20T17:27:14+00:00","author":{"@id":"https:\/\/www.africa-press.net\/tchad\/#\/schema\/person\/2b1cf3cd81a31e3cd26889ca66d677f1"},"description":"Pr\u00e9sent \u00e0 N'Djamena pour le lancement des assises du dialogue national, Parfait Onanga Anyanga, a exprim\u00e9 les encouragem ...","breadcrumb":{"@id":"https:\/\/www.africa-press.net\/tchad\/politique\/dialogue-au-tchad-lonu-demande-limplication-des-absents-dans-les-jours-ou-semaines-a-venir#breadcrumb"},"inLanguage":"fr-FR","potentialAction":[{"@type":"ReadAction","target":["https:\/\/www.africa-press.net\/tchad\/politique\/dialogue-au-tchad-lonu-demande-limplication-des-absents-dans-les-jours-ou-semaines-a-venir"]}]},{"@type":"ImageObject","inLanguage":"fr-FR","@id":"https:\/\/www.africa-press.net\/tchad\/politique\/dialogue-au-tchad-lonu-demande-limplication-des-absents-dans-les-jours-ou-semaines-a-venir#primaryimage","url":"https:\/\/static.africa-press.net\/tchad\/sites\/41\/2022\/08\/postQueueImg_13-630119608d1cf.jpg","contentUrl":"https:\/\/static.africa-press.net\/tchad\/sites\/41\/2022\/08\/postQueueImg_13-630119608d1cf.jpg","width":959,"height":638,"caption":"Dialogue au Tchad : l'ONU demande l'implication des absents \"dans les jours ou semaines \u00e0 venir\""},{"@type":"BreadcrumbList","@id":"https:\/\/www.africa-press.net\/tchad\/politique\/dialogue-au-tchad-lonu-demande-limplication-des-absents-dans-les-jours-ou-semaines-a-venir#breadcrumb","itemListElement":[{"@type":"ListItem","position":1,"name":"Accueil","item":"https:\/\/www.africa-press.net\/tchad\/"},{"@type":"ListItem","position":2,"name":"Dialogue au Tchad : l&#8217;ONU demande l&#8217;implication des absents &#8220;dans les jours ou semaines \u00e0 venir&#8221;"}]},{"@type":"WebSite","@id":"https:\/\/www.africa-press.net\/tchad\/#website","url":"https:\/\/www.africa-press.net\/tchad\/","name":"tchad","description":"Just another Africa News Agency Sites site","potentialAction":[{"@type":"SearchAction","target":{"@type":"EntryPoint","urlTemplate":"https:\/\/www.africa-press.net\/tchad\/?s={search_term_string}"},"query-input":{"@type":"PropertyValueSpecification","valueRequired":true,"valueName":"search_term_string"}}],"inLanguage":"fr-FR"},{"@type":"Person","@id":"https:\/\/www.africa-press.net\/tchad\/#\/schema\/person\/2b1cf3cd81a31e3cd26889ca66d677f1","name":"cfeditorfr"}]}},"_links":{"self":[{"href":"https:\/\/www.africa-press.net\/tchad\/wp-json\/wp\/v2\/posts\/30954","targetHints":{"allow":["GET"]}}],"collection":[{"href":"https:\/\/www.africa-press.net\/tchad\/wp-json\/wp\/v2\/posts"}],"about":[{"href":"https:\/\/www.africa-press.net\/tchad\/wp-json\/wp\/v2\/types\/post"}],"author":[{"embeddable":true,"href":"https:\/\/www.africa-press.net\/tchad\/wp-json\/wp\/v2\/users\/82"}],"replies":[{"embeddable":true,"href":"https:\/\/www.africa-press.net\/tchad\/wp-json\/wp\/v2\/comments?post=30954"}],"version-history":[{"count":0,"href":"https:\/\/www.africa-press.net\/tchad\/wp-json\/wp\/v2\/posts\/30954\/revisions"}],"wp:featuredmedia":[{"embeddable":true,"href":"https:\/\/www.africa-press.net\/tchad\/wp-json\/wp\/v2\/media\/30953"}],"wp:attachment":[{"href":"https:\/\/www.africa-press.net\/tchad\/wp-json\/wp\/v2\/media?parent=30954"}],"wp:term":[{"taxonomy":"category","embeddable":true,"href":"https:\/\/www.africa-press.net\/tchad\/wp-json\/wp\/v2\/categories?post=30954"},{"taxonomy":"post_tag","embeddable":true,"href":"https:\/\/www.africa-press.net\/tchad\/wp-json\/wp\/v2\/tags?post=30954"}],"curies":[{"name":"wp","href":"https:\/\/api.w.org\/{rel}","templated":true}]}}