{"id":30963,"date":"2022-08-20T17:19:56","date_gmt":"2022-08-20T17:19:56","guid":{"rendered":"https:\/\/www.africa-press.net\/tchad\/politique\/art-expositions-effervescence-africaine"},"modified":"2022-08-20T17:41:13","modified_gmt":"2022-08-20T17:41:13","slug":"art-expositions-effervescence-africaine","status":"publish","type":"post","link":"https:\/\/www.africa-press.net\/tchad\/culture-et-art\/art-expositions-effervescence-africaine","title":{"rendered":"Art \u2013 Expositions\u00a0: effervescence africaine"},"content":{"rendered":"<p><span style=\"color: #ff6600\"><strong>Africa-Press &#8211; Tchad. <\/strong><\/span>Le mus\u00e9e des Arts d&rsquo;Afrique et d&rsquo;Asie de Vichy f\u00eate ses 100 ans. \u00c0 cette occasion, une grande r\u00e9trospective de ce si\u00e8cle d&rsquo;Histoire est propos\u00e9e au public. Un retour sur la cr\u00e9ation du mus\u00e9e et l&rsquo;origine des collections parmi lesquelles figurent pr\u00e8s de 5 000 objets d&rsquo;art rapport\u00e9s par des missionnaires mais aussi issus de donations. Statuettes, masques, photographies, venus du Maghreb, d&rsquo;Afrique de l&rsquo;Ouest et d&rsquo;Afrique centrale, t\u00e9moignent de la richesse et de la diversit\u00e9 des expressions artistiques du continent. \u00ab Aujourd&rsquo;hui, avec toutes les \u00e9tudes en histoire de l&rsquo;art et en anthropologie, on a une meilleure connaissance de ces objets. Et puis surtout, les populations concern\u00e9es participent \u00e0 la connaissance de leurs arts \u00bb, explique la directrice du mus\u00e9e, Marie-Line Therre.<\/p>\n<p>En effet, chaque \u0153uvre d&rsquo;art donn\u00e9e \u00e0 d\u00e9couvrir est illustr\u00e9e de la photo du missionnaire \u00e0 l&rsquo;origine de l&rsquo;apport de l&rsquo;objet, de sa signification et de sa provenance. Pour compl\u00e9ter cette c\u00e9l\u00e9bration, le mus\u00e9e propose deux expositions temporaires autour de deux th\u00e8mes \u00e0 l&rsquo;honneur : \u00ab Voyages \u00bb et \u00ab Touaregs \u00bb. Un parcours dans l&rsquo;immensit\u00e9 du Sahara \u00e0 travers les \u0153uvres de trois pays, Alg\u00e9rie, Mali, Niger, c&rsquo;est ce que propose l&rsquo;exposition \u00ab Touaregs. Objets nomades \u00bb. Le mus\u00e9e conserve depuis sa cr\u00e9ation une riche collection d&rsquo;art touareg, dont des cuirs anciens et une donation r\u00e9cente de bijoux en provenance du Niger. Une plong\u00e9e au c\u0153ur de cette culture et de ses valeurs dont la sobri\u00e9t\u00e9 des formes, l&rsquo;art \u00e9pur\u00e9 et raffin\u00e9 ainsi que l&rsquo;\u00e9quilibre des d\u00e9cors correspondent \u00e0 un id\u00e9al de retenue et de noblesse en soci\u00e9t\u00e9 de ce peuple nomade.<\/p>\n<p><b>Mus\u00e9e des Arts d&rsquo;Afrique et d&rsquo;Asie. 16, avenue Thermale. 03200 Vichy. Ouvert du mardi au dimanche, de 14 heures \u00e0 18 heures. Tarif : 5 \u20ac. Tarif r\u00e9duit 3 \u20ac. Gratuit jusqu&rsquo;\u00e0 18 ans. Jusqu&rsquo;au 30 octobre.<\/b><br \/>\n<b>Abbaye de Daoulas, \u00ab Afrique : les religions de l&rsquo;extase \u00bb dans le Finist\u00e8re<\/b><\/p>\n<p>Quand un patrimoine tel que l&rsquo;Abbaye de Daoulas et une exposition sur les richesses des religions africaines viennent \u00e0 se rencontrer, l&rsquo;exp\u00e9rience est tout simplement in\u00e9dite et inoubliable. Situ\u00e9 sur les chemins du Patrimoine du Finist\u00e8re, cet ancien monast\u00e8re au charme et patrimoine exceptionnel, avec ses jardins botaniques et son architecture qui a su conserver sa splendeur initiale, accueille cette ann\u00e9e le MEG \u2013 mus\u00e9e d&rsquo;Ethnographie de Gen\u00e8ve \u2013 pour une plong\u00e9e dans le mysticisme et la ferveur religieuse africaine autour de l&rsquo;angle central de l&rsquo;extase. Une exposition qui invite au voyage des sens et de l&rsquo;esprit et qui vise, pour Boris Wasttiau, le commissaire de l&rsquo;exposition, \u00e0 \u00ab faire r\u00e9fl\u00e9chir aux aspects subjectifs de l&rsquo;exp\u00e9rience religieuse dans ce qu&rsquo;elle a d&rsquo;incarn\u00e9 individuellement ou collectivement, les sentiments et les \u00e9motions qu&rsquo;elle procure \u00bb. La sc\u00e9nographie, qui a \u00e9t\u00e9 confi\u00e9e \u00e0 Franck Hound\u00e9gla, propose ainsi un parcours visuel sur fond sonore, autour de quatre th\u00e9matiques centrales : les religions monoth\u00e9istes, les religions autochtones (divination sacrifice culte des anc\u00eatres), les cultes de possession et, enfin, les cultes magico-religieux. Au total, ce sont pr\u00e8s de 200 pi\u00e8ces venues de tout le continent \u2013 des portraits, des vid\u00e9os, des objets de cultes de toutes sortes \u2013 d&rsquo;artistes et d&rsquo;ethnologues tels que Th\u00e9o Eshehu, Jacques Faubl\u00e9e, Jean-Pierre Grandjean, Christina Lutz, Mahau Modisakeng. Plus qu&rsquo;une exposition, \u00ab Afrique : les religions de l&rsquo;extase \u00bb est une invitation \u00e0 comprendre la puissance de l&rsquo;\u00e9lan religieux. Le public est amen\u00e9 \u00e0 vivre et \u00e0 ressentir au fur et \u00e0 mesure de son parcours la richesse des \u00e9motions que suscite l&rsquo;extase religieuse : la contemplation, le ravissement, la b\u00e9atitude, l&rsquo;enivrement, l&rsquo;exaltation et l&rsquo;ivresse. Une immersion exceptionnelle au c\u0153ur des richesses et des pratiques religieuses africaines.<\/p>\n<p><b>Abbaye de Daoulas, 21, rue de l&rsquo;\u00c9glise, 29460 Daoulas. Jusqu&rsquo;au 4 d\u00e9cembre 2022.<\/b><br \/>\n<b>La Grande Orangerie, \u00ab Congo Paintings, une autre vision du monde \u00bb \u00e0 Dijon<\/b><\/p>\n<p>La fine fleur de la sc\u00e8ne artistique de Kinshasa est \u00e0 l&rsquo;honneur cet \u00e9t\u00e9 \u00e0 Dijon. \u00c0 l&rsquo;occasion de la 7e Biennale d&rsquo;Art singulier qui se d\u00e9roule du 28 juin au 28 ao\u00fbt 2022, l&rsquo;exposition \u00ab Congo Paintings, une autre vision du monde \u00bb apr\u00e8s Namur et Vichy, s&rsquo;installe cette ann\u00e9e \u00e0 la Grande Orangerie \u00e0 Dijon. Cette exposition haute en couleur et en images rassemble, gr\u00e2ce aux pr\u00eats de trois collectionneurs passionn\u00e9s fran\u00e7ais, Philippe Pellering, Boris Vanhoutte et Bernard Sexe, les \u0153uvres de plusieurs g\u00e9n\u00e9rations d&rsquo;artistes majeures qui t\u00e9moignent de la vie bouillonnante de la sc\u00e8ne artistique kinoise. En tout, ce sont 80 toiles expos\u00e9es, des peintures qui osent tout : satire politique, \u00e9rotisme, parodie sociale et religieuse, sous le regard corrosif d&rsquo;artistes peintres talentueux et de renomm\u00e9es mondiales qui partagent leur regard sur Kinshasa, leur vision de l&rsquo;art et leur r\u00f4le en tant qu&rsquo;artiste. Les artistes expos\u00e9s : Mwenze Kibwanga, Cheri Cherin, Ch\u00e9ri Samba, Pierre Bodo, Pambu, Papa Mfumu&rsquo;eto 1er, Ange Kumbi, Simon Kipulu, Ch\u00e9ri Benga, Ma\u00eetre Syms, JP Kiangu, Mwenze Kibwanga, Amani Bodo, Bodo Fils, Sam Ilus, Landry, JP Mika, Pita Kalala, Peter Tujibikile, Lusavuvu, Mok\u00e9 p\u00e8re, Mok\u00e9 fils, Lofenia, Aundu Kiala, Kiesse, Herg\u00e9 Makuzay, Sapin Makengel, Rigobert Nimi, P.p. Mbiya, Somi.<\/p>\n<p><b>La Grande Orangerie, jardin botanique de l&rsquo;Arquebuse, Dijon. Jusqu&rsquo;au 28 ao\u00fbt.<\/b><br \/>\n<b>Mudaac, mus\u00e9e d\u00e9partemental d&rsquo;Art ancien et contemporain \u00ab UTHIOPIE : m\u00e9moires r\u00eav\u00e9es d&rsquo;Afrique \u00bb, photographies de William Ropp, Vosges, \u00c9pinal<\/b><\/p>\n<p>Quand on lui pose la question : \u00ab Pourquoi l&rsquo;Afrique ? \u00bb, William Ropp raconte l&rsquo;histoire de celui qui a construit son imaginaire, celle de son trisa\u00efeul Louis Jacolliot et de ses voyages en Afrique, une l\u00e9gende dans sa famille. Voil\u00e0 donc d&rsquo;o\u00f9 lui vient cette envie irr\u00e9pressible d&rsquo;Afrique. Connu pour ses s\u00e9ries de portraits, ses photographies en noir et blanc et ses r\u00e9cits de voyage en Afrique consign\u00e9s dans son livre <b>M\u00e9moires r\u00eav\u00e9es d&rsquo;Afrique<\/b>, il revient quelques ann\u00e9es plus tard avec une s\u00e9rie de portraits saisis cette fois-ci, dans la corne de l&rsquo;Afrique, en \u00c9thiopie. C&rsquo;est l\u00e0 qu&rsquo;il choisit de camper son appareil photo, sur cette terre qu&rsquo;il consid\u00e8re comme le \u00ab berceau de l&rsquo;humanit\u00e9 \u00bb. Il y capture une terre faite de gris, un ciel rose, des for\u00eats denses, des eaux profondes, des enfants, des vieillards, des autochtones. Des images hors du temps, autochromes r\u00e9invent\u00e9es, pens\u00e9es, r\u00eav\u00e9es, imagin\u00e9es par le portraitiste et accompagn\u00e9es des po\u00e8mes de l&rsquo;\u00e9crivain Philippe Claudel pour une travers\u00e9e onirique en \u00ab Uthiopie \u00bb. Une exposition \u00e0 d\u00e9couvrir au mus\u00e9e d\u00e9partemental d&rsquo;Art ancien et contemporain d&rsquo;\u00c9pinal qui s&rsquo;inscrit dans le cadre de l&rsquo;\u00e9dition 2022 du festival des mondes imaginaires, Les Imaginales, organis\u00e9 chaque ann\u00e9e par la ville.<\/p>\n<p><b>Mudaac, mus\u00e9e d\u00e9partemental d&rsquo;Art ancien et contemporain, 1, place Lagarde, 88000 \u00c9pinal. Jusqu&rsquo;au 22 ao\u00fbt.<\/b><br \/>\n<b>Luma \u00ab Stories. Le portfolio 1947-1987 \u00bb, \u00e0 Arles<\/b><\/p>\n<p>C&rsquo;est la premi\u00e8re grande r\u00e9trospective en France de James Barnor. Pr\u00e9sent\u00e9e \u00e0 Luma dans le cadre des Rencontres d&rsquo;Arles, l&rsquo;exposition consacr\u00e9e au photographe ghan\u00e9en retrace 40 ans de l&rsquo;\u0153uvre de l&rsquo;artiste \u00e0 travers une s\u00e9lection in\u00e9dite de 100 images choisies par l&rsquo;artiste lui-m\u00eame. \u00ab Un portfolio stories \u00bb d\u00e9licieusement \u00ab barnorien \u00bb exceptionnel et unique que l&rsquo;on d\u00e9couvre suivant un d\u00e9roul\u00e9 chronologique et sur fond de photographies de James Barnor, de tirages originaux, de documents d&rsquo;\u00e9poque, de revues et de magazines pour lesquels il a collabor\u00e9. D&rsquo;Accra \u00e0 Londres, de son studio Ever Young \u00e0 sa collaboration avec le magazine sud-africain et anti-apartheid <b>Drum<\/b> en passant par les c\u00e9l\u00e8bres photographies d&rsquo;un Swinging London joyeusement multiculturel, l&rsquo;exposition offre un regard kal\u00e9idoscopique sur l&rsquo;\u0153uvre du photographe, sur sa vie, son histoire et tout simplement sur le t\u00e9moignage d&rsquo;une \u00e9poque. Une exposition-hommage \u00e0 cet artiste transcontinental qui continue \u00e0 inspirer de nouvelles g\u00e9n\u00e9rations d&rsquo;artistes.<\/p>\n<p><b>\u00ab Stories. Le portfolio 1947-1987 \u00bb, James Barnor, jusqu&rsquo;au 25 septembre, La Tour, parc des Ateliers.<\/b><br \/>\n<b>Luberon : \u00ab Kal\u00e9idoscope \u00bb, Apt<\/b><\/p>\n<p>Une exposition sur l&rsquo;art africain contemporain r\u00e9solument urbaine, c&rsquo;est ce que propose la Fondation Blach\u00e8re \u00e0 Apt, dans le Luberon. Et sous l&rsquo;objectif, deux villes bouillonnantes : Dakar et Kinshasa. Th\u00e9matique fortement appr\u00e9ci\u00e9e de la cr\u00e9ation contemporaine, la ville est le lieu de tous les possibles, de tous les r\u00eaves \u00e9veill\u00e9s. Elle se transforme, s&rsquo;\u00e9tend, se distend, elle est en perp\u00e9tuel mouvement. Chaque artiste, au total 27, dont beaucoup de S\u00e9n\u00e9galais et de Congolais, interpr\u00e8te \u00e0 sa mani\u00e8re sa ville, tour \u00e0 tour joyeuse, inqui\u00e9tante, color\u00e9e et bruyante. Sculptures, maquettes, street art, peintures, photographies, mais aussi bande sonore et musique plongent le visiteur dans l&rsquo;ambiance de ces deux capitales refl\u00e9tant l&rsquo;exp\u00e9rience kal\u00e9idoscopique et multisensorielle des villes par les artistes.<\/p>\n<p>Les artistes pr\u00e9sent\u00e9s : Dawit Abebe (\u00c9thiopie), Daouda Ba (S\u00e9n\u00e9gal), Adama Bamba (Mali), Patrick Bongoy (RDC), Jean-Marie Bruce (S\u00e9n\u00e9gal), Mamadou Ciss\u00e9 (S\u00e9n\u00e9gal), Docta (S\u00e9n\u00e9gal), Douts (S\u00e9n\u00e9gal), Lou Escobar (France), Ablade Glover (Ghana), Jean Katambayi Mukendi (RDC), Kiripi Katembo (RDC), Bodys Isek Kingelez (RDC), Jems Robert Kokobi (C\u00f4te d&rsquo;Ivoire), Boubacar Toure Mandemory (S\u00e9n\u00e9gal), Dieuleveut Matula Kiangala (RDC), Serigne Mbaye Camara (S\u00e9n\u00e9gal), Vincent Mich\u00e9a (France), JP Mika (RDC), Baudouin Mouanda (Congo), Cheikh Ndiaye (S\u00e9n\u00e9gal), Rigobert Nimi (RDC), Jean David Nkot (Cameroun), Jeancy Nsumbu (RDC), Tata Nizzoo Kobo (RDC), Ing\u00e9nieur Vancy (RDC), Shaka Fumu (RDC), Yagor Yahaut (C\u00f4te d&rsquo;Ivoire).<\/p>\n<p><b>\u00ab Kal\u00e9idoscope \u00bb, Apt, Luberon jusqu&rsquo;au 24 septembre 2022.<\/b><\/p>\n<p><strong>Pour plus d&rsquo;informations et d&rsquo;analyses sur la <a href=\"https:\/\/www.africa-press.net\/tchad\">Tchad<\/a>, suivez <a href=\"https:\/\/www.africa-press.net\/\">Africa-Press<\/a><\/strong><\/p>\n","protected":false},"excerpt":{"rendered":"<p>Africa-Press &#8211; Tchad. Le mus\u00e9e des Arts d&rsquo;Afrique et d&rsquo;Asie de Vichy f\u00eate ses 100 ans. \u00c0 cette occasion, une grande r\u00e9trospective de ce si\u00e8cle d&rsquo;Histoire est propos\u00e9e au public. Un retour sur la cr\u00e9ation du mus\u00e9e et l&rsquo;origine des collections parmi lesquelles figurent pr\u00e8s de 5 000 objets d&rsquo;art rapport\u00e9s par des missionnaires mais [&hellip;]<\/p>\n","protected":false},"author":82,"featured_media":30962,"comment_status":"open","ping_status":"closed","sticky":false,"template":"","format":"standard","meta":{"footnotes":""},"categories":[5,11,10],"tags":[37,292,29],"class_list":["post-30963","post","type-post","status-publish","format-standard","has-post-thumbnail","hentry","category-culture-et-art","category-homepage-french","category-toutes-les-actualites","tag-africa-press","tag-africa-press-tchad","tag-tchad"],"yoast_head":"<!-- This site is optimized with the Yoast SEO Premium plugin v26.1 (Yoast SEO v27.0) - https:\/\/yoast.com\/product\/yoast-seo-premium-wordpress\/ -->\n<title>Art \u2013 Expositions\u00a0: effervescence africaine - tchad<\/title>\n<meta name=\"description\" content=\"Le mus\u00e9e des Arts d&#039;Afrique et d&#039;Asie de Vichy f\u00eate ses 100 ans. \u00c0 cette occasion, une grande r\u00e9trospective de ce si\u00e8cle ...\" \/>\n<meta name=\"robots\" content=\"index, follow, max-snippet:-1, max-image-preview:large, max-video-preview:-1\" \/>\n<link rel=\"canonical\" href=\"https:\/\/www.africa-press.net\/tchad\/culture-et-art\/art-expositions-effervescence-africaine\" \/>\n<meta property=\"og:locale\" content=\"fr_FR\" \/>\n<meta property=\"og:type\" content=\"article\" \/>\n<meta property=\"og:title\" content=\"Art \u2013 Expositions\u00a0: effervescence africaine\" \/>\n<meta property=\"og:description\" content=\"Le mus\u00e9e des Arts d&#039;Afrique et d&#039;Asie de Vichy f\u00eate ses 100 ans. \u00c0 cette occasion, une grande r\u00e9trospective de ce si\u00e8cle ...\" \/>\n<meta property=\"og:url\" content=\"https:\/\/www.africa-press.net\/tchad\/culture-et-art\/art-expositions-effervescence-africaine\" \/>\n<meta property=\"og:site_name\" content=\"tchad\" \/>\n<meta property=\"article:published_time\" content=\"2022-08-20T17:19:56+00:00\" \/>\n<meta property=\"article:modified_time\" content=\"2022-08-20T17:41:13+00:00\" \/>\n<meta property=\"og:image\" content=\"https:\/\/static.africa-press.net\/tchad\/sites\/41\/2022\/08\/postQueueImg_25-63011ca3dda1a.jpg\" \/>\n\t<meta property=\"og:image:width\" content=\"1250\" \/>\n\t<meta property=\"og:image:height\" content=\"625\" \/>\n\t<meta property=\"og:image:type\" content=\"image\/jpeg\" \/>\n<meta name=\"author\" content=\"cfeditorfr\" \/>\n<meta name=\"twitter:card\" content=\"summary_large_image\" \/>\n<meta name=\"twitter:label1\" content=\"\u00c9crit par\" \/>\n\t<meta name=\"twitter:data1\" content=\"cfeditorfr\" \/>\n\t<meta name=\"twitter:label2\" content=\"Dur\u00e9e de lecture estim\u00e9e\" \/>\n\t<meta name=\"twitter:data2\" content=\"8 minutes\" \/>\n<script type=\"application\/ld+json\" class=\"yoast-schema-graph\">{\"@context\":\"https:\/\/schema.org\",\"@graph\":[{\"@type\":\"Article\",\"@id\":\"https:\/\/www.africa-press.net\/tchad\/culture-et-art\/art-expositions-effervescence-africaine#article\",\"isPartOf\":{\"@id\":\"https:\/\/www.africa-press.net\/tchad\/culture-et-art\/art-expositions-effervescence-africaine\"},\"author\":{\"name\":\"cfeditorfr\",\"@id\":\"https:\/\/www.africa-press.net\/tchad\/#\/schema\/person\/2b1cf3cd81a31e3cd26889ca66d677f1\"},\"headline\":\"Art \u2013 Expositions\u00a0: effervescence africaine\",\"datePublished\":\"2022-08-20T17:19:56+00:00\",\"dateModified\":\"2022-08-20T17:41:13+00:00\",\"mainEntityOfPage\":{\"@id\":\"https:\/\/www.africa-press.net\/tchad\/culture-et-art\/art-expositions-effervescence-africaine\"},\"wordCount\":1664,\"commentCount\":0,\"image\":{\"@id\":\"https:\/\/www.africa-press.net\/tchad\/culture-et-art\/art-expositions-effervescence-africaine#primaryimage\"},\"thumbnailUrl\":\"https:\/\/static.africa-press.net\/tchad\/sites\/41\/2022\/08\/postQueueImg_25-63011ca3dda1a.jpg\",\"keywords\":[\"Africa Press\",\"Africa Press-Tchad\",\"Tchad\"],\"articleSection\":[\"Culture et Art\",\"homepage-french\",\"Toutes les actualit\u00e9s\"],\"inLanguage\":\"fr-FR\",\"potentialAction\":[{\"@type\":\"CommentAction\",\"name\":\"Comment\",\"target\":[\"https:\/\/www.africa-press.net\/tchad\/culture-et-art\/art-expositions-effervescence-africaine#respond\"]}]},{\"@type\":\"WebPage\",\"@id\":\"https:\/\/www.africa-press.net\/tchad\/culture-et-art\/art-expositions-effervescence-africaine\",\"url\":\"https:\/\/www.africa-press.net\/tchad\/culture-et-art\/art-expositions-effervescence-africaine\",\"name\":\"Art \u2013 Expositions\u00a0: effervescence africaine - tchad\",\"isPartOf\":{\"@id\":\"https:\/\/www.africa-press.net\/tchad\/#website\"},\"primaryImageOfPage\":{\"@id\":\"https:\/\/www.africa-press.net\/tchad\/culture-et-art\/art-expositions-effervescence-africaine#primaryimage\"},\"image\":{\"@id\":\"https:\/\/www.africa-press.net\/tchad\/culture-et-art\/art-expositions-effervescence-africaine#primaryimage\"},\"thumbnailUrl\":\"https:\/\/static.africa-press.net\/tchad\/sites\/41\/2022\/08\/postQueueImg_25-63011ca3dda1a.jpg\",\"datePublished\":\"2022-08-20T17:19:56+00:00\",\"dateModified\":\"2022-08-20T17:41:13+00:00\",\"author\":{\"@id\":\"https:\/\/www.africa-press.net\/tchad\/#\/schema\/person\/2b1cf3cd81a31e3cd26889ca66d677f1\"},\"description\":\"Le mus\u00e9e des Arts d'Afrique et d'Asie de Vichy f\u00eate ses 100 ans. \u00c0 cette occasion, une grande r\u00e9trospective de ce si\u00e8cle ...\",\"breadcrumb\":{\"@id\":\"https:\/\/www.africa-press.net\/tchad\/culture-et-art\/art-expositions-effervescence-africaine#breadcrumb\"},\"inLanguage\":\"fr-FR\",\"potentialAction\":[{\"@type\":\"ReadAction\",\"target\":[\"https:\/\/www.africa-press.net\/tchad\/culture-et-art\/art-expositions-effervescence-africaine\"]}]},{\"@type\":\"ImageObject\",\"inLanguage\":\"fr-FR\",\"@id\":\"https:\/\/www.africa-press.net\/tchad\/culture-et-art\/art-expositions-effervescence-africaine#primaryimage\",\"url\":\"https:\/\/static.africa-press.net\/tchad\/sites\/41\/2022\/08\/postQueueImg_25-63011ca3dda1a.jpg\",\"contentUrl\":\"https:\/\/static.africa-press.net\/tchad\/sites\/41\/2022\/08\/postQueueImg_25-63011ca3dda1a.jpg\",\"width\":1250,\"height\":625,\"caption\":\"Art \u2013 Expositions\u00a0: effervescence africaine\"},{\"@type\":\"BreadcrumbList\",\"@id\":\"https:\/\/www.africa-press.net\/tchad\/culture-et-art\/art-expositions-effervescence-africaine#breadcrumb\",\"itemListElement\":[{\"@type\":\"ListItem\",\"position\":1,\"name\":\"Accueil\",\"item\":\"https:\/\/www.africa-press.net\/tchad\/\"},{\"@type\":\"ListItem\",\"position\":2,\"name\":\"Art \u2013 Expositions\u00a0: effervescence africaine\"}]},{\"@type\":\"WebSite\",\"@id\":\"https:\/\/www.africa-press.net\/tchad\/#website\",\"url\":\"https:\/\/www.africa-press.net\/tchad\/\",\"name\":\"tchad\",\"description\":\"Just another Africa News Agency Sites site\",\"potentialAction\":[{\"@type\":\"SearchAction\",\"target\":{\"@type\":\"EntryPoint\",\"urlTemplate\":\"https:\/\/www.africa-press.net\/tchad\/?s={search_term_string}\"},\"query-input\":{\"@type\":\"PropertyValueSpecification\",\"valueRequired\":true,\"valueName\":\"search_term_string\"}}],\"inLanguage\":\"fr-FR\"},{\"@type\":\"Person\",\"@id\":\"https:\/\/www.africa-press.net\/tchad\/#\/schema\/person\/2b1cf3cd81a31e3cd26889ca66d677f1\",\"name\":\"cfeditorfr\"}]}<\/script>\n<!-- \/ Yoast SEO Premium plugin. -->","yoast_head_json":{"title":"Art \u2013 Expositions\u00a0: effervescence africaine - tchad","description":"Le mus\u00e9e des Arts d'Afrique et d'Asie de Vichy f\u00eate ses 100 ans. \u00c0 cette occasion, une grande r\u00e9trospective de ce si\u00e8cle ...","robots":{"index":"index","follow":"follow","max-snippet":"max-snippet:-1","max-image-preview":"max-image-preview:large","max-video-preview":"max-video-preview:-1"},"canonical":"https:\/\/www.africa-press.net\/tchad\/culture-et-art\/art-expositions-effervescence-africaine","og_locale":"fr_FR","og_type":"article","og_title":"Art \u2013 Expositions\u00a0: effervescence africaine","og_description":"Le mus\u00e9e des Arts d'Afrique et d'Asie de Vichy f\u00eate ses 100 ans. \u00c0 cette occasion, une grande r\u00e9trospective de ce si\u00e8cle ...","og_url":"https:\/\/www.africa-press.net\/tchad\/culture-et-art\/art-expositions-effervescence-africaine","og_site_name":"tchad","article_published_time":"2022-08-20T17:19:56+00:00","article_modified_time":"2022-08-20T17:41:13+00:00","og_image":[{"width":1250,"height":625,"url":"https:\/\/static.africa-press.net\/tchad\/sites\/41\/2022\/08\/postQueueImg_25-63011ca3dda1a.jpg","type":"image\/jpeg"}],"author":"cfeditorfr","twitter_card":"summary_large_image","twitter_misc":{"\u00c9crit par":"cfeditorfr","Dur\u00e9e de lecture estim\u00e9e":"8 minutes"},"schema":{"@context":"https:\/\/schema.org","@graph":[{"@type":"Article","@id":"https:\/\/www.africa-press.net\/tchad\/culture-et-art\/art-expositions-effervescence-africaine#article","isPartOf":{"@id":"https:\/\/www.africa-press.net\/tchad\/culture-et-art\/art-expositions-effervescence-africaine"},"author":{"name":"cfeditorfr","@id":"https:\/\/www.africa-press.net\/tchad\/#\/schema\/person\/2b1cf3cd81a31e3cd26889ca66d677f1"},"headline":"Art \u2013 Expositions\u00a0: effervescence africaine","datePublished":"2022-08-20T17:19:56+00:00","dateModified":"2022-08-20T17:41:13+00:00","mainEntityOfPage":{"@id":"https:\/\/www.africa-press.net\/tchad\/culture-et-art\/art-expositions-effervescence-africaine"},"wordCount":1664,"commentCount":0,"image":{"@id":"https:\/\/www.africa-press.net\/tchad\/culture-et-art\/art-expositions-effervescence-africaine#primaryimage"},"thumbnailUrl":"https:\/\/static.africa-press.net\/tchad\/sites\/41\/2022\/08\/postQueueImg_25-63011ca3dda1a.jpg","keywords":["Africa Press","Africa Press-Tchad","Tchad"],"articleSection":["Culture et Art","homepage-french","Toutes les actualit\u00e9s"],"inLanguage":"fr-FR","potentialAction":[{"@type":"CommentAction","name":"Comment","target":["https:\/\/www.africa-press.net\/tchad\/culture-et-art\/art-expositions-effervescence-africaine#respond"]}]},{"@type":"WebPage","@id":"https:\/\/www.africa-press.net\/tchad\/culture-et-art\/art-expositions-effervescence-africaine","url":"https:\/\/www.africa-press.net\/tchad\/culture-et-art\/art-expositions-effervescence-africaine","name":"Art \u2013 Expositions\u00a0: effervescence africaine - tchad","isPartOf":{"@id":"https:\/\/www.africa-press.net\/tchad\/#website"},"primaryImageOfPage":{"@id":"https:\/\/www.africa-press.net\/tchad\/culture-et-art\/art-expositions-effervescence-africaine#primaryimage"},"image":{"@id":"https:\/\/www.africa-press.net\/tchad\/culture-et-art\/art-expositions-effervescence-africaine#primaryimage"},"thumbnailUrl":"https:\/\/static.africa-press.net\/tchad\/sites\/41\/2022\/08\/postQueueImg_25-63011ca3dda1a.jpg","datePublished":"2022-08-20T17:19:56+00:00","dateModified":"2022-08-20T17:41:13+00:00","author":{"@id":"https:\/\/www.africa-press.net\/tchad\/#\/schema\/person\/2b1cf3cd81a31e3cd26889ca66d677f1"},"description":"Le mus\u00e9e des Arts d'Afrique et d'Asie de Vichy f\u00eate ses 100 ans. \u00c0 cette occasion, une grande r\u00e9trospective de ce si\u00e8cle ...","breadcrumb":{"@id":"https:\/\/www.africa-press.net\/tchad\/culture-et-art\/art-expositions-effervescence-africaine#breadcrumb"},"inLanguage":"fr-FR","potentialAction":[{"@type":"ReadAction","target":["https:\/\/www.africa-press.net\/tchad\/culture-et-art\/art-expositions-effervescence-africaine"]}]},{"@type":"ImageObject","inLanguage":"fr-FR","@id":"https:\/\/www.africa-press.net\/tchad\/culture-et-art\/art-expositions-effervescence-africaine#primaryimage","url":"https:\/\/static.africa-press.net\/tchad\/sites\/41\/2022\/08\/postQueueImg_25-63011ca3dda1a.jpg","contentUrl":"https:\/\/static.africa-press.net\/tchad\/sites\/41\/2022\/08\/postQueueImg_25-63011ca3dda1a.jpg","width":1250,"height":625,"caption":"Art \u2013 Expositions\u00a0: effervescence africaine"},{"@type":"BreadcrumbList","@id":"https:\/\/www.africa-press.net\/tchad\/culture-et-art\/art-expositions-effervescence-africaine#breadcrumb","itemListElement":[{"@type":"ListItem","position":1,"name":"Accueil","item":"https:\/\/www.africa-press.net\/tchad\/"},{"@type":"ListItem","position":2,"name":"Art \u2013 Expositions\u00a0: effervescence africaine"}]},{"@type":"WebSite","@id":"https:\/\/www.africa-press.net\/tchad\/#website","url":"https:\/\/www.africa-press.net\/tchad\/","name":"tchad","description":"Just another Africa News Agency Sites site","potentialAction":[{"@type":"SearchAction","target":{"@type":"EntryPoint","urlTemplate":"https:\/\/www.africa-press.net\/tchad\/?s={search_term_string}"},"query-input":{"@type":"PropertyValueSpecification","valueRequired":true,"valueName":"search_term_string"}}],"inLanguage":"fr-FR"},{"@type":"Person","@id":"https:\/\/www.africa-press.net\/tchad\/#\/schema\/person\/2b1cf3cd81a31e3cd26889ca66d677f1","name":"cfeditorfr"}]}},"_links":{"self":[{"href":"https:\/\/www.africa-press.net\/tchad\/wp-json\/wp\/v2\/posts\/30963","targetHints":{"allow":["GET"]}}],"collection":[{"href":"https:\/\/www.africa-press.net\/tchad\/wp-json\/wp\/v2\/posts"}],"about":[{"href":"https:\/\/www.africa-press.net\/tchad\/wp-json\/wp\/v2\/types\/post"}],"author":[{"embeddable":true,"href":"https:\/\/www.africa-press.net\/tchad\/wp-json\/wp\/v2\/users\/82"}],"replies":[{"embeddable":true,"href":"https:\/\/www.africa-press.net\/tchad\/wp-json\/wp\/v2\/comments?post=30963"}],"version-history":[{"count":0,"href":"https:\/\/www.africa-press.net\/tchad\/wp-json\/wp\/v2\/posts\/30963\/revisions"}],"wp:featuredmedia":[{"embeddable":true,"href":"https:\/\/www.africa-press.net\/tchad\/wp-json\/wp\/v2\/media\/30962"}],"wp:attachment":[{"href":"https:\/\/www.africa-press.net\/tchad\/wp-json\/wp\/v2\/media?parent=30963"}],"wp:term":[{"taxonomy":"category","embeddable":true,"href":"https:\/\/www.africa-press.net\/tchad\/wp-json\/wp\/v2\/categories?post=30963"},{"taxonomy":"post_tag","embeddable":true,"href":"https:\/\/www.africa-press.net\/tchad\/wp-json\/wp\/v2\/tags?post=30963"}],"curies":[{"name":"wp","href":"https:\/\/api.w.org\/{rel}","templated":true}]}}