{"id":30983,"date":"2022-08-21T17:57:14","date_gmt":"2022-08-21T17:57:14","guid":{"rendered":"https:\/\/www.africa-press.net\/tchad\/politique\/moussa-faki-reconnait-sa-responsabilite-dans-la-mal-gouvernance-du-regime-de-deby"},"modified":"2022-08-21T18:18:53","modified_gmt":"2022-08-21T18:18:53","slug":"moussa-faki-reconnait-sa-responsabilite-dans-la-mal-gouvernance-du-regime-de-deby","status":"publish","type":"post","link":"https:\/\/www.africa-press.net\/tchad\/politique\/moussa-faki-reconnait-sa-responsabilite-dans-la-mal-gouvernance-du-regime-de-deby","title":{"rendered":"Moussa Faki reconna\u00eet sa \u00ab\u00a0responsabilit\u00e9\u00a0\u00bb dans la \u00ab\u00a0mal gouvernance\u00a0\u00bb du r\u00e9gime de Deby"},"content":{"rendered":"<p><span style=\"color: #ff6600\"><strong>Africa-Press &#8211; Tchad. <\/strong><\/span>Moussa Faki a segment\u00e9 son discours avec une partie en fran\u00e7ais mais \u00e9galement une partie en arabe litt\u00e9raire dans laquelle il fait un aveu en reconnaissant l&rsquo;\u00e9chec du r\u00e9gime du d\u00e9funt pr\u00e9sident Idriss Deby sur tous les plans en mati\u00e8re de gouvernance. Il admet \u00e9galement en \u00eatre en partie responsable, ainsi que le droit du peuple de demander des comptes.<\/p>\n<p><b>\u00ab Il ne fait aucun doute que le pays a d&rsquo;\u00e9normes potentialit\u00e9s ; la majorit\u00e9 de notre peuple n\u2019en profite pas. Pourquoi ? C&rsquo;est tout simplement une mauvaise gouvernance. (\u2026) N\u2019est-ce pas le droit du peuple tchadien de s&rsquo;adresser -en r\u00e9primandant- \u00e0 son \u00e9lite qui a n\u00e9glig\u00e9 ses devoirs et ses int\u00e9r\u00eats, dont moi, sans aucune tentative d&rsquo;\u00e9luder mes responsabilit\u00e9s en la mati\u00e8re ? \u00bb, <\/b>affirme Moussa Faki.<\/p>\n<p>Le pr\u00e9sident de la Commission de l&rsquo;UA d\u00e9crit une mal gouvernance dans tous les domaines :<\/p>\n<p>\u00ab\u00a0Mauvaise gouvernance dans la r\u00e9forme de la structure de l&rsquo;\u00c9tat moderne et d\u00e9centralis\u00e9, mauvaise gouvernance dans la perspective du d\u00e9veloppement et de la r\u00e9forme de l&rsquo;administration, mauvaise gouvernance dans la construction d&rsquo;une arm\u00e9e nationale r\u00e9publicaine harmonieuse, mauvaise gouvernance dans la construction d&rsquo;un syst\u00e8me d&rsquo;intimit\u00e9 et d&rsquo;harmonie entre les composantes de notre peuple, mauvaise gouvernance dans la gestion de l&rsquo;argent public, mauvaise gouvernance dans les transactions publiques, mauvaise gouvernance dans la lutte contre les pots-de-vin et la corruption financi\u00e8re, mauvaise gouvernance dans la lutte contre la fraude, le vol et le gaspillage obsc\u00e8ne, mauvaise gouvernance dans la gestion de notre d\u00e9mocratie et incapacit\u00e9 \u00e0 jeter les bases de l&rsquo;Etat de droit et de sa souverainet\u00e9 et \u00e0 construire un syst\u00e8me judiciaire ind\u00e9pendant et cr\u00e9dible ; une mauvaise gouvernance dans l&rsquo;organisation impartiale de nos \u00e9lections : une mauvaise gouvernance dans la r\u00e9gulation des libert\u00e9s publiques : mauvaise gouvernance dans le respect des \u00e9quilibres sociaux et la lutte contre l&rsquo;exclusion et les in\u00e9galit\u00e9s, mauvaise gouvernance dans la r\u00e9partition des richesses, mauvaise gouvernance dans la d\u00e9finition et le respect des priorit\u00e9s, mauvaise gouvernance dans la planification, le contr\u00f4le et le suivi de la mise en \u0153uvre, mauvaise gouvernance dans le recours aux comp\u00e9tences fid\u00e8les et exp\u00e9riment\u00e9es dans la patrie, mauvaise gouvernance dans la gestion du syst\u00e8me judiciaire, sanitaire, \u00e9ducatif, fiscal et environnemental ; mauvaise gouvernance dans la formation des jeunes ; mauvaise gouvernance dans l&rsquo;autonomisation \u00e9conomique, financi\u00e8re, sociale et politique des femmes : mauvaise gouvernance dans la formulation d&rsquo;une politique culturelle en mettant en place un syst\u00e8me convenable et dans les deux langues officielles\u00a0\u00bb<\/p>\n<p><strong>Pour plus d&rsquo;informations et d&rsquo;analyses sur la <a href=\"https:\/\/www.africa-press.net\/tchad\">Tchad<\/a>, suivez <a href=\"https:\/\/www.africa-press.net\/\">Africa-Press<\/a><\/strong><\/p>\n","protected":false},"excerpt":{"rendered":"<p>Africa-Press &#8211; Tchad. Moussa Faki a segment\u00e9 son discours avec une partie en fran\u00e7ais mais \u00e9galement une partie en arabe litt\u00e9raire dans laquelle il fait un aveu en reconnaissant l&rsquo;\u00e9chec du r\u00e9gime du d\u00e9funt pr\u00e9sident Idriss Deby sur tous les plans en mati\u00e8re de gouvernance. Il admet \u00e9galement en \u00eatre en partie responsable, ainsi que [&hellip;]<\/p>\n","protected":false},"author":82,"featured_media":30982,"comment_status":"open","ping_status":"closed","sticky":false,"template":"","format":"standard","meta":{"footnotes":""},"categories":[11,2,10],"tags":[37,292,29],"class_list":["post-30983","post","type-post","status-publish","format-standard","has-post-thumbnail","hentry","category-homepage-french","category-politique","category-toutes-les-actualites","tag-africa-press","tag-africa-press-tchad","tag-tchad"],"yoast_head":"<!-- This site is optimized with the Yoast SEO Premium plugin v26.1 (Yoast SEO v27.0) - https:\/\/yoast.com\/product\/yoast-seo-premium-wordpress\/ -->\n<title>Moussa Faki reconna\u00eet sa &quot;responsabilit\u00e9&quot; dans la &quot;mal gouvernance&quot; du r\u00e9gime de Deby - tchad<\/title>\n<meta name=\"description\" content=\"Moussa Faki a segment\u00e9 son discours avec une partie en fran\u00e7ais mais \u00e9galement une partie en arabe litt\u00e9raire dans laque ...\" \/>\n<meta name=\"robots\" content=\"index, follow, max-snippet:-1, max-image-preview:large, max-video-preview:-1\" \/>\n<link rel=\"canonical\" href=\"https:\/\/www.africa-press.net\/tchad\/politique\/moussa-faki-reconnait-sa-responsabilite-dans-la-mal-gouvernance-du-regime-de-deby\" \/>\n<meta property=\"og:locale\" content=\"fr_FR\" \/>\n<meta property=\"og:type\" content=\"article\" \/>\n<meta property=\"og:title\" content=\"Moussa Faki reconna\u00eet sa &quot;responsabilit\u00e9&quot; dans la &quot;mal gouvernance&quot; du r\u00e9gime de Deby\" \/>\n<meta property=\"og:description\" content=\"Moussa Faki a segment\u00e9 son discours avec une partie en fran\u00e7ais mais \u00e9galement une partie en arabe litt\u00e9raire dans laque ...\" \/>\n<meta property=\"og:url\" content=\"https:\/\/www.africa-press.net\/tchad\/politique\/moussa-faki-reconnait-sa-responsabilite-dans-la-mal-gouvernance-du-regime-de-deby\" \/>\n<meta property=\"og:site_name\" content=\"tchad\" \/>\n<meta property=\"article:published_time\" content=\"2022-08-21T17:57:14+00:00\" \/>\n<meta property=\"article:modified_time\" content=\"2022-08-21T18:18:53+00:00\" \/>\n<meta property=\"og:image\" content=\"https:\/\/static.africa-press.net\/tchad\/sites\/41\/2022\/08\/postQueueImg_2-63027697946ae.jpg\" \/>\n\t<meta property=\"og:image:width\" content=\"959\" \/>\n\t<meta property=\"og:image:height\" content=\"638\" \/>\n\t<meta property=\"og:image:type\" content=\"image\/jpeg\" \/>\n<meta name=\"author\" content=\"cfeditorfr\" \/>\n<meta name=\"twitter:card\" content=\"summary_large_image\" \/>\n<meta name=\"twitter:label1\" content=\"\u00c9crit par\" \/>\n\t<meta name=\"twitter:data1\" content=\"cfeditorfr\" \/>\n\t<meta name=\"twitter:label2\" content=\"Dur\u00e9e de lecture estim\u00e9e\" \/>\n\t<meta name=\"twitter:data2\" content=\"3 minutes\" \/>\n<script type=\"application\/ld+json\" class=\"yoast-schema-graph\">{\"@context\":\"https:\/\/schema.org\",\"@graph\":[{\"@type\":\"Article\",\"@id\":\"https:\/\/www.africa-press.net\/tchad\/politique\/moussa-faki-reconnait-sa-responsabilite-dans-la-mal-gouvernance-du-regime-de-deby#article\",\"isPartOf\":{\"@id\":\"https:\/\/www.africa-press.net\/tchad\/politique\/moussa-faki-reconnait-sa-responsabilite-dans-la-mal-gouvernance-du-regime-de-deby\"},\"author\":{\"name\":\"cfeditorfr\",\"@id\":\"https:\/\/www.africa-press.net\/tchad\/#\/schema\/person\/2b1cf3cd81a31e3cd26889ca66d677f1\"},\"headline\":\"Moussa Faki reconna\u00eet sa \u00ab\u00a0responsabilit\u00e9\u00a0\u00bb dans la \u00ab\u00a0mal gouvernance\u00a0\u00bb du r\u00e9gime de Deby\",\"datePublished\":\"2022-08-21T17:57:14+00:00\",\"dateModified\":\"2022-08-21T18:18:53+00:00\",\"mainEntityOfPage\":{\"@id\":\"https:\/\/www.africa-press.net\/tchad\/politique\/moussa-faki-reconnait-sa-responsabilite-dans-la-mal-gouvernance-du-regime-de-deby\"},\"wordCount\":481,\"commentCount\":0,\"image\":{\"@id\":\"https:\/\/www.africa-press.net\/tchad\/politique\/moussa-faki-reconnait-sa-responsabilite-dans-la-mal-gouvernance-du-regime-de-deby#primaryimage\"},\"thumbnailUrl\":\"https:\/\/static.africa-press.net\/tchad\/sites\/41\/2022\/08\/postQueueImg_2-63027697946ae.jpg\",\"keywords\":[\"Africa Press\",\"Africa Press-Tchad\",\"Tchad\"],\"articleSection\":[\"homepage-french\",\"Politique\",\"Toutes les actualit\u00e9s\"],\"inLanguage\":\"fr-FR\",\"potentialAction\":[{\"@type\":\"CommentAction\",\"name\":\"Comment\",\"target\":[\"https:\/\/www.africa-press.net\/tchad\/politique\/moussa-faki-reconnait-sa-responsabilite-dans-la-mal-gouvernance-du-regime-de-deby#respond\"]}]},{\"@type\":\"WebPage\",\"@id\":\"https:\/\/www.africa-press.net\/tchad\/politique\/moussa-faki-reconnait-sa-responsabilite-dans-la-mal-gouvernance-du-regime-de-deby\",\"url\":\"https:\/\/www.africa-press.net\/tchad\/politique\/moussa-faki-reconnait-sa-responsabilite-dans-la-mal-gouvernance-du-regime-de-deby\",\"name\":\"Moussa Faki reconna\u00eet sa \\\"responsabilit\u00e9\\\" dans la \\\"mal gouvernance\\\" du r\u00e9gime de Deby - tchad\",\"isPartOf\":{\"@id\":\"https:\/\/www.africa-press.net\/tchad\/#website\"},\"primaryImageOfPage\":{\"@id\":\"https:\/\/www.africa-press.net\/tchad\/politique\/moussa-faki-reconnait-sa-responsabilite-dans-la-mal-gouvernance-du-regime-de-deby#primaryimage\"},\"image\":{\"@id\":\"https:\/\/www.africa-press.net\/tchad\/politique\/moussa-faki-reconnait-sa-responsabilite-dans-la-mal-gouvernance-du-regime-de-deby#primaryimage\"},\"thumbnailUrl\":\"https:\/\/static.africa-press.net\/tchad\/sites\/41\/2022\/08\/postQueueImg_2-63027697946ae.jpg\",\"datePublished\":\"2022-08-21T17:57:14+00:00\",\"dateModified\":\"2022-08-21T18:18:53+00:00\",\"author\":{\"@id\":\"https:\/\/www.africa-press.net\/tchad\/#\/schema\/person\/2b1cf3cd81a31e3cd26889ca66d677f1\"},\"description\":\"Moussa Faki a segment\u00e9 son discours avec une partie en fran\u00e7ais mais \u00e9galement une partie en arabe litt\u00e9raire dans laque ...\",\"breadcrumb\":{\"@id\":\"https:\/\/www.africa-press.net\/tchad\/politique\/moussa-faki-reconnait-sa-responsabilite-dans-la-mal-gouvernance-du-regime-de-deby#breadcrumb\"},\"inLanguage\":\"fr-FR\",\"potentialAction\":[{\"@type\":\"ReadAction\",\"target\":[\"https:\/\/www.africa-press.net\/tchad\/politique\/moussa-faki-reconnait-sa-responsabilite-dans-la-mal-gouvernance-du-regime-de-deby\"]}]},{\"@type\":\"ImageObject\",\"inLanguage\":\"fr-FR\",\"@id\":\"https:\/\/www.africa-press.net\/tchad\/politique\/moussa-faki-reconnait-sa-responsabilite-dans-la-mal-gouvernance-du-regime-de-deby#primaryimage\",\"url\":\"https:\/\/static.africa-press.net\/tchad\/sites\/41\/2022\/08\/postQueueImg_2-63027697946ae.jpg\",\"contentUrl\":\"https:\/\/static.africa-press.net\/tchad\/sites\/41\/2022\/08\/postQueueImg_2-63027697946ae.jpg\",\"width\":959,\"height\":638,\"caption\":\"Moussa Faki reconna\u00eet sa \\\"responsabilit\u00e9\\\" dans la \\\"mal gouvernance\\\" du r\u00e9gime de Deby\"},{\"@type\":\"BreadcrumbList\",\"@id\":\"https:\/\/www.africa-press.net\/tchad\/politique\/moussa-faki-reconnait-sa-responsabilite-dans-la-mal-gouvernance-du-regime-de-deby#breadcrumb\",\"itemListElement\":[{\"@type\":\"ListItem\",\"position\":1,\"name\":\"Accueil\",\"item\":\"https:\/\/www.africa-press.net\/tchad\/\"},{\"@type\":\"ListItem\",\"position\":2,\"name\":\"Moussa Faki reconna\u00eet sa &#8220;responsabilit\u00e9&#8221; dans la &#8220;mal gouvernance&#8221; du r\u00e9gime de Deby\"}]},{\"@type\":\"WebSite\",\"@id\":\"https:\/\/www.africa-press.net\/tchad\/#website\",\"url\":\"https:\/\/www.africa-press.net\/tchad\/\",\"name\":\"tchad\",\"description\":\"Just another Africa News Agency Sites site\",\"potentialAction\":[{\"@type\":\"SearchAction\",\"target\":{\"@type\":\"EntryPoint\",\"urlTemplate\":\"https:\/\/www.africa-press.net\/tchad\/?s={search_term_string}\"},\"query-input\":{\"@type\":\"PropertyValueSpecification\",\"valueRequired\":true,\"valueName\":\"search_term_string\"}}],\"inLanguage\":\"fr-FR\"},{\"@type\":\"Person\",\"@id\":\"https:\/\/www.africa-press.net\/tchad\/#\/schema\/person\/2b1cf3cd81a31e3cd26889ca66d677f1\",\"name\":\"cfeditorfr\"}]}<\/script>\n<!-- \/ Yoast SEO Premium plugin. -->","yoast_head_json":{"title":"Moussa Faki reconna\u00eet sa \"responsabilit\u00e9\" dans la \"mal gouvernance\" du r\u00e9gime de Deby - tchad","description":"Moussa Faki a segment\u00e9 son discours avec une partie en fran\u00e7ais mais \u00e9galement une partie en arabe litt\u00e9raire dans laque ...","robots":{"index":"index","follow":"follow","max-snippet":"max-snippet:-1","max-image-preview":"max-image-preview:large","max-video-preview":"max-video-preview:-1"},"canonical":"https:\/\/www.africa-press.net\/tchad\/politique\/moussa-faki-reconnait-sa-responsabilite-dans-la-mal-gouvernance-du-regime-de-deby","og_locale":"fr_FR","og_type":"article","og_title":"Moussa Faki reconna\u00eet sa \"responsabilit\u00e9\" dans la \"mal gouvernance\" du r\u00e9gime de Deby","og_description":"Moussa Faki a segment\u00e9 son discours avec une partie en fran\u00e7ais mais \u00e9galement une partie en arabe litt\u00e9raire dans laque ...","og_url":"https:\/\/www.africa-press.net\/tchad\/politique\/moussa-faki-reconnait-sa-responsabilite-dans-la-mal-gouvernance-du-regime-de-deby","og_site_name":"tchad","article_published_time":"2022-08-21T17:57:14+00:00","article_modified_time":"2022-08-21T18:18:53+00:00","og_image":[{"width":959,"height":638,"url":"https:\/\/static.africa-press.net\/tchad\/sites\/41\/2022\/08\/postQueueImg_2-63027697946ae.jpg","type":"image\/jpeg"}],"author":"cfeditorfr","twitter_card":"summary_large_image","twitter_misc":{"\u00c9crit par":"cfeditorfr","Dur\u00e9e de lecture estim\u00e9e":"3 minutes"},"schema":{"@context":"https:\/\/schema.org","@graph":[{"@type":"Article","@id":"https:\/\/www.africa-press.net\/tchad\/politique\/moussa-faki-reconnait-sa-responsabilite-dans-la-mal-gouvernance-du-regime-de-deby#article","isPartOf":{"@id":"https:\/\/www.africa-press.net\/tchad\/politique\/moussa-faki-reconnait-sa-responsabilite-dans-la-mal-gouvernance-du-regime-de-deby"},"author":{"name":"cfeditorfr","@id":"https:\/\/www.africa-press.net\/tchad\/#\/schema\/person\/2b1cf3cd81a31e3cd26889ca66d677f1"},"headline":"Moussa Faki reconna\u00eet sa \u00ab\u00a0responsabilit\u00e9\u00a0\u00bb dans la \u00ab\u00a0mal gouvernance\u00a0\u00bb du r\u00e9gime de Deby","datePublished":"2022-08-21T17:57:14+00:00","dateModified":"2022-08-21T18:18:53+00:00","mainEntityOfPage":{"@id":"https:\/\/www.africa-press.net\/tchad\/politique\/moussa-faki-reconnait-sa-responsabilite-dans-la-mal-gouvernance-du-regime-de-deby"},"wordCount":481,"commentCount":0,"image":{"@id":"https:\/\/www.africa-press.net\/tchad\/politique\/moussa-faki-reconnait-sa-responsabilite-dans-la-mal-gouvernance-du-regime-de-deby#primaryimage"},"thumbnailUrl":"https:\/\/static.africa-press.net\/tchad\/sites\/41\/2022\/08\/postQueueImg_2-63027697946ae.jpg","keywords":["Africa Press","Africa Press-Tchad","Tchad"],"articleSection":["homepage-french","Politique","Toutes les actualit\u00e9s"],"inLanguage":"fr-FR","potentialAction":[{"@type":"CommentAction","name":"Comment","target":["https:\/\/www.africa-press.net\/tchad\/politique\/moussa-faki-reconnait-sa-responsabilite-dans-la-mal-gouvernance-du-regime-de-deby#respond"]}]},{"@type":"WebPage","@id":"https:\/\/www.africa-press.net\/tchad\/politique\/moussa-faki-reconnait-sa-responsabilite-dans-la-mal-gouvernance-du-regime-de-deby","url":"https:\/\/www.africa-press.net\/tchad\/politique\/moussa-faki-reconnait-sa-responsabilite-dans-la-mal-gouvernance-du-regime-de-deby","name":"Moussa Faki reconna\u00eet sa \"responsabilit\u00e9\" dans la \"mal gouvernance\" du r\u00e9gime de Deby - tchad","isPartOf":{"@id":"https:\/\/www.africa-press.net\/tchad\/#website"},"primaryImageOfPage":{"@id":"https:\/\/www.africa-press.net\/tchad\/politique\/moussa-faki-reconnait-sa-responsabilite-dans-la-mal-gouvernance-du-regime-de-deby#primaryimage"},"image":{"@id":"https:\/\/www.africa-press.net\/tchad\/politique\/moussa-faki-reconnait-sa-responsabilite-dans-la-mal-gouvernance-du-regime-de-deby#primaryimage"},"thumbnailUrl":"https:\/\/static.africa-press.net\/tchad\/sites\/41\/2022\/08\/postQueueImg_2-63027697946ae.jpg","datePublished":"2022-08-21T17:57:14+00:00","dateModified":"2022-08-21T18:18:53+00:00","author":{"@id":"https:\/\/www.africa-press.net\/tchad\/#\/schema\/person\/2b1cf3cd81a31e3cd26889ca66d677f1"},"description":"Moussa Faki a segment\u00e9 son discours avec une partie en fran\u00e7ais mais \u00e9galement une partie en arabe litt\u00e9raire dans laque ...","breadcrumb":{"@id":"https:\/\/www.africa-press.net\/tchad\/politique\/moussa-faki-reconnait-sa-responsabilite-dans-la-mal-gouvernance-du-regime-de-deby#breadcrumb"},"inLanguage":"fr-FR","potentialAction":[{"@type":"ReadAction","target":["https:\/\/www.africa-press.net\/tchad\/politique\/moussa-faki-reconnait-sa-responsabilite-dans-la-mal-gouvernance-du-regime-de-deby"]}]},{"@type":"ImageObject","inLanguage":"fr-FR","@id":"https:\/\/www.africa-press.net\/tchad\/politique\/moussa-faki-reconnait-sa-responsabilite-dans-la-mal-gouvernance-du-regime-de-deby#primaryimage","url":"https:\/\/static.africa-press.net\/tchad\/sites\/41\/2022\/08\/postQueueImg_2-63027697946ae.jpg","contentUrl":"https:\/\/static.africa-press.net\/tchad\/sites\/41\/2022\/08\/postQueueImg_2-63027697946ae.jpg","width":959,"height":638,"caption":"Moussa Faki reconna\u00eet sa \"responsabilit\u00e9\" dans la \"mal gouvernance\" du r\u00e9gime de Deby"},{"@type":"BreadcrumbList","@id":"https:\/\/www.africa-press.net\/tchad\/politique\/moussa-faki-reconnait-sa-responsabilite-dans-la-mal-gouvernance-du-regime-de-deby#breadcrumb","itemListElement":[{"@type":"ListItem","position":1,"name":"Accueil","item":"https:\/\/www.africa-press.net\/tchad\/"},{"@type":"ListItem","position":2,"name":"Moussa Faki reconna\u00eet sa &#8220;responsabilit\u00e9&#8221; dans la &#8220;mal gouvernance&#8221; du r\u00e9gime de Deby"}]},{"@type":"WebSite","@id":"https:\/\/www.africa-press.net\/tchad\/#website","url":"https:\/\/www.africa-press.net\/tchad\/","name":"tchad","description":"Just another Africa News Agency Sites site","potentialAction":[{"@type":"SearchAction","target":{"@type":"EntryPoint","urlTemplate":"https:\/\/www.africa-press.net\/tchad\/?s={search_term_string}"},"query-input":{"@type":"PropertyValueSpecification","valueRequired":true,"valueName":"search_term_string"}}],"inLanguage":"fr-FR"},{"@type":"Person","@id":"https:\/\/www.africa-press.net\/tchad\/#\/schema\/person\/2b1cf3cd81a31e3cd26889ca66d677f1","name":"cfeditorfr"}]}},"_links":{"self":[{"href":"https:\/\/www.africa-press.net\/tchad\/wp-json\/wp\/v2\/posts\/30983","targetHints":{"allow":["GET"]}}],"collection":[{"href":"https:\/\/www.africa-press.net\/tchad\/wp-json\/wp\/v2\/posts"}],"about":[{"href":"https:\/\/www.africa-press.net\/tchad\/wp-json\/wp\/v2\/types\/post"}],"author":[{"embeddable":true,"href":"https:\/\/www.africa-press.net\/tchad\/wp-json\/wp\/v2\/users\/82"}],"replies":[{"embeddable":true,"href":"https:\/\/www.africa-press.net\/tchad\/wp-json\/wp\/v2\/comments?post=30983"}],"version-history":[{"count":0,"href":"https:\/\/www.africa-press.net\/tchad\/wp-json\/wp\/v2\/posts\/30983\/revisions"}],"wp:featuredmedia":[{"embeddable":true,"href":"https:\/\/www.africa-press.net\/tchad\/wp-json\/wp\/v2\/media\/30982"}],"wp:attachment":[{"href":"https:\/\/www.africa-press.net\/tchad\/wp-json\/wp\/v2\/media?parent=30983"}],"wp:term":[{"taxonomy":"category","embeddable":true,"href":"https:\/\/www.africa-press.net\/tchad\/wp-json\/wp\/v2\/categories?post=30983"},{"taxonomy":"post_tag","embeddable":true,"href":"https:\/\/www.africa-press.net\/tchad\/wp-json\/wp\/v2\/tags?post=30983"}],"curies":[{"name":"wp","href":"https:\/\/api.w.org\/{rel}","templated":true}]}}