{"id":30986,"date":"2022-08-21T17:57:37","date_gmt":"2022-08-21T17:57:37","guid":{"rendered":"https:\/\/www.africa-press.net\/tchad\/politique\/mahamat-idriss-deby-demande-pardon-pour-son-pere"},"modified":"2022-08-21T18:19:36","modified_gmt":"2022-08-21T18:19:36","slug":"mahamat-idriss-deby-demande-pardon-pour-son-pere","status":"publish","type":"post","link":"https:\/\/www.africa-press.net\/tchad\/politique\/mahamat-idriss-deby-demande-pardon-pour-son-pere","title":{"rendered":"Mahamat Idriss Deby demande pardon pour son p\u00e8re"},"content":{"rendered":"<p><span style=\"color: #ff6600\"><strong>Africa-Press &#8211; Tchad. <\/strong><\/span><b>\u00ab\u00a0Le Mar\u00e9chal du Tchad, notre p\u00e8re, votre pr\u00e9sident ami, fr\u00e8re, camarade et compagnon a demand\u00e9 pardon \u00e0 tous les tchadiens, un mois avant l\u2019appel de Dieu. Je pense qu\u2019il n\u2019est pas de trop de rappeler cela et demander, en tant que fils, pardon pour lui, une fois de plus\u00a0\u00bb<\/b>, a d\u00e9clar\u00e9 le chef de la transition.<\/p>\n<p><b>\u00ab\u00a0Je voudrais aussi demander votre pardon pour tous les anciens chefs d&rsquo;Etat qui ne sont plus de ce monde\u00a0\u00bb<\/b>, a ajout\u00e9 Mahamat Idriss Deby.<\/p>\n<p>Arriv\u00e9 au pouvoir par les armes en 1990, le d\u00e9funt pr\u00e9sident Idriss Deby a gouvern\u00e9 le Tchad pendant 32 ans, avant de mourir armes \u00e0 la main le 18 avril 2021 dans des affrontements avec la r\u00e9bellion au Nord de la province du Kanem.<\/p>\n<p><strong>Pour plus d&rsquo;informations et d&rsquo;analyses sur la <a href=\"https:\/\/www.africa-press.net\/tchad\">Tchad<\/a>, suivez <a href=\"https:\/\/www.africa-press.net\/\">Africa-Press<\/a><\/strong><\/p>\n","protected":false},"excerpt":{"rendered":"<p>Africa-Press &#8211; Tchad. \u00ab\u00a0Le Mar\u00e9chal du Tchad, notre p\u00e8re, votre pr\u00e9sident ami, fr\u00e8re, camarade et compagnon a demand\u00e9 pardon \u00e0 tous les tchadiens, un mois avant l\u2019appel de Dieu. Je pense qu\u2019il n\u2019est pas de trop de rappeler cela et demander, en tant que fils, pardon pour lui, une fois de plus\u00a0\u00bb, a d\u00e9clar\u00e9 le [&hellip;]<\/p>\n","protected":false},"author":82,"featured_media":30985,"comment_status":"open","ping_status":"closed","sticky":false,"template":"","format":"standard","meta":{"footnotes":""},"categories":[11,2,20,10],"tags":[37,292,29],"class_list":["post-30986","post","type-post","status-publish","format-standard","has-post-thumbnail","hentry","category-homepage-french","category-politique","category-top-nouvelles","category-toutes-les-actualites","tag-africa-press","tag-africa-press-tchad","tag-tchad"],"yoast_head":"<!-- This site is optimized with the Yoast SEO Premium plugin v26.1 (Yoast SEO v27.0) - https:\/\/yoast.com\/product\/yoast-seo-premium-wordpress\/ -->\n<title>Mahamat Idriss Deby demande pardon pour son p\u00e8re - tchad<\/title>\n<meta name=\"description\" content=\"&quot;Le Mar\u00e9chal du Tchad, notre p\u00e8re, votre pr\u00e9sident ami, fr\u00e8re, camarade et compagnon a demand\u00e9 pardon \u00e0 tous les tcha ...\" \/>\n<meta name=\"robots\" content=\"index, follow, max-snippet:-1, max-image-preview:large, max-video-preview:-1\" \/>\n<link rel=\"canonical\" href=\"https:\/\/www.africa-press.net\/tchad\/politique\/mahamat-idriss-deby-demande-pardon-pour-son-pere\" \/>\n<meta property=\"og:locale\" content=\"fr_FR\" \/>\n<meta property=\"og:type\" content=\"article\" \/>\n<meta property=\"og:title\" content=\"Mahamat Idriss Deby demande pardon pour son p\u00e8re\" \/>\n<meta property=\"og:description\" content=\"&quot;Le Mar\u00e9chal du Tchad, notre p\u00e8re, votre pr\u00e9sident ami, fr\u00e8re, camarade et compagnon a demand\u00e9 pardon \u00e0 tous les tcha ...\" \/>\n<meta property=\"og:url\" content=\"https:\/\/www.africa-press.net\/tchad\/politique\/mahamat-idriss-deby-demande-pardon-pour-son-pere\" \/>\n<meta property=\"og:site_name\" content=\"tchad\" \/>\n<meta property=\"article:published_time\" content=\"2022-08-21T17:57:37+00:00\" \/>\n<meta property=\"article:modified_time\" content=\"2022-08-21T18:19:36+00:00\" \/>\n<meta property=\"og:image\" content=\"https:\/\/static.africa-press.net\/tchad\/sites\/41\/2022\/08\/postQueueImg_3-630277128d604.jpg\" \/>\n\t<meta property=\"og:image:width\" content=\"959\" \/>\n\t<meta property=\"og:image:height\" content=\"638\" \/>\n\t<meta property=\"og:image:type\" content=\"image\/jpeg\" \/>\n<meta name=\"author\" content=\"cfeditorfr\" \/>\n<meta name=\"twitter:card\" content=\"summary_large_image\" \/>\n<meta name=\"twitter:label1\" content=\"\u00c9crit par\" \/>\n\t<meta name=\"twitter:data1\" content=\"cfeditorfr\" \/>\n\t<meta name=\"twitter:label2\" content=\"Dur\u00e9e de lecture estim\u00e9e\" \/>\n\t<meta name=\"twitter:data2\" content=\"1 minute\" \/>\n<script type=\"application\/ld+json\" class=\"yoast-schema-graph\">{\"@context\":\"https:\/\/schema.org\",\"@graph\":[{\"@type\":\"Article\",\"@id\":\"https:\/\/www.africa-press.net\/tchad\/politique\/mahamat-idriss-deby-demande-pardon-pour-son-pere#article\",\"isPartOf\":{\"@id\":\"https:\/\/www.africa-press.net\/tchad\/politique\/mahamat-idriss-deby-demande-pardon-pour-son-pere\"},\"author\":{\"name\":\"cfeditorfr\",\"@id\":\"https:\/\/www.africa-press.net\/tchad\/#\/schema\/person\/2b1cf3cd81a31e3cd26889ca66d677f1\"},\"headline\":\"Mahamat Idriss Deby demande pardon pour son p\u00e8re\",\"datePublished\":\"2022-08-21T17:57:37+00:00\",\"dateModified\":\"2022-08-21T18:19:36+00:00\",\"mainEntityOfPage\":{\"@id\":\"https:\/\/www.africa-press.net\/tchad\/politique\/mahamat-idriss-deby-demande-pardon-pour-son-pere\"},\"wordCount\":154,\"commentCount\":0,\"image\":{\"@id\":\"https:\/\/www.africa-press.net\/tchad\/politique\/mahamat-idriss-deby-demande-pardon-pour-son-pere#primaryimage\"},\"thumbnailUrl\":\"https:\/\/static.africa-press.net\/tchad\/sites\/41\/2022\/08\/postQueueImg_3-630277128d604.jpg\",\"keywords\":[\"Africa Press\",\"Africa Press-Tchad\",\"Tchad\"],\"articleSection\":[\"homepage-french\",\"Politique\",\"Top Nouvelles\",\"Toutes les actualit\u00e9s\"],\"inLanguage\":\"fr-FR\",\"potentialAction\":[{\"@type\":\"CommentAction\",\"name\":\"Comment\",\"target\":[\"https:\/\/www.africa-press.net\/tchad\/politique\/mahamat-idriss-deby-demande-pardon-pour-son-pere#respond\"]}]},{\"@type\":\"WebPage\",\"@id\":\"https:\/\/www.africa-press.net\/tchad\/politique\/mahamat-idriss-deby-demande-pardon-pour-son-pere\",\"url\":\"https:\/\/www.africa-press.net\/tchad\/politique\/mahamat-idriss-deby-demande-pardon-pour-son-pere\",\"name\":\"Mahamat Idriss Deby demande pardon pour son p\u00e8re - tchad\",\"isPartOf\":{\"@id\":\"https:\/\/www.africa-press.net\/tchad\/#website\"},\"primaryImageOfPage\":{\"@id\":\"https:\/\/www.africa-press.net\/tchad\/politique\/mahamat-idriss-deby-demande-pardon-pour-son-pere#primaryimage\"},\"image\":{\"@id\":\"https:\/\/www.africa-press.net\/tchad\/politique\/mahamat-idriss-deby-demande-pardon-pour-son-pere#primaryimage\"},\"thumbnailUrl\":\"https:\/\/static.africa-press.net\/tchad\/sites\/41\/2022\/08\/postQueueImg_3-630277128d604.jpg\",\"datePublished\":\"2022-08-21T17:57:37+00:00\",\"dateModified\":\"2022-08-21T18:19:36+00:00\",\"author\":{\"@id\":\"https:\/\/www.africa-press.net\/tchad\/#\/schema\/person\/2b1cf3cd81a31e3cd26889ca66d677f1\"},\"description\":\"\\\"Le Mar\u00e9chal du Tchad, notre p\u00e8re, votre pr\u00e9sident ami, fr\u00e8re, camarade et compagnon a demand\u00e9 pardon \u00e0 tous les tcha ...\",\"breadcrumb\":{\"@id\":\"https:\/\/www.africa-press.net\/tchad\/politique\/mahamat-idriss-deby-demande-pardon-pour-son-pere#breadcrumb\"},\"inLanguage\":\"fr-FR\",\"potentialAction\":[{\"@type\":\"ReadAction\",\"target\":[\"https:\/\/www.africa-press.net\/tchad\/politique\/mahamat-idriss-deby-demande-pardon-pour-son-pere\"]}]},{\"@type\":\"ImageObject\",\"inLanguage\":\"fr-FR\",\"@id\":\"https:\/\/www.africa-press.net\/tchad\/politique\/mahamat-idriss-deby-demande-pardon-pour-son-pere#primaryimage\",\"url\":\"https:\/\/static.africa-press.net\/tchad\/sites\/41\/2022\/08\/postQueueImg_3-630277128d604.jpg\",\"contentUrl\":\"https:\/\/static.africa-press.net\/tchad\/sites\/41\/2022\/08\/postQueueImg_3-630277128d604.jpg\",\"width\":959,\"height\":638,\"caption\":\"Mahamat Idriss Deby demande pardon pour son p\u00e8re\"},{\"@type\":\"BreadcrumbList\",\"@id\":\"https:\/\/www.africa-press.net\/tchad\/politique\/mahamat-idriss-deby-demande-pardon-pour-son-pere#breadcrumb\",\"itemListElement\":[{\"@type\":\"ListItem\",\"position\":1,\"name\":\"Accueil\",\"item\":\"https:\/\/www.africa-press.net\/tchad\/\"},{\"@type\":\"ListItem\",\"position\":2,\"name\":\"Mahamat Idriss Deby demande pardon pour son p\u00e8re\"}]},{\"@type\":\"WebSite\",\"@id\":\"https:\/\/www.africa-press.net\/tchad\/#website\",\"url\":\"https:\/\/www.africa-press.net\/tchad\/\",\"name\":\"tchad\",\"description\":\"Just another Africa News Agency Sites site\",\"potentialAction\":[{\"@type\":\"SearchAction\",\"target\":{\"@type\":\"EntryPoint\",\"urlTemplate\":\"https:\/\/www.africa-press.net\/tchad\/?s={search_term_string}\"},\"query-input\":{\"@type\":\"PropertyValueSpecification\",\"valueRequired\":true,\"valueName\":\"search_term_string\"}}],\"inLanguage\":\"fr-FR\"},{\"@type\":\"Person\",\"@id\":\"https:\/\/www.africa-press.net\/tchad\/#\/schema\/person\/2b1cf3cd81a31e3cd26889ca66d677f1\",\"name\":\"cfeditorfr\"}]}<\/script>\n<!-- \/ Yoast SEO Premium plugin. -->","yoast_head_json":{"title":"Mahamat Idriss Deby demande pardon pour son p\u00e8re - tchad","description":"\"Le Mar\u00e9chal du Tchad, notre p\u00e8re, votre pr\u00e9sident ami, fr\u00e8re, camarade et compagnon a demand\u00e9 pardon \u00e0 tous les tcha ...","robots":{"index":"index","follow":"follow","max-snippet":"max-snippet:-1","max-image-preview":"max-image-preview:large","max-video-preview":"max-video-preview:-1"},"canonical":"https:\/\/www.africa-press.net\/tchad\/politique\/mahamat-idriss-deby-demande-pardon-pour-son-pere","og_locale":"fr_FR","og_type":"article","og_title":"Mahamat Idriss Deby demande pardon pour son p\u00e8re","og_description":"\"Le Mar\u00e9chal du Tchad, notre p\u00e8re, votre pr\u00e9sident ami, fr\u00e8re, camarade et compagnon a demand\u00e9 pardon \u00e0 tous les tcha ...","og_url":"https:\/\/www.africa-press.net\/tchad\/politique\/mahamat-idriss-deby-demande-pardon-pour-son-pere","og_site_name":"tchad","article_published_time":"2022-08-21T17:57:37+00:00","article_modified_time":"2022-08-21T18:19:36+00:00","og_image":[{"width":959,"height":638,"url":"https:\/\/static.africa-press.net\/tchad\/sites\/41\/2022\/08\/postQueueImg_3-630277128d604.jpg","type":"image\/jpeg"}],"author":"cfeditorfr","twitter_card":"summary_large_image","twitter_misc":{"\u00c9crit par":"cfeditorfr","Dur\u00e9e de lecture estim\u00e9e":"1 minute"},"schema":{"@context":"https:\/\/schema.org","@graph":[{"@type":"Article","@id":"https:\/\/www.africa-press.net\/tchad\/politique\/mahamat-idriss-deby-demande-pardon-pour-son-pere#article","isPartOf":{"@id":"https:\/\/www.africa-press.net\/tchad\/politique\/mahamat-idriss-deby-demande-pardon-pour-son-pere"},"author":{"name":"cfeditorfr","@id":"https:\/\/www.africa-press.net\/tchad\/#\/schema\/person\/2b1cf3cd81a31e3cd26889ca66d677f1"},"headline":"Mahamat Idriss Deby demande pardon pour son p\u00e8re","datePublished":"2022-08-21T17:57:37+00:00","dateModified":"2022-08-21T18:19:36+00:00","mainEntityOfPage":{"@id":"https:\/\/www.africa-press.net\/tchad\/politique\/mahamat-idriss-deby-demande-pardon-pour-son-pere"},"wordCount":154,"commentCount":0,"image":{"@id":"https:\/\/www.africa-press.net\/tchad\/politique\/mahamat-idriss-deby-demande-pardon-pour-son-pere#primaryimage"},"thumbnailUrl":"https:\/\/static.africa-press.net\/tchad\/sites\/41\/2022\/08\/postQueueImg_3-630277128d604.jpg","keywords":["Africa Press","Africa Press-Tchad","Tchad"],"articleSection":["homepage-french","Politique","Top Nouvelles","Toutes les actualit\u00e9s"],"inLanguage":"fr-FR","potentialAction":[{"@type":"CommentAction","name":"Comment","target":["https:\/\/www.africa-press.net\/tchad\/politique\/mahamat-idriss-deby-demande-pardon-pour-son-pere#respond"]}]},{"@type":"WebPage","@id":"https:\/\/www.africa-press.net\/tchad\/politique\/mahamat-idriss-deby-demande-pardon-pour-son-pere","url":"https:\/\/www.africa-press.net\/tchad\/politique\/mahamat-idriss-deby-demande-pardon-pour-son-pere","name":"Mahamat Idriss Deby demande pardon pour son p\u00e8re - tchad","isPartOf":{"@id":"https:\/\/www.africa-press.net\/tchad\/#website"},"primaryImageOfPage":{"@id":"https:\/\/www.africa-press.net\/tchad\/politique\/mahamat-idriss-deby-demande-pardon-pour-son-pere#primaryimage"},"image":{"@id":"https:\/\/www.africa-press.net\/tchad\/politique\/mahamat-idriss-deby-demande-pardon-pour-son-pere#primaryimage"},"thumbnailUrl":"https:\/\/static.africa-press.net\/tchad\/sites\/41\/2022\/08\/postQueueImg_3-630277128d604.jpg","datePublished":"2022-08-21T17:57:37+00:00","dateModified":"2022-08-21T18:19:36+00:00","author":{"@id":"https:\/\/www.africa-press.net\/tchad\/#\/schema\/person\/2b1cf3cd81a31e3cd26889ca66d677f1"},"description":"\"Le Mar\u00e9chal du Tchad, notre p\u00e8re, votre pr\u00e9sident ami, fr\u00e8re, camarade et compagnon a demand\u00e9 pardon \u00e0 tous les tcha ...","breadcrumb":{"@id":"https:\/\/www.africa-press.net\/tchad\/politique\/mahamat-idriss-deby-demande-pardon-pour-son-pere#breadcrumb"},"inLanguage":"fr-FR","potentialAction":[{"@type":"ReadAction","target":["https:\/\/www.africa-press.net\/tchad\/politique\/mahamat-idriss-deby-demande-pardon-pour-son-pere"]}]},{"@type":"ImageObject","inLanguage":"fr-FR","@id":"https:\/\/www.africa-press.net\/tchad\/politique\/mahamat-idriss-deby-demande-pardon-pour-son-pere#primaryimage","url":"https:\/\/static.africa-press.net\/tchad\/sites\/41\/2022\/08\/postQueueImg_3-630277128d604.jpg","contentUrl":"https:\/\/static.africa-press.net\/tchad\/sites\/41\/2022\/08\/postQueueImg_3-630277128d604.jpg","width":959,"height":638,"caption":"Mahamat Idriss Deby demande pardon pour son p\u00e8re"},{"@type":"BreadcrumbList","@id":"https:\/\/www.africa-press.net\/tchad\/politique\/mahamat-idriss-deby-demande-pardon-pour-son-pere#breadcrumb","itemListElement":[{"@type":"ListItem","position":1,"name":"Accueil","item":"https:\/\/www.africa-press.net\/tchad\/"},{"@type":"ListItem","position":2,"name":"Mahamat Idriss Deby demande pardon pour son p\u00e8re"}]},{"@type":"WebSite","@id":"https:\/\/www.africa-press.net\/tchad\/#website","url":"https:\/\/www.africa-press.net\/tchad\/","name":"tchad","description":"Just another Africa News Agency Sites site","potentialAction":[{"@type":"SearchAction","target":{"@type":"EntryPoint","urlTemplate":"https:\/\/www.africa-press.net\/tchad\/?s={search_term_string}"},"query-input":{"@type":"PropertyValueSpecification","valueRequired":true,"valueName":"search_term_string"}}],"inLanguage":"fr-FR"},{"@type":"Person","@id":"https:\/\/www.africa-press.net\/tchad\/#\/schema\/person\/2b1cf3cd81a31e3cd26889ca66d677f1","name":"cfeditorfr"}]}},"_links":{"self":[{"href":"https:\/\/www.africa-press.net\/tchad\/wp-json\/wp\/v2\/posts\/30986","targetHints":{"allow":["GET"]}}],"collection":[{"href":"https:\/\/www.africa-press.net\/tchad\/wp-json\/wp\/v2\/posts"}],"about":[{"href":"https:\/\/www.africa-press.net\/tchad\/wp-json\/wp\/v2\/types\/post"}],"author":[{"embeddable":true,"href":"https:\/\/www.africa-press.net\/tchad\/wp-json\/wp\/v2\/users\/82"}],"replies":[{"embeddable":true,"href":"https:\/\/www.africa-press.net\/tchad\/wp-json\/wp\/v2\/comments?post=30986"}],"version-history":[{"count":0,"href":"https:\/\/www.africa-press.net\/tchad\/wp-json\/wp\/v2\/posts\/30986\/revisions"}],"wp:featuredmedia":[{"embeddable":true,"href":"https:\/\/www.africa-press.net\/tchad\/wp-json\/wp\/v2\/media\/30985"}],"wp:attachment":[{"href":"https:\/\/www.africa-press.net\/tchad\/wp-json\/wp\/v2\/media?parent=30986"}],"wp:term":[{"taxonomy":"category","embeddable":true,"href":"https:\/\/www.africa-press.net\/tchad\/wp-json\/wp\/v2\/categories?post=30986"},{"taxonomy":"post_tag","embeddable":true,"href":"https:\/\/www.africa-press.net\/tchad\/wp-json\/wp\/v2\/tags?post=30986"}],"curies":[{"name":"wp","href":"https:\/\/api.w.org\/{rel}","templated":true}]}}