{"id":30992,"date":"2022-08-21T17:58:38","date_gmt":"2022-08-21T17:58:38","guid":{"rendered":"https:\/\/www.africa-press.net\/tchad\/politique\/tchad-les-tchadiens-de-linterieur-et-de-lexterieur-sinsurgent-contre-la-mauvaise-gestion-de-la-transition"},"modified":"2022-08-21T18:21:10","modified_gmt":"2022-08-21T18:21:10","slug":"tchad-les-tchadiens-de-linterieur-et-de-lexterieur-sinsurgent-contre-la-mauvaise-gestion-de-la-transition","status":"publish","type":"post","link":"https:\/\/www.africa-press.net\/tchad\/politique\/tchad-les-tchadiens-de-linterieur-et-de-lexterieur-sinsurgent-contre-la-mauvaise-gestion-de-la-transition","title":{"rendered":"Tchad : les Tchadiens de l\u2019int\u00e9rieur et de l\u2019ext\u00e9rieur s\u2019insurgent contre \u00ab la mauvaise gestion de la transition \u00bb"},"content":{"rendered":"<p><span style=\"color: #ff6600\"><strong>Africa-Press &#8211; Tchad. <\/strong><\/span>Apr\u00e8s avoir d\u00e9cri\u00e9 la situation de d\u00e9litement avanc\u00e9 du Tchad, marqu\u00e9e depuis de nombreuses ann\u00e9es par des violations massives des droits des citoyens, la mauvaise gouvernance et les pr\u00e9dations de toutes sortes qui minent son d\u00e9veloppement, comme l\u2019attestent de nombreux indicateurs qui mettent le pays au dernier rang des classements internationaux, le coup d\u2019\u00c9tat perp\u00e9tr\u00e9 en avril 2021, suite \u00e0 la mort tragique et non encore \u00e9lucid\u00e9e d\u2019Idriss Deby Itno, pr\u00e9sident de la R\u00e9publique du Tchad, et la mise en place, en flagrante violation des dispositions constitutionnelles, du Conseil Militaire de Transition (CMT) dirig\u00e9 par son fils, l&rsquo;absence de sanctions applicables de la part de l\u2019Union Africaine, de l\u2019Organisation des Nations-Unies (ONU), et des autres membres de la communaut\u00e9 internationale sous influence massive de la France ;<\/p>\n<p>Le pillage \u00e0 ciel ouvert des ressources publiques, l\u2019injustice, l\u2019impunit\u00e9, l\u2019exclusion et le r\u00e8gne par la terreur continuent de caract\u00e9riser la p\u00e9riode de transition et l\u2019\u00e9chec du pr\u00e9-dialogue de Doha entachant le caract\u00e8re inclusif du DNIS et la non signature de l\u2019accord par 17 groupes arm\u00e9s et politico-s\u00e9curitaire significatifs ouvrant ainsi le risque de nouvelles guerres civiles, les exigences l\u00e9gitimes de la classe politique, de la soci\u00e9t\u00e9 civile et de la diaspora tchadiennes pour un dialogue national sinc\u00e8re, devant d\u00e9boucher sur une transition inclusive et des \u00e9lections transparentes, libres, \u00e9quitables et justes, et qu&rsquo;en l\u2019\u00e9tat actuel, sans mesure corrective le dialogue national pr\u00e9vu pour le 20 ao\u00fbt 2022 est confisqu\u00e9 par le CMT et les membres de l\u2019ancien syst\u00e8me Deby au pouvoir et concr\u00e9tisera clairement un plan de d\u00e9volution dynastique du pouvoir.<\/p>\n<p>Les signataires de cette d\u00e9claration disent-ils \u00eatre solidaires au peuple tchadien martyris\u00e9 par plusieurs d\u00e9cennies de dictature et de mauvaise gestion publique ; condamnent la publication unilat\u00e9rale, sans consultations pr\u00e9alables, des quotas de participation au dialogue qui exclut de fait l\u2019ensemble des forces oppos\u00e9es \u00e0 la junte militaire en place. Ils demandent la mise en place imm\u00e9diate d\u2019un organe paritaire en vue de la pr\u00e9paration d\u2019un DNIS sinc\u00e8re entre les fils et filles du pays et devant aboutir, avant le 20 octobre 2022, sur la mise en place d\u2019une transition civile et d\u2019une feuille de route inclusive et consensuelle.<\/p>\n<p>Et plus, les signataires de la d\u00e9claration alerte la communaut\u00e9 internationale sur les risques d&rsquo;\u00e9chec des assises \u00e0 venir si elles se tiennent dans les conditions impos\u00e9es par le CMT, et d\u2019une implosion du Tchad, par diff\u00e9rents facteurs, si un DNIS inclusive, repr\u00e9sentative et sinc\u00e8re n\u2019est pas organis\u00e9 avant le 20 octobre 2022 ;<\/p>\n<p>ils interpellent, les membres du CMT au respect de leur parole donn\u00e9e de remettre le pouvoir \u00e0 un leadership civil \u00e0 la fin des 18 mois de transition afin de donner la chance \u00e0 la r\u00e9alisation d\u2019une paix et d\u2019un d\u00e9veloppement durables du Tchad ; et encourage les Etats-Unis et appelle l\u2019Union Africaine, au respect de ses propres engagements \u00e0 accompagner le peuple tchadien sur le chemin d\u2019une paix d\u00e9finitive et \u00e0 appliquer les sanctions imm\u00e9diates appropri\u00e9es en cas d\u2019entrave \u00e0 cet objectif.<\/p>\n<p>Et enfin, ils apportent un soutien multiforme aux forces vives de la nation tchadienne engag\u00e9es dans la recherche d\u2019une transition inclusive et apais\u00e9e, d\u00e9bouchant vers des \u00e9lections transparentes, justes et \u00e9quitables. Ils d\u00e9cident \u00e0 cet effet de mettre en place un cadre de concertation et d\u2019actions en vue d\u2019une transition apais\u00e9e au Tchad.<\/p>\n<p><strong>Pour plus d&rsquo;informations et d&rsquo;analyses sur la <a href=\"https:\/\/www.africa-press.net\/tchad\">Tchad<\/a>, suivez <a href=\"https:\/\/www.africa-press.net\/\">Africa-Press<\/a><\/strong><\/p>\n","protected":false},"excerpt":{"rendered":"<p>Africa-Press &#8211; Tchad. Apr\u00e8s avoir d\u00e9cri\u00e9 la situation de d\u00e9litement avanc\u00e9 du Tchad, marqu\u00e9e depuis de nombreuses ann\u00e9es par des violations massives des droits des citoyens, la mauvaise gouvernance et les pr\u00e9dations de toutes sortes qui minent son d\u00e9veloppement, comme l\u2019attestent de nombreux indicateurs qui mettent le pays au dernier rang des classements internationaux, le [&hellip;]<\/p>\n","protected":false},"author":82,"featured_media":30991,"comment_status":"open","ping_status":"closed","sticky":false,"template":"","format":"standard","meta":{"footnotes":""},"categories":[11,2,20,10],"tags":[37,292,29],"class_list":["post-30992","post","type-post","status-publish","format-standard","has-post-thumbnail","hentry","category-homepage-french","category-politique","category-top-nouvelles","category-toutes-les-actualites","tag-africa-press","tag-africa-press-tchad","tag-tchad"],"yoast_head":"<!-- This site is optimized with the Yoast SEO Premium plugin v26.1 (Yoast SEO v27.0) - https:\/\/yoast.com\/product\/yoast-seo-premium-wordpress\/ -->\n<title>Tchad : les Tchadiens de l\u2019int\u00e9rieur et de l\u2019ext\u00e9rieur s\u2019insurgent contre \u00ab la mauvaise gestion de la transition \u00bb - tchad<\/title>\n<meta name=\"description\" content=\"Apr\u00e8s avoir d\u00e9cri\u00e9 la situation de d\u00e9litement avanc\u00e9 du Tchad, marqu\u00e9e depuis de nombreuses ann\u00e9es par des violations ma ...\" \/>\n<meta name=\"robots\" content=\"index, follow, max-snippet:-1, max-image-preview:large, max-video-preview:-1\" \/>\n<link rel=\"canonical\" href=\"https:\/\/www.africa-press.net\/tchad\/politique\/tchad-les-tchadiens-de-linterieur-et-de-lexterieur-sinsurgent-contre-la-mauvaise-gestion-de-la-transition\" \/>\n<meta property=\"og:locale\" content=\"fr_FR\" \/>\n<meta property=\"og:type\" content=\"article\" \/>\n<meta property=\"og:title\" content=\"Tchad : les Tchadiens de l\u2019int\u00e9rieur et de l\u2019ext\u00e9rieur s\u2019insurgent contre \u00ab la mauvaise gestion de la transition \u00bb\" \/>\n<meta property=\"og:description\" content=\"Apr\u00e8s avoir d\u00e9cri\u00e9 la situation de d\u00e9litement avanc\u00e9 du Tchad, marqu\u00e9e depuis de nombreuses ann\u00e9es par des violations ma ...\" \/>\n<meta property=\"og:url\" content=\"https:\/\/www.africa-press.net\/tchad\/politique\/tchad-les-tchadiens-de-linterieur-et-de-lexterieur-sinsurgent-contre-la-mauvaise-gestion-de-la-transition\" \/>\n<meta property=\"og:site_name\" content=\"tchad\" \/>\n<meta property=\"article:published_time\" content=\"2022-08-21T17:58:38+00:00\" \/>\n<meta property=\"article:modified_time\" content=\"2022-08-21T18:21:10+00:00\" \/>\n<meta property=\"og:image\" content=\"https:\/\/static.africa-press.net\/tchad\/sites\/41\/2022\/08\/postQueueImg_5-6302777544b41.jpg\" \/>\n\t<meta property=\"og:image:width\" content=\"716\" \/>\n\t<meta property=\"og:image:height\" content=\"424\" \/>\n\t<meta property=\"og:image:type\" content=\"image\/jpeg\" \/>\n<meta name=\"author\" content=\"cfeditorfr\" \/>\n<meta name=\"twitter:card\" content=\"summary_large_image\" \/>\n<meta name=\"twitter:label1\" content=\"\u00c9crit par\" \/>\n\t<meta name=\"twitter:data1\" content=\"cfeditorfr\" \/>\n\t<meta name=\"twitter:label2\" content=\"Dur\u00e9e de lecture estim\u00e9e\" \/>\n\t<meta name=\"twitter:data2\" content=\"3 minutes\" \/>\n<script type=\"application\/ld+json\" class=\"yoast-schema-graph\">{\"@context\":\"https:\/\/schema.org\",\"@graph\":[{\"@type\":\"Article\",\"@id\":\"https:\/\/www.africa-press.net\/tchad\/politique\/tchad-les-tchadiens-de-linterieur-et-de-lexterieur-sinsurgent-contre-la-mauvaise-gestion-de-la-transition#article\",\"isPartOf\":{\"@id\":\"https:\/\/www.africa-press.net\/tchad\/politique\/tchad-les-tchadiens-de-linterieur-et-de-lexterieur-sinsurgent-contre-la-mauvaise-gestion-de-la-transition\"},\"author\":{\"name\":\"cfeditorfr\",\"@id\":\"https:\/\/www.africa-press.net\/tchad\/#\/schema\/person\/2b1cf3cd81a31e3cd26889ca66d677f1\"},\"headline\":\"Tchad : les Tchadiens de l\u2019int\u00e9rieur et de l\u2019ext\u00e9rieur s\u2019insurgent contre \u00ab la mauvaise gestion de la transition \u00bb\",\"datePublished\":\"2022-08-21T17:58:38+00:00\",\"dateModified\":\"2022-08-21T18:21:10+00:00\",\"mainEntityOfPage\":{\"@id\":\"https:\/\/www.africa-press.net\/tchad\/politique\/tchad-les-tchadiens-de-linterieur-et-de-lexterieur-sinsurgent-contre-la-mauvaise-gestion-de-la-transition\"},\"wordCount\":641,\"commentCount\":0,\"image\":{\"@id\":\"https:\/\/www.africa-press.net\/tchad\/politique\/tchad-les-tchadiens-de-linterieur-et-de-lexterieur-sinsurgent-contre-la-mauvaise-gestion-de-la-transition#primaryimage\"},\"thumbnailUrl\":\"https:\/\/static.africa-press.net\/tchad\/sites\/41\/2022\/08\/postQueueImg_5-6302777544b41.jpg\",\"keywords\":[\"Africa Press\",\"Africa Press-Tchad\",\"Tchad\"],\"articleSection\":[\"homepage-french\",\"Politique\",\"Top Nouvelles\",\"Toutes les actualit\u00e9s\"],\"inLanguage\":\"fr-FR\",\"potentialAction\":[{\"@type\":\"CommentAction\",\"name\":\"Comment\",\"target\":[\"https:\/\/www.africa-press.net\/tchad\/politique\/tchad-les-tchadiens-de-linterieur-et-de-lexterieur-sinsurgent-contre-la-mauvaise-gestion-de-la-transition#respond\"]}]},{\"@type\":\"WebPage\",\"@id\":\"https:\/\/www.africa-press.net\/tchad\/politique\/tchad-les-tchadiens-de-linterieur-et-de-lexterieur-sinsurgent-contre-la-mauvaise-gestion-de-la-transition\",\"url\":\"https:\/\/www.africa-press.net\/tchad\/politique\/tchad-les-tchadiens-de-linterieur-et-de-lexterieur-sinsurgent-contre-la-mauvaise-gestion-de-la-transition\",\"name\":\"Tchad : les Tchadiens de l\u2019int\u00e9rieur et de l\u2019ext\u00e9rieur s\u2019insurgent contre \u00ab la mauvaise gestion de la transition \u00bb - tchad\",\"isPartOf\":{\"@id\":\"https:\/\/www.africa-press.net\/tchad\/#website\"},\"primaryImageOfPage\":{\"@id\":\"https:\/\/www.africa-press.net\/tchad\/politique\/tchad-les-tchadiens-de-linterieur-et-de-lexterieur-sinsurgent-contre-la-mauvaise-gestion-de-la-transition#primaryimage\"},\"image\":{\"@id\":\"https:\/\/www.africa-press.net\/tchad\/politique\/tchad-les-tchadiens-de-linterieur-et-de-lexterieur-sinsurgent-contre-la-mauvaise-gestion-de-la-transition#primaryimage\"},\"thumbnailUrl\":\"https:\/\/static.africa-press.net\/tchad\/sites\/41\/2022\/08\/postQueueImg_5-6302777544b41.jpg\",\"datePublished\":\"2022-08-21T17:58:38+00:00\",\"dateModified\":\"2022-08-21T18:21:10+00:00\",\"author\":{\"@id\":\"https:\/\/www.africa-press.net\/tchad\/#\/schema\/person\/2b1cf3cd81a31e3cd26889ca66d677f1\"},\"description\":\"Apr\u00e8s avoir d\u00e9cri\u00e9 la situation de d\u00e9litement avanc\u00e9 du Tchad, marqu\u00e9e depuis de nombreuses ann\u00e9es par des violations ma ...\",\"breadcrumb\":{\"@id\":\"https:\/\/www.africa-press.net\/tchad\/politique\/tchad-les-tchadiens-de-linterieur-et-de-lexterieur-sinsurgent-contre-la-mauvaise-gestion-de-la-transition#breadcrumb\"},\"inLanguage\":\"fr-FR\",\"potentialAction\":[{\"@type\":\"ReadAction\",\"target\":[\"https:\/\/www.africa-press.net\/tchad\/politique\/tchad-les-tchadiens-de-linterieur-et-de-lexterieur-sinsurgent-contre-la-mauvaise-gestion-de-la-transition\"]}]},{\"@type\":\"ImageObject\",\"inLanguage\":\"fr-FR\",\"@id\":\"https:\/\/www.africa-press.net\/tchad\/politique\/tchad-les-tchadiens-de-linterieur-et-de-lexterieur-sinsurgent-contre-la-mauvaise-gestion-de-la-transition#primaryimage\",\"url\":\"https:\/\/static.africa-press.net\/tchad\/sites\/41\/2022\/08\/postQueueImg_5-6302777544b41.jpg\",\"contentUrl\":\"https:\/\/static.africa-press.net\/tchad\/sites\/41\/2022\/08\/postQueueImg_5-6302777544b41.jpg\",\"width\":716,\"height\":424,\"caption\":\"Tchad : les Tchadiens de l\u2019int\u00e9rieur et de l\u2019ext\u00e9rieur s\u2019insurgent contre \u00ab la mauvaise gestion de la transition \u00bb\"},{\"@type\":\"BreadcrumbList\",\"@id\":\"https:\/\/www.africa-press.net\/tchad\/politique\/tchad-les-tchadiens-de-linterieur-et-de-lexterieur-sinsurgent-contre-la-mauvaise-gestion-de-la-transition#breadcrumb\",\"itemListElement\":[{\"@type\":\"ListItem\",\"position\":1,\"name\":\"Accueil\",\"item\":\"https:\/\/www.africa-press.net\/tchad\/\"},{\"@type\":\"ListItem\",\"position\":2,\"name\":\"Tchad : les Tchadiens de l\u2019int\u00e9rieur et de l\u2019ext\u00e9rieur s\u2019insurgent contre \u00ab la mauvaise gestion de la transition \u00bb\"}]},{\"@type\":\"WebSite\",\"@id\":\"https:\/\/www.africa-press.net\/tchad\/#website\",\"url\":\"https:\/\/www.africa-press.net\/tchad\/\",\"name\":\"tchad\",\"description\":\"Just another Africa News Agency Sites site\",\"potentialAction\":[{\"@type\":\"SearchAction\",\"target\":{\"@type\":\"EntryPoint\",\"urlTemplate\":\"https:\/\/www.africa-press.net\/tchad\/?s={search_term_string}\"},\"query-input\":{\"@type\":\"PropertyValueSpecification\",\"valueRequired\":true,\"valueName\":\"search_term_string\"}}],\"inLanguage\":\"fr-FR\"},{\"@type\":\"Person\",\"@id\":\"https:\/\/www.africa-press.net\/tchad\/#\/schema\/person\/2b1cf3cd81a31e3cd26889ca66d677f1\",\"name\":\"cfeditorfr\"}]}<\/script>\n<!-- \/ Yoast SEO Premium plugin. -->","yoast_head_json":{"title":"Tchad : les Tchadiens de l\u2019int\u00e9rieur et de l\u2019ext\u00e9rieur s\u2019insurgent contre \u00ab la mauvaise gestion de la transition \u00bb - tchad","description":"Apr\u00e8s avoir d\u00e9cri\u00e9 la situation de d\u00e9litement avanc\u00e9 du Tchad, marqu\u00e9e depuis de nombreuses ann\u00e9es par des violations ma ...","robots":{"index":"index","follow":"follow","max-snippet":"max-snippet:-1","max-image-preview":"max-image-preview:large","max-video-preview":"max-video-preview:-1"},"canonical":"https:\/\/www.africa-press.net\/tchad\/politique\/tchad-les-tchadiens-de-linterieur-et-de-lexterieur-sinsurgent-contre-la-mauvaise-gestion-de-la-transition","og_locale":"fr_FR","og_type":"article","og_title":"Tchad : les Tchadiens de l\u2019int\u00e9rieur et de l\u2019ext\u00e9rieur s\u2019insurgent contre \u00ab la mauvaise gestion de la transition \u00bb","og_description":"Apr\u00e8s avoir d\u00e9cri\u00e9 la situation de d\u00e9litement avanc\u00e9 du Tchad, marqu\u00e9e depuis de nombreuses ann\u00e9es par des violations ma ...","og_url":"https:\/\/www.africa-press.net\/tchad\/politique\/tchad-les-tchadiens-de-linterieur-et-de-lexterieur-sinsurgent-contre-la-mauvaise-gestion-de-la-transition","og_site_name":"tchad","article_published_time":"2022-08-21T17:58:38+00:00","article_modified_time":"2022-08-21T18:21:10+00:00","og_image":[{"width":716,"height":424,"url":"https:\/\/static.africa-press.net\/tchad\/sites\/41\/2022\/08\/postQueueImg_5-6302777544b41.jpg","type":"image\/jpeg"}],"author":"cfeditorfr","twitter_card":"summary_large_image","twitter_misc":{"\u00c9crit par":"cfeditorfr","Dur\u00e9e de lecture estim\u00e9e":"3 minutes"},"schema":{"@context":"https:\/\/schema.org","@graph":[{"@type":"Article","@id":"https:\/\/www.africa-press.net\/tchad\/politique\/tchad-les-tchadiens-de-linterieur-et-de-lexterieur-sinsurgent-contre-la-mauvaise-gestion-de-la-transition#article","isPartOf":{"@id":"https:\/\/www.africa-press.net\/tchad\/politique\/tchad-les-tchadiens-de-linterieur-et-de-lexterieur-sinsurgent-contre-la-mauvaise-gestion-de-la-transition"},"author":{"name":"cfeditorfr","@id":"https:\/\/www.africa-press.net\/tchad\/#\/schema\/person\/2b1cf3cd81a31e3cd26889ca66d677f1"},"headline":"Tchad : les Tchadiens de l\u2019int\u00e9rieur et de l\u2019ext\u00e9rieur s\u2019insurgent contre \u00ab la mauvaise gestion de la transition \u00bb","datePublished":"2022-08-21T17:58:38+00:00","dateModified":"2022-08-21T18:21:10+00:00","mainEntityOfPage":{"@id":"https:\/\/www.africa-press.net\/tchad\/politique\/tchad-les-tchadiens-de-linterieur-et-de-lexterieur-sinsurgent-contre-la-mauvaise-gestion-de-la-transition"},"wordCount":641,"commentCount":0,"image":{"@id":"https:\/\/www.africa-press.net\/tchad\/politique\/tchad-les-tchadiens-de-linterieur-et-de-lexterieur-sinsurgent-contre-la-mauvaise-gestion-de-la-transition#primaryimage"},"thumbnailUrl":"https:\/\/static.africa-press.net\/tchad\/sites\/41\/2022\/08\/postQueueImg_5-6302777544b41.jpg","keywords":["Africa Press","Africa Press-Tchad","Tchad"],"articleSection":["homepage-french","Politique","Top Nouvelles","Toutes les actualit\u00e9s"],"inLanguage":"fr-FR","potentialAction":[{"@type":"CommentAction","name":"Comment","target":["https:\/\/www.africa-press.net\/tchad\/politique\/tchad-les-tchadiens-de-linterieur-et-de-lexterieur-sinsurgent-contre-la-mauvaise-gestion-de-la-transition#respond"]}]},{"@type":"WebPage","@id":"https:\/\/www.africa-press.net\/tchad\/politique\/tchad-les-tchadiens-de-linterieur-et-de-lexterieur-sinsurgent-contre-la-mauvaise-gestion-de-la-transition","url":"https:\/\/www.africa-press.net\/tchad\/politique\/tchad-les-tchadiens-de-linterieur-et-de-lexterieur-sinsurgent-contre-la-mauvaise-gestion-de-la-transition","name":"Tchad : les Tchadiens de l\u2019int\u00e9rieur et de l\u2019ext\u00e9rieur s\u2019insurgent contre \u00ab la mauvaise gestion de la transition \u00bb - tchad","isPartOf":{"@id":"https:\/\/www.africa-press.net\/tchad\/#website"},"primaryImageOfPage":{"@id":"https:\/\/www.africa-press.net\/tchad\/politique\/tchad-les-tchadiens-de-linterieur-et-de-lexterieur-sinsurgent-contre-la-mauvaise-gestion-de-la-transition#primaryimage"},"image":{"@id":"https:\/\/www.africa-press.net\/tchad\/politique\/tchad-les-tchadiens-de-linterieur-et-de-lexterieur-sinsurgent-contre-la-mauvaise-gestion-de-la-transition#primaryimage"},"thumbnailUrl":"https:\/\/static.africa-press.net\/tchad\/sites\/41\/2022\/08\/postQueueImg_5-6302777544b41.jpg","datePublished":"2022-08-21T17:58:38+00:00","dateModified":"2022-08-21T18:21:10+00:00","author":{"@id":"https:\/\/www.africa-press.net\/tchad\/#\/schema\/person\/2b1cf3cd81a31e3cd26889ca66d677f1"},"description":"Apr\u00e8s avoir d\u00e9cri\u00e9 la situation de d\u00e9litement avanc\u00e9 du Tchad, marqu\u00e9e depuis de nombreuses ann\u00e9es par des violations ma ...","breadcrumb":{"@id":"https:\/\/www.africa-press.net\/tchad\/politique\/tchad-les-tchadiens-de-linterieur-et-de-lexterieur-sinsurgent-contre-la-mauvaise-gestion-de-la-transition#breadcrumb"},"inLanguage":"fr-FR","potentialAction":[{"@type":"ReadAction","target":["https:\/\/www.africa-press.net\/tchad\/politique\/tchad-les-tchadiens-de-linterieur-et-de-lexterieur-sinsurgent-contre-la-mauvaise-gestion-de-la-transition"]}]},{"@type":"ImageObject","inLanguage":"fr-FR","@id":"https:\/\/www.africa-press.net\/tchad\/politique\/tchad-les-tchadiens-de-linterieur-et-de-lexterieur-sinsurgent-contre-la-mauvaise-gestion-de-la-transition#primaryimage","url":"https:\/\/static.africa-press.net\/tchad\/sites\/41\/2022\/08\/postQueueImg_5-6302777544b41.jpg","contentUrl":"https:\/\/static.africa-press.net\/tchad\/sites\/41\/2022\/08\/postQueueImg_5-6302777544b41.jpg","width":716,"height":424,"caption":"Tchad : les Tchadiens de l\u2019int\u00e9rieur et de l\u2019ext\u00e9rieur s\u2019insurgent contre \u00ab la mauvaise gestion de la transition \u00bb"},{"@type":"BreadcrumbList","@id":"https:\/\/www.africa-press.net\/tchad\/politique\/tchad-les-tchadiens-de-linterieur-et-de-lexterieur-sinsurgent-contre-la-mauvaise-gestion-de-la-transition#breadcrumb","itemListElement":[{"@type":"ListItem","position":1,"name":"Accueil","item":"https:\/\/www.africa-press.net\/tchad\/"},{"@type":"ListItem","position":2,"name":"Tchad : les Tchadiens de l\u2019int\u00e9rieur et de l\u2019ext\u00e9rieur s\u2019insurgent contre \u00ab la mauvaise gestion de la transition \u00bb"}]},{"@type":"WebSite","@id":"https:\/\/www.africa-press.net\/tchad\/#website","url":"https:\/\/www.africa-press.net\/tchad\/","name":"tchad","description":"Just another Africa News Agency Sites site","potentialAction":[{"@type":"SearchAction","target":{"@type":"EntryPoint","urlTemplate":"https:\/\/www.africa-press.net\/tchad\/?s={search_term_string}"},"query-input":{"@type":"PropertyValueSpecification","valueRequired":true,"valueName":"search_term_string"}}],"inLanguage":"fr-FR"},{"@type":"Person","@id":"https:\/\/www.africa-press.net\/tchad\/#\/schema\/person\/2b1cf3cd81a31e3cd26889ca66d677f1","name":"cfeditorfr"}]}},"_links":{"self":[{"href":"https:\/\/www.africa-press.net\/tchad\/wp-json\/wp\/v2\/posts\/30992","targetHints":{"allow":["GET"]}}],"collection":[{"href":"https:\/\/www.africa-press.net\/tchad\/wp-json\/wp\/v2\/posts"}],"about":[{"href":"https:\/\/www.africa-press.net\/tchad\/wp-json\/wp\/v2\/types\/post"}],"author":[{"embeddable":true,"href":"https:\/\/www.africa-press.net\/tchad\/wp-json\/wp\/v2\/users\/82"}],"replies":[{"embeddable":true,"href":"https:\/\/www.africa-press.net\/tchad\/wp-json\/wp\/v2\/comments?post=30992"}],"version-history":[{"count":0,"href":"https:\/\/www.africa-press.net\/tchad\/wp-json\/wp\/v2\/posts\/30992\/revisions"}],"wp:featuredmedia":[{"embeddable":true,"href":"https:\/\/www.africa-press.net\/tchad\/wp-json\/wp\/v2\/media\/30991"}],"wp:attachment":[{"href":"https:\/\/www.africa-press.net\/tchad\/wp-json\/wp\/v2\/media?parent=30992"}],"wp:term":[{"taxonomy":"category","embeddable":true,"href":"https:\/\/www.africa-press.net\/tchad\/wp-json\/wp\/v2\/categories?post=30992"},{"taxonomy":"post_tag","embeddable":true,"href":"https:\/\/www.africa-press.net\/tchad\/wp-json\/wp\/v2\/tags?post=30992"}],"curies":[{"name":"wp","href":"https:\/\/api.w.org\/{rel}","templated":true}]}}