{"id":30998,"date":"2022-08-21T18:00:11","date_gmt":"2022-08-21T18:00:11","guid":{"rendered":"https:\/\/www.africa-press.net\/tchad\/politique\/la-jeunesse-du-wadi-fira-se-dit-ecartee-du-dialogue-national"},"modified":"2022-08-21T18:22:51","modified_gmt":"2022-08-21T18:22:51","slug":"la-jeunesse-du-wadi-fira-se-dit-ecartee-du-dialogue-national","status":"publish","type":"post","link":"https:\/\/www.africa-press.net\/tchad\/politique\/la-jeunesse-du-wadi-fira-se-dit-ecartee-du-dialogue-national","title":{"rendered":"la jeunesse du Wadi Fira se dit \u00ab\u00a0\u00e9cart\u00e9e\u00a0\u00bb du dialogue national"},"content":{"rendered":"<p><span style=\"color: #ff6600\"><strong>Africa-Press &#8211; Tchad. <\/strong><\/span>Selon lui, la r\u00e9partition des quotas \u00ab\u00a0a \u00e9t\u00e9 faite en coulisse par un groupe de deux personnes appartenant \u00e0 une seule famille politiqu\u00a0\u00bbe, accordant ainsi une seule place \u00e0 la jeunesse alors que d&rsquo;apr\u00e8s la cl\u00e9 de r\u00e9partition des quotas, la jeunesse a trois places sur les 10 repr\u00e9sentants de la province.<\/p>\n<p>Pour Izadine Ali Mahamat,<b> \u00ab\u00a0c&rsquo;est un acte qui consiste \u00e0 \u00e9carter purement et simplement la jeunesse\u00a0\u00bb<\/b>. Il \u00e9voque des r\u00e9clamations sans suite favorable. La coordination du CNJT du Wadi Fira se d\u00e9siste de sa participation au dialogue et <b>\u00ab\u00a0tient pour responsable la commission en charge de la r\u00e9partition des quotas\u00a0\u00bb.<\/b><\/p>\n<p><strong>Pour plus d&rsquo;informations et d&rsquo;analyses sur la <a href=\"https:\/\/www.africa-press.net\/tchad\">Tchad<\/a>, suivez <a href=\"https:\/\/www.africa-press.net\/\">Africa-Press<\/a><\/strong><\/p>\n","protected":false},"excerpt":{"rendered":"<p>Africa-Press &#8211; Tchad. Selon lui, la r\u00e9partition des quotas \u00ab\u00a0a \u00e9t\u00e9 faite en coulisse par un groupe de deux personnes appartenant \u00e0 une seule famille politiqu\u00a0\u00bbe, accordant ainsi une seule place \u00e0 la jeunesse alors que d&rsquo;apr\u00e8s la cl\u00e9 de r\u00e9partition des quotas, la jeunesse a trois places sur les 10 repr\u00e9sentants de la province. [&hellip;]<\/p>\n","protected":false},"author":82,"featured_media":30996,"comment_status":"open","ping_status":"closed","sticky":false,"template":"","format":"standard","meta":{"footnotes":""},"categories":[11,2,10],"tags":[37,292,29],"class_list":["post-30998","post","type-post","status-publish","format-standard","has-post-thumbnail","hentry","category-homepage-french","category-politique","category-toutes-les-actualites","tag-africa-press","tag-africa-press-tchad","tag-tchad"],"yoast_head":"<!-- This site is optimized with the Yoast SEO Premium plugin v26.1 (Yoast SEO v27.0) - https:\/\/yoast.com\/product\/yoast-seo-premium-wordpress\/ -->\n<title>la jeunesse du Wadi Fira se dit &quot;\u00e9cart\u00e9e&quot; du dialogue national - tchad<\/title>\n<meta name=\"description\" content=\"Selon lui, la r\u00e9partition des quotas &quot;a \u00e9t\u00e9 faite en coulisse par un groupe de deux personnes appartenant \u00e0 une seule fa ...\" \/>\n<meta name=\"robots\" content=\"index, follow, max-snippet:-1, max-image-preview:large, max-video-preview:-1\" \/>\n<link rel=\"canonical\" href=\"https:\/\/www.africa-press.net\/tchad\/politique\/la-jeunesse-du-wadi-fira-se-dit-ecartee-du-dialogue-national\" \/>\n<meta property=\"og:locale\" content=\"fr_FR\" \/>\n<meta property=\"og:type\" content=\"article\" \/>\n<meta property=\"og:title\" content=\"la jeunesse du Wadi Fira se dit &quot;\u00e9cart\u00e9e&quot; du dialogue national\" \/>\n<meta property=\"og:description\" content=\"Selon lui, la r\u00e9partition des quotas &quot;a \u00e9t\u00e9 faite en coulisse par un groupe de deux personnes appartenant \u00e0 une seule fa ...\" \/>\n<meta property=\"og:url\" content=\"https:\/\/www.africa-press.net\/tchad\/politique\/la-jeunesse-du-wadi-fira-se-dit-ecartee-du-dialogue-national\" \/>\n<meta property=\"og:site_name\" content=\"tchad\" \/>\n<meta property=\"article:published_time\" content=\"2022-08-21T18:00:11+00:00\" \/>\n<meta property=\"article:modified_time\" content=\"2022-08-21T18:22:51+00:00\" \/>\n<meta property=\"og:image\" content=\"https:\/\/static.africa-press.net\/tchad\/sites\/41\/2022\/08\/postQueueImg_7-630277cdea65a.jpg\" \/>\n\t<meta property=\"og:image:width\" content=\"811\" \/>\n\t<meta property=\"og:image:height\" content=\"458\" \/>\n\t<meta property=\"og:image:type\" content=\"image\/jpeg\" \/>\n<meta name=\"author\" content=\"cfeditorfr\" \/>\n<meta name=\"twitter:card\" content=\"summary_large_image\" \/>\n<meta name=\"twitter:label1\" content=\"\u00c9crit par\" \/>\n\t<meta name=\"twitter:data1\" content=\"cfeditorfr\" \/>\n\t<meta name=\"twitter:label2\" content=\"Dur\u00e9e de lecture estim\u00e9e\" \/>\n\t<meta name=\"twitter:data2\" content=\"1 minute\" \/>\n<script type=\"application\/ld+json\" class=\"yoast-schema-graph\">{\"@context\":\"https:\/\/schema.org\",\"@graph\":[{\"@type\":\"Article\",\"@id\":\"https:\/\/www.africa-press.net\/tchad\/politique\/la-jeunesse-du-wadi-fira-se-dit-ecartee-du-dialogue-national#article\",\"isPartOf\":{\"@id\":\"https:\/\/www.africa-press.net\/tchad\/politique\/la-jeunesse-du-wadi-fira-se-dit-ecartee-du-dialogue-national\"},\"author\":{\"name\":\"cfeditorfr\",\"@id\":\"https:\/\/www.africa-press.net\/tchad\/#\/schema\/person\/2b1cf3cd81a31e3cd26889ca66d677f1\"},\"headline\":\"la jeunesse du Wadi Fira se dit \u00ab\u00a0\u00e9cart\u00e9e\u00a0\u00bb du dialogue national\",\"datePublished\":\"2022-08-21T18:00:11+00:00\",\"dateModified\":\"2022-08-21T18:22:51+00:00\",\"mainEntityOfPage\":{\"@id\":\"https:\/\/www.africa-press.net\/tchad\/politique\/la-jeunesse-du-wadi-fira-se-dit-ecartee-du-dialogue-national\"},\"wordCount\":135,\"commentCount\":0,\"image\":{\"@id\":\"https:\/\/www.africa-press.net\/tchad\/politique\/la-jeunesse-du-wadi-fira-se-dit-ecartee-du-dialogue-national#primaryimage\"},\"thumbnailUrl\":\"https:\/\/static.africa-press.net\/tchad\/sites\/41\/2022\/08\/postQueueImg_7-630277cdea65a.jpg\",\"keywords\":[\"Africa Press\",\"Africa Press-Tchad\",\"Tchad\"],\"articleSection\":[\"homepage-french\",\"Politique\",\"Toutes les actualit\u00e9s\"],\"inLanguage\":\"fr-FR\",\"potentialAction\":[{\"@type\":\"CommentAction\",\"name\":\"Comment\",\"target\":[\"https:\/\/www.africa-press.net\/tchad\/politique\/la-jeunesse-du-wadi-fira-se-dit-ecartee-du-dialogue-national#respond\"]}]},{\"@type\":\"WebPage\",\"@id\":\"https:\/\/www.africa-press.net\/tchad\/politique\/la-jeunesse-du-wadi-fira-se-dit-ecartee-du-dialogue-national\",\"url\":\"https:\/\/www.africa-press.net\/tchad\/politique\/la-jeunesse-du-wadi-fira-se-dit-ecartee-du-dialogue-national\",\"name\":\"la jeunesse du Wadi Fira se dit \\\"\u00e9cart\u00e9e\\\" du dialogue national - tchad\",\"isPartOf\":{\"@id\":\"https:\/\/www.africa-press.net\/tchad\/#website\"},\"primaryImageOfPage\":{\"@id\":\"https:\/\/www.africa-press.net\/tchad\/politique\/la-jeunesse-du-wadi-fira-se-dit-ecartee-du-dialogue-national#primaryimage\"},\"image\":{\"@id\":\"https:\/\/www.africa-press.net\/tchad\/politique\/la-jeunesse-du-wadi-fira-se-dit-ecartee-du-dialogue-national#primaryimage\"},\"thumbnailUrl\":\"https:\/\/static.africa-press.net\/tchad\/sites\/41\/2022\/08\/postQueueImg_7-630277cdea65a.jpg\",\"datePublished\":\"2022-08-21T18:00:11+00:00\",\"dateModified\":\"2022-08-21T18:22:51+00:00\",\"author\":{\"@id\":\"https:\/\/www.africa-press.net\/tchad\/#\/schema\/person\/2b1cf3cd81a31e3cd26889ca66d677f1\"},\"description\":\"Selon lui, la r\u00e9partition des quotas \\\"a \u00e9t\u00e9 faite en coulisse par un groupe de deux personnes appartenant \u00e0 une seule fa ...\",\"breadcrumb\":{\"@id\":\"https:\/\/www.africa-press.net\/tchad\/politique\/la-jeunesse-du-wadi-fira-se-dit-ecartee-du-dialogue-national#breadcrumb\"},\"inLanguage\":\"fr-FR\",\"potentialAction\":[{\"@type\":\"ReadAction\",\"target\":[\"https:\/\/www.africa-press.net\/tchad\/politique\/la-jeunesse-du-wadi-fira-se-dit-ecartee-du-dialogue-national\"]}]},{\"@type\":\"ImageObject\",\"inLanguage\":\"fr-FR\",\"@id\":\"https:\/\/www.africa-press.net\/tchad\/politique\/la-jeunesse-du-wadi-fira-se-dit-ecartee-du-dialogue-national#primaryimage\",\"url\":\"https:\/\/static.africa-press.net\/tchad\/sites\/41\/2022\/08\/postQueueImg_7-630277cdea65a.jpg\",\"contentUrl\":\"https:\/\/static.africa-press.net\/tchad\/sites\/41\/2022\/08\/postQueueImg_7-630277cdea65a.jpg\",\"width\":811,\"height\":458,\"caption\":\"la jeunesse du Wadi Fira se dit \\\"\u00e9cart\u00e9e\\\" du dialogue national\"},{\"@type\":\"BreadcrumbList\",\"@id\":\"https:\/\/www.africa-press.net\/tchad\/politique\/la-jeunesse-du-wadi-fira-se-dit-ecartee-du-dialogue-national#breadcrumb\",\"itemListElement\":[{\"@type\":\"ListItem\",\"position\":1,\"name\":\"Accueil\",\"item\":\"https:\/\/www.africa-press.net\/tchad\/\"},{\"@type\":\"ListItem\",\"position\":2,\"name\":\"la jeunesse du Wadi Fira se dit &#8220;\u00e9cart\u00e9e&#8221; du dialogue national\"}]},{\"@type\":\"WebSite\",\"@id\":\"https:\/\/www.africa-press.net\/tchad\/#website\",\"url\":\"https:\/\/www.africa-press.net\/tchad\/\",\"name\":\"tchad\",\"description\":\"Just another Africa News Agency Sites site\",\"potentialAction\":[{\"@type\":\"SearchAction\",\"target\":{\"@type\":\"EntryPoint\",\"urlTemplate\":\"https:\/\/www.africa-press.net\/tchad\/?s={search_term_string}\"},\"query-input\":{\"@type\":\"PropertyValueSpecification\",\"valueRequired\":true,\"valueName\":\"search_term_string\"}}],\"inLanguage\":\"fr-FR\"},{\"@type\":\"Person\",\"@id\":\"https:\/\/www.africa-press.net\/tchad\/#\/schema\/person\/2b1cf3cd81a31e3cd26889ca66d677f1\",\"name\":\"cfeditorfr\"}]}<\/script>\n<!-- \/ Yoast SEO Premium plugin. -->","yoast_head_json":{"title":"la jeunesse du Wadi Fira se dit \"\u00e9cart\u00e9e\" du dialogue national - tchad","description":"Selon lui, la r\u00e9partition des quotas \"a \u00e9t\u00e9 faite en coulisse par un groupe de deux personnes appartenant \u00e0 une seule fa ...","robots":{"index":"index","follow":"follow","max-snippet":"max-snippet:-1","max-image-preview":"max-image-preview:large","max-video-preview":"max-video-preview:-1"},"canonical":"https:\/\/www.africa-press.net\/tchad\/politique\/la-jeunesse-du-wadi-fira-se-dit-ecartee-du-dialogue-national","og_locale":"fr_FR","og_type":"article","og_title":"la jeunesse du Wadi Fira se dit \"\u00e9cart\u00e9e\" du dialogue national","og_description":"Selon lui, la r\u00e9partition des quotas \"a \u00e9t\u00e9 faite en coulisse par un groupe de deux personnes appartenant \u00e0 une seule fa ...","og_url":"https:\/\/www.africa-press.net\/tchad\/politique\/la-jeunesse-du-wadi-fira-se-dit-ecartee-du-dialogue-national","og_site_name":"tchad","article_published_time":"2022-08-21T18:00:11+00:00","article_modified_time":"2022-08-21T18:22:51+00:00","og_image":[{"width":811,"height":458,"url":"https:\/\/static.africa-press.net\/tchad\/sites\/41\/2022\/08\/postQueueImg_7-630277cdea65a.jpg","type":"image\/jpeg"}],"author":"cfeditorfr","twitter_card":"summary_large_image","twitter_misc":{"\u00c9crit par":"cfeditorfr","Dur\u00e9e de lecture estim\u00e9e":"1 minute"},"schema":{"@context":"https:\/\/schema.org","@graph":[{"@type":"Article","@id":"https:\/\/www.africa-press.net\/tchad\/politique\/la-jeunesse-du-wadi-fira-se-dit-ecartee-du-dialogue-national#article","isPartOf":{"@id":"https:\/\/www.africa-press.net\/tchad\/politique\/la-jeunesse-du-wadi-fira-se-dit-ecartee-du-dialogue-national"},"author":{"name":"cfeditorfr","@id":"https:\/\/www.africa-press.net\/tchad\/#\/schema\/person\/2b1cf3cd81a31e3cd26889ca66d677f1"},"headline":"la jeunesse du Wadi Fira se dit \u00ab\u00a0\u00e9cart\u00e9e\u00a0\u00bb du dialogue national","datePublished":"2022-08-21T18:00:11+00:00","dateModified":"2022-08-21T18:22:51+00:00","mainEntityOfPage":{"@id":"https:\/\/www.africa-press.net\/tchad\/politique\/la-jeunesse-du-wadi-fira-se-dit-ecartee-du-dialogue-national"},"wordCount":135,"commentCount":0,"image":{"@id":"https:\/\/www.africa-press.net\/tchad\/politique\/la-jeunesse-du-wadi-fira-se-dit-ecartee-du-dialogue-national#primaryimage"},"thumbnailUrl":"https:\/\/static.africa-press.net\/tchad\/sites\/41\/2022\/08\/postQueueImg_7-630277cdea65a.jpg","keywords":["Africa Press","Africa Press-Tchad","Tchad"],"articleSection":["homepage-french","Politique","Toutes les actualit\u00e9s"],"inLanguage":"fr-FR","potentialAction":[{"@type":"CommentAction","name":"Comment","target":["https:\/\/www.africa-press.net\/tchad\/politique\/la-jeunesse-du-wadi-fira-se-dit-ecartee-du-dialogue-national#respond"]}]},{"@type":"WebPage","@id":"https:\/\/www.africa-press.net\/tchad\/politique\/la-jeunesse-du-wadi-fira-se-dit-ecartee-du-dialogue-national","url":"https:\/\/www.africa-press.net\/tchad\/politique\/la-jeunesse-du-wadi-fira-se-dit-ecartee-du-dialogue-national","name":"la jeunesse du Wadi Fira se dit \"\u00e9cart\u00e9e\" du dialogue national - tchad","isPartOf":{"@id":"https:\/\/www.africa-press.net\/tchad\/#website"},"primaryImageOfPage":{"@id":"https:\/\/www.africa-press.net\/tchad\/politique\/la-jeunesse-du-wadi-fira-se-dit-ecartee-du-dialogue-national#primaryimage"},"image":{"@id":"https:\/\/www.africa-press.net\/tchad\/politique\/la-jeunesse-du-wadi-fira-se-dit-ecartee-du-dialogue-national#primaryimage"},"thumbnailUrl":"https:\/\/static.africa-press.net\/tchad\/sites\/41\/2022\/08\/postQueueImg_7-630277cdea65a.jpg","datePublished":"2022-08-21T18:00:11+00:00","dateModified":"2022-08-21T18:22:51+00:00","author":{"@id":"https:\/\/www.africa-press.net\/tchad\/#\/schema\/person\/2b1cf3cd81a31e3cd26889ca66d677f1"},"description":"Selon lui, la r\u00e9partition des quotas \"a \u00e9t\u00e9 faite en coulisse par un groupe de deux personnes appartenant \u00e0 une seule fa ...","breadcrumb":{"@id":"https:\/\/www.africa-press.net\/tchad\/politique\/la-jeunesse-du-wadi-fira-se-dit-ecartee-du-dialogue-national#breadcrumb"},"inLanguage":"fr-FR","potentialAction":[{"@type":"ReadAction","target":["https:\/\/www.africa-press.net\/tchad\/politique\/la-jeunesse-du-wadi-fira-se-dit-ecartee-du-dialogue-national"]}]},{"@type":"ImageObject","inLanguage":"fr-FR","@id":"https:\/\/www.africa-press.net\/tchad\/politique\/la-jeunesse-du-wadi-fira-se-dit-ecartee-du-dialogue-national#primaryimage","url":"https:\/\/static.africa-press.net\/tchad\/sites\/41\/2022\/08\/postQueueImg_7-630277cdea65a.jpg","contentUrl":"https:\/\/static.africa-press.net\/tchad\/sites\/41\/2022\/08\/postQueueImg_7-630277cdea65a.jpg","width":811,"height":458,"caption":"la jeunesse du Wadi Fira se dit \"\u00e9cart\u00e9e\" du dialogue national"},{"@type":"BreadcrumbList","@id":"https:\/\/www.africa-press.net\/tchad\/politique\/la-jeunesse-du-wadi-fira-se-dit-ecartee-du-dialogue-national#breadcrumb","itemListElement":[{"@type":"ListItem","position":1,"name":"Accueil","item":"https:\/\/www.africa-press.net\/tchad\/"},{"@type":"ListItem","position":2,"name":"la jeunesse du Wadi Fira se dit &#8220;\u00e9cart\u00e9e&#8221; du dialogue national"}]},{"@type":"WebSite","@id":"https:\/\/www.africa-press.net\/tchad\/#website","url":"https:\/\/www.africa-press.net\/tchad\/","name":"tchad","description":"Just another Africa News Agency Sites site","potentialAction":[{"@type":"SearchAction","target":{"@type":"EntryPoint","urlTemplate":"https:\/\/www.africa-press.net\/tchad\/?s={search_term_string}"},"query-input":{"@type":"PropertyValueSpecification","valueRequired":true,"valueName":"search_term_string"}}],"inLanguage":"fr-FR"},{"@type":"Person","@id":"https:\/\/www.africa-press.net\/tchad\/#\/schema\/person\/2b1cf3cd81a31e3cd26889ca66d677f1","name":"cfeditorfr"}]}},"_links":{"self":[{"href":"https:\/\/www.africa-press.net\/tchad\/wp-json\/wp\/v2\/posts\/30998","targetHints":{"allow":["GET"]}}],"collection":[{"href":"https:\/\/www.africa-press.net\/tchad\/wp-json\/wp\/v2\/posts"}],"about":[{"href":"https:\/\/www.africa-press.net\/tchad\/wp-json\/wp\/v2\/types\/post"}],"author":[{"embeddable":true,"href":"https:\/\/www.africa-press.net\/tchad\/wp-json\/wp\/v2\/users\/82"}],"replies":[{"embeddable":true,"href":"https:\/\/www.africa-press.net\/tchad\/wp-json\/wp\/v2\/comments?post=30998"}],"version-history":[{"count":0,"href":"https:\/\/www.africa-press.net\/tchad\/wp-json\/wp\/v2\/posts\/30998\/revisions"}],"wp:featuredmedia":[{"embeddable":true,"href":"https:\/\/www.africa-press.net\/tchad\/wp-json\/wp\/v2\/media\/30996"}],"wp:attachment":[{"href":"https:\/\/www.africa-press.net\/tchad\/wp-json\/wp\/v2\/media?parent=30998"}],"wp:term":[{"taxonomy":"category","embeddable":true,"href":"https:\/\/www.africa-press.net\/tchad\/wp-json\/wp\/v2\/categories?post=30998"},{"taxonomy":"post_tag","embeddable":true,"href":"https:\/\/www.africa-press.net\/tchad\/wp-json\/wp\/v2\/tags?post=30998"}],"curies":[{"name":"wp","href":"https:\/\/api.w.org\/{rel}","templated":true}]}}