{"id":31001,"date":"2022-08-21T18:00:56","date_gmt":"2022-08-21T18:00:56","guid":{"rendered":"https:\/\/www.africa-press.net\/tchad\/politique\/faycal-hissein-hassan-denonce-le-mepris-de-la-langue-arabe-au-dnis"},"modified":"2022-08-21T18:24:16","modified_gmt":"2022-08-21T18:24:16","slug":"faycal-hissein-hassan-denonce-le-mepris-de-la-langue-arabe-au-dnis","status":"publish","type":"post","link":"https:\/\/www.africa-press.net\/tchad\/politique\/faycal-hissein-hassan-denonce-le-mepris-de-la-langue-arabe-au-dnis","title":{"rendered":"Fay\u00e7al Hissein Hassan d\u00e9nonce le m\u00e9pris de la langue arabe au DNIS"},"content":{"rendered":"<p><span style=\"color: #ff6600\"><strong>Africa-Press &#8211; Tchad. <\/strong><\/span>Fay\u00e7al Hissein Hassan Abakar d\u00e9plore un <b>\u00ab\u00a0incident regrettable et de nature \u00e0 nier l&rsquo;\u00e9vidence de la diversit\u00e9 culturelle et linguistique du Tchad\u00a0\u00bb<\/b>. Il demande au pr\u00e9sident de la transition de prendre les mesures n\u00e9cessaires pour le respect du bilinguisme et rel\u00e8ve que <b>\u00ab\u00a0la domination d&rsquo;une langue sur une autre ne sert en aucun cas la construction de la paix et de la cohabitation pacifique au Tchad\u00a0\u00bb.<\/b><\/p>\n<p>Le pr\u00e9sident national de la coalition appelle les intellectuels, les cadres arabophones et les d\u00e9fenseurs de la langue arabe participants au dialogue, ainsi que les diff\u00e9rentes forces vives, \u00e0 promouvoir les valeurs nationales et \u00e0 aller contre toute menace \u00e0 la paix et \u00e0 la cohabitation.<\/p>\n<p><strong>Pour plus d&rsquo;informations et d&rsquo;analyses sur la <a href=\"https:\/\/www.africa-press.net\/tchad\">Tchad<\/a>, suivez <a href=\"https:\/\/www.africa-press.net\/\">Africa-Press<\/a><\/strong><\/p>\n","protected":false},"excerpt":{"rendered":"<p>Africa-Press &#8211; Tchad. Fay\u00e7al Hissein Hassan Abakar d\u00e9plore un \u00ab\u00a0incident regrettable et de nature \u00e0 nier l&rsquo;\u00e9vidence de la diversit\u00e9 culturelle et linguistique du Tchad\u00a0\u00bb. Il demande au pr\u00e9sident de la transition de prendre les mesures n\u00e9cessaires pour le respect du bilinguisme et rel\u00e8ve que \u00ab\u00a0la domination d&rsquo;une langue sur une autre ne sert en [&hellip;]<\/p>\n","protected":false},"author":82,"featured_media":31000,"comment_status":"open","ping_status":"closed","sticky":false,"template":"","format":"standard","meta":{"footnotes":""},"categories":[11,2,10],"tags":[37,292,29],"class_list":["post-31001","post","type-post","status-publish","format-standard","has-post-thumbnail","hentry","category-homepage-french","category-politique","category-toutes-les-actualites","tag-africa-press","tag-africa-press-tchad","tag-tchad"],"yoast_head":"<!-- This site is optimized with the Yoast SEO Premium plugin v26.1 (Yoast SEO v27.0) - https:\/\/yoast.com\/product\/yoast-seo-premium-wordpress\/ -->\n<title>Fay\u00e7al Hissein Hassan d\u00e9nonce le m\u00e9pris de la langue arabe au DNIS - tchad<\/title>\n<meta name=\"description\" content=\"Fay\u00e7al Hissein Hassan Abakar d\u00e9plore un &quot;incident regrettable et de nature \u00e0 nier l&#039;\u00e9vidence de la diversit\u00e9 culturel ...\" \/>\n<meta name=\"robots\" content=\"index, follow, max-snippet:-1, max-image-preview:large, max-video-preview:-1\" \/>\n<link rel=\"canonical\" href=\"https:\/\/www.africa-press.net\/tchad\/politique\/faycal-hissein-hassan-denonce-le-mepris-de-la-langue-arabe-au-dnis\" \/>\n<meta property=\"og:locale\" content=\"fr_FR\" \/>\n<meta property=\"og:type\" content=\"article\" \/>\n<meta property=\"og:title\" content=\"Fay\u00e7al Hissein Hassan d\u00e9nonce le m\u00e9pris de la langue arabe au DNIS\" \/>\n<meta property=\"og:description\" content=\"Fay\u00e7al Hissein Hassan Abakar d\u00e9plore un &quot;incident regrettable et de nature \u00e0 nier l&#039;\u00e9vidence de la diversit\u00e9 culturel ...\" \/>\n<meta property=\"og:url\" content=\"https:\/\/www.africa-press.net\/tchad\/politique\/faycal-hissein-hassan-denonce-le-mepris-de-la-langue-arabe-au-dnis\" \/>\n<meta property=\"og:site_name\" content=\"tchad\" \/>\n<meta property=\"article:published_time\" content=\"2022-08-21T18:00:56+00:00\" \/>\n<meta property=\"article:modified_time\" content=\"2022-08-21T18:24:16+00:00\" \/>\n<meta property=\"og:image\" content=\"https:\/\/static.africa-press.net\/tchad\/sites\/41\/2022\/08\/postQueueImg_8-630278044298b.jpg\" \/>\n\t<meta property=\"og:image:width\" content=\"1280\" \/>\n\t<meta property=\"og:image:height\" content=\"720\" \/>\n\t<meta property=\"og:image:type\" content=\"image\/jpeg\" \/>\n<meta name=\"author\" content=\"cfeditorfr\" \/>\n<meta name=\"twitter:card\" content=\"summary_large_image\" \/>\n<meta name=\"twitter:label1\" content=\"\u00c9crit par\" \/>\n\t<meta name=\"twitter:data1\" content=\"cfeditorfr\" \/>\n\t<meta name=\"twitter:label2\" content=\"Dur\u00e9e de lecture estim\u00e9e\" \/>\n\t<meta name=\"twitter:data2\" content=\"1 minute\" \/>\n<script type=\"application\/ld+json\" class=\"yoast-schema-graph\">{\"@context\":\"https:\/\/schema.org\",\"@graph\":[{\"@type\":\"Article\",\"@id\":\"https:\/\/www.africa-press.net\/tchad\/politique\/faycal-hissein-hassan-denonce-le-mepris-de-la-langue-arabe-au-dnis#article\",\"isPartOf\":{\"@id\":\"https:\/\/www.africa-press.net\/tchad\/politique\/faycal-hissein-hassan-denonce-le-mepris-de-la-langue-arabe-au-dnis\"},\"author\":{\"name\":\"cfeditorfr\",\"@id\":\"https:\/\/www.africa-press.net\/tchad\/#\/schema\/person\/2b1cf3cd81a31e3cd26889ca66d677f1\"},\"headline\":\"Fay\u00e7al Hissein Hassan d\u00e9nonce le m\u00e9pris de la langue arabe au DNIS\",\"datePublished\":\"2022-08-21T18:00:56+00:00\",\"dateModified\":\"2022-08-21T18:24:16+00:00\",\"mainEntityOfPage\":{\"@id\":\"https:\/\/www.africa-press.net\/tchad\/politique\/faycal-hissein-hassan-denonce-le-mepris-de-la-langue-arabe-au-dnis\"},\"wordCount\":147,\"commentCount\":0,\"image\":{\"@id\":\"https:\/\/www.africa-press.net\/tchad\/politique\/faycal-hissein-hassan-denonce-le-mepris-de-la-langue-arabe-au-dnis#primaryimage\"},\"thumbnailUrl\":\"https:\/\/static.africa-press.net\/tchad\/sites\/41\/2022\/08\/postQueueImg_8-630278044298b.jpg\",\"keywords\":[\"Africa Press\",\"Africa Press-Tchad\",\"Tchad\"],\"articleSection\":[\"homepage-french\",\"Politique\",\"Toutes les actualit\u00e9s\"],\"inLanguage\":\"fr-FR\",\"potentialAction\":[{\"@type\":\"CommentAction\",\"name\":\"Comment\",\"target\":[\"https:\/\/www.africa-press.net\/tchad\/politique\/faycal-hissein-hassan-denonce-le-mepris-de-la-langue-arabe-au-dnis#respond\"]}]},{\"@type\":\"WebPage\",\"@id\":\"https:\/\/www.africa-press.net\/tchad\/politique\/faycal-hissein-hassan-denonce-le-mepris-de-la-langue-arabe-au-dnis\",\"url\":\"https:\/\/www.africa-press.net\/tchad\/politique\/faycal-hissein-hassan-denonce-le-mepris-de-la-langue-arabe-au-dnis\",\"name\":\"Fay\u00e7al Hissein Hassan d\u00e9nonce le m\u00e9pris de la langue arabe au DNIS - tchad\",\"isPartOf\":{\"@id\":\"https:\/\/www.africa-press.net\/tchad\/#website\"},\"primaryImageOfPage\":{\"@id\":\"https:\/\/www.africa-press.net\/tchad\/politique\/faycal-hissein-hassan-denonce-le-mepris-de-la-langue-arabe-au-dnis#primaryimage\"},\"image\":{\"@id\":\"https:\/\/www.africa-press.net\/tchad\/politique\/faycal-hissein-hassan-denonce-le-mepris-de-la-langue-arabe-au-dnis#primaryimage\"},\"thumbnailUrl\":\"https:\/\/static.africa-press.net\/tchad\/sites\/41\/2022\/08\/postQueueImg_8-630278044298b.jpg\",\"datePublished\":\"2022-08-21T18:00:56+00:00\",\"dateModified\":\"2022-08-21T18:24:16+00:00\",\"author\":{\"@id\":\"https:\/\/www.africa-press.net\/tchad\/#\/schema\/person\/2b1cf3cd81a31e3cd26889ca66d677f1\"},\"description\":\"Fay\u00e7al Hissein Hassan Abakar d\u00e9plore un \\\"incident regrettable et de nature \u00e0 nier l'\u00e9vidence de la diversit\u00e9 culturel ...\",\"breadcrumb\":{\"@id\":\"https:\/\/www.africa-press.net\/tchad\/politique\/faycal-hissein-hassan-denonce-le-mepris-de-la-langue-arabe-au-dnis#breadcrumb\"},\"inLanguage\":\"fr-FR\",\"potentialAction\":[{\"@type\":\"ReadAction\",\"target\":[\"https:\/\/www.africa-press.net\/tchad\/politique\/faycal-hissein-hassan-denonce-le-mepris-de-la-langue-arabe-au-dnis\"]}]},{\"@type\":\"ImageObject\",\"inLanguage\":\"fr-FR\",\"@id\":\"https:\/\/www.africa-press.net\/tchad\/politique\/faycal-hissein-hassan-denonce-le-mepris-de-la-langue-arabe-au-dnis#primaryimage\",\"url\":\"https:\/\/static.africa-press.net\/tchad\/sites\/41\/2022\/08\/postQueueImg_8-630278044298b.jpg\",\"contentUrl\":\"https:\/\/static.africa-press.net\/tchad\/sites\/41\/2022\/08\/postQueueImg_8-630278044298b.jpg\",\"width\":1280,\"height\":720,\"caption\":\"Fay\u00e7al Hissein Hassan d\u00e9nonce le m\u00e9pris de la langue arabe au DNIS\"},{\"@type\":\"BreadcrumbList\",\"@id\":\"https:\/\/www.africa-press.net\/tchad\/politique\/faycal-hissein-hassan-denonce-le-mepris-de-la-langue-arabe-au-dnis#breadcrumb\",\"itemListElement\":[{\"@type\":\"ListItem\",\"position\":1,\"name\":\"Accueil\",\"item\":\"https:\/\/www.africa-press.net\/tchad\/\"},{\"@type\":\"ListItem\",\"position\":2,\"name\":\"Fay\u00e7al Hissein Hassan d\u00e9nonce le m\u00e9pris de la langue arabe au DNIS\"}]},{\"@type\":\"WebSite\",\"@id\":\"https:\/\/www.africa-press.net\/tchad\/#website\",\"url\":\"https:\/\/www.africa-press.net\/tchad\/\",\"name\":\"tchad\",\"description\":\"Just another Africa News Agency Sites site\",\"potentialAction\":[{\"@type\":\"SearchAction\",\"target\":{\"@type\":\"EntryPoint\",\"urlTemplate\":\"https:\/\/www.africa-press.net\/tchad\/?s={search_term_string}\"},\"query-input\":{\"@type\":\"PropertyValueSpecification\",\"valueRequired\":true,\"valueName\":\"search_term_string\"}}],\"inLanguage\":\"fr-FR\"},{\"@type\":\"Person\",\"@id\":\"https:\/\/www.africa-press.net\/tchad\/#\/schema\/person\/2b1cf3cd81a31e3cd26889ca66d677f1\",\"name\":\"cfeditorfr\"}]}<\/script>\n<!-- \/ Yoast SEO Premium plugin. -->","yoast_head_json":{"title":"Fay\u00e7al Hissein Hassan d\u00e9nonce le m\u00e9pris de la langue arabe au DNIS - tchad","description":"Fay\u00e7al Hissein Hassan Abakar d\u00e9plore un \"incident regrettable et de nature \u00e0 nier l'\u00e9vidence de la diversit\u00e9 culturel ...","robots":{"index":"index","follow":"follow","max-snippet":"max-snippet:-1","max-image-preview":"max-image-preview:large","max-video-preview":"max-video-preview:-1"},"canonical":"https:\/\/www.africa-press.net\/tchad\/politique\/faycal-hissein-hassan-denonce-le-mepris-de-la-langue-arabe-au-dnis","og_locale":"fr_FR","og_type":"article","og_title":"Fay\u00e7al Hissein Hassan d\u00e9nonce le m\u00e9pris de la langue arabe au DNIS","og_description":"Fay\u00e7al Hissein Hassan Abakar d\u00e9plore un \"incident regrettable et de nature \u00e0 nier l'\u00e9vidence de la diversit\u00e9 culturel ...","og_url":"https:\/\/www.africa-press.net\/tchad\/politique\/faycal-hissein-hassan-denonce-le-mepris-de-la-langue-arabe-au-dnis","og_site_name":"tchad","article_published_time":"2022-08-21T18:00:56+00:00","article_modified_time":"2022-08-21T18:24:16+00:00","og_image":[{"width":1280,"height":720,"url":"https:\/\/static.africa-press.net\/tchad\/sites\/41\/2022\/08\/postQueueImg_8-630278044298b.jpg","type":"image\/jpeg"}],"author":"cfeditorfr","twitter_card":"summary_large_image","twitter_misc":{"\u00c9crit par":"cfeditorfr","Dur\u00e9e de lecture estim\u00e9e":"1 minute"},"schema":{"@context":"https:\/\/schema.org","@graph":[{"@type":"Article","@id":"https:\/\/www.africa-press.net\/tchad\/politique\/faycal-hissein-hassan-denonce-le-mepris-de-la-langue-arabe-au-dnis#article","isPartOf":{"@id":"https:\/\/www.africa-press.net\/tchad\/politique\/faycal-hissein-hassan-denonce-le-mepris-de-la-langue-arabe-au-dnis"},"author":{"name":"cfeditorfr","@id":"https:\/\/www.africa-press.net\/tchad\/#\/schema\/person\/2b1cf3cd81a31e3cd26889ca66d677f1"},"headline":"Fay\u00e7al Hissein Hassan d\u00e9nonce le m\u00e9pris de la langue arabe au DNIS","datePublished":"2022-08-21T18:00:56+00:00","dateModified":"2022-08-21T18:24:16+00:00","mainEntityOfPage":{"@id":"https:\/\/www.africa-press.net\/tchad\/politique\/faycal-hissein-hassan-denonce-le-mepris-de-la-langue-arabe-au-dnis"},"wordCount":147,"commentCount":0,"image":{"@id":"https:\/\/www.africa-press.net\/tchad\/politique\/faycal-hissein-hassan-denonce-le-mepris-de-la-langue-arabe-au-dnis#primaryimage"},"thumbnailUrl":"https:\/\/static.africa-press.net\/tchad\/sites\/41\/2022\/08\/postQueueImg_8-630278044298b.jpg","keywords":["Africa Press","Africa Press-Tchad","Tchad"],"articleSection":["homepage-french","Politique","Toutes les actualit\u00e9s"],"inLanguage":"fr-FR","potentialAction":[{"@type":"CommentAction","name":"Comment","target":["https:\/\/www.africa-press.net\/tchad\/politique\/faycal-hissein-hassan-denonce-le-mepris-de-la-langue-arabe-au-dnis#respond"]}]},{"@type":"WebPage","@id":"https:\/\/www.africa-press.net\/tchad\/politique\/faycal-hissein-hassan-denonce-le-mepris-de-la-langue-arabe-au-dnis","url":"https:\/\/www.africa-press.net\/tchad\/politique\/faycal-hissein-hassan-denonce-le-mepris-de-la-langue-arabe-au-dnis","name":"Fay\u00e7al Hissein Hassan d\u00e9nonce le m\u00e9pris de la langue arabe au DNIS - tchad","isPartOf":{"@id":"https:\/\/www.africa-press.net\/tchad\/#website"},"primaryImageOfPage":{"@id":"https:\/\/www.africa-press.net\/tchad\/politique\/faycal-hissein-hassan-denonce-le-mepris-de-la-langue-arabe-au-dnis#primaryimage"},"image":{"@id":"https:\/\/www.africa-press.net\/tchad\/politique\/faycal-hissein-hassan-denonce-le-mepris-de-la-langue-arabe-au-dnis#primaryimage"},"thumbnailUrl":"https:\/\/static.africa-press.net\/tchad\/sites\/41\/2022\/08\/postQueueImg_8-630278044298b.jpg","datePublished":"2022-08-21T18:00:56+00:00","dateModified":"2022-08-21T18:24:16+00:00","author":{"@id":"https:\/\/www.africa-press.net\/tchad\/#\/schema\/person\/2b1cf3cd81a31e3cd26889ca66d677f1"},"description":"Fay\u00e7al Hissein Hassan Abakar d\u00e9plore un \"incident regrettable et de nature \u00e0 nier l'\u00e9vidence de la diversit\u00e9 culturel ...","breadcrumb":{"@id":"https:\/\/www.africa-press.net\/tchad\/politique\/faycal-hissein-hassan-denonce-le-mepris-de-la-langue-arabe-au-dnis#breadcrumb"},"inLanguage":"fr-FR","potentialAction":[{"@type":"ReadAction","target":["https:\/\/www.africa-press.net\/tchad\/politique\/faycal-hissein-hassan-denonce-le-mepris-de-la-langue-arabe-au-dnis"]}]},{"@type":"ImageObject","inLanguage":"fr-FR","@id":"https:\/\/www.africa-press.net\/tchad\/politique\/faycal-hissein-hassan-denonce-le-mepris-de-la-langue-arabe-au-dnis#primaryimage","url":"https:\/\/static.africa-press.net\/tchad\/sites\/41\/2022\/08\/postQueueImg_8-630278044298b.jpg","contentUrl":"https:\/\/static.africa-press.net\/tchad\/sites\/41\/2022\/08\/postQueueImg_8-630278044298b.jpg","width":1280,"height":720,"caption":"Fay\u00e7al Hissein Hassan d\u00e9nonce le m\u00e9pris de la langue arabe au DNIS"},{"@type":"BreadcrumbList","@id":"https:\/\/www.africa-press.net\/tchad\/politique\/faycal-hissein-hassan-denonce-le-mepris-de-la-langue-arabe-au-dnis#breadcrumb","itemListElement":[{"@type":"ListItem","position":1,"name":"Accueil","item":"https:\/\/www.africa-press.net\/tchad\/"},{"@type":"ListItem","position":2,"name":"Fay\u00e7al Hissein Hassan d\u00e9nonce le m\u00e9pris de la langue arabe au DNIS"}]},{"@type":"WebSite","@id":"https:\/\/www.africa-press.net\/tchad\/#website","url":"https:\/\/www.africa-press.net\/tchad\/","name":"tchad","description":"Just another Africa News Agency Sites site","potentialAction":[{"@type":"SearchAction","target":{"@type":"EntryPoint","urlTemplate":"https:\/\/www.africa-press.net\/tchad\/?s={search_term_string}"},"query-input":{"@type":"PropertyValueSpecification","valueRequired":true,"valueName":"search_term_string"}}],"inLanguage":"fr-FR"},{"@type":"Person","@id":"https:\/\/www.africa-press.net\/tchad\/#\/schema\/person\/2b1cf3cd81a31e3cd26889ca66d677f1","name":"cfeditorfr"}]}},"_links":{"self":[{"href":"https:\/\/www.africa-press.net\/tchad\/wp-json\/wp\/v2\/posts\/31001","targetHints":{"allow":["GET"]}}],"collection":[{"href":"https:\/\/www.africa-press.net\/tchad\/wp-json\/wp\/v2\/posts"}],"about":[{"href":"https:\/\/www.africa-press.net\/tchad\/wp-json\/wp\/v2\/types\/post"}],"author":[{"embeddable":true,"href":"https:\/\/www.africa-press.net\/tchad\/wp-json\/wp\/v2\/users\/82"}],"replies":[{"embeddable":true,"href":"https:\/\/www.africa-press.net\/tchad\/wp-json\/wp\/v2\/comments?post=31001"}],"version-history":[{"count":0,"href":"https:\/\/www.africa-press.net\/tchad\/wp-json\/wp\/v2\/posts\/31001\/revisions"}],"wp:featuredmedia":[{"embeddable":true,"href":"https:\/\/www.africa-press.net\/tchad\/wp-json\/wp\/v2\/media\/31000"}],"wp:attachment":[{"href":"https:\/\/www.africa-press.net\/tchad\/wp-json\/wp\/v2\/media?parent=31001"}],"wp:term":[{"taxonomy":"category","embeddable":true,"href":"https:\/\/www.africa-press.net\/tchad\/wp-json\/wp\/v2\/categories?post=31001"},{"taxonomy":"post_tag","embeddable":true,"href":"https:\/\/www.africa-press.net\/tchad\/wp-json\/wp\/v2\/tags?post=31001"}],"curies":[{"name":"wp","href":"https:\/\/api.w.org\/{rel}","templated":true}]}}