{"id":31005,"date":"2022-08-21T18:01:50","date_gmt":"2022-08-21T18:01:50","guid":{"rendered":"https:\/\/www.africa-press.net\/tchad\/politique\/restitution-de-la-synthese-des-rapports-des-sous-comites-du-codnis-au-salamat"},"modified":"2022-08-21T18:24:42","modified_gmt":"2022-08-21T18:24:42","slug":"restitution-de-la-synthese-des-rapports-des-sous-comites-du-codnis-au-salamat","status":"publish","type":"post","link":"https:\/\/www.africa-press.net\/tchad\/politique\/restitution-de-la-synthese-des-rapports-des-sous-comites-du-codnis-au-salamat","title":{"rendered":"restitution de la synth\u00e8se des rapports des sous-comit\u00e9s du CODNIS au Salamat"},"content":{"rendered":"<p><span style=\"color: #ff6600\"><strong>Africa-Press &#8211; Tchad. <\/strong><\/span>Cette s\u00e9ance de restitution, organis\u00e9e \u00e0 la r\u00e9sidence du gouverneur, a vu la participation des diff\u00e9rentes couches socioprofessionnelles.<\/p>\n<p>Le rapport de la synth\u00e8se des travaux, pr\u00e9sent\u00e9 sous la forme d&rsquo;un tableau, int\u00e8gre les recommandations faites aux termes des consultations des forces vives de l&rsquo;int\u00e9rieur et de l&rsquo;ext\u00e9rieur, ainsi que la synth\u00e8se du travail du sous-comit\u00e9 th\u00e9matique.<\/p>\n<p>Ouvrant la s\u00e9ance, le gouverneur de la province du Salamat, Abdoulaye Ibrahim Siam, a d\u00e9clar\u00e9 que cette grande messe qu&rsquo;est le Dialogue national inclusif et souverain (CODNIS) est initi\u00e9e par le pr\u00e9sident du Conseil militaire de transition, le g\u00e9n\u00e9ral Mahamat Idriss D\u00e9by Itno, afin de r\u00e9concilier tous les tchadiens, pour rendre effective la refonte du Tchad.<\/p>\n<p>Restituant les travaux, le chef de mission, Dr Djimet Akouya, expert du Comit\u00e9 d&rsquo;organisation du dialogue national inclusif et souverain, notifie que ce rapport synth\u00e8se est le r\u00e9sultat de deux mois des travaux effectu\u00e9s par cinq sous-comit\u00e9s th\u00e9matiques.<\/p>\n<p>Il ajoute que le Comit\u00e9 d&rsquo;organisation du dialogue a pour mandat essentiel de produire les outils n\u00e9cessaires d&rsquo;un dialogue \u00e0 succ\u00e8s.<\/p>\n<p>Le chef de mission a remis officiellement le document de la synth\u00e8se des rapports des sous-comit\u00e9s th\u00e9matiques du CODNIS au gouverneur de la province du Salamat. Il promet s\u00e9ance tenante de le r\u00e9partir dans toute la province pour que les concitoyens en tirent profit.<\/p>\n<p><strong>Pour plus d&rsquo;informations et d&rsquo;analyses sur la <a href=\"https:\/\/www.africa-press.net\/tchad\">Tchad<\/a>, suivez <a href=\"https:\/\/www.africa-press.net\/\">Africa-Press<\/a><\/strong><\/p>\n","protected":false},"excerpt":{"rendered":"<p>Africa-Press &#8211; Tchad. Cette s\u00e9ance de restitution, organis\u00e9e \u00e0 la r\u00e9sidence du gouverneur, a vu la participation des diff\u00e9rentes couches socioprofessionnelles. Le rapport de la synth\u00e8se des travaux, pr\u00e9sent\u00e9 sous la forme d&rsquo;un tableau, int\u00e8gre les recommandations faites aux termes des consultations des forces vives de l&rsquo;int\u00e9rieur et de l&rsquo;ext\u00e9rieur, ainsi que la synth\u00e8se du [&hellip;]<\/p>\n","protected":false},"author":82,"featured_media":31003,"comment_status":"open","ping_status":"closed","sticky":false,"template":"","format":"standard","meta":{"footnotes":""},"categories":[11,2,10],"tags":[37,292,29],"class_list":["post-31005","post","type-post","status-publish","format-standard","has-post-thumbnail","hentry","category-homepage-french","category-politique","category-toutes-les-actualites","tag-africa-press","tag-africa-press-tchad","tag-tchad"],"yoast_head":"<!-- This site is optimized with the Yoast SEO Premium plugin v26.1 (Yoast SEO v27.0) - https:\/\/yoast.com\/product\/yoast-seo-premium-wordpress\/ -->\n<title>restitution de la synth\u00e8se des rapports des sous-comit\u00e9s du CODNIS au Salamat - tchad<\/title>\n<meta name=\"description\" content=\"Cette s\u00e9ance de restitution, organis\u00e9e \u00e0 la r\u00e9sidence du gouverneur, a vu la participation des diff\u00e9rentes couches socio ...\" \/>\n<meta name=\"robots\" content=\"index, follow, max-snippet:-1, max-image-preview:large, max-video-preview:-1\" \/>\n<link rel=\"canonical\" href=\"https:\/\/www.africa-press.net\/tchad\/politique\/restitution-de-la-synthese-des-rapports-des-sous-comites-du-codnis-au-salamat\" \/>\n<meta property=\"og:locale\" content=\"fr_FR\" \/>\n<meta property=\"og:type\" content=\"article\" \/>\n<meta property=\"og:title\" content=\"restitution de la synth\u00e8se des rapports des sous-comit\u00e9s du CODNIS au Salamat\" \/>\n<meta property=\"og:description\" content=\"Cette s\u00e9ance de restitution, organis\u00e9e \u00e0 la r\u00e9sidence du gouverneur, a vu la participation des diff\u00e9rentes couches socio ...\" \/>\n<meta property=\"og:url\" content=\"https:\/\/www.africa-press.net\/tchad\/politique\/restitution-de-la-synthese-des-rapports-des-sous-comites-du-codnis-au-salamat\" \/>\n<meta property=\"og:site_name\" content=\"tchad\" \/>\n<meta property=\"article:published_time\" content=\"2022-08-21T18:01:50+00:00\" \/>\n<meta property=\"article:modified_time\" content=\"2022-08-21T18:24:42+00:00\" \/>\n<meta property=\"og:image\" content=\"https:\/\/static.africa-press.net\/tchad\/sites\/41\/2022\/08\/postQueueImg_9-630278541f5fb.jpg\" \/>\n\t<meta property=\"og:image:width\" content=\"960\" \/>\n\t<meta property=\"og:image:height\" content=\"540\" \/>\n\t<meta property=\"og:image:type\" content=\"image\/jpeg\" \/>\n<meta name=\"author\" content=\"cfeditorfr\" \/>\n<meta name=\"twitter:card\" content=\"summary_large_image\" \/>\n<meta name=\"twitter:label1\" content=\"\u00c9crit par\" \/>\n\t<meta name=\"twitter:data1\" content=\"cfeditorfr\" \/>\n\t<meta name=\"twitter:label2\" content=\"Dur\u00e9e de lecture estim\u00e9e\" \/>\n\t<meta name=\"twitter:data2\" content=\"2 minutes\" \/>\n<script type=\"application\/ld+json\" class=\"yoast-schema-graph\">{\"@context\":\"https:\/\/schema.org\",\"@graph\":[{\"@type\":\"Article\",\"@id\":\"https:\/\/www.africa-press.net\/tchad\/politique\/restitution-de-la-synthese-des-rapports-des-sous-comites-du-codnis-au-salamat#article\",\"isPartOf\":{\"@id\":\"https:\/\/www.africa-press.net\/tchad\/politique\/restitution-de-la-synthese-des-rapports-des-sous-comites-du-codnis-au-salamat\"},\"author\":{\"name\":\"cfeditorfr\",\"@id\":\"https:\/\/www.africa-press.net\/tchad\/#\/schema\/person\/2b1cf3cd81a31e3cd26889ca66d677f1\"},\"headline\":\"restitution de la synth\u00e8se des rapports des sous-comit\u00e9s du CODNIS au Salamat\",\"datePublished\":\"2022-08-21T18:01:50+00:00\",\"dateModified\":\"2022-08-21T18:24:42+00:00\",\"mainEntityOfPage\":{\"@id\":\"https:\/\/www.africa-press.net\/tchad\/politique\/restitution-de-la-synthese-des-rapports-des-sous-comites-du-codnis-au-salamat\"},\"wordCount\":280,\"commentCount\":0,\"image\":{\"@id\":\"https:\/\/www.africa-press.net\/tchad\/politique\/restitution-de-la-synthese-des-rapports-des-sous-comites-du-codnis-au-salamat#primaryimage\"},\"thumbnailUrl\":\"https:\/\/static.africa-press.net\/tchad\/sites\/41\/2022\/08\/postQueueImg_9-630278541f5fb.jpg\",\"keywords\":[\"Africa Press\",\"Africa Press-Tchad\",\"Tchad\"],\"articleSection\":[\"homepage-french\",\"Politique\",\"Toutes les actualit\u00e9s\"],\"inLanguage\":\"fr-FR\",\"potentialAction\":[{\"@type\":\"CommentAction\",\"name\":\"Comment\",\"target\":[\"https:\/\/www.africa-press.net\/tchad\/politique\/restitution-de-la-synthese-des-rapports-des-sous-comites-du-codnis-au-salamat#respond\"]}]},{\"@type\":\"WebPage\",\"@id\":\"https:\/\/www.africa-press.net\/tchad\/politique\/restitution-de-la-synthese-des-rapports-des-sous-comites-du-codnis-au-salamat\",\"url\":\"https:\/\/www.africa-press.net\/tchad\/politique\/restitution-de-la-synthese-des-rapports-des-sous-comites-du-codnis-au-salamat\",\"name\":\"restitution de la synth\u00e8se des rapports des sous-comit\u00e9s du CODNIS au Salamat - tchad\",\"isPartOf\":{\"@id\":\"https:\/\/www.africa-press.net\/tchad\/#website\"},\"primaryImageOfPage\":{\"@id\":\"https:\/\/www.africa-press.net\/tchad\/politique\/restitution-de-la-synthese-des-rapports-des-sous-comites-du-codnis-au-salamat#primaryimage\"},\"image\":{\"@id\":\"https:\/\/www.africa-press.net\/tchad\/politique\/restitution-de-la-synthese-des-rapports-des-sous-comites-du-codnis-au-salamat#primaryimage\"},\"thumbnailUrl\":\"https:\/\/static.africa-press.net\/tchad\/sites\/41\/2022\/08\/postQueueImg_9-630278541f5fb.jpg\",\"datePublished\":\"2022-08-21T18:01:50+00:00\",\"dateModified\":\"2022-08-21T18:24:42+00:00\",\"author\":{\"@id\":\"https:\/\/www.africa-press.net\/tchad\/#\/schema\/person\/2b1cf3cd81a31e3cd26889ca66d677f1\"},\"description\":\"Cette s\u00e9ance de restitution, organis\u00e9e \u00e0 la r\u00e9sidence du gouverneur, a vu la participation des diff\u00e9rentes couches socio ...\",\"breadcrumb\":{\"@id\":\"https:\/\/www.africa-press.net\/tchad\/politique\/restitution-de-la-synthese-des-rapports-des-sous-comites-du-codnis-au-salamat#breadcrumb\"},\"inLanguage\":\"fr-FR\",\"potentialAction\":[{\"@type\":\"ReadAction\",\"target\":[\"https:\/\/www.africa-press.net\/tchad\/politique\/restitution-de-la-synthese-des-rapports-des-sous-comites-du-codnis-au-salamat\"]}]},{\"@type\":\"ImageObject\",\"inLanguage\":\"fr-FR\",\"@id\":\"https:\/\/www.africa-press.net\/tchad\/politique\/restitution-de-la-synthese-des-rapports-des-sous-comites-du-codnis-au-salamat#primaryimage\",\"url\":\"https:\/\/static.africa-press.net\/tchad\/sites\/41\/2022\/08\/postQueueImg_9-630278541f5fb.jpg\",\"contentUrl\":\"https:\/\/static.africa-press.net\/tchad\/sites\/41\/2022\/08\/postQueueImg_9-630278541f5fb.jpg\",\"width\":960,\"height\":540,\"caption\":\"restitution de la synth\u00e8se des rapports des sous-comit\u00e9s du CODNIS au Salamat\"},{\"@type\":\"BreadcrumbList\",\"@id\":\"https:\/\/www.africa-press.net\/tchad\/politique\/restitution-de-la-synthese-des-rapports-des-sous-comites-du-codnis-au-salamat#breadcrumb\",\"itemListElement\":[{\"@type\":\"ListItem\",\"position\":1,\"name\":\"Accueil\",\"item\":\"https:\/\/www.africa-press.net\/tchad\/\"},{\"@type\":\"ListItem\",\"position\":2,\"name\":\"restitution de la synth\u00e8se des rapports des sous-comit\u00e9s du CODNIS au Salamat\"}]},{\"@type\":\"WebSite\",\"@id\":\"https:\/\/www.africa-press.net\/tchad\/#website\",\"url\":\"https:\/\/www.africa-press.net\/tchad\/\",\"name\":\"tchad\",\"description\":\"Just another Africa News Agency Sites site\",\"potentialAction\":[{\"@type\":\"SearchAction\",\"target\":{\"@type\":\"EntryPoint\",\"urlTemplate\":\"https:\/\/www.africa-press.net\/tchad\/?s={search_term_string}\"},\"query-input\":{\"@type\":\"PropertyValueSpecification\",\"valueRequired\":true,\"valueName\":\"search_term_string\"}}],\"inLanguage\":\"fr-FR\"},{\"@type\":\"Person\",\"@id\":\"https:\/\/www.africa-press.net\/tchad\/#\/schema\/person\/2b1cf3cd81a31e3cd26889ca66d677f1\",\"name\":\"cfeditorfr\"}]}<\/script>\n<!-- \/ Yoast SEO Premium plugin. -->","yoast_head_json":{"title":"restitution de la synth\u00e8se des rapports des sous-comit\u00e9s du CODNIS au Salamat - tchad","description":"Cette s\u00e9ance de restitution, organis\u00e9e \u00e0 la r\u00e9sidence du gouverneur, a vu la participation des diff\u00e9rentes couches socio ...","robots":{"index":"index","follow":"follow","max-snippet":"max-snippet:-1","max-image-preview":"max-image-preview:large","max-video-preview":"max-video-preview:-1"},"canonical":"https:\/\/www.africa-press.net\/tchad\/politique\/restitution-de-la-synthese-des-rapports-des-sous-comites-du-codnis-au-salamat","og_locale":"fr_FR","og_type":"article","og_title":"restitution de la synth\u00e8se des rapports des sous-comit\u00e9s du CODNIS au Salamat","og_description":"Cette s\u00e9ance de restitution, organis\u00e9e \u00e0 la r\u00e9sidence du gouverneur, a vu la participation des diff\u00e9rentes couches socio ...","og_url":"https:\/\/www.africa-press.net\/tchad\/politique\/restitution-de-la-synthese-des-rapports-des-sous-comites-du-codnis-au-salamat","og_site_name":"tchad","article_published_time":"2022-08-21T18:01:50+00:00","article_modified_time":"2022-08-21T18:24:42+00:00","og_image":[{"width":960,"height":540,"url":"https:\/\/static.africa-press.net\/tchad\/sites\/41\/2022\/08\/postQueueImg_9-630278541f5fb.jpg","type":"image\/jpeg"}],"author":"cfeditorfr","twitter_card":"summary_large_image","twitter_misc":{"\u00c9crit par":"cfeditorfr","Dur\u00e9e de lecture estim\u00e9e":"2 minutes"},"schema":{"@context":"https:\/\/schema.org","@graph":[{"@type":"Article","@id":"https:\/\/www.africa-press.net\/tchad\/politique\/restitution-de-la-synthese-des-rapports-des-sous-comites-du-codnis-au-salamat#article","isPartOf":{"@id":"https:\/\/www.africa-press.net\/tchad\/politique\/restitution-de-la-synthese-des-rapports-des-sous-comites-du-codnis-au-salamat"},"author":{"name":"cfeditorfr","@id":"https:\/\/www.africa-press.net\/tchad\/#\/schema\/person\/2b1cf3cd81a31e3cd26889ca66d677f1"},"headline":"restitution de la synth\u00e8se des rapports des sous-comit\u00e9s du CODNIS au Salamat","datePublished":"2022-08-21T18:01:50+00:00","dateModified":"2022-08-21T18:24:42+00:00","mainEntityOfPage":{"@id":"https:\/\/www.africa-press.net\/tchad\/politique\/restitution-de-la-synthese-des-rapports-des-sous-comites-du-codnis-au-salamat"},"wordCount":280,"commentCount":0,"image":{"@id":"https:\/\/www.africa-press.net\/tchad\/politique\/restitution-de-la-synthese-des-rapports-des-sous-comites-du-codnis-au-salamat#primaryimage"},"thumbnailUrl":"https:\/\/static.africa-press.net\/tchad\/sites\/41\/2022\/08\/postQueueImg_9-630278541f5fb.jpg","keywords":["Africa Press","Africa Press-Tchad","Tchad"],"articleSection":["homepage-french","Politique","Toutes les actualit\u00e9s"],"inLanguage":"fr-FR","potentialAction":[{"@type":"CommentAction","name":"Comment","target":["https:\/\/www.africa-press.net\/tchad\/politique\/restitution-de-la-synthese-des-rapports-des-sous-comites-du-codnis-au-salamat#respond"]}]},{"@type":"WebPage","@id":"https:\/\/www.africa-press.net\/tchad\/politique\/restitution-de-la-synthese-des-rapports-des-sous-comites-du-codnis-au-salamat","url":"https:\/\/www.africa-press.net\/tchad\/politique\/restitution-de-la-synthese-des-rapports-des-sous-comites-du-codnis-au-salamat","name":"restitution de la synth\u00e8se des rapports des sous-comit\u00e9s du CODNIS au Salamat - tchad","isPartOf":{"@id":"https:\/\/www.africa-press.net\/tchad\/#website"},"primaryImageOfPage":{"@id":"https:\/\/www.africa-press.net\/tchad\/politique\/restitution-de-la-synthese-des-rapports-des-sous-comites-du-codnis-au-salamat#primaryimage"},"image":{"@id":"https:\/\/www.africa-press.net\/tchad\/politique\/restitution-de-la-synthese-des-rapports-des-sous-comites-du-codnis-au-salamat#primaryimage"},"thumbnailUrl":"https:\/\/static.africa-press.net\/tchad\/sites\/41\/2022\/08\/postQueueImg_9-630278541f5fb.jpg","datePublished":"2022-08-21T18:01:50+00:00","dateModified":"2022-08-21T18:24:42+00:00","author":{"@id":"https:\/\/www.africa-press.net\/tchad\/#\/schema\/person\/2b1cf3cd81a31e3cd26889ca66d677f1"},"description":"Cette s\u00e9ance de restitution, organis\u00e9e \u00e0 la r\u00e9sidence du gouverneur, a vu la participation des diff\u00e9rentes couches socio ...","breadcrumb":{"@id":"https:\/\/www.africa-press.net\/tchad\/politique\/restitution-de-la-synthese-des-rapports-des-sous-comites-du-codnis-au-salamat#breadcrumb"},"inLanguage":"fr-FR","potentialAction":[{"@type":"ReadAction","target":["https:\/\/www.africa-press.net\/tchad\/politique\/restitution-de-la-synthese-des-rapports-des-sous-comites-du-codnis-au-salamat"]}]},{"@type":"ImageObject","inLanguage":"fr-FR","@id":"https:\/\/www.africa-press.net\/tchad\/politique\/restitution-de-la-synthese-des-rapports-des-sous-comites-du-codnis-au-salamat#primaryimage","url":"https:\/\/static.africa-press.net\/tchad\/sites\/41\/2022\/08\/postQueueImg_9-630278541f5fb.jpg","contentUrl":"https:\/\/static.africa-press.net\/tchad\/sites\/41\/2022\/08\/postQueueImg_9-630278541f5fb.jpg","width":960,"height":540,"caption":"restitution de la synth\u00e8se des rapports des sous-comit\u00e9s du CODNIS au Salamat"},{"@type":"BreadcrumbList","@id":"https:\/\/www.africa-press.net\/tchad\/politique\/restitution-de-la-synthese-des-rapports-des-sous-comites-du-codnis-au-salamat#breadcrumb","itemListElement":[{"@type":"ListItem","position":1,"name":"Accueil","item":"https:\/\/www.africa-press.net\/tchad\/"},{"@type":"ListItem","position":2,"name":"restitution de la synth\u00e8se des rapports des sous-comit\u00e9s du CODNIS au Salamat"}]},{"@type":"WebSite","@id":"https:\/\/www.africa-press.net\/tchad\/#website","url":"https:\/\/www.africa-press.net\/tchad\/","name":"tchad","description":"Just another Africa News Agency Sites site","potentialAction":[{"@type":"SearchAction","target":{"@type":"EntryPoint","urlTemplate":"https:\/\/www.africa-press.net\/tchad\/?s={search_term_string}"},"query-input":{"@type":"PropertyValueSpecification","valueRequired":true,"valueName":"search_term_string"}}],"inLanguage":"fr-FR"},{"@type":"Person","@id":"https:\/\/www.africa-press.net\/tchad\/#\/schema\/person\/2b1cf3cd81a31e3cd26889ca66d677f1","name":"cfeditorfr"}]}},"_links":{"self":[{"href":"https:\/\/www.africa-press.net\/tchad\/wp-json\/wp\/v2\/posts\/31005","targetHints":{"allow":["GET"]}}],"collection":[{"href":"https:\/\/www.africa-press.net\/tchad\/wp-json\/wp\/v2\/posts"}],"about":[{"href":"https:\/\/www.africa-press.net\/tchad\/wp-json\/wp\/v2\/types\/post"}],"author":[{"embeddable":true,"href":"https:\/\/www.africa-press.net\/tchad\/wp-json\/wp\/v2\/users\/82"}],"replies":[{"embeddable":true,"href":"https:\/\/www.africa-press.net\/tchad\/wp-json\/wp\/v2\/comments?post=31005"}],"version-history":[{"count":0,"href":"https:\/\/www.africa-press.net\/tchad\/wp-json\/wp\/v2\/posts\/31005\/revisions"}],"wp:featuredmedia":[{"embeddable":true,"href":"https:\/\/www.africa-press.net\/tchad\/wp-json\/wp\/v2\/media\/31003"}],"wp:attachment":[{"href":"https:\/\/www.africa-press.net\/tchad\/wp-json\/wp\/v2\/media?parent=31005"}],"wp:term":[{"taxonomy":"category","embeddable":true,"href":"https:\/\/www.africa-press.net\/tchad\/wp-json\/wp\/v2\/categories?post=31005"},{"taxonomy":"post_tag","embeddable":true,"href":"https:\/\/www.africa-press.net\/tchad\/wp-json\/wp\/v2\/tags?post=31005"}],"curies":[{"name":"wp","href":"https:\/\/api.w.org\/{rel}","templated":true}]}}