{"id":31009,"date":"2022-08-21T18:10:19","date_gmt":"2022-08-21T18:10:19","guid":{"rendered":"https:\/\/www.africa-press.net\/tchad\/politique\/reponse-aux-pandemies-lafrique-doit-peser-dans-les-discussions"},"modified":"2022-08-21T18:34:18","modified_gmt":"2022-08-21T18:34:18","slug":"reponse-aux-pandemies-lafrique-doit-peser-dans-les-discussions","status":"publish","type":"post","link":"https:\/\/www.africa-press.net\/tchad\/toutes-les-actualites\/reponse-aux-pandemies-lafrique-doit-peser-dans-les-discussions","title":{"rendered":"R\u00e9ponse aux pand\u00e9mies : l\u2019Afrique doit peser dans les discussions"},"content":{"rendered":"<p><span style=\"color: #ff6600\"><strong>Africa-Press &#8211; Tchad. <\/strong><\/span>L\u2019Afrique n\u2019est pas \u00e9trang\u00e8re \u00e0 la charge disproportionn\u00e9e des catastrophes sanitaires mondiales, \u00e0 l\u2019acc\u00e8s in\u00e9quitable aux ressources et \u00e0 la technologie et \u00e0 la repr\u00e9sentation in\u00e9gale sur la sc\u00e8ne mondiale. Cela est encore apparu tr\u00e8s clairement avec le Covid-19. En r\u00e9ponse, et en tant qu\u2019\u00c9tats membres de l\u2019OMS, les \u00c9tats africains ont derni\u00e8rement intensifi\u00e9 leur travail sur les probl\u00e8mes d\u2019\u00e9quit\u00e9 avec une voix unifi\u00e9e.<\/p>\n<p>Les \u00c9tats membres de l\u2019OMS sont en train de n\u00e9gocier actuellement un instrument international et juridiquement contraignant sur la pr\u00e9vention, la pr\u00e9paration et la r\u00e9ponse aux pand\u00e9mies. Il est crucial que les \u00c9tats africains continuent de s\u2019exprimer d\u2019une voix forte et collective pour s\u2019assurer que cet accord inclue tous les \u00e9l\u00e9ments qui sont importants pour eux.<br \/>\nIl est essentiel d\u2019avoir acc\u00e8s aux ressources financi\u00e8res et technologiques n\u00e9cessaires pour renforcer la capacit\u00e9 des pays africains \u00e0 emp\u00eacher les \u00e9pid\u00e9mies de devenir des pand\u00e9mies, notamment par la mise en place de syst\u00e8mes de sant\u00e9 locaux, de r\u00e9seaux de surveillance et d\u2019un personnel de sant\u00e9 publique.<\/p>\n<p>In\u00e9galit\u00e9s<br \/>\nLe renforcement des Centres africains de contr\u00f4le et de pr\u00e9vention des maladies (CDC Afrique), une initiative dirig\u00e9e par l\u2019Union africaine, et leur \u00e9l\u00e9vation au rang d\u2019organe autonome sont essentiels pour am\u00e9liorer l\u2019architecture de la pr\u00e9paration et de la r\u00e9ponse aux pand\u00e9mies sur tout le continent.<\/p>\n<p>Pour aller plus loin, nous devons aussi garder cette voix forte et unifi\u00e9e sur le renforcement des capacit\u00e9s et de la r\u00e9silience des syst\u00e8mes de sant\u00e9 publique de nos pays. C\u2019est particuli\u00e8rement important pour pr\u00e9venir les futures \u00e9pid\u00e9mies de maladies infectieuses mortelles, les d\u00e9tecter et y r\u00e9pondre.<\/p>\n<p>L\u2019Afrique n\u2019a pas seulement une charge disproportionn\u00e9e de maladies et d\u2019urgences sanitaires, mais le continent a aussi une charge disproportionn\u00e9e d\u2019in\u00e9galit\u00e9s. Vingt-trois des vingt-sept pays \u00e0 faible revenu du monde se trouvent en Afrique. Notre capacit\u00e9 collective \u00e0 pr\u00e9venir une urgence de sant\u00e9 publique catastrophique d\u00e9pend des capacit\u00e9s de chaque pays, car chacun d\u00e9pend des actions des autres.<\/p>\n<p>Ce que nous exigeons des n\u00e9gociations en cours pour le trait\u00e9 sur les pand\u00e9mies, c\u2019est la capacit\u00e9 de r\u00e9pondre nous-m\u00eames, les Africains et les Africaines, aux urgences de sant\u00e9 publique et la capacit\u00e9 \u00e0 pr\u00e9venir la propagation des \u00e9pid\u00e9mies de maladies infectieuses.<\/p>\n<p>Pendant la pand\u00e9mie de Covid-19, nos pays ont \u00e9t\u00e9 soumis \u00e0 d\u2019\u00e9normes disparit\u00e9s concernant l\u2019acc\u00e8s aux vaccins, \u00e0 l\u2019oxyg\u00e8ne, aux m\u00e9dicaments, aux \u00e9quipements de protection individuelle et aux autres biens de sant\u00e9 n\u00e9cessaires pour r\u00e9agir de mani\u00e8re appropri\u00e9e. Nous devons utiliser le processus de n\u00e9gociation du trait\u00e9 pour garantir que nos pays soient en mesure d\u2019acc\u00e9der facilement aux biens publics mondiaux en cas d\u2019urgence.<\/p>\n<p>Plus important encore, nous devons obtenir ce qui est n\u00e9cessaire pour d\u00e9velopper des technologies, construire des capacit\u00e9s de fabrication, \u00e9tablir des cha\u00eenes d\u2019approvisionnement et obtenir un financement fiable et durable. L\u2019\u00e9quit\u00e9 ne concerne pas seulement l\u2019acc\u00e8s aux ressources, mais aussi le fait d\u2019avoir la voix au chapitre sur la mani\u00e8re dont ces ressources sont allou\u00e9es et utilis\u00e9es.<\/p>\n<p>Voix puissante<br \/>\nPour cela, le fonds d\u2019interm\u00e9diaire financier (FIF) de la Banque mondiale pour la pr\u00e9vention, la pr\u00e9paration et la r\u00e9ponse aux pand\u00e9mies, qui sera lanc\u00e9 \u00e0 l\u2019automne 2022, doit repr\u00e9senter de mani\u00e8re appropri\u00e9e toutes les nations.<\/p>\n<p>Les approches verticales qui divisent le monde en \u00ab donateurs \u00bb et \u00ab b\u00e9n\u00e9ficiaires \u00bb sont d\u00e9pass\u00e9es et doivent \u00eatre remplac\u00e9es par un mod\u00e8le de partenariat qui donne \u00e0 tous les pays la possibilit\u00e9 de participer et d\u2019\u00eatre entendus.<\/p>\n<p>Un instrument international et juridiquement contraignant sur la pr\u00e9vention, la pr\u00e9paration et la r\u00e9ponse aux pand\u00e9mies atteindra ses objectifs si les \u00c9tats membres de l\u2019OMS sont responsables de la r\u00e9alisation de ce qu\u2019ils ont convenu en termes de pr\u00e9vention, de pr\u00e9paration, de r\u00e9ponse et de questions d\u2019\u00e9quit\u00e9 plus larges.<\/p>\n<p>L\u2019Afrique est le plus grand bloc de votes au monde. Le continent a une voix puissante, et il doit continuer \u00e0 la faire entendre pour s\u2019assurer que ce qui est important pour nos nations fasse partie de l\u2019instrument juridiquement contraignant sur la pand\u00e9mie en cours de n\u00e9gociation.<\/p>\n<p>Puisque que le Comit\u00e9 r\u00e9gional de l\u2019OMS pour l\u2019Afrique se r\u00e9unit \u00e0 partir du 22 ao\u00fbt prochain, en tant que membre du Club de Madrid, le plus grand forum mondial d\u2019anciens pr\u00e9sidents et Premiers ministres d\u00e9mocratiques et fervent d\u00e9fenseur du multilat\u00e9ralisme et de la coop\u00e9ration mondiale, nous demandons que l\u2019Afrique saisisse cette occasion pour exprimer clairement ce que cet instrument juridique exigera pour r\u00e9pondre aux besoins du continent africain.<\/p>\n<p><strong>Pour plus d&rsquo;informations et d&rsquo;analyses sur la <a href=\"https:\/\/www.africa-press.net\/tchad\">Tchad<\/a>, suivez <a href=\"https:\/\/www.africa-press.net\/\">Africa-Press<\/a><\/strong><\/p>\n","protected":false},"excerpt":{"rendered":"<p>Africa-Press &#8211; Tchad. L\u2019Afrique n\u2019est pas \u00e9trang\u00e8re \u00e0 la charge disproportionn\u00e9e des catastrophes sanitaires mondiales, \u00e0 l\u2019acc\u00e8s in\u00e9quitable aux ressources et \u00e0 la technologie et \u00e0 la repr\u00e9sentation in\u00e9gale sur la sc\u00e8ne mondiale. Cela est encore apparu tr\u00e8s clairement avec le Covid-19. En r\u00e9ponse, et en tant qu\u2019\u00c9tats membres de l\u2019OMS, les \u00c9tats africains ont [&hellip;]<\/p>\n","protected":false},"author":82,"featured_media":31008,"comment_status":"open","ping_status":"closed","sticky":false,"template":"","format":"standard","meta":{"footnotes":""},"categories":[21,11,10],"tags":[37,292,29],"class_list":["post-31009","post","type-post","status-publish","format-standard","has-post-thumbnail","hentry","category-communaute","category-homepage-french","category-toutes-les-actualites","tag-africa-press","tag-africa-press-tchad","tag-tchad"],"yoast_head":"<!-- This site is optimized with the Yoast SEO Premium plugin v26.1 (Yoast SEO v27.0) - https:\/\/yoast.com\/product\/yoast-seo-premium-wordpress\/ -->\n<title>R\u00e9ponse aux pand\u00e9mies : l\u2019Afrique doit peser dans les discussions - tchad<\/title>\n<meta name=\"description\" content=\"L\u2019Afrique n\u2019est pas \u00e9trang\u00e8re \u00e0 la charge disproportionn\u00e9e des catastrophes sanitaires mondiales, \u00e0 l\u2019acc\u00e8s in\u00e9quitable ...\" \/>\n<meta name=\"robots\" content=\"index, follow, max-snippet:-1, max-image-preview:large, max-video-preview:-1\" \/>\n<link rel=\"canonical\" href=\"https:\/\/www.africa-press.net\/tchad\/toutes-les-actualites\/reponse-aux-pandemies-lafrique-doit-peser-dans-les-discussions\" \/>\n<meta property=\"og:locale\" content=\"fr_FR\" \/>\n<meta property=\"og:type\" content=\"article\" \/>\n<meta property=\"og:title\" content=\"R\u00e9ponse aux pand\u00e9mies : l\u2019Afrique doit peser dans les discussions\" \/>\n<meta property=\"og:description\" content=\"L\u2019Afrique n\u2019est pas \u00e9trang\u00e8re \u00e0 la charge disproportionn\u00e9e des catastrophes sanitaires mondiales, \u00e0 l\u2019acc\u00e8s in\u00e9quitable ...\" \/>\n<meta property=\"og:url\" content=\"https:\/\/www.africa-press.net\/tchad\/toutes-les-actualites\/reponse-aux-pandemies-lafrique-doit-peser-dans-les-discussions\" \/>\n<meta property=\"og:site_name\" content=\"tchad\" \/>\n<meta property=\"article:published_time\" content=\"2022-08-21T18:10:19+00:00\" \/>\n<meta property=\"article:modified_time\" content=\"2022-08-21T18:34:18+00:00\" \/>\n<meta property=\"og:image\" content=\"https:\/\/static.africa-press.net\/tchad\/sites\/41\/2022\/08\/postQueueImg_20-63027a90132c1.jpg\" \/>\n\t<meta property=\"og:image:width\" content=\"720\" \/>\n\t<meta property=\"og:image:height\" content=\"405\" \/>\n\t<meta property=\"og:image:type\" content=\"image\/jpeg\" \/>\n<meta name=\"author\" content=\"cfeditorfr\" \/>\n<meta name=\"twitter:card\" content=\"summary_large_image\" \/>\n<meta name=\"twitter:label1\" content=\"\u00c9crit par\" \/>\n\t<meta name=\"twitter:data1\" content=\"cfeditorfr\" \/>\n\t<meta name=\"twitter:label2\" content=\"Dur\u00e9e de lecture estim\u00e9e\" \/>\n\t<meta name=\"twitter:data2\" content=\"4 minutes\" \/>\n<script type=\"application\/ld+json\" class=\"yoast-schema-graph\">{\"@context\":\"https:\/\/schema.org\",\"@graph\":[{\"@type\":\"Article\",\"@id\":\"https:\/\/www.africa-press.net\/tchad\/toutes-les-actualites\/reponse-aux-pandemies-lafrique-doit-peser-dans-les-discussions#article\",\"isPartOf\":{\"@id\":\"https:\/\/www.africa-press.net\/tchad\/toutes-les-actualites\/reponse-aux-pandemies-lafrique-doit-peser-dans-les-discussions\"},\"author\":{\"name\":\"cfeditorfr\",\"@id\":\"https:\/\/www.africa-press.net\/tchad\/#\/schema\/person\/2b1cf3cd81a31e3cd26889ca66d677f1\"},\"headline\":\"R\u00e9ponse aux pand\u00e9mies : l\u2019Afrique doit peser dans les discussions\",\"datePublished\":\"2022-08-21T18:10:19+00:00\",\"dateModified\":\"2022-08-21T18:34:18+00:00\",\"mainEntityOfPage\":{\"@id\":\"https:\/\/www.africa-press.net\/tchad\/toutes-les-actualites\/reponse-aux-pandemies-lafrique-doit-peser-dans-les-discussions\"},\"wordCount\":883,\"commentCount\":0,\"image\":{\"@id\":\"https:\/\/www.africa-press.net\/tchad\/toutes-les-actualites\/reponse-aux-pandemies-lafrique-doit-peser-dans-les-discussions#primaryimage\"},\"thumbnailUrl\":\"https:\/\/static.africa-press.net\/tchad\/sites\/41\/2022\/08\/postQueueImg_20-63027a90132c1.jpg\",\"keywords\":[\"Africa Press\",\"Africa Press-Tchad\",\"Tchad\"],\"articleSection\":[\"Communaut\u00e9\",\"homepage-french\",\"Toutes les actualit\u00e9s\"],\"inLanguage\":\"fr-FR\",\"potentialAction\":[{\"@type\":\"CommentAction\",\"name\":\"Comment\",\"target\":[\"https:\/\/www.africa-press.net\/tchad\/toutes-les-actualites\/reponse-aux-pandemies-lafrique-doit-peser-dans-les-discussions#respond\"]}]},{\"@type\":\"WebPage\",\"@id\":\"https:\/\/www.africa-press.net\/tchad\/toutes-les-actualites\/reponse-aux-pandemies-lafrique-doit-peser-dans-les-discussions\",\"url\":\"https:\/\/www.africa-press.net\/tchad\/toutes-les-actualites\/reponse-aux-pandemies-lafrique-doit-peser-dans-les-discussions\",\"name\":\"R\u00e9ponse aux pand\u00e9mies : l\u2019Afrique doit peser dans les discussions - tchad\",\"isPartOf\":{\"@id\":\"https:\/\/www.africa-press.net\/tchad\/#website\"},\"primaryImageOfPage\":{\"@id\":\"https:\/\/www.africa-press.net\/tchad\/toutes-les-actualites\/reponse-aux-pandemies-lafrique-doit-peser-dans-les-discussions#primaryimage\"},\"image\":{\"@id\":\"https:\/\/www.africa-press.net\/tchad\/toutes-les-actualites\/reponse-aux-pandemies-lafrique-doit-peser-dans-les-discussions#primaryimage\"},\"thumbnailUrl\":\"https:\/\/static.africa-press.net\/tchad\/sites\/41\/2022\/08\/postQueueImg_20-63027a90132c1.jpg\",\"datePublished\":\"2022-08-21T18:10:19+00:00\",\"dateModified\":\"2022-08-21T18:34:18+00:00\",\"author\":{\"@id\":\"https:\/\/www.africa-press.net\/tchad\/#\/schema\/person\/2b1cf3cd81a31e3cd26889ca66d677f1\"},\"description\":\"L\u2019Afrique n\u2019est pas \u00e9trang\u00e8re \u00e0 la charge disproportionn\u00e9e des catastrophes sanitaires mondiales, \u00e0 l\u2019acc\u00e8s in\u00e9quitable ...\",\"breadcrumb\":{\"@id\":\"https:\/\/www.africa-press.net\/tchad\/toutes-les-actualites\/reponse-aux-pandemies-lafrique-doit-peser-dans-les-discussions#breadcrumb\"},\"inLanguage\":\"fr-FR\",\"potentialAction\":[{\"@type\":\"ReadAction\",\"target\":[\"https:\/\/www.africa-press.net\/tchad\/toutes-les-actualites\/reponse-aux-pandemies-lafrique-doit-peser-dans-les-discussions\"]}]},{\"@type\":\"ImageObject\",\"inLanguage\":\"fr-FR\",\"@id\":\"https:\/\/www.africa-press.net\/tchad\/toutes-les-actualites\/reponse-aux-pandemies-lafrique-doit-peser-dans-les-discussions#primaryimage\",\"url\":\"https:\/\/static.africa-press.net\/tchad\/sites\/41\/2022\/08\/postQueueImg_20-63027a90132c1.jpg\",\"contentUrl\":\"https:\/\/static.africa-press.net\/tchad\/sites\/41\/2022\/08\/postQueueImg_20-63027a90132c1.jpg\",\"width\":720,\"height\":405,\"caption\":\"R\u00e9ponse aux pand\u00e9mies : l\u2019Afrique doit peser dans les discussions\"},{\"@type\":\"BreadcrumbList\",\"@id\":\"https:\/\/www.africa-press.net\/tchad\/toutes-les-actualites\/reponse-aux-pandemies-lafrique-doit-peser-dans-les-discussions#breadcrumb\",\"itemListElement\":[{\"@type\":\"ListItem\",\"position\":1,\"name\":\"Accueil\",\"item\":\"https:\/\/www.africa-press.net\/tchad\/\"},{\"@type\":\"ListItem\",\"position\":2,\"name\":\"R\u00e9ponse aux pand\u00e9mies : l\u2019Afrique doit peser dans les discussions\"}]},{\"@type\":\"WebSite\",\"@id\":\"https:\/\/www.africa-press.net\/tchad\/#website\",\"url\":\"https:\/\/www.africa-press.net\/tchad\/\",\"name\":\"tchad\",\"description\":\"Just another Africa News Agency Sites site\",\"potentialAction\":[{\"@type\":\"SearchAction\",\"target\":{\"@type\":\"EntryPoint\",\"urlTemplate\":\"https:\/\/www.africa-press.net\/tchad\/?s={search_term_string}\"},\"query-input\":{\"@type\":\"PropertyValueSpecification\",\"valueRequired\":true,\"valueName\":\"search_term_string\"}}],\"inLanguage\":\"fr-FR\"},{\"@type\":\"Person\",\"@id\":\"https:\/\/www.africa-press.net\/tchad\/#\/schema\/person\/2b1cf3cd81a31e3cd26889ca66d677f1\",\"name\":\"cfeditorfr\"}]}<\/script>\n<!-- \/ Yoast SEO Premium plugin. -->","yoast_head_json":{"title":"R\u00e9ponse aux pand\u00e9mies : l\u2019Afrique doit peser dans les discussions - tchad","description":"L\u2019Afrique n\u2019est pas \u00e9trang\u00e8re \u00e0 la charge disproportionn\u00e9e des catastrophes sanitaires mondiales, \u00e0 l\u2019acc\u00e8s in\u00e9quitable ...","robots":{"index":"index","follow":"follow","max-snippet":"max-snippet:-1","max-image-preview":"max-image-preview:large","max-video-preview":"max-video-preview:-1"},"canonical":"https:\/\/www.africa-press.net\/tchad\/toutes-les-actualites\/reponse-aux-pandemies-lafrique-doit-peser-dans-les-discussions","og_locale":"fr_FR","og_type":"article","og_title":"R\u00e9ponse aux pand\u00e9mies : l\u2019Afrique doit peser dans les discussions","og_description":"L\u2019Afrique n\u2019est pas \u00e9trang\u00e8re \u00e0 la charge disproportionn\u00e9e des catastrophes sanitaires mondiales, \u00e0 l\u2019acc\u00e8s in\u00e9quitable ...","og_url":"https:\/\/www.africa-press.net\/tchad\/toutes-les-actualites\/reponse-aux-pandemies-lafrique-doit-peser-dans-les-discussions","og_site_name":"tchad","article_published_time":"2022-08-21T18:10:19+00:00","article_modified_time":"2022-08-21T18:34:18+00:00","og_image":[{"width":720,"height":405,"url":"https:\/\/static.africa-press.net\/tchad\/sites\/41\/2022\/08\/postQueueImg_20-63027a90132c1.jpg","type":"image\/jpeg"}],"author":"cfeditorfr","twitter_card":"summary_large_image","twitter_misc":{"\u00c9crit par":"cfeditorfr","Dur\u00e9e de lecture estim\u00e9e":"4 minutes"},"schema":{"@context":"https:\/\/schema.org","@graph":[{"@type":"Article","@id":"https:\/\/www.africa-press.net\/tchad\/toutes-les-actualites\/reponse-aux-pandemies-lafrique-doit-peser-dans-les-discussions#article","isPartOf":{"@id":"https:\/\/www.africa-press.net\/tchad\/toutes-les-actualites\/reponse-aux-pandemies-lafrique-doit-peser-dans-les-discussions"},"author":{"name":"cfeditorfr","@id":"https:\/\/www.africa-press.net\/tchad\/#\/schema\/person\/2b1cf3cd81a31e3cd26889ca66d677f1"},"headline":"R\u00e9ponse aux pand\u00e9mies : l\u2019Afrique doit peser dans les discussions","datePublished":"2022-08-21T18:10:19+00:00","dateModified":"2022-08-21T18:34:18+00:00","mainEntityOfPage":{"@id":"https:\/\/www.africa-press.net\/tchad\/toutes-les-actualites\/reponse-aux-pandemies-lafrique-doit-peser-dans-les-discussions"},"wordCount":883,"commentCount":0,"image":{"@id":"https:\/\/www.africa-press.net\/tchad\/toutes-les-actualites\/reponse-aux-pandemies-lafrique-doit-peser-dans-les-discussions#primaryimage"},"thumbnailUrl":"https:\/\/static.africa-press.net\/tchad\/sites\/41\/2022\/08\/postQueueImg_20-63027a90132c1.jpg","keywords":["Africa Press","Africa Press-Tchad","Tchad"],"articleSection":["Communaut\u00e9","homepage-french","Toutes les actualit\u00e9s"],"inLanguage":"fr-FR","potentialAction":[{"@type":"CommentAction","name":"Comment","target":["https:\/\/www.africa-press.net\/tchad\/toutes-les-actualites\/reponse-aux-pandemies-lafrique-doit-peser-dans-les-discussions#respond"]}]},{"@type":"WebPage","@id":"https:\/\/www.africa-press.net\/tchad\/toutes-les-actualites\/reponse-aux-pandemies-lafrique-doit-peser-dans-les-discussions","url":"https:\/\/www.africa-press.net\/tchad\/toutes-les-actualites\/reponse-aux-pandemies-lafrique-doit-peser-dans-les-discussions","name":"R\u00e9ponse aux pand\u00e9mies : l\u2019Afrique doit peser dans les discussions - tchad","isPartOf":{"@id":"https:\/\/www.africa-press.net\/tchad\/#website"},"primaryImageOfPage":{"@id":"https:\/\/www.africa-press.net\/tchad\/toutes-les-actualites\/reponse-aux-pandemies-lafrique-doit-peser-dans-les-discussions#primaryimage"},"image":{"@id":"https:\/\/www.africa-press.net\/tchad\/toutes-les-actualites\/reponse-aux-pandemies-lafrique-doit-peser-dans-les-discussions#primaryimage"},"thumbnailUrl":"https:\/\/static.africa-press.net\/tchad\/sites\/41\/2022\/08\/postQueueImg_20-63027a90132c1.jpg","datePublished":"2022-08-21T18:10:19+00:00","dateModified":"2022-08-21T18:34:18+00:00","author":{"@id":"https:\/\/www.africa-press.net\/tchad\/#\/schema\/person\/2b1cf3cd81a31e3cd26889ca66d677f1"},"description":"L\u2019Afrique n\u2019est pas \u00e9trang\u00e8re \u00e0 la charge disproportionn\u00e9e des catastrophes sanitaires mondiales, \u00e0 l\u2019acc\u00e8s in\u00e9quitable ...","breadcrumb":{"@id":"https:\/\/www.africa-press.net\/tchad\/toutes-les-actualites\/reponse-aux-pandemies-lafrique-doit-peser-dans-les-discussions#breadcrumb"},"inLanguage":"fr-FR","potentialAction":[{"@type":"ReadAction","target":["https:\/\/www.africa-press.net\/tchad\/toutes-les-actualites\/reponse-aux-pandemies-lafrique-doit-peser-dans-les-discussions"]}]},{"@type":"ImageObject","inLanguage":"fr-FR","@id":"https:\/\/www.africa-press.net\/tchad\/toutes-les-actualites\/reponse-aux-pandemies-lafrique-doit-peser-dans-les-discussions#primaryimage","url":"https:\/\/static.africa-press.net\/tchad\/sites\/41\/2022\/08\/postQueueImg_20-63027a90132c1.jpg","contentUrl":"https:\/\/static.africa-press.net\/tchad\/sites\/41\/2022\/08\/postQueueImg_20-63027a90132c1.jpg","width":720,"height":405,"caption":"R\u00e9ponse aux pand\u00e9mies : l\u2019Afrique doit peser dans les discussions"},{"@type":"BreadcrumbList","@id":"https:\/\/www.africa-press.net\/tchad\/toutes-les-actualites\/reponse-aux-pandemies-lafrique-doit-peser-dans-les-discussions#breadcrumb","itemListElement":[{"@type":"ListItem","position":1,"name":"Accueil","item":"https:\/\/www.africa-press.net\/tchad\/"},{"@type":"ListItem","position":2,"name":"R\u00e9ponse aux pand\u00e9mies : l\u2019Afrique doit peser dans les discussions"}]},{"@type":"WebSite","@id":"https:\/\/www.africa-press.net\/tchad\/#website","url":"https:\/\/www.africa-press.net\/tchad\/","name":"tchad","description":"Just another Africa News Agency Sites site","potentialAction":[{"@type":"SearchAction","target":{"@type":"EntryPoint","urlTemplate":"https:\/\/www.africa-press.net\/tchad\/?s={search_term_string}"},"query-input":{"@type":"PropertyValueSpecification","valueRequired":true,"valueName":"search_term_string"}}],"inLanguage":"fr-FR"},{"@type":"Person","@id":"https:\/\/www.africa-press.net\/tchad\/#\/schema\/person\/2b1cf3cd81a31e3cd26889ca66d677f1","name":"cfeditorfr"}]}},"_links":{"self":[{"href":"https:\/\/www.africa-press.net\/tchad\/wp-json\/wp\/v2\/posts\/31009","targetHints":{"allow":["GET"]}}],"collection":[{"href":"https:\/\/www.africa-press.net\/tchad\/wp-json\/wp\/v2\/posts"}],"about":[{"href":"https:\/\/www.africa-press.net\/tchad\/wp-json\/wp\/v2\/types\/post"}],"author":[{"embeddable":true,"href":"https:\/\/www.africa-press.net\/tchad\/wp-json\/wp\/v2\/users\/82"}],"replies":[{"embeddable":true,"href":"https:\/\/www.africa-press.net\/tchad\/wp-json\/wp\/v2\/comments?post=31009"}],"version-history":[{"count":0,"href":"https:\/\/www.africa-press.net\/tchad\/wp-json\/wp\/v2\/posts\/31009\/revisions"}],"wp:featuredmedia":[{"embeddable":true,"href":"https:\/\/www.africa-press.net\/tchad\/wp-json\/wp\/v2\/media\/31008"}],"wp:attachment":[{"href":"https:\/\/www.africa-press.net\/tchad\/wp-json\/wp\/v2\/media?parent=31009"}],"wp:term":[{"taxonomy":"category","embeddable":true,"href":"https:\/\/www.africa-press.net\/tchad\/wp-json\/wp\/v2\/categories?post=31009"},{"taxonomy":"post_tag","embeddable":true,"href":"https:\/\/www.africa-press.net\/tchad\/wp-json\/wp\/v2\/tags?post=31009"}],"curies":[{"name":"wp","href":"https:\/\/api.w.org\/{rel}","templated":true}]}}