{"id":31012,"date":"2022-08-21T18:39:39","date_gmt":"2022-08-21T18:39:39","guid":{"rendered":"https:\/\/www.africa-press.net\/tchad\/politique\/secheresse-et-agriculture-et-si-la-france-sinspirait-de-lafrique"},"modified":"2022-08-21T18:48:10","modified_gmt":"2022-08-21T18:48:10","slug":"secheresse-et-agriculture-et-si-la-france-sinspirait-de-lafrique","status":"publish","type":"post","link":"https:\/\/www.africa-press.net\/tchad\/economie\/secheresse-et-agriculture-et-si-la-france-sinspirait-de-lafrique","title":{"rendered":"S\u00e9cheresse et agriculture : et si la France s&rsquo;inspirait de l&rsquo;Afrique\u00a0?"},"content":{"rendered":"<p><span style=\"color: #ff6600\"><strong>Africa-Press &#8211; Tchad. <\/strong><\/span>Ce vendredi 19 ao\u00fbt, lors de sa d\u00e9ambulation au milieu des stands au Congr\u00e8s international d&rsquo;horticulture \u00e0 Angers, le ministre de l&rsquo;Agriculture a essentiellement \u00e9t\u00e9 interpell\u00e9 sur la probl\u00e9matique de l&rsquo;eau. \u00c0 l&rsquo;heure des restrictions impos\u00e9es dans de nombreux d\u00e9partements, comment les professionnels de la terre font-ils pour subvenir aux besoins de leurs cultures ? \u00ab Il faut travailler \u00e0 la fois sur les modifications des pratiques et chercher des vari\u00e9t\u00e9s plus \u00e9conomes en eau \u00bb, r\u00e9pond Marc Fresneau, lequel pr\u00e9sidera ce lundi un comit\u00e9 sp\u00e9cial sur la s\u00e9cheresse.<\/p>\n<p>Puisque ce rendez-vous dans le Maine-et-Loire avait, par d\u00e9finition, une port\u00e9e mondiale, peut-\u00eatre le ministre y a-t-il puis\u00e9, pour affiner sa r\u00e9flexion, quelques id\u00e9es d\u00e9j\u00e0 \u00e9prouv\u00e9es dans certaines r\u00e9gions du globe confront\u00e9es aux fortes chaleurs ? \u00ab Que nous puissions nous inspirer des techniques \u00e0 l&rsquo;\u0153uvre dans des pays qui savent ce qu&rsquo;est la raret\u00e9 de l&rsquo;eau et les s\u00e9cheresses durables, oui. Apr\u00e8s, on ne va pas calquer les mod\u00e8les ! Ce ne sont pas les m\u00eames mod\u00e8les climatiques ni les m\u00eames mod\u00e8les agricoles \u00bb, a-t-il r\u00e9pondu \u00e0 ce sujet.<\/p>\n<p><b>Rester sur des cultures locales<\/b><\/p>\n<p>C&rsquo;est peut-\u00eatre l\u00e0 que le b\u00e2t blesse au fond. Car \u00e0 l&rsquo;heure du changement climatique, l&rsquo;Afrique, entre autres, aurait sans doute quelques le\u00e7ons \u00e0 donner au Nord en mati\u00e8re de \u00ab mod\u00e8le \u00bb, pr\u00e9cis\u00e9ment. Et pour cause, sur le Continent noir, on a depuis longtemps appris \u00e0 composer avec une pluviom\u00e9trie fam\u00e9lique. Comment ? \u00ab En s&rsquo;adaptant aux conditions pour faire ce qu&rsquo;il est possible de faire. Quand on n&rsquo;a pas assez d&rsquo;eau, on ne va pas favoriser la culture du riz mais d&rsquo;autres c\u00e9r\u00e9ales, explique Moctar Fall, dirigeant Afrique de l&rsquo;ISHS [International Society for Horticultural Sciences]. Ici, on a su rester sur des cultures traditionnelles, sur des esp\u00e8ces locales. Certes, c&rsquo;est peut-\u00eatre parce qu&rsquo;on n&rsquo;a pas le choix, mais c&rsquo;est un mod\u00e8le pertinent, et c&rsquo;est un enseignement \u00e0 tirer. \u00bb<\/p>\n<p>Un enseignement qui exige de sortir de la course au productivisme. Pas simple, dans un march\u00e9 globalis\u00e9, et pourtant le climat vient en rappeler la n\u00e9cessit\u00e9. \u00ab Au S\u00e9n\u00e9gal, on est producteur-exportateur pour l&rsquo;Europe de melons, tomates cerises ou haricots, or ce ne sont pas des esp\u00e8ces de chez nous, continue Moctar Fall. Quand arrivent ces ph\u00e9nom\u00e8nes climatiques, on ne peut plus produire, alors que nos vari\u00e9t\u00e9s traditionnelles, elles, pourraient bien se d\u00e9velopper. Devrions-nous continuer d&rsquo;exporter des melons et des tomates cerises, ou ne serait-il pas plus pertinent qu&rsquo;en France, pendant l&rsquo;hiver, les consommateurs mangent autre chose ? Il faut revenir vers ce que chaque zone a de mieux \u00e0 offrir. \u00bb<\/p>\n<p><b>Perte de technique<\/b><\/p>\n<p>Pas question pour autant de cultiver son pr\u00e9 carr\u00e9 chacun chez soi, mais nourrir une plan\u00e8te de plus en plus peupl\u00e9e de fa\u00e7on raisonn\u00e9e, est-ce toutefois possible ? \u00ab C&rsquo;est compatible, mais \u00e7a implique une forme d&rsquo;humilit\u00e9 de la part de nos soci\u00e9t\u00e9s, tranche Ludovic Temple, chercheur au Cirad (Centre de coop\u00e9ration internationale en recherche agronomique pour le d\u00e9veloppement) de Montpellier. Certains peuples autochtones ont gard\u00e9 un savoir-faire vis-\u00e0-vis des \u00e9cosyst\u00e8mes que nous, ici, avons perdu avec la technification. Et en Afrique, les populations ont acquis depuis longtemps la capacit\u00e9 \u00e0 s&rsquo;adapter au changement climatique, car elles sont dans l&rsquo;innovation frugale, c&rsquo;est-\u00e0-dire bas\u00e9e sur une pr\u00e9carit\u00e9 des ressources. \u00bb<\/p>\n<p>\u00c0 l&rsquo;universit\u00e9 de Lom\u00e9 (Togo) dans laquelle il enseigne l&rsquo;\u00e9cologie, Pierre Radji a d&rsquo;ailleurs face \u00e0 lui des \u00e9tudiants qui ont toujours grandi avec le souci, vital, d&rsquo;\u00e9conomiser au maximum. Une pr\u00e9occupation plut\u00f4t nouvelle dans nos contr\u00e9es. \u00ab La France a fait fi des r\u00e9alit\u00e9s, de ce que les climatologues et les scientifiques ont pr\u00e9dit, pour continuer \u00e0 avancer comme si la nature \u00e9tait toujours l\u00e0, \u00e0 satisfaire nos besoins. Or elle n&rsquo;est pas in\u00e9puisable ! Quoi qu&rsquo;on dise, l&rsquo;avenir de nos \u00c9tats se trouve dans la terre, pas dans sa destruction, mais dans son exploitation rationnelle. Je le r\u00e9p\u00e8te \u00e0 mes \u00e9l\u00e8ves : pas besoin d&rsquo;exporter avant d&rsquo;avoir r\u00e9pondu aux besoins localement. Ils le comprennent et quand ils se lancent avec cette logique, ils parviennent \u00e0 en vivre ! \u00bb<\/p>\n<p><strong>Pour plus d&rsquo;informations et d&rsquo;analyses sur la <a href=\"https:\/\/www.africa-press.net\/tchad\">Tchad<\/a>, suivez <a href=\"https:\/\/www.africa-press.net\/\">Africa-Press<\/a><\/strong><\/p>\n","protected":false},"excerpt":{"rendered":"<p>Africa-Press &#8211; Tchad. Ce vendredi 19 ao\u00fbt, lors de sa d\u00e9ambulation au milieu des stands au Congr\u00e8s international d&rsquo;horticulture \u00e0 Angers, le ministre de l&rsquo;Agriculture a essentiellement \u00e9t\u00e9 interpell\u00e9 sur la probl\u00e9matique de l&rsquo;eau. \u00c0 l&rsquo;heure des restrictions impos\u00e9es dans de nombreux d\u00e9partements, comment les professionnels de la terre font-ils pour subvenir aux besoins de [&hellip;]<\/p>\n","protected":false},"author":82,"featured_media":31011,"comment_status":"open","ping_status":"closed","sticky":false,"template":"","format":"standard","meta":{"footnotes":""},"categories":[3,11,10],"tags":[37,292,29],"class_list":["post-31012","post","type-post","status-publish","format-standard","has-post-thumbnail","hentry","category-economie","category-homepage-french","category-toutes-les-actualites","tag-africa-press","tag-africa-press-tchad","tag-tchad"],"yoast_head":"<!-- This site is optimized with the Yoast SEO Premium plugin v26.1 (Yoast SEO v27.0) - https:\/\/yoast.com\/product\/yoast-seo-premium-wordpress\/ -->\n<title>S\u00e9cheresse et agriculture : et si la France s&#039;inspirait de l&#039;Afrique\u00a0? - tchad<\/title>\n<meta name=\"description\" content=\"Ce vendredi 19 ao\u00fbt, lors de sa d\u00e9ambulation au milieu des stands au Congr\u00e8s international d&#039;horticulture \u00e0 Angers, le m ...\" \/>\n<meta name=\"robots\" content=\"index, follow, max-snippet:-1, max-image-preview:large, max-video-preview:-1\" \/>\n<link rel=\"canonical\" href=\"https:\/\/www.africa-press.net\/tchad\/economie\/secheresse-et-agriculture-et-si-la-france-sinspirait-de-lafrique\" \/>\n<meta property=\"og:locale\" content=\"fr_FR\" \/>\n<meta property=\"og:type\" content=\"article\" \/>\n<meta property=\"og:title\" content=\"S\u00e9cheresse et agriculture : et si la France s&#039;inspirait de l&#039;Afrique\u00a0?\" \/>\n<meta property=\"og:description\" content=\"Ce vendredi 19 ao\u00fbt, lors de sa d\u00e9ambulation au milieu des stands au Congr\u00e8s international d&#039;horticulture \u00e0 Angers, le m ...\" \/>\n<meta property=\"og:url\" content=\"https:\/\/www.africa-press.net\/tchad\/economie\/secheresse-et-agriculture-et-si-la-france-sinspirait-de-lafrique\" \/>\n<meta property=\"og:site_name\" content=\"tchad\" \/>\n<meta property=\"article:published_time\" content=\"2022-08-21T18:39:39+00:00\" \/>\n<meta property=\"article:modified_time\" content=\"2022-08-21T18:48:10+00:00\" \/>\n<meta property=\"og:image\" content=\"https:\/\/static.africa-press.net\/tchad\/sites\/41\/2022\/08\/postQueueImg_1-63027dc123597.jpg\" \/>\n\t<meta property=\"og:image:width\" content=\"1250\" \/>\n\t<meta property=\"og:image:height\" content=\"625\" \/>\n\t<meta property=\"og:image:type\" content=\"image\/jpeg\" \/>\n<meta name=\"author\" content=\"cfeditorfr\" \/>\n<meta name=\"twitter:card\" content=\"summary_large_image\" \/>\n<meta name=\"twitter:label1\" content=\"\u00c9crit par\" \/>\n\t<meta name=\"twitter:data1\" content=\"cfeditorfr\" \/>\n\t<meta name=\"twitter:label2\" content=\"Dur\u00e9e de lecture estim\u00e9e\" \/>\n\t<meta name=\"twitter:data2\" content=\"4 minutes\" \/>\n<script type=\"application\/ld+json\" class=\"yoast-schema-graph\">{\"@context\":\"https:\/\/schema.org\",\"@graph\":[{\"@type\":\"Article\",\"@id\":\"https:\/\/www.africa-press.net\/tchad\/economie\/secheresse-et-agriculture-et-si-la-france-sinspirait-de-lafrique#article\",\"isPartOf\":{\"@id\":\"https:\/\/www.africa-press.net\/tchad\/economie\/secheresse-et-agriculture-et-si-la-france-sinspirait-de-lafrique\"},\"author\":{\"name\":\"cfeditorfr\",\"@id\":\"https:\/\/www.africa-press.net\/tchad\/#\/schema\/person\/2b1cf3cd81a31e3cd26889ca66d677f1\"},\"headline\":\"S\u00e9cheresse et agriculture : et si la France s&rsquo;inspirait de l&rsquo;Afrique\u00a0?\",\"datePublished\":\"2022-08-21T18:39:39+00:00\",\"dateModified\":\"2022-08-21T18:48:10+00:00\",\"mainEntityOfPage\":{\"@id\":\"https:\/\/www.africa-press.net\/tchad\/economie\/secheresse-et-agriculture-et-si-la-france-sinspirait-de-lafrique\"},\"wordCount\":772,\"commentCount\":0,\"image\":{\"@id\":\"https:\/\/www.africa-press.net\/tchad\/economie\/secheresse-et-agriculture-et-si-la-france-sinspirait-de-lafrique#primaryimage\"},\"thumbnailUrl\":\"https:\/\/static.africa-press.net\/tchad\/sites\/41\/2022\/08\/postQueueImg_1-63027dc123597.jpg\",\"keywords\":[\"Africa Press\",\"Africa Press-Tchad\",\"Tchad\"],\"articleSection\":[\"\u00c9conomie\",\"homepage-french\",\"Toutes les actualit\u00e9s\"],\"inLanguage\":\"fr-FR\",\"potentialAction\":[{\"@type\":\"CommentAction\",\"name\":\"Comment\",\"target\":[\"https:\/\/www.africa-press.net\/tchad\/economie\/secheresse-et-agriculture-et-si-la-france-sinspirait-de-lafrique#respond\"]}]},{\"@type\":\"WebPage\",\"@id\":\"https:\/\/www.africa-press.net\/tchad\/economie\/secheresse-et-agriculture-et-si-la-france-sinspirait-de-lafrique\",\"url\":\"https:\/\/www.africa-press.net\/tchad\/economie\/secheresse-et-agriculture-et-si-la-france-sinspirait-de-lafrique\",\"name\":\"S\u00e9cheresse et agriculture : et si la France s'inspirait de l'Afrique\u00a0? - tchad\",\"isPartOf\":{\"@id\":\"https:\/\/www.africa-press.net\/tchad\/#website\"},\"primaryImageOfPage\":{\"@id\":\"https:\/\/www.africa-press.net\/tchad\/economie\/secheresse-et-agriculture-et-si-la-france-sinspirait-de-lafrique#primaryimage\"},\"image\":{\"@id\":\"https:\/\/www.africa-press.net\/tchad\/economie\/secheresse-et-agriculture-et-si-la-france-sinspirait-de-lafrique#primaryimage\"},\"thumbnailUrl\":\"https:\/\/static.africa-press.net\/tchad\/sites\/41\/2022\/08\/postQueueImg_1-63027dc123597.jpg\",\"datePublished\":\"2022-08-21T18:39:39+00:00\",\"dateModified\":\"2022-08-21T18:48:10+00:00\",\"author\":{\"@id\":\"https:\/\/www.africa-press.net\/tchad\/#\/schema\/person\/2b1cf3cd81a31e3cd26889ca66d677f1\"},\"description\":\"Ce vendredi 19 ao\u00fbt, lors de sa d\u00e9ambulation au milieu des stands au Congr\u00e8s international d'horticulture \u00e0 Angers, le m ...\",\"breadcrumb\":{\"@id\":\"https:\/\/www.africa-press.net\/tchad\/economie\/secheresse-et-agriculture-et-si-la-france-sinspirait-de-lafrique#breadcrumb\"},\"inLanguage\":\"fr-FR\",\"potentialAction\":[{\"@type\":\"ReadAction\",\"target\":[\"https:\/\/www.africa-press.net\/tchad\/economie\/secheresse-et-agriculture-et-si-la-france-sinspirait-de-lafrique\"]}]},{\"@type\":\"ImageObject\",\"inLanguage\":\"fr-FR\",\"@id\":\"https:\/\/www.africa-press.net\/tchad\/economie\/secheresse-et-agriculture-et-si-la-france-sinspirait-de-lafrique#primaryimage\",\"url\":\"https:\/\/static.africa-press.net\/tchad\/sites\/41\/2022\/08\/postQueueImg_1-63027dc123597.jpg\",\"contentUrl\":\"https:\/\/static.africa-press.net\/tchad\/sites\/41\/2022\/08\/postQueueImg_1-63027dc123597.jpg\",\"width\":1250,\"height\":625,\"caption\":\"S\u00e9cheresse et agriculture : et si la France s'inspirait de l'Afrique\u00a0?\"},{\"@type\":\"BreadcrumbList\",\"@id\":\"https:\/\/www.africa-press.net\/tchad\/economie\/secheresse-et-agriculture-et-si-la-france-sinspirait-de-lafrique#breadcrumb\",\"itemListElement\":[{\"@type\":\"ListItem\",\"position\":1,\"name\":\"Accueil\",\"item\":\"https:\/\/www.africa-press.net\/tchad\/\"},{\"@type\":\"ListItem\",\"position\":2,\"name\":\"S\u00e9cheresse et agriculture : et si la France s&#8217;inspirait de l&#8217;Afrique\u00a0?\"}]},{\"@type\":\"WebSite\",\"@id\":\"https:\/\/www.africa-press.net\/tchad\/#website\",\"url\":\"https:\/\/www.africa-press.net\/tchad\/\",\"name\":\"tchad\",\"description\":\"Just another Africa News Agency Sites site\",\"potentialAction\":[{\"@type\":\"SearchAction\",\"target\":{\"@type\":\"EntryPoint\",\"urlTemplate\":\"https:\/\/www.africa-press.net\/tchad\/?s={search_term_string}\"},\"query-input\":{\"@type\":\"PropertyValueSpecification\",\"valueRequired\":true,\"valueName\":\"search_term_string\"}}],\"inLanguage\":\"fr-FR\"},{\"@type\":\"Person\",\"@id\":\"https:\/\/www.africa-press.net\/tchad\/#\/schema\/person\/2b1cf3cd81a31e3cd26889ca66d677f1\",\"name\":\"cfeditorfr\"}]}<\/script>\n<!-- \/ Yoast SEO Premium plugin. -->","yoast_head_json":{"title":"S\u00e9cheresse et agriculture : et si la France s'inspirait de l'Afrique\u00a0? - tchad","description":"Ce vendredi 19 ao\u00fbt, lors de sa d\u00e9ambulation au milieu des stands au Congr\u00e8s international d'horticulture \u00e0 Angers, le m ...","robots":{"index":"index","follow":"follow","max-snippet":"max-snippet:-1","max-image-preview":"max-image-preview:large","max-video-preview":"max-video-preview:-1"},"canonical":"https:\/\/www.africa-press.net\/tchad\/economie\/secheresse-et-agriculture-et-si-la-france-sinspirait-de-lafrique","og_locale":"fr_FR","og_type":"article","og_title":"S\u00e9cheresse et agriculture : et si la France s'inspirait de l'Afrique\u00a0?","og_description":"Ce vendredi 19 ao\u00fbt, lors de sa d\u00e9ambulation au milieu des stands au Congr\u00e8s international d'horticulture \u00e0 Angers, le m ...","og_url":"https:\/\/www.africa-press.net\/tchad\/economie\/secheresse-et-agriculture-et-si-la-france-sinspirait-de-lafrique","og_site_name":"tchad","article_published_time":"2022-08-21T18:39:39+00:00","article_modified_time":"2022-08-21T18:48:10+00:00","og_image":[{"width":1250,"height":625,"url":"https:\/\/static.africa-press.net\/tchad\/sites\/41\/2022\/08\/postQueueImg_1-63027dc123597.jpg","type":"image\/jpeg"}],"author":"cfeditorfr","twitter_card":"summary_large_image","twitter_misc":{"\u00c9crit par":"cfeditorfr","Dur\u00e9e de lecture estim\u00e9e":"4 minutes"},"schema":{"@context":"https:\/\/schema.org","@graph":[{"@type":"Article","@id":"https:\/\/www.africa-press.net\/tchad\/economie\/secheresse-et-agriculture-et-si-la-france-sinspirait-de-lafrique#article","isPartOf":{"@id":"https:\/\/www.africa-press.net\/tchad\/economie\/secheresse-et-agriculture-et-si-la-france-sinspirait-de-lafrique"},"author":{"name":"cfeditorfr","@id":"https:\/\/www.africa-press.net\/tchad\/#\/schema\/person\/2b1cf3cd81a31e3cd26889ca66d677f1"},"headline":"S\u00e9cheresse et agriculture : et si la France s&rsquo;inspirait de l&rsquo;Afrique\u00a0?","datePublished":"2022-08-21T18:39:39+00:00","dateModified":"2022-08-21T18:48:10+00:00","mainEntityOfPage":{"@id":"https:\/\/www.africa-press.net\/tchad\/economie\/secheresse-et-agriculture-et-si-la-france-sinspirait-de-lafrique"},"wordCount":772,"commentCount":0,"image":{"@id":"https:\/\/www.africa-press.net\/tchad\/economie\/secheresse-et-agriculture-et-si-la-france-sinspirait-de-lafrique#primaryimage"},"thumbnailUrl":"https:\/\/static.africa-press.net\/tchad\/sites\/41\/2022\/08\/postQueueImg_1-63027dc123597.jpg","keywords":["Africa Press","Africa Press-Tchad","Tchad"],"articleSection":["\u00c9conomie","homepage-french","Toutes les actualit\u00e9s"],"inLanguage":"fr-FR","potentialAction":[{"@type":"CommentAction","name":"Comment","target":["https:\/\/www.africa-press.net\/tchad\/economie\/secheresse-et-agriculture-et-si-la-france-sinspirait-de-lafrique#respond"]}]},{"@type":"WebPage","@id":"https:\/\/www.africa-press.net\/tchad\/economie\/secheresse-et-agriculture-et-si-la-france-sinspirait-de-lafrique","url":"https:\/\/www.africa-press.net\/tchad\/economie\/secheresse-et-agriculture-et-si-la-france-sinspirait-de-lafrique","name":"S\u00e9cheresse et agriculture : et si la France s'inspirait de l'Afrique\u00a0? - tchad","isPartOf":{"@id":"https:\/\/www.africa-press.net\/tchad\/#website"},"primaryImageOfPage":{"@id":"https:\/\/www.africa-press.net\/tchad\/economie\/secheresse-et-agriculture-et-si-la-france-sinspirait-de-lafrique#primaryimage"},"image":{"@id":"https:\/\/www.africa-press.net\/tchad\/economie\/secheresse-et-agriculture-et-si-la-france-sinspirait-de-lafrique#primaryimage"},"thumbnailUrl":"https:\/\/static.africa-press.net\/tchad\/sites\/41\/2022\/08\/postQueueImg_1-63027dc123597.jpg","datePublished":"2022-08-21T18:39:39+00:00","dateModified":"2022-08-21T18:48:10+00:00","author":{"@id":"https:\/\/www.africa-press.net\/tchad\/#\/schema\/person\/2b1cf3cd81a31e3cd26889ca66d677f1"},"description":"Ce vendredi 19 ao\u00fbt, lors de sa d\u00e9ambulation au milieu des stands au Congr\u00e8s international d'horticulture \u00e0 Angers, le m ...","breadcrumb":{"@id":"https:\/\/www.africa-press.net\/tchad\/economie\/secheresse-et-agriculture-et-si-la-france-sinspirait-de-lafrique#breadcrumb"},"inLanguage":"fr-FR","potentialAction":[{"@type":"ReadAction","target":["https:\/\/www.africa-press.net\/tchad\/economie\/secheresse-et-agriculture-et-si-la-france-sinspirait-de-lafrique"]}]},{"@type":"ImageObject","inLanguage":"fr-FR","@id":"https:\/\/www.africa-press.net\/tchad\/economie\/secheresse-et-agriculture-et-si-la-france-sinspirait-de-lafrique#primaryimage","url":"https:\/\/static.africa-press.net\/tchad\/sites\/41\/2022\/08\/postQueueImg_1-63027dc123597.jpg","contentUrl":"https:\/\/static.africa-press.net\/tchad\/sites\/41\/2022\/08\/postQueueImg_1-63027dc123597.jpg","width":1250,"height":625,"caption":"S\u00e9cheresse et agriculture : et si la France s'inspirait de l'Afrique\u00a0?"},{"@type":"BreadcrumbList","@id":"https:\/\/www.africa-press.net\/tchad\/economie\/secheresse-et-agriculture-et-si-la-france-sinspirait-de-lafrique#breadcrumb","itemListElement":[{"@type":"ListItem","position":1,"name":"Accueil","item":"https:\/\/www.africa-press.net\/tchad\/"},{"@type":"ListItem","position":2,"name":"S\u00e9cheresse et agriculture : et si la France s&#8217;inspirait de l&#8217;Afrique\u00a0?"}]},{"@type":"WebSite","@id":"https:\/\/www.africa-press.net\/tchad\/#website","url":"https:\/\/www.africa-press.net\/tchad\/","name":"tchad","description":"Just another Africa News Agency Sites site","potentialAction":[{"@type":"SearchAction","target":{"@type":"EntryPoint","urlTemplate":"https:\/\/www.africa-press.net\/tchad\/?s={search_term_string}"},"query-input":{"@type":"PropertyValueSpecification","valueRequired":true,"valueName":"search_term_string"}}],"inLanguage":"fr-FR"},{"@type":"Person","@id":"https:\/\/www.africa-press.net\/tchad\/#\/schema\/person\/2b1cf3cd81a31e3cd26889ca66d677f1","name":"cfeditorfr"}]}},"_links":{"self":[{"href":"https:\/\/www.africa-press.net\/tchad\/wp-json\/wp\/v2\/posts\/31012","targetHints":{"allow":["GET"]}}],"collection":[{"href":"https:\/\/www.africa-press.net\/tchad\/wp-json\/wp\/v2\/posts"}],"about":[{"href":"https:\/\/www.africa-press.net\/tchad\/wp-json\/wp\/v2\/types\/post"}],"author":[{"embeddable":true,"href":"https:\/\/www.africa-press.net\/tchad\/wp-json\/wp\/v2\/users\/82"}],"replies":[{"embeddable":true,"href":"https:\/\/www.africa-press.net\/tchad\/wp-json\/wp\/v2\/comments?post=31012"}],"version-history":[{"count":0,"href":"https:\/\/www.africa-press.net\/tchad\/wp-json\/wp\/v2\/posts\/31012\/revisions"}],"wp:featuredmedia":[{"embeddable":true,"href":"https:\/\/www.africa-press.net\/tchad\/wp-json\/wp\/v2\/media\/31011"}],"wp:attachment":[{"href":"https:\/\/www.africa-press.net\/tchad\/wp-json\/wp\/v2\/media?parent=31012"}],"wp:term":[{"taxonomy":"category","embeddable":true,"href":"https:\/\/www.africa-press.net\/tchad\/wp-json\/wp\/v2\/categories?post=31012"},{"taxonomy":"post_tag","embeddable":true,"href":"https:\/\/www.africa-press.net\/tchad\/wp-json\/wp\/v2\/tags?post=31012"}],"curies":[{"name":"wp","href":"https:\/\/api.w.org\/{rel}","templated":true}]}}