{"id":31070,"date":"2022-08-22T17:38:55","date_gmt":"2022-08-22T17:38:55","guid":{"rendered":"https:\/\/www.africa-press.net\/tchad\/politique\/lhorizon-democratique-en-afrique-de-louest-seclaircit-ou-sassombrit-il"},"modified":"2022-08-22T18:06:40","modified_gmt":"2022-08-22T18:06:40","slug":"lhorizon-democratique-en-afrique-de-louest-seclaircit-ou-sassombrit-il","status":"publish","type":"post","link":"https:\/\/www.africa-press.net\/tchad\/dossiers\/lhorizon-democratique-en-afrique-de-louest-seclaircit-ou-sassombrit-il","title":{"rendered":"L\u2019horizon d\u00e9mocratique en Afrique de l\u2019ouest s\u2019\u00e9claircit ou s\u2019assombrit-il ?"},"content":{"rendered":"<p><span style=\"color: #ff6600\"><strong>Africa-Press &#8211; Tchad. <\/strong><\/span>Depuis ao\u00fbt 2020, trois prises de pouvoir anti-constitutionnelles ont \u00e9t\u00e9 enregistr\u00e9es en Afrique de l\u2019Ouest, respectivement au Mali, en Guin\u00e9e Conakry, et au Burkina Faso, tandis qu\u2019au Niger et en Guin\u00e9e Bissau, des tentatives de putsch ont \u00e9t\u00e9 mat\u00e9es avec succ\u00e8s.<\/p>\n<p>Si l\u2019 on\u2019 y prend garde, la contagion peut dans un premier temps concerner l\u2019Afrique de l\u2019Ouest, puis gagner dans toute l\u2019Afrique par la suite. Il y aura toujours des crises dans nos pays, comme dans tous les pays de la plan\u00e8te.<\/p>\n<p>Faut-il pour autant avoir recours aux putsch pour les d\u00e9nouer ? Faut-il faire des putsch les instruments privil\u00e9gi\u00e9s de r\u00e9solution des crises internes \u00e0 nos pays ? Toute la question est l\u00e0.<\/p>\n<p>C\u2019est connu, un putsch n\u2019apporte ni la d\u00e9mocratie, ni le d\u00e9veloppement. Dans les pays concern\u00e9s, le retour des civils au pouvoir est loin d\u2019\u00eatre acquis. Nous sommes face \u00e0 des r\u00e9gimes qui peuvent s\u2019\u00e9terniser d\u2019une mani\u00e8re ou d\u2019une autre. Les observateurs notent que les militaires ne montrent aucun signe de leur volont\u00e9 de s\u2019en aller un jour du pouvoir. D\u2019o\u00f9 l\u2019urgence de mettre en place des m\u00e9canismes contraignants qui vont dissuader \u00e0 l\u2019avenir les prises de pouvoir par la force. L\u2019 Union Africaine dispose d\u00e9j\u00e0 d\u2019un protocole sur la question depuis l\u2019ann\u00e9e 2000. Ainsi tout pays qui enregistre un putsch est automatiquement suspendu de ses instances jusqu\u2019au r\u00e9tablissement d\u2019un r\u00e9gime issu d\u2019\u00e9lections. En Afrique de l\u2019Ouest , la CEDEAO et l\u2019UEMOA ont adopt\u00e9 une d\u00e9marche similaire.<\/p>\n<p>Mais cela n\u2019a pas emp\u00each\u00e9 les putsch de ces deux derni\u00e8res ann\u00e9es. Pour autant cela ne signifie pas qu\u2019il faille abandonner cette approche, mais plut\u00f4t la renforcer par des mesures plus contraignantes, des sanctions qui se d\u00e9clenchent automatiquement. Ainsi les pays frontaliers d\u2019un pays o\u00f9 s\u2019est d\u00e9roul\u00e9 une prise de pouvoir par la \u00bb force \u00ab , doivent fermer automatiquement leurs fronti\u00e8res avec celui-ci, et suspendre toutes les liaisons a\u00e9riennes avec ce pays. Les organismes \u00e9conomiques continentaux ou sous-r\u00e9gionaux ( BAD, BOAD, etc\u2026.) doivent aussi suspendre les relations avec ce pays. L\u2019objectif est de l\u2019isoler afin que ceux qui ont pris le pouvoir \u00bb par les armes \u00bb ne puissent pas gouverner \u00bb sereinement \u00ab . Ces mesures doivent rester en place jusqu\u2019au r\u00e9tablissement de la l\u00e9galit\u00e9.<\/p>\n<p>Dans le cadre de l\u2019UEMOA, il y a une mesure \u00ab choc \u00bb qui peut contraindre les putschistes \u00e0 rendre rapidement le pouvoir. C\u2019est l\u2019implication de la banque centrale dans le train de sanctions. Elle doit cesser tout concours \u00e0 l\u2019Etat et aux banques commerciales du pays concern\u00e9. Concr\u00e8tement tout transfert de liquidit\u00e9s vers ce pays devra \u00eatre suspendu jusqu\u2019au r\u00e9tablissement d\u2019un pouvoir issu d\u2019\u00e9lections reconnues. Priv\u00e9s de liquidit\u00e9s pour payer les fonctionnaires, ou pour faire tourner l\u2019\u00e9conomie, les militaires au pouvoir seront incapables de gouverner. Cette sanction sera v\u00e9ritablement \u00ab l\u2019arme fatale \u00bb contre les prises de pouvoir anti-constitutionnelles dans les pays de l\u2019UEMOA.<\/p>\n<p>Toutes ces mesures (fermeture des fronti\u00e8res, suspension des liaisons a\u00e9riennes, suspension des concours de la banque centrale etc\u2026\u2026 ) il faut le r\u00e9p\u00e9ter, ne doivent pas \u00eatre prises au cours d\u2019un sommet extraordinaire, mais \u00eatre contenues dans un protocole additionnel au trait\u00e9 de cette organisation, et donc entrer automatiquement en vigueur d\u00e8s qu\u2019un putsch est constat\u00e9 dans un pays. C\u2019est seulement ainsi qu\u2019elles vont dissuader de futurs putsch. Bien s\u00fbr ce sont les populations qui en souffriront. Mais peut-on faire autrement si on veut enrayer la spirale des prises de pouvoir par la force dans notre sous-r\u00e9gion ?<\/p>\n<p>Douglas Mountain<\/p>\n<p><strong>Pour plus d&rsquo;informations et d&rsquo;analyses sur la <a href=\"https:\/\/www.africa-press.net\/tchad\">Tchad<\/a>, suivez <a href=\"https:\/\/www.africa-press.net\/\">Africa-Press<\/a><\/strong><\/p>\n","protected":false},"excerpt":{"rendered":"<p>Africa-Press &#8211; Tchad. Depuis ao\u00fbt 2020, trois prises de pouvoir anti-constitutionnelles ont \u00e9t\u00e9 enregistr\u00e9es en Afrique de l\u2019Ouest, respectivement au Mali, en Guin\u00e9e Conakry, et au Burkina Faso, tandis qu\u2019au Niger et en Guin\u00e9e Bissau, des tentatives de putsch ont \u00e9t\u00e9 mat\u00e9es avec succ\u00e8s. Si l\u2019 on\u2019 y prend garde, la contagion peut dans un [&hellip;]<\/p>\n","protected":false},"author":82,"featured_media":31067,"comment_status":"open","ping_status":"closed","sticky":false,"template":"","format":"standard","meta":{"footnotes":""},"categories":[7,11,10],"tags":[37,292,29],"class_list":["post-31070","post","type-post","status-publish","format-standard","has-post-thumbnail","hentry","category-dossiers","category-homepage-french","category-toutes-les-actualites","tag-africa-press","tag-africa-press-tchad","tag-tchad"],"yoast_head":"<!-- This site is optimized with the Yoast SEO Premium plugin v26.1 (Yoast SEO v27.0) - https:\/\/yoast.com\/product\/yoast-seo-premium-wordpress\/ -->\n<title>L\u2019horizon d\u00e9mocratique en Afrique de l\u2019ouest s\u2019\u00e9claircit ou s\u2019assombrit-il ? - tchad<\/title>\n<meta name=\"description\" content=\"Depuis ao\u00fbt 2020, trois prises de pouvoir anti-constitutionnelles ont \u00e9t\u00e9 enregistr\u00e9es en Afrique de l\u2019Ouest, respective ...\" \/>\n<meta name=\"robots\" content=\"index, follow, max-snippet:-1, max-image-preview:large, max-video-preview:-1\" \/>\n<link rel=\"canonical\" href=\"https:\/\/www.africa-press.net\/tchad\/dossiers\/lhorizon-democratique-en-afrique-de-louest-seclaircit-ou-sassombrit-il\" \/>\n<meta property=\"og:locale\" content=\"fr_FR\" \/>\n<meta property=\"og:type\" content=\"article\" \/>\n<meta property=\"og:title\" content=\"L\u2019horizon d\u00e9mocratique en Afrique de l\u2019ouest s\u2019\u00e9claircit ou s\u2019assombrit-il ?\" \/>\n<meta property=\"og:description\" content=\"Depuis ao\u00fbt 2020, trois prises de pouvoir anti-constitutionnelles ont \u00e9t\u00e9 enregistr\u00e9es en Afrique de l\u2019Ouest, respective ...\" \/>\n<meta property=\"og:url\" content=\"https:\/\/www.africa-press.net\/tchad\/dossiers\/lhorizon-democratique-en-afrique-de-louest-seclaircit-ou-sassombrit-il\" \/>\n<meta property=\"og:site_name\" content=\"tchad\" \/>\n<meta property=\"article:published_time\" content=\"2022-08-22T17:38:55+00:00\" \/>\n<meta property=\"article:modified_time\" content=\"2022-08-22T18:06:40+00:00\" \/>\n<meta property=\"og:image\" content=\"https:\/\/static.africa-press.net\/tchad\/sites\/41\/2022\/08\/postQueueImg_43.jpg\" \/>\n\t<meta property=\"og:image:width\" content=\"850\" \/>\n\t<meta property=\"og:image:height\" content=\"391\" \/>\n\t<meta property=\"og:image:type\" content=\"image\/jpeg\" \/>\n<meta name=\"author\" content=\"cfeditorfr\" \/>\n<meta name=\"twitter:card\" content=\"summary_large_image\" \/>\n<meta name=\"twitter:label1\" content=\"\u00c9crit par\" \/>\n\t<meta name=\"twitter:data1\" content=\"cfeditorfr\" \/>\n\t<meta name=\"twitter:label2\" content=\"Dur\u00e9e de lecture estim\u00e9e\" \/>\n\t<meta name=\"twitter:data2\" content=\"3 minutes\" \/>\n<script type=\"application\/ld+json\" class=\"yoast-schema-graph\">{\"@context\":\"https:\/\/schema.org\",\"@graph\":[{\"@type\":\"Article\",\"@id\":\"https:\/\/www.africa-press.net\/tchad\/dossiers\/lhorizon-democratique-en-afrique-de-louest-seclaircit-ou-sassombrit-il#article\",\"isPartOf\":{\"@id\":\"https:\/\/www.africa-press.net\/tchad\/dossiers\/lhorizon-democratique-en-afrique-de-louest-seclaircit-ou-sassombrit-il\"},\"author\":{\"name\":\"cfeditorfr\",\"@id\":\"https:\/\/www.africa-press.net\/tchad\/#\/schema\/person\/2b1cf3cd81a31e3cd26889ca66d677f1\"},\"headline\":\"L\u2019horizon d\u00e9mocratique en Afrique de l\u2019ouest s\u2019\u00e9claircit ou s\u2019assombrit-il ?\",\"datePublished\":\"2022-08-22T17:38:55+00:00\",\"dateModified\":\"2022-08-22T18:06:40+00:00\",\"mainEntityOfPage\":{\"@id\":\"https:\/\/www.africa-press.net\/tchad\/dossiers\/lhorizon-democratique-en-afrique-de-louest-seclaircit-ou-sassombrit-il\"},\"wordCount\":666,\"commentCount\":0,\"image\":{\"@id\":\"https:\/\/www.africa-press.net\/tchad\/dossiers\/lhorizon-democratique-en-afrique-de-louest-seclaircit-ou-sassombrit-il#primaryimage\"},\"thumbnailUrl\":\"https:\/\/static.africa-press.net\/tchad\/sites\/41\/2022\/08\/postQueueImg_43.jpg\",\"keywords\":[\"Africa Press\",\"Africa Press-Tchad\",\"Tchad\"],\"articleSection\":[\"Dossiers\",\"homepage-french\",\"Toutes les actualit\u00e9s\"],\"inLanguage\":\"fr-FR\",\"potentialAction\":[{\"@type\":\"CommentAction\",\"name\":\"Comment\",\"target\":[\"https:\/\/www.africa-press.net\/tchad\/dossiers\/lhorizon-democratique-en-afrique-de-louest-seclaircit-ou-sassombrit-il#respond\"]}]},{\"@type\":\"WebPage\",\"@id\":\"https:\/\/www.africa-press.net\/tchad\/dossiers\/lhorizon-democratique-en-afrique-de-louest-seclaircit-ou-sassombrit-il\",\"url\":\"https:\/\/www.africa-press.net\/tchad\/dossiers\/lhorizon-democratique-en-afrique-de-louest-seclaircit-ou-sassombrit-il\",\"name\":\"L\u2019horizon d\u00e9mocratique en Afrique de l\u2019ouest s\u2019\u00e9claircit ou s\u2019assombrit-il ? - tchad\",\"isPartOf\":{\"@id\":\"https:\/\/www.africa-press.net\/tchad\/#website\"},\"primaryImageOfPage\":{\"@id\":\"https:\/\/www.africa-press.net\/tchad\/dossiers\/lhorizon-democratique-en-afrique-de-louest-seclaircit-ou-sassombrit-il#primaryimage\"},\"image\":{\"@id\":\"https:\/\/www.africa-press.net\/tchad\/dossiers\/lhorizon-democratique-en-afrique-de-louest-seclaircit-ou-sassombrit-il#primaryimage\"},\"thumbnailUrl\":\"https:\/\/static.africa-press.net\/tchad\/sites\/41\/2022\/08\/postQueueImg_43.jpg\",\"datePublished\":\"2022-08-22T17:38:55+00:00\",\"dateModified\":\"2022-08-22T18:06:40+00:00\",\"author\":{\"@id\":\"https:\/\/www.africa-press.net\/tchad\/#\/schema\/person\/2b1cf3cd81a31e3cd26889ca66d677f1\"},\"description\":\"Depuis ao\u00fbt 2020, trois prises de pouvoir anti-constitutionnelles ont \u00e9t\u00e9 enregistr\u00e9es en Afrique de l\u2019Ouest, respective ...\",\"breadcrumb\":{\"@id\":\"https:\/\/www.africa-press.net\/tchad\/dossiers\/lhorizon-democratique-en-afrique-de-louest-seclaircit-ou-sassombrit-il#breadcrumb\"},\"inLanguage\":\"fr-FR\",\"potentialAction\":[{\"@type\":\"ReadAction\",\"target\":[\"https:\/\/www.africa-press.net\/tchad\/dossiers\/lhorizon-democratique-en-afrique-de-louest-seclaircit-ou-sassombrit-il\"]}]},{\"@type\":\"ImageObject\",\"inLanguage\":\"fr-FR\",\"@id\":\"https:\/\/www.africa-press.net\/tchad\/dossiers\/lhorizon-democratique-en-afrique-de-louest-seclaircit-ou-sassombrit-il#primaryimage\",\"url\":\"https:\/\/static.africa-press.net\/tchad\/sites\/41\/2022\/08\/postQueueImg_43.jpg\",\"contentUrl\":\"https:\/\/static.africa-press.net\/tchad\/sites\/41\/2022\/08\/postQueueImg_43.jpg\",\"width\":850,\"height\":391,\"caption\":\"L\u2019horizon d\u00e9mocratique en Afrique de l\u2019ouest s\u2019\u00e9claircit ou s\u2019assombrit-il ?\"},{\"@type\":\"BreadcrumbList\",\"@id\":\"https:\/\/www.africa-press.net\/tchad\/dossiers\/lhorizon-democratique-en-afrique-de-louest-seclaircit-ou-sassombrit-il#breadcrumb\",\"itemListElement\":[{\"@type\":\"ListItem\",\"position\":1,\"name\":\"Accueil\",\"item\":\"https:\/\/www.africa-press.net\/tchad\/\"},{\"@type\":\"ListItem\",\"position\":2,\"name\":\"L\u2019horizon d\u00e9mocratique en Afrique de l\u2019ouest s\u2019\u00e9claircit ou s\u2019assombrit-il ?\"}]},{\"@type\":\"WebSite\",\"@id\":\"https:\/\/www.africa-press.net\/tchad\/#website\",\"url\":\"https:\/\/www.africa-press.net\/tchad\/\",\"name\":\"tchad\",\"description\":\"Just another Africa News Agency Sites site\",\"potentialAction\":[{\"@type\":\"SearchAction\",\"target\":{\"@type\":\"EntryPoint\",\"urlTemplate\":\"https:\/\/www.africa-press.net\/tchad\/?s={search_term_string}\"},\"query-input\":{\"@type\":\"PropertyValueSpecification\",\"valueRequired\":true,\"valueName\":\"search_term_string\"}}],\"inLanguage\":\"fr-FR\"},{\"@type\":\"Person\",\"@id\":\"https:\/\/www.africa-press.net\/tchad\/#\/schema\/person\/2b1cf3cd81a31e3cd26889ca66d677f1\",\"name\":\"cfeditorfr\"}]}<\/script>\n<!-- \/ Yoast SEO Premium plugin. -->","yoast_head_json":{"title":"L\u2019horizon d\u00e9mocratique en Afrique de l\u2019ouest s\u2019\u00e9claircit ou s\u2019assombrit-il ? - tchad","description":"Depuis ao\u00fbt 2020, trois prises de pouvoir anti-constitutionnelles ont \u00e9t\u00e9 enregistr\u00e9es en Afrique de l\u2019Ouest, respective ...","robots":{"index":"index","follow":"follow","max-snippet":"max-snippet:-1","max-image-preview":"max-image-preview:large","max-video-preview":"max-video-preview:-1"},"canonical":"https:\/\/www.africa-press.net\/tchad\/dossiers\/lhorizon-democratique-en-afrique-de-louest-seclaircit-ou-sassombrit-il","og_locale":"fr_FR","og_type":"article","og_title":"L\u2019horizon d\u00e9mocratique en Afrique de l\u2019ouest s\u2019\u00e9claircit ou s\u2019assombrit-il ?","og_description":"Depuis ao\u00fbt 2020, trois prises de pouvoir anti-constitutionnelles ont \u00e9t\u00e9 enregistr\u00e9es en Afrique de l\u2019Ouest, respective ...","og_url":"https:\/\/www.africa-press.net\/tchad\/dossiers\/lhorizon-democratique-en-afrique-de-louest-seclaircit-ou-sassombrit-il","og_site_name":"tchad","article_published_time":"2022-08-22T17:38:55+00:00","article_modified_time":"2022-08-22T18:06:40+00:00","og_image":[{"width":850,"height":391,"url":"https:\/\/static.africa-press.net\/tchad\/sites\/41\/2022\/08\/postQueueImg_43.jpg","type":"image\/jpeg"}],"author":"cfeditorfr","twitter_card":"summary_large_image","twitter_misc":{"\u00c9crit par":"cfeditorfr","Dur\u00e9e de lecture estim\u00e9e":"3 minutes"},"schema":{"@context":"https:\/\/schema.org","@graph":[{"@type":"Article","@id":"https:\/\/www.africa-press.net\/tchad\/dossiers\/lhorizon-democratique-en-afrique-de-louest-seclaircit-ou-sassombrit-il#article","isPartOf":{"@id":"https:\/\/www.africa-press.net\/tchad\/dossiers\/lhorizon-democratique-en-afrique-de-louest-seclaircit-ou-sassombrit-il"},"author":{"name":"cfeditorfr","@id":"https:\/\/www.africa-press.net\/tchad\/#\/schema\/person\/2b1cf3cd81a31e3cd26889ca66d677f1"},"headline":"L\u2019horizon d\u00e9mocratique en Afrique de l\u2019ouest s\u2019\u00e9claircit ou s\u2019assombrit-il ?","datePublished":"2022-08-22T17:38:55+00:00","dateModified":"2022-08-22T18:06:40+00:00","mainEntityOfPage":{"@id":"https:\/\/www.africa-press.net\/tchad\/dossiers\/lhorizon-democratique-en-afrique-de-louest-seclaircit-ou-sassombrit-il"},"wordCount":666,"commentCount":0,"image":{"@id":"https:\/\/www.africa-press.net\/tchad\/dossiers\/lhorizon-democratique-en-afrique-de-louest-seclaircit-ou-sassombrit-il#primaryimage"},"thumbnailUrl":"https:\/\/static.africa-press.net\/tchad\/sites\/41\/2022\/08\/postQueueImg_43.jpg","keywords":["Africa Press","Africa Press-Tchad","Tchad"],"articleSection":["Dossiers","homepage-french","Toutes les actualit\u00e9s"],"inLanguage":"fr-FR","potentialAction":[{"@type":"CommentAction","name":"Comment","target":["https:\/\/www.africa-press.net\/tchad\/dossiers\/lhorizon-democratique-en-afrique-de-louest-seclaircit-ou-sassombrit-il#respond"]}]},{"@type":"WebPage","@id":"https:\/\/www.africa-press.net\/tchad\/dossiers\/lhorizon-democratique-en-afrique-de-louest-seclaircit-ou-sassombrit-il","url":"https:\/\/www.africa-press.net\/tchad\/dossiers\/lhorizon-democratique-en-afrique-de-louest-seclaircit-ou-sassombrit-il","name":"L\u2019horizon d\u00e9mocratique en Afrique de l\u2019ouest s\u2019\u00e9claircit ou s\u2019assombrit-il ? - tchad","isPartOf":{"@id":"https:\/\/www.africa-press.net\/tchad\/#website"},"primaryImageOfPage":{"@id":"https:\/\/www.africa-press.net\/tchad\/dossiers\/lhorizon-democratique-en-afrique-de-louest-seclaircit-ou-sassombrit-il#primaryimage"},"image":{"@id":"https:\/\/www.africa-press.net\/tchad\/dossiers\/lhorizon-democratique-en-afrique-de-louest-seclaircit-ou-sassombrit-il#primaryimage"},"thumbnailUrl":"https:\/\/static.africa-press.net\/tchad\/sites\/41\/2022\/08\/postQueueImg_43.jpg","datePublished":"2022-08-22T17:38:55+00:00","dateModified":"2022-08-22T18:06:40+00:00","author":{"@id":"https:\/\/www.africa-press.net\/tchad\/#\/schema\/person\/2b1cf3cd81a31e3cd26889ca66d677f1"},"description":"Depuis ao\u00fbt 2020, trois prises de pouvoir anti-constitutionnelles ont \u00e9t\u00e9 enregistr\u00e9es en Afrique de l\u2019Ouest, respective ...","breadcrumb":{"@id":"https:\/\/www.africa-press.net\/tchad\/dossiers\/lhorizon-democratique-en-afrique-de-louest-seclaircit-ou-sassombrit-il#breadcrumb"},"inLanguage":"fr-FR","potentialAction":[{"@type":"ReadAction","target":["https:\/\/www.africa-press.net\/tchad\/dossiers\/lhorizon-democratique-en-afrique-de-louest-seclaircit-ou-sassombrit-il"]}]},{"@type":"ImageObject","inLanguage":"fr-FR","@id":"https:\/\/www.africa-press.net\/tchad\/dossiers\/lhorizon-democratique-en-afrique-de-louest-seclaircit-ou-sassombrit-il#primaryimage","url":"https:\/\/static.africa-press.net\/tchad\/sites\/41\/2022\/08\/postQueueImg_43.jpg","contentUrl":"https:\/\/static.africa-press.net\/tchad\/sites\/41\/2022\/08\/postQueueImg_43.jpg","width":850,"height":391,"caption":"L\u2019horizon d\u00e9mocratique en Afrique de l\u2019ouest s\u2019\u00e9claircit ou s\u2019assombrit-il ?"},{"@type":"BreadcrumbList","@id":"https:\/\/www.africa-press.net\/tchad\/dossiers\/lhorizon-democratique-en-afrique-de-louest-seclaircit-ou-sassombrit-il#breadcrumb","itemListElement":[{"@type":"ListItem","position":1,"name":"Accueil","item":"https:\/\/www.africa-press.net\/tchad\/"},{"@type":"ListItem","position":2,"name":"L\u2019horizon d\u00e9mocratique en Afrique de l\u2019ouest s\u2019\u00e9claircit ou s\u2019assombrit-il ?"}]},{"@type":"WebSite","@id":"https:\/\/www.africa-press.net\/tchad\/#website","url":"https:\/\/www.africa-press.net\/tchad\/","name":"tchad","description":"Just another Africa News Agency Sites site","potentialAction":[{"@type":"SearchAction","target":{"@type":"EntryPoint","urlTemplate":"https:\/\/www.africa-press.net\/tchad\/?s={search_term_string}"},"query-input":{"@type":"PropertyValueSpecification","valueRequired":true,"valueName":"search_term_string"}}],"inLanguage":"fr-FR"},{"@type":"Person","@id":"https:\/\/www.africa-press.net\/tchad\/#\/schema\/person\/2b1cf3cd81a31e3cd26889ca66d677f1","name":"cfeditorfr"}]}},"_links":{"self":[{"href":"https:\/\/www.africa-press.net\/tchad\/wp-json\/wp\/v2\/posts\/31070","targetHints":{"allow":["GET"]}}],"collection":[{"href":"https:\/\/www.africa-press.net\/tchad\/wp-json\/wp\/v2\/posts"}],"about":[{"href":"https:\/\/www.africa-press.net\/tchad\/wp-json\/wp\/v2\/types\/post"}],"author":[{"embeddable":true,"href":"https:\/\/www.africa-press.net\/tchad\/wp-json\/wp\/v2\/users\/82"}],"replies":[{"embeddable":true,"href":"https:\/\/www.africa-press.net\/tchad\/wp-json\/wp\/v2\/comments?post=31070"}],"version-history":[{"count":0,"href":"https:\/\/www.africa-press.net\/tchad\/wp-json\/wp\/v2\/posts\/31070\/revisions"}],"wp:featuredmedia":[{"embeddable":true,"href":"https:\/\/www.africa-press.net\/tchad\/wp-json\/wp\/v2\/media\/31067"}],"wp:attachment":[{"href":"https:\/\/www.africa-press.net\/tchad\/wp-json\/wp\/v2\/media?parent=31070"}],"wp:term":[{"taxonomy":"category","embeddable":true,"href":"https:\/\/www.africa-press.net\/tchad\/wp-json\/wp\/v2\/categories?post=31070"},{"taxonomy":"post_tag","embeddable":true,"href":"https:\/\/www.africa-press.net\/tchad\/wp-json\/wp\/v2\/tags?post=31070"}],"curies":[{"name":"wp","href":"https:\/\/api.w.org\/{rel}","templated":true}]}}