{"id":31071,"date":"2022-08-22T17:52:43","date_gmt":"2022-08-22T17:52:43","guid":{"rendered":"https:\/\/www.africa-press.net\/tchad\/politique\/un-enfant-dun-an-parmi-les-victimes-dun-conflit-meurtrier-au-logone-oriental"},"modified":"2022-08-22T18:06:41","modified_gmt":"2022-08-22T18:06:41","slug":"un-enfant-dun-an-parmi-les-victimes-dun-conflit-meurtrier-au-logone-oriental","status":"publish","type":"post","link":"https:\/\/www.africa-press.net\/tchad\/toutes-les-actualites\/un-enfant-dun-an-parmi-les-victimes-dun-conflit-meurtrier-au-logone-oriental","title":{"rendered":"un enfant d&rsquo;un an parmi les victimes d&rsquo;un conflit meurtrier au Logone Oriental"},"content":{"rendered":"<p><span style=\"color: #ff6600\"><strong>Africa-Press &#8211; Tchad. <\/strong><\/span><b>\u00ab\u00a0Il ne s&rsquo;agit nullement de la d\u00e9vastation d&rsquo;un champ car rien n&rsquo;a \u00e9t\u00e9 constat\u00e9 sur les lieux. L&rsquo;on ignore encore le mobile r\u00e9el ayant conduit \u00e0 ces assassinat\u00a0\u00bb<\/b>, indique le gouverneur de la province du Logone Oriental, Abdelkerim Se\u00efd Bauche.<\/p>\n<p>Le gouverneur pr\u00e9cise que la situation sur le terrain est calme. <b>\u00ab\u00a0D\u00e8s les premi\u00e8res heures du drame, nous avons envoy\u00e9 les forces de d\u00e9fense et de s\u00e9curit\u00e9 pour r\u00e9tablir l&rsquo;ordre, \u00e9viter des d\u00e9bordements, proc\u00e9der \u00e0 des enqu\u00eates et \u00e9ventuellement interpeller les pr\u00e9sum\u00e9s responsables des massacres\u00a0\u00bb<\/b>, souligne-t-il.<\/p>\n<p>Une vingtaine de personnes impliqu\u00e9es dans le drame ont \u00e9t\u00e9 arr\u00eat\u00e9es. Les enqu\u00eates se poursuivent \u00ab\u00a0pour d\u00e9busquer d&rsquo;autres responsables\u00a0\u00bb, selon le gouverneur. Il assure qu&rsquo;aucun de ces crimes graves et barbares ne restera impuni.<\/p>\n<p><strong>Pour plus d&rsquo;informations et d&rsquo;analyses sur la <a href=\"https:\/\/www.africa-press.net\/tchad\">Tchad<\/a>, suivez <a href=\"https:\/\/www.africa-press.net\/\">Africa-Press<\/a><\/strong><\/p>\n","protected":false},"excerpt":{"rendered":"<p>Africa-Press &#8211; Tchad. \u00ab\u00a0Il ne s&rsquo;agit nullement de la d\u00e9vastation d&rsquo;un champ car rien n&rsquo;a \u00e9t\u00e9 constat\u00e9 sur les lieux. L&rsquo;on ignore encore le mobile r\u00e9el ayant conduit \u00e0 ces assassinat\u00a0\u00bb, indique le gouverneur de la province du Logone Oriental, Abdelkerim Se\u00efd Bauche. Le gouverneur pr\u00e9cise que la situation sur le terrain est calme. \u00ab\u00a0D\u00e8s [&hellip;]<\/p>\n","protected":false},"author":82,"featured_media":31069,"comment_status":"open","ping_status":"closed","sticky":false,"template":"","format":"standard","meta":{"footnotes":""},"categories":[21,11,10],"tags":[37,292,29],"class_list":["post-31071","post","type-post","status-publish","format-standard","has-post-thumbnail","hentry","category-communaute","category-homepage-french","category-toutes-les-actualites","tag-africa-press","tag-africa-press-tchad","tag-tchad"],"yoast_head":"<!-- This site is optimized with the Yoast SEO Premium plugin v26.1 (Yoast SEO v27.0) - https:\/\/yoast.com\/product\/yoast-seo-premium-wordpress\/ -->\n<title>un enfant d&#039;un an parmi les victimes d&#039;un conflit meurtrier au Logone Oriental - tchad<\/title>\n<meta name=\"description\" content=\"&quot;Il ne s&#039;agit nullement de la d\u00e9vastation d&#039;un champ car rien n&#039;a \u00e9t\u00e9 constat\u00e9 sur les lieux. L&#039;on ignore encore le m ...\" \/>\n<meta name=\"robots\" content=\"index, follow, max-snippet:-1, max-image-preview:large, max-video-preview:-1\" \/>\n<link rel=\"canonical\" href=\"https:\/\/www.africa-press.net\/tchad\/toutes-les-actualites\/un-enfant-dun-an-parmi-les-victimes-dun-conflit-meurtrier-au-logone-oriental\" \/>\n<meta property=\"og:locale\" content=\"fr_FR\" \/>\n<meta property=\"og:type\" content=\"article\" \/>\n<meta property=\"og:title\" content=\"un enfant d&#039;un an parmi les victimes d&#039;un conflit meurtrier au Logone Oriental\" \/>\n<meta property=\"og:description\" content=\"&quot;Il ne s&#039;agit nullement de la d\u00e9vastation d&#039;un champ car rien n&#039;a \u00e9t\u00e9 constat\u00e9 sur les lieux. L&#039;on ignore encore le m ...\" \/>\n<meta property=\"og:url\" content=\"https:\/\/www.africa-press.net\/tchad\/toutes-les-actualites\/un-enfant-dun-an-parmi-les-victimes-dun-conflit-meurtrier-au-logone-oriental\" \/>\n<meta property=\"og:site_name\" content=\"tchad\" \/>\n<meta property=\"article:published_time\" content=\"2022-08-22T17:52:43+00:00\" \/>\n<meta property=\"article:modified_time\" content=\"2022-08-22T18:06:41+00:00\" \/>\n<meta property=\"og:image\" content=\"https:\/\/static.africa-press.net\/tchad\/sites\/41\/2022\/08\/postQueueImg_9-6303c59e13ba8.jpg\" \/>\n\t<meta property=\"og:image:width\" content=\"1280\" \/>\n\t<meta property=\"og:image:height\" content=\"720\" \/>\n\t<meta property=\"og:image:type\" content=\"image\/jpeg\" \/>\n<meta name=\"author\" content=\"cfeditorfr\" \/>\n<meta name=\"twitter:card\" content=\"summary_large_image\" \/>\n<meta name=\"twitter:label1\" content=\"\u00c9crit par\" \/>\n\t<meta name=\"twitter:data1\" content=\"cfeditorfr\" \/>\n\t<meta name=\"twitter:label2\" content=\"Dur\u00e9e de lecture estim\u00e9e\" \/>\n\t<meta name=\"twitter:data2\" content=\"1 minute\" \/>\n<script type=\"application\/ld+json\" class=\"yoast-schema-graph\">{\"@context\":\"https:\/\/schema.org\",\"@graph\":[{\"@type\":\"Article\",\"@id\":\"https:\/\/www.africa-press.net\/tchad\/toutes-les-actualites\/un-enfant-dun-an-parmi-les-victimes-dun-conflit-meurtrier-au-logone-oriental#article\",\"isPartOf\":{\"@id\":\"https:\/\/www.africa-press.net\/tchad\/toutes-les-actualites\/un-enfant-dun-an-parmi-les-victimes-dun-conflit-meurtrier-au-logone-oriental\"},\"author\":{\"name\":\"cfeditorfr\",\"@id\":\"https:\/\/www.africa-press.net\/tchad\/#\/schema\/person\/2b1cf3cd81a31e3cd26889ca66d677f1\"},\"headline\":\"un enfant d&rsquo;un an parmi les victimes d&rsquo;un conflit meurtrier au Logone Oriental\",\"datePublished\":\"2022-08-22T17:52:43+00:00\",\"dateModified\":\"2022-08-22T18:06:41+00:00\",\"mainEntityOfPage\":{\"@id\":\"https:\/\/www.africa-press.net\/tchad\/toutes-les-actualites\/un-enfant-dun-an-parmi-les-victimes-dun-conflit-meurtrier-au-logone-oriental\"},\"wordCount\":174,\"commentCount\":0,\"image\":{\"@id\":\"https:\/\/www.africa-press.net\/tchad\/toutes-les-actualites\/un-enfant-dun-an-parmi-les-victimes-dun-conflit-meurtrier-au-logone-oriental#primaryimage\"},\"thumbnailUrl\":\"https:\/\/static.africa-press.net\/tchad\/sites\/41\/2022\/08\/postQueueImg_9-6303c59e13ba8.jpg\",\"keywords\":[\"Africa Press\",\"Africa Press-Tchad\",\"Tchad\"],\"articleSection\":[\"Communaut\u00e9\",\"homepage-french\",\"Toutes les actualit\u00e9s\"],\"inLanguage\":\"fr-FR\",\"potentialAction\":[{\"@type\":\"CommentAction\",\"name\":\"Comment\",\"target\":[\"https:\/\/www.africa-press.net\/tchad\/toutes-les-actualites\/un-enfant-dun-an-parmi-les-victimes-dun-conflit-meurtrier-au-logone-oriental#respond\"]}]},{\"@type\":\"WebPage\",\"@id\":\"https:\/\/www.africa-press.net\/tchad\/toutes-les-actualites\/un-enfant-dun-an-parmi-les-victimes-dun-conflit-meurtrier-au-logone-oriental\",\"url\":\"https:\/\/www.africa-press.net\/tchad\/toutes-les-actualites\/un-enfant-dun-an-parmi-les-victimes-dun-conflit-meurtrier-au-logone-oriental\",\"name\":\"un enfant d'un an parmi les victimes d'un conflit meurtrier au Logone Oriental - tchad\",\"isPartOf\":{\"@id\":\"https:\/\/www.africa-press.net\/tchad\/#website\"},\"primaryImageOfPage\":{\"@id\":\"https:\/\/www.africa-press.net\/tchad\/toutes-les-actualites\/un-enfant-dun-an-parmi-les-victimes-dun-conflit-meurtrier-au-logone-oriental#primaryimage\"},\"image\":{\"@id\":\"https:\/\/www.africa-press.net\/tchad\/toutes-les-actualites\/un-enfant-dun-an-parmi-les-victimes-dun-conflit-meurtrier-au-logone-oriental#primaryimage\"},\"thumbnailUrl\":\"https:\/\/static.africa-press.net\/tchad\/sites\/41\/2022\/08\/postQueueImg_9-6303c59e13ba8.jpg\",\"datePublished\":\"2022-08-22T17:52:43+00:00\",\"dateModified\":\"2022-08-22T18:06:41+00:00\",\"author\":{\"@id\":\"https:\/\/www.africa-press.net\/tchad\/#\/schema\/person\/2b1cf3cd81a31e3cd26889ca66d677f1\"},\"description\":\"\\\"Il ne s'agit nullement de la d\u00e9vastation d'un champ car rien n'a \u00e9t\u00e9 constat\u00e9 sur les lieux. L'on ignore encore le m ...\",\"breadcrumb\":{\"@id\":\"https:\/\/www.africa-press.net\/tchad\/toutes-les-actualites\/un-enfant-dun-an-parmi-les-victimes-dun-conflit-meurtrier-au-logone-oriental#breadcrumb\"},\"inLanguage\":\"fr-FR\",\"potentialAction\":[{\"@type\":\"ReadAction\",\"target\":[\"https:\/\/www.africa-press.net\/tchad\/toutes-les-actualites\/un-enfant-dun-an-parmi-les-victimes-dun-conflit-meurtrier-au-logone-oriental\"]}]},{\"@type\":\"ImageObject\",\"inLanguage\":\"fr-FR\",\"@id\":\"https:\/\/www.africa-press.net\/tchad\/toutes-les-actualites\/un-enfant-dun-an-parmi-les-victimes-dun-conflit-meurtrier-au-logone-oriental#primaryimage\",\"url\":\"https:\/\/static.africa-press.net\/tchad\/sites\/41\/2022\/08\/postQueueImg_9-6303c59e13ba8.jpg\",\"contentUrl\":\"https:\/\/static.africa-press.net\/tchad\/sites\/41\/2022\/08\/postQueueImg_9-6303c59e13ba8.jpg\",\"width\":1280,\"height\":720,\"caption\":\"un enfant d'un an parmi les victimes d'un conflit meurtrier au Logone Oriental\"},{\"@type\":\"BreadcrumbList\",\"@id\":\"https:\/\/www.africa-press.net\/tchad\/toutes-les-actualites\/un-enfant-dun-an-parmi-les-victimes-dun-conflit-meurtrier-au-logone-oriental#breadcrumb\",\"itemListElement\":[{\"@type\":\"ListItem\",\"position\":1,\"name\":\"Accueil\",\"item\":\"https:\/\/www.africa-press.net\/tchad\/\"},{\"@type\":\"ListItem\",\"position\":2,\"name\":\"un enfant d&#8217;un an parmi les victimes d&#8217;un conflit meurtrier au Logone Oriental\"}]},{\"@type\":\"WebSite\",\"@id\":\"https:\/\/www.africa-press.net\/tchad\/#website\",\"url\":\"https:\/\/www.africa-press.net\/tchad\/\",\"name\":\"tchad\",\"description\":\"Just another Africa News Agency Sites site\",\"potentialAction\":[{\"@type\":\"SearchAction\",\"target\":{\"@type\":\"EntryPoint\",\"urlTemplate\":\"https:\/\/www.africa-press.net\/tchad\/?s={search_term_string}\"},\"query-input\":{\"@type\":\"PropertyValueSpecification\",\"valueRequired\":true,\"valueName\":\"search_term_string\"}}],\"inLanguage\":\"fr-FR\"},{\"@type\":\"Person\",\"@id\":\"https:\/\/www.africa-press.net\/tchad\/#\/schema\/person\/2b1cf3cd81a31e3cd26889ca66d677f1\",\"name\":\"cfeditorfr\"}]}<\/script>\n<!-- \/ Yoast SEO Premium plugin. -->","yoast_head_json":{"title":"un enfant d'un an parmi les victimes d'un conflit meurtrier au Logone Oriental - tchad","description":"\"Il ne s'agit nullement de la d\u00e9vastation d'un champ car rien n'a \u00e9t\u00e9 constat\u00e9 sur les lieux. L'on ignore encore le m ...","robots":{"index":"index","follow":"follow","max-snippet":"max-snippet:-1","max-image-preview":"max-image-preview:large","max-video-preview":"max-video-preview:-1"},"canonical":"https:\/\/www.africa-press.net\/tchad\/toutes-les-actualites\/un-enfant-dun-an-parmi-les-victimes-dun-conflit-meurtrier-au-logone-oriental","og_locale":"fr_FR","og_type":"article","og_title":"un enfant d'un an parmi les victimes d'un conflit meurtrier au Logone Oriental","og_description":"\"Il ne s'agit nullement de la d\u00e9vastation d'un champ car rien n'a \u00e9t\u00e9 constat\u00e9 sur les lieux. L'on ignore encore le m ...","og_url":"https:\/\/www.africa-press.net\/tchad\/toutes-les-actualites\/un-enfant-dun-an-parmi-les-victimes-dun-conflit-meurtrier-au-logone-oriental","og_site_name":"tchad","article_published_time":"2022-08-22T17:52:43+00:00","article_modified_time":"2022-08-22T18:06:41+00:00","og_image":[{"width":1280,"height":720,"url":"https:\/\/static.africa-press.net\/tchad\/sites\/41\/2022\/08\/postQueueImg_9-6303c59e13ba8.jpg","type":"image\/jpeg"}],"author":"cfeditorfr","twitter_card":"summary_large_image","twitter_misc":{"\u00c9crit par":"cfeditorfr","Dur\u00e9e de lecture estim\u00e9e":"1 minute"},"schema":{"@context":"https:\/\/schema.org","@graph":[{"@type":"Article","@id":"https:\/\/www.africa-press.net\/tchad\/toutes-les-actualites\/un-enfant-dun-an-parmi-les-victimes-dun-conflit-meurtrier-au-logone-oriental#article","isPartOf":{"@id":"https:\/\/www.africa-press.net\/tchad\/toutes-les-actualites\/un-enfant-dun-an-parmi-les-victimes-dun-conflit-meurtrier-au-logone-oriental"},"author":{"name":"cfeditorfr","@id":"https:\/\/www.africa-press.net\/tchad\/#\/schema\/person\/2b1cf3cd81a31e3cd26889ca66d677f1"},"headline":"un enfant d&rsquo;un an parmi les victimes d&rsquo;un conflit meurtrier au Logone Oriental","datePublished":"2022-08-22T17:52:43+00:00","dateModified":"2022-08-22T18:06:41+00:00","mainEntityOfPage":{"@id":"https:\/\/www.africa-press.net\/tchad\/toutes-les-actualites\/un-enfant-dun-an-parmi-les-victimes-dun-conflit-meurtrier-au-logone-oriental"},"wordCount":174,"commentCount":0,"image":{"@id":"https:\/\/www.africa-press.net\/tchad\/toutes-les-actualites\/un-enfant-dun-an-parmi-les-victimes-dun-conflit-meurtrier-au-logone-oriental#primaryimage"},"thumbnailUrl":"https:\/\/static.africa-press.net\/tchad\/sites\/41\/2022\/08\/postQueueImg_9-6303c59e13ba8.jpg","keywords":["Africa Press","Africa Press-Tchad","Tchad"],"articleSection":["Communaut\u00e9","homepage-french","Toutes les actualit\u00e9s"],"inLanguage":"fr-FR","potentialAction":[{"@type":"CommentAction","name":"Comment","target":["https:\/\/www.africa-press.net\/tchad\/toutes-les-actualites\/un-enfant-dun-an-parmi-les-victimes-dun-conflit-meurtrier-au-logone-oriental#respond"]}]},{"@type":"WebPage","@id":"https:\/\/www.africa-press.net\/tchad\/toutes-les-actualites\/un-enfant-dun-an-parmi-les-victimes-dun-conflit-meurtrier-au-logone-oriental","url":"https:\/\/www.africa-press.net\/tchad\/toutes-les-actualites\/un-enfant-dun-an-parmi-les-victimes-dun-conflit-meurtrier-au-logone-oriental","name":"un enfant d'un an parmi les victimes d'un conflit meurtrier au Logone Oriental - tchad","isPartOf":{"@id":"https:\/\/www.africa-press.net\/tchad\/#website"},"primaryImageOfPage":{"@id":"https:\/\/www.africa-press.net\/tchad\/toutes-les-actualites\/un-enfant-dun-an-parmi-les-victimes-dun-conflit-meurtrier-au-logone-oriental#primaryimage"},"image":{"@id":"https:\/\/www.africa-press.net\/tchad\/toutes-les-actualites\/un-enfant-dun-an-parmi-les-victimes-dun-conflit-meurtrier-au-logone-oriental#primaryimage"},"thumbnailUrl":"https:\/\/static.africa-press.net\/tchad\/sites\/41\/2022\/08\/postQueueImg_9-6303c59e13ba8.jpg","datePublished":"2022-08-22T17:52:43+00:00","dateModified":"2022-08-22T18:06:41+00:00","author":{"@id":"https:\/\/www.africa-press.net\/tchad\/#\/schema\/person\/2b1cf3cd81a31e3cd26889ca66d677f1"},"description":"\"Il ne s'agit nullement de la d\u00e9vastation d'un champ car rien n'a \u00e9t\u00e9 constat\u00e9 sur les lieux. L'on ignore encore le m ...","breadcrumb":{"@id":"https:\/\/www.africa-press.net\/tchad\/toutes-les-actualites\/un-enfant-dun-an-parmi-les-victimes-dun-conflit-meurtrier-au-logone-oriental#breadcrumb"},"inLanguage":"fr-FR","potentialAction":[{"@type":"ReadAction","target":["https:\/\/www.africa-press.net\/tchad\/toutes-les-actualites\/un-enfant-dun-an-parmi-les-victimes-dun-conflit-meurtrier-au-logone-oriental"]}]},{"@type":"ImageObject","inLanguage":"fr-FR","@id":"https:\/\/www.africa-press.net\/tchad\/toutes-les-actualites\/un-enfant-dun-an-parmi-les-victimes-dun-conflit-meurtrier-au-logone-oriental#primaryimage","url":"https:\/\/static.africa-press.net\/tchad\/sites\/41\/2022\/08\/postQueueImg_9-6303c59e13ba8.jpg","contentUrl":"https:\/\/static.africa-press.net\/tchad\/sites\/41\/2022\/08\/postQueueImg_9-6303c59e13ba8.jpg","width":1280,"height":720,"caption":"un enfant d'un an parmi les victimes d'un conflit meurtrier au Logone Oriental"},{"@type":"BreadcrumbList","@id":"https:\/\/www.africa-press.net\/tchad\/toutes-les-actualites\/un-enfant-dun-an-parmi-les-victimes-dun-conflit-meurtrier-au-logone-oriental#breadcrumb","itemListElement":[{"@type":"ListItem","position":1,"name":"Accueil","item":"https:\/\/www.africa-press.net\/tchad\/"},{"@type":"ListItem","position":2,"name":"un enfant d&#8217;un an parmi les victimes d&#8217;un conflit meurtrier au Logone Oriental"}]},{"@type":"WebSite","@id":"https:\/\/www.africa-press.net\/tchad\/#website","url":"https:\/\/www.africa-press.net\/tchad\/","name":"tchad","description":"Just another Africa News Agency Sites site","potentialAction":[{"@type":"SearchAction","target":{"@type":"EntryPoint","urlTemplate":"https:\/\/www.africa-press.net\/tchad\/?s={search_term_string}"},"query-input":{"@type":"PropertyValueSpecification","valueRequired":true,"valueName":"search_term_string"}}],"inLanguage":"fr-FR"},{"@type":"Person","@id":"https:\/\/www.africa-press.net\/tchad\/#\/schema\/person\/2b1cf3cd81a31e3cd26889ca66d677f1","name":"cfeditorfr"}]}},"_links":{"self":[{"href":"https:\/\/www.africa-press.net\/tchad\/wp-json\/wp\/v2\/posts\/31071","targetHints":{"allow":["GET"]}}],"collection":[{"href":"https:\/\/www.africa-press.net\/tchad\/wp-json\/wp\/v2\/posts"}],"about":[{"href":"https:\/\/www.africa-press.net\/tchad\/wp-json\/wp\/v2\/types\/post"}],"author":[{"embeddable":true,"href":"https:\/\/www.africa-press.net\/tchad\/wp-json\/wp\/v2\/users\/82"}],"replies":[{"embeddable":true,"href":"https:\/\/www.africa-press.net\/tchad\/wp-json\/wp\/v2\/comments?post=31071"}],"version-history":[{"count":0,"href":"https:\/\/www.africa-press.net\/tchad\/wp-json\/wp\/v2\/posts\/31071\/revisions"}],"wp:featuredmedia":[{"embeddable":true,"href":"https:\/\/www.africa-press.net\/tchad\/wp-json\/wp\/v2\/media\/31069"}],"wp:attachment":[{"href":"https:\/\/www.africa-press.net\/tchad\/wp-json\/wp\/v2\/media?parent=31071"}],"wp:term":[{"taxonomy":"category","embeddable":true,"href":"https:\/\/www.africa-press.net\/tchad\/wp-json\/wp\/v2\/categories?post=31071"},{"taxonomy":"post_tag","embeddable":true,"href":"https:\/\/www.africa-press.net\/tchad\/wp-json\/wp\/v2\/tags?post=31071"}],"curies":[{"name":"wp","href":"https:\/\/api.w.org\/{rel}","templated":true}]}}