{"id":31081,"date":"2022-08-22T17:54:03","date_gmt":"2022-08-22T17:54:03","guid":{"rendered":"https:\/\/www.africa-press.net\/tchad\/politique\/tueries-dans-le-logone-oriental-une-vingtaine-de-personnes-deja-aux-arrets"},"modified":"2022-08-22T18:07:57","modified_gmt":"2022-08-22T18:07:57","slug":"tueries-dans-le-logone-oriental-une-vingtaine-de-personnes-deja-aux-arrets","status":"publish","type":"post","link":"https:\/\/www.africa-press.net\/tchad\/toutes-les-actualites\/tueries-dans-le-logone-oriental-une-vingtaine-de-personnes-deja-aux-arrets","title":{"rendered":"tueries dans le Logone oriental, une vingtaine de personnes d\u00e9j\u00e0 aux arr\u00eats"},"content":{"rendered":"<p><span style=\"color: #ff6600\"><strong>Africa-Press &#8211; Tchad. <\/strong><\/span>Au moins neuf personnes dont une femme et un enfant ont p\u00e9ri dans des tueries le 19 ao\u00fbt 2022. Les faits se d\u00e9roulent \u00e0 Bembaigne, dans le canton Padzangu\u00e9, province du Logone oriental.<\/p>\n<p>Dans la journ\u00e9e du dimanche 20 ao\u00fbt 2022, le gouverneur de la province du Logone oriental, Abdelkerim Seid Bauche, a fait une communication relative au drame de samedi dernier dans le d\u00e9partement des monts de Lam. Au cours du point de presse organis\u00e9 \u00e0 sa r\u00e9sidence, le num\u00e9ro 1 de la province confirme que neuf personnes ont r\u00e9ellement \u00e9t\u00e9 tu\u00e9es.<\/p>\n<p>Quant aux causes, le gouverneur fait savoir que, que la d\u00e9vastation des champs n\u2019est pas \u00e0 l\u2019origine de cet incident. Les causes exactes ne sont pas encore connues, a soulign\u00e9 le gouverneur. Pour le gouverneur, il est clair qu\u2019il ne s\u2019agit pas d\u2019un conflit agriculteurs contre \u00e9leveurs.<\/p>\n<p>Au moins une vingtaine de personnes de personnes a d\u00e9j\u00e0 \u00e9t\u00e9 arr\u00eat\u00e9e et des enqu\u00eates se poursuivent. \u00ab<b>D\u00e8s les premi\u00e8res heures du drame, nous avons envoy\u00e9 les forces de d\u00e9fense et de s\u00e9curit\u00e9 pour r\u00e9tablir l\u2019ordre, \u00e9viter des d\u00e9bordements, proc\u00e9der \u00e0 des enqu\u00eates et \u00e9ventuellement interpeller les pr\u00e9sum\u00e9s responsables des massacres.<\/b> \u00bb<\/p>\n<p><strong>Pour plus d&rsquo;informations et d&rsquo;analyses sur la <a href=\"https:\/\/www.africa-press.net\/tchad\">Tchad<\/a>, suivez <a href=\"https:\/\/www.africa-press.net\/\">Africa-Press<\/a><\/strong><\/p>\n","protected":false},"excerpt":{"rendered":"<p>Africa-Press &#8211; Tchad. Au moins neuf personnes dont une femme et un enfant ont p\u00e9ri dans des tueries le 19 ao\u00fbt 2022. Les faits se d\u00e9roulent \u00e0 Bembaigne, dans le canton Padzangu\u00e9, province du Logone oriental. Dans la journ\u00e9e du dimanche 20 ao\u00fbt 2022, le gouverneur de la province du Logone oriental, Abdelkerim Seid Bauche, [&hellip;]<\/p>\n","protected":false},"author":82,"featured_media":31080,"comment_status":"open","ping_status":"closed","sticky":false,"template":"","format":"standard","meta":{"footnotes":""},"categories":[21,11,10],"tags":[37,292,29],"class_list":["post-31081","post","type-post","status-publish","format-standard","has-post-thumbnail","hentry","category-communaute","category-homepage-french","category-toutes-les-actualites","tag-africa-press","tag-africa-press-tchad","tag-tchad"],"yoast_head":"<!-- This site is optimized with the Yoast SEO Premium plugin v26.1 (Yoast SEO v27.0) - https:\/\/yoast.com\/product\/yoast-seo-premium-wordpress\/ -->\n<title>tueries dans le Logone oriental, une vingtaine de personnes d\u00e9j\u00e0 aux arr\u00eats - tchad<\/title>\n<meta name=\"description\" content=\"Au moins neuf personnes dont une femme et un enfant ont p\u00e9ri dans des tueries le 19 ao\u00fbt 2022. Les faits se d\u00e9roulent \u00e0 ...\" \/>\n<meta name=\"robots\" content=\"index, follow, max-snippet:-1, max-image-preview:large, max-video-preview:-1\" \/>\n<link rel=\"canonical\" href=\"https:\/\/www.africa-press.net\/tchad\/toutes-les-actualites\/tueries-dans-le-logone-oriental-une-vingtaine-de-personnes-deja-aux-arrets\" \/>\n<meta property=\"og:locale\" content=\"fr_FR\" \/>\n<meta property=\"og:type\" content=\"article\" \/>\n<meta property=\"og:title\" content=\"tueries dans le Logone oriental, une vingtaine de personnes d\u00e9j\u00e0 aux arr\u00eats\" \/>\n<meta property=\"og:description\" content=\"Au moins neuf personnes dont une femme et un enfant ont p\u00e9ri dans des tueries le 19 ao\u00fbt 2022. Les faits se d\u00e9roulent \u00e0 ...\" \/>\n<meta property=\"og:url\" content=\"https:\/\/www.africa-press.net\/tchad\/toutes-les-actualites\/tueries-dans-le-logone-oriental-une-vingtaine-de-personnes-deja-aux-arrets\" \/>\n<meta property=\"og:site_name\" content=\"tchad\" \/>\n<meta property=\"article:published_time\" content=\"2022-08-22T17:54:03+00:00\" \/>\n<meta property=\"article:modified_time\" content=\"2022-08-22T18:07:57+00:00\" \/>\n<meta property=\"og:image\" content=\"https:\/\/static.africa-press.net\/tchad\/sites\/41\/2022\/08\/postQueueImg_12-6303c5eb187fd.jpg\" \/>\n\t<meta property=\"og:image:width\" content=\"780\" \/>\n\t<meta property=\"og:image:height\" content=\"440\" \/>\n\t<meta property=\"og:image:type\" content=\"image\/jpeg\" \/>\n<meta name=\"author\" content=\"cfeditorfr\" \/>\n<meta name=\"twitter:card\" content=\"summary_large_image\" \/>\n<meta name=\"twitter:label1\" content=\"\u00c9crit par\" \/>\n\t<meta name=\"twitter:data1\" content=\"cfeditorfr\" \/>\n\t<meta name=\"twitter:label2\" content=\"Dur\u00e9e de lecture estim\u00e9e\" \/>\n\t<meta name=\"twitter:data2\" content=\"2 minutes\" \/>\n<script type=\"application\/ld+json\" class=\"yoast-schema-graph\">{\"@context\":\"https:\/\/schema.org\",\"@graph\":[{\"@type\":\"Article\",\"@id\":\"https:\/\/www.africa-press.net\/tchad\/toutes-les-actualites\/tueries-dans-le-logone-oriental-une-vingtaine-de-personnes-deja-aux-arrets#article\",\"isPartOf\":{\"@id\":\"https:\/\/www.africa-press.net\/tchad\/toutes-les-actualites\/tueries-dans-le-logone-oriental-une-vingtaine-de-personnes-deja-aux-arrets\"},\"author\":{\"name\":\"cfeditorfr\",\"@id\":\"https:\/\/www.africa-press.net\/tchad\/#\/schema\/person\/2b1cf3cd81a31e3cd26889ca66d677f1\"},\"headline\":\"tueries dans le Logone oriental, une vingtaine de personnes d\u00e9j\u00e0 aux arr\u00eats\",\"datePublished\":\"2022-08-22T17:54:03+00:00\",\"dateModified\":\"2022-08-22T18:07:57+00:00\",\"mainEntityOfPage\":{\"@id\":\"https:\/\/www.africa-press.net\/tchad\/toutes-les-actualites\/tueries-dans-le-logone-oriental-une-vingtaine-de-personnes-deja-aux-arrets\"},\"wordCount\":242,\"commentCount\":0,\"image\":{\"@id\":\"https:\/\/www.africa-press.net\/tchad\/toutes-les-actualites\/tueries-dans-le-logone-oriental-une-vingtaine-de-personnes-deja-aux-arrets#primaryimage\"},\"thumbnailUrl\":\"https:\/\/static.africa-press.net\/tchad\/sites\/41\/2022\/08\/postQueueImg_12-6303c5eb187fd.jpg\",\"keywords\":[\"Africa Press\",\"Africa Press-Tchad\",\"Tchad\"],\"articleSection\":[\"Communaut\u00e9\",\"homepage-french\",\"Toutes les actualit\u00e9s\"],\"inLanguage\":\"fr-FR\",\"potentialAction\":[{\"@type\":\"CommentAction\",\"name\":\"Comment\",\"target\":[\"https:\/\/www.africa-press.net\/tchad\/toutes-les-actualites\/tueries-dans-le-logone-oriental-une-vingtaine-de-personnes-deja-aux-arrets#respond\"]}]},{\"@type\":\"WebPage\",\"@id\":\"https:\/\/www.africa-press.net\/tchad\/toutes-les-actualites\/tueries-dans-le-logone-oriental-une-vingtaine-de-personnes-deja-aux-arrets\",\"url\":\"https:\/\/www.africa-press.net\/tchad\/toutes-les-actualites\/tueries-dans-le-logone-oriental-une-vingtaine-de-personnes-deja-aux-arrets\",\"name\":\"tueries dans le Logone oriental, une vingtaine de personnes d\u00e9j\u00e0 aux arr\u00eats - tchad\",\"isPartOf\":{\"@id\":\"https:\/\/www.africa-press.net\/tchad\/#website\"},\"primaryImageOfPage\":{\"@id\":\"https:\/\/www.africa-press.net\/tchad\/toutes-les-actualites\/tueries-dans-le-logone-oriental-une-vingtaine-de-personnes-deja-aux-arrets#primaryimage\"},\"image\":{\"@id\":\"https:\/\/www.africa-press.net\/tchad\/toutes-les-actualites\/tueries-dans-le-logone-oriental-une-vingtaine-de-personnes-deja-aux-arrets#primaryimage\"},\"thumbnailUrl\":\"https:\/\/static.africa-press.net\/tchad\/sites\/41\/2022\/08\/postQueueImg_12-6303c5eb187fd.jpg\",\"datePublished\":\"2022-08-22T17:54:03+00:00\",\"dateModified\":\"2022-08-22T18:07:57+00:00\",\"author\":{\"@id\":\"https:\/\/www.africa-press.net\/tchad\/#\/schema\/person\/2b1cf3cd81a31e3cd26889ca66d677f1\"},\"description\":\"Au moins neuf personnes dont une femme et un enfant ont p\u00e9ri dans des tueries le 19 ao\u00fbt 2022. Les faits se d\u00e9roulent \u00e0 ...\",\"breadcrumb\":{\"@id\":\"https:\/\/www.africa-press.net\/tchad\/toutes-les-actualites\/tueries-dans-le-logone-oriental-une-vingtaine-de-personnes-deja-aux-arrets#breadcrumb\"},\"inLanguage\":\"fr-FR\",\"potentialAction\":[{\"@type\":\"ReadAction\",\"target\":[\"https:\/\/www.africa-press.net\/tchad\/toutes-les-actualites\/tueries-dans-le-logone-oriental-une-vingtaine-de-personnes-deja-aux-arrets\"]}]},{\"@type\":\"ImageObject\",\"inLanguage\":\"fr-FR\",\"@id\":\"https:\/\/www.africa-press.net\/tchad\/toutes-les-actualites\/tueries-dans-le-logone-oriental-une-vingtaine-de-personnes-deja-aux-arrets#primaryimage\",\"url\":\"https:\/\/static.africa-press.net\/tchad\/sites\/41\/2022\/08\/postQueueImg_12-6303c5eb187fd.jpg\",\"contentUrl\":\"https:\/\/static.africa-press.net\/tchad\/sites\/41\/2022\/08\/postQueueImg_12-6303c5eb187fd.jpg\",\"width\":780,\"height\":440,\"caption\":\"tueries dans le Logone oriental, une vingtaine de personnes d\u00e9j\u00e0 aux arr\u00eats\"},{\"@type\":\"BreadcrumbList\",\"@id\":\"https:\/\/www.africa-press.net\/tchad\/toutes-les-actualites\/tueries-dans-le-logone-oriental-une-vingtaine-de-personnes-deja-aux-arrets#breadcrumb\",\"itemListElement\":[{\"@type\":\"ListItem\",\"position\":1,\"name\":\"Accueil\",\"item\":\"https:\/\/www.africa-press.net\/tchad\/\"},{\"@type\":\"ListItem\",\"position\":2,\"name\":\"tueries dans le Logone oriental, une vingtaine de personnes d\u00e9j\u00e0 aux arr\u00eats\"}]},{\"@type\":\"WebSite\",\"@id\":\"https:\/\/www.africa-press.net\/tchad\/#website\",\"url\":\"https:\/\/www.africa-press.net\/tchad\/\",\"name\":\"tchad\",\"description\":\"Just another Africa News Agency Sites site\",\"potentialAction\":[{\"@type\":\"SearchAction\",\"target\":{\"@type\":\"EntryPoint\",\"urlTemplate\":\"https:\/\/www.africa-press.net\/tchad\/?s={search_term_string}\"},\"query-input\":{\"@type\":\"PropertyValueSpecification\",\"valueRequired\":true,\"valueName\":\"search_term_string\"}}],\"inLanguage\":\"fr-FR\"},{\"@type\":\"Person\",\"@id\":\"https:\/\/www.africa-press.net\/tchad\/#\/schema\/person\/2b1cf3cd81a31e3cd26889ca66d677f1\",\"name\":\"cfeditorfr\"}]}<\/script>\n<!-- \/ Yoast SEO Premium plugin. -->","yoast_head_json":{"title":"tueries dans le Logone oriental, une vingtaine de personnes d\u00e9j\u00e0 aux arr\u00eats - tchad","description":"Au moins neuf personnes dont une femme et un enfant ont p\u00e9ri dans des tueries le 19 ao\u00fbt 2022. Les faits se d\u00e9roulent \u00e0 ...","robots":{"index":"index","follow":"follow","max-snippet":"max-snippet:-1","max-image-preview":"max-image-preview:large","max-video-preview":"max-video-preview:-1"},"canonical":"https:\/\/www.africa-press.net\/tchad\/toutes-les-actualites\/tueries-dans-le-logone-oriental-une-vingtaine-de-personnes-deja-aux-arrets","og_locale":"fr_FR","og_type":"article","og_title":"tueries dans le Logone oriental, une vingtaine de personnes d\u00e9j\u00e0 aux arr\u00eats","og_description":"Au moins neuf personnes dont une femme et un enfant ont p\u00e9ri dans des tueries le 19 ao\u00fbt 2022. Les faits se d\u00e9roulent \u00e0 ...","og_url":"https:\/\/www.africa-press.net\/tchad\/toutes-les-actualites\/tueries-dans-le-logone-oriental-une-vingtaine-de-personnes-deja-aux-arrets","og_site_name":"tchad","article_published_time":"2022-08-22T17:54:03+00:00","article_modified_time":"2022-08-22T18:07:57+00:00","og_image":[{"width":780,"height":440,"url":"https:\/\/static.africa-press.net\/tchad\/sites\/41\/2022\/08\/postQueueImg_12-6303c5eb187fd.jpg","type":"image\/jpeg"}],"author":"cfeditorfr","twitter_card":"summary_large_image","twitter_misc":{"\u00c9crit par":"cfeditorfr","Dur\u00e9e de lecture estim\u00e9e":"2 minutes"},"schema":{"@context":"https:\/\/schema.org","@graph":[{"@type":"Article","@id":"https:\/\/www.africa-press.net\/tchad\/toutes-les-actualites\/tueries-dans-le-logone-oriental-une-vingtaine-de-personnes-deja-aux-arrets#article","isPartOf":{"@id":"https:\/\/www.africa-press.net\/tchad\/toutes-les-actualites\/tueries-dans-le-logone-oriental-une-vingtaine-de-personnes-deja-aux-arrets"},"author":{"name":"cfeditorfr","@id":"https:\/\/www.africa-press.net\/tchad\/#\/schema\/person\/2b1cf3cd81a31e3cd26889ca66d677f1"},"headline":"tueries dans le Logone oriental, une vingtaine de personnes d\u00e9j\u00e0 aux arr\u00eats","datePublished":"2022-08-22T17:54:03+00:00","dateModified":"2022-08-22T18:07:57+00:00","mainEntityOfPage":{"@id":"https:\/\/www.africa-press.net\/tchad\/toutes-les-actualites\/tueries-dans-le-logone-oriental-une-vingtaine-de-personnes-deja-aux-arrets"},"wordCount":242,"commentCount":0,"image":{"@id":"https:\/\/www.africa-press.net\/tchad\/toutes-les-actualites\/tueries-dans-le-logone-oriental-une-vingtaine-de-personnes-deja-aux-arrets#primaryimage"},"thumbnailUrl":"https:\/\/static.africa-press.net\/tchad\/sites\/41\/2022\/08\/postQueueImg_12-6303c5eb187fd.jpg","keywords":["Africa Press","Africa Press-Tchad","Tchad"],"articleSection":["Communaut\u00e9","homepage-french","Toutes les actualit\u00e9s"],"inLanguage":"fr-FR","potentialAction":[{"@type":"CommentAction","name":"Comment","target":["https:\/\/www.africa-press.net\/tchad\/toutes-les-actualites\/tueries-dans-le-logone-oriental-une-vingtaine-de-personnes-deja-aux-arrets#respond"]}]},{"@type":"WebPage","@id":"https:\/\/www.africa-press.net\/tchad\/toutes-les-actualites\/tueries-dans-le-logone-oriental-une-vingtaine-de-personnes-deja-aux-arrets","url":"https:\/\/www.africa-press.net\/tchad\/toutes-les-actualites\/tueries-dans-le-logone-oriental-une-vingtaine-de-personnes-deja-aux-arrets","name":"tueries dans le Logone oriental, une vingtaine de personnes d\u00e9j\u00e0 aux arr\u00eats - tchad","isPartOf":{"@id":"https:\/\/www.africa-press.net\/tchad\/#website"},"primaryImageOfPage":{"@id":"https:\/\/www.africa-press.net\/tchad\/toutes-les-actualites\/tueries-dans-le-logone-oriental-une-vingtaine-de-personnes-deja-aux-arrets#primaryimage"},"image":{"@id":"https:\/\/www.africa-press.net\/tchad\/toutes-les-actualites\/tueries-dans-le-logone-oriental-une-vingtaine-de-personnes-deja-aux-arrets#primaryimage"},"thumbnailUrl":"https:\/\/static.africa-press.net\/tchad\/sites\/41\/2022\/08\/postQueueImg_12-6303c5eb187fd.jpg","datePublished":"2022-08-22T17:54:03+00:00","dateModified":"2022-08-22T18:07:57+00:00","author":{"@id":"https:\/\/www.africa-press.net\/tchad\/#\/schema\/person\/2b1cf3cd81a31e3cd26889ca66d677f1"},"description":"Au moins neuf personnes dont une femme et un enfant ont p\u00e9ri dans des tueries le 19 ao\u00fbt 2022. Les faits se d\u00e9roulent \u00e0 ...","breadcrumb":{"@id":"https:\/\/www.africa-press.net\/tchad\/toutes-les-actualites\/tueries-dans-le-logone-oriental-une-vingtaine-de-personnes-deja-aux-arrets#breadcrumb"},"inLanguage":"fr-FR","potentialAction":[{"@type":"ReadAction","target":["https:\/\/www.africa-press.net\/tchad\/toutes-les-actualites\/tueries-dans-le-logone-oriental-une-vingtaine-de-personnes-deja-aux-arrets"]}]},{"@type":"ImageObject","inLanguage":"fr-FR","@id":"https:\/\/www.africa-press.net\/tchad\/toutes-les-actualites\/tueries-dans-le-logone-oriental-une-vingtaine-de-personnes-deja-aux-arrets#primaryimage","url":"https:\/\/static.africa-press.net\/tchad\/sites\/41\/2022\/08\/postQueueImg_12-6303c5eb187fd.jpg","contentUrl":"https:\/\/static.africa-press.net\/tchad\/sites\/41\/2022\/08\/postQueueImg_12-6303c5eb187fd.jpg","width":780,"height":440,"caption":"tueries dans le Logone oriental, une vingtaine de personnes d\u00e9j\u00e0 aux arr\u00eats"},{"@type":"BreadcrumbList","@id":"https:\/\/www.africa-press.net\/tchad\/toutes-les-actualites\/tueries-dans-le-logone-oriental-une-vingtaine-de-personnes-deja-aux-arrets#breadcrumb","itemListElement":[{"@type":"ListItem","position":1,"name":"Accueil","item":"https:\/\/www.africa-press.net\/tchad\/"},{"@type":"ListItem","position":2,"name":"tueries dans le Logone oriental, une vingtaine de personnes d\u00e9j\u00e0 aux arr\u00eats"}]},{"@type":"WebSite","@id":"https:\/\/www.africa-press.net\/tchad\/#website","url":"https:\/\/www.africa-press.net\/tchad\/","name":"tchad","description":"Just another Africa News Agency Sites site","potentialAction":[{"@type":"SearchAction","target":{"@type":"EntryPoint","urlTemplate":"https:\/\/www.africa-press.net\/tchad\/?s={search_term_string}"},"query-input":{"@type":"PropertyValueSpecification","valueRequired":true,"valueName":"search_term_string"}}],"inLanguage":"fr-FR"},{"@type":"Person","@id":"https:\/\/www.africa-press.net\/tchad\/#\/schema\/person\/2b1cf3cd81a31e3cd26889ca66d677f1","name":"cfeditorfr"}]}},"_links":{"self":[{"href":"https:\/\/www.africa-press.net\/tchad\/wp-json\/wp\/v2\/posts\/31081","targetHints":{"allow":["GET"]}}],"collection":[{"href":"https:\/\/www.africa-press.net\/tchad\/wp-json\/wp\/v2\/posts"}],"about":[{"href":"https:\/\/www.africa-press.net\/tchad\/wp-json\/wp\/v2\/types\/post"}],"author":[{"embeddable":true,"href":"https:\/\/www.africa-press.net\/tchad\/wp-json\/wp\/v2\/users\/82"}],"replies":[{"embeddable":true,"href":"https:\/\/www.africa-press.net\/tchad\/wp-json\/wp\/v2\/comments?post=31081"}],"version-history":[{"count":0,"href":"https:\/\/www.africa-press.net\/tchad\/wp-json\/wp\/v2\/posts\/31081\/revisions"}],"wp:featuredmedia":[{"embeddable":true,"href":"https:\/\/www.africa-press.net\/tchad\/wp-json\/wp\/v2\/media\/31080"}],"wp:attachment":[{"href":"https:\/\/www.africa-press.net\/tchad\/wp-json\/wp\/v2\/media?parent=31081"}],"wp:term":[{"taxonomy":"category","embeddable":true,"href":"https:\/\/www.africa-press.net\/tchad\/wp-json\/wp\/v2\/categories?post=31081"},{"taxonomy":"post_tag","embeddable":true,"href":"https:\/\/www.africa-press.net\/tchad\/wp-json\/wp\/v2\/tags?post=31081"}],"curies":[{"name":"wp","href":"https:\/\/api.w.org\/{rel}","templated":true}]}}