{"id":31087,"date":"2022-08-22T17:56:57","date_gmt":"2022-08-22T17:56:57","guid":{"rendered":"https:\/\/www.africa-press.net\/tchad\/politique\/le-leader-du-parti-reformiste-se-dit-rassure-apres-sa-rencontre-avec-le-pcmt"},"modified":"2022-08-22T18:08:52","modified_gmt":"2022-08-22T18:08:52","slug":"le-leader-du-parti-reformiste-se-dit-rassure-apres-sa-rencontre-avec-le-pcmt","status":"publish","type":"post","link":"https:\/\/www.africa-press.net\/tchad\/parties\/le-leader-du-parti-reformiste-se-dit-rassure-apres-sa-rencontre-avec-le-pcmt","title":{"rendered":"le leader du Parti R\u00e9formiste se dit \u00ab\u00a0rassur\u00e9\u00a0\u00bb apr\u00e8s sa rencontre avec le PCMT"},"content":{"rendered":"<p><span style=\"color: #ff6600\"><strong>Africa-Press &#8211; Tchad. <\/strong><\/span><b>\u00ab\u00a0Les \u00e9changes avec le chef de l\u2019\u00c9tat ont port\u00e9 sur leur participation au dialogue national inclusif et souverain\u00a0\u00bb<\/b>, indique la Pr\u00e9sidence de la R\u00e9publique.<\/p>\n<p>\u00ab\u00a0Nous sommes maintenant rassur\u00e9s\u00a0\u00bb, affirme Yacine Abdramane Sakine \u00e0 sa sortie d&rsquo;audience.<\/p>\n<p><b>\u00ab\u00a0Pourquoi le PR participe au dialogue ? Le PR n&rsquo;a pas particip\u00e9 au premier forum ni au deuxi\u00e8me forum. En tant que formation politique, nous avons tenu une assembl\u00e9e g\u00e9n\u00e9rale tr\u00e8s importante et nous avons jug\u00e9 n\u00e9cessaire de participer et de voir ce qui se passe \u00e0 l&rsquo;int\u00e9rieur. \u00c7a veut dire donner notre point de vue sur toutes les questions qui concernent l&rsquo;avenir de notre pays\u00a0\u00bb<\/b>, d\u00e9taille-t-il.<\/p>\n<p>Quelques heures avant le lancement des assises, le parti a annonc\u00e9 sa participation \u00e0 travers un communiqu\u00e9. Le 17 ao\u00fbt, le Parti R\u00e9formiste a annonc\u00e9 sa non participation au dialogue national inclusif car il n\u2019est \u201cni sinc\u00e8re ni inclusif\u201d.<\/p>\n<p>Le parti a \u00e9voqu\u00e9 l\u2019\u00e9chec des pourparlers de Doha, la cooptation des partis et le manque de cr\u00e9dibilit\u00e9. Il a appel\u00e9 ses militants \u00e0 \u201crester mobilis\u00e9s pour barrer la route au Conseil militaire de transition\u201d.<\/p>\n<p><strong>Pour plus d&rsquo;informations et d&rsquo;analyses sur la <a href=\"https:\/\/www.africa-press.net\/tchad\">Tchad<\/a>, suivez <a href=\"https:\/\/www.africa-press.net\/\">Africa-Press<\/a><\/strong><\/p>\n","protected":false},"excerpt":{"rendered":"<p>Africa-Press &#8211; Tchad. \u00ab\u00a0Les \u00e9changes avec le chef de l\u2019\u00c9tat ont port\u00e9 sur leur participation au dialogue national inclusif et souverain\u00a0\u00bb, indique la Pr\u00e9sidence de la R\u00e9publique. \u00ab\u00a0Nous sommes maintenant rassur\u00e9s\u00a0\u00bb, affirme Yacine Abdramane Sakine \u00e0 sa sortie d&rsquo;audience. \u00ab\u00a0Pourquoi le PR participe au dialogue ? Le PR n&rsquo;a pas particip\u00e9 au premier forum ni [&hellip;]<\/p>\n","protected":false},"author":82,"featured_media":31086,"comment_status":"open","ping_status":"closed","sticky":false,"template":"","format":"standard","meta":{"footnotes":""},"categories":[11,4,10],"tags":[37,292,29],"class_list":["post-31087","post","type-post","status-publish","format-standard","has-post-thumbnail","hentry","category-homepage-french","category-parties","category-toutes-les-actualites","tag-africa-press","tag-africa-press-tchad","tag-tchad"],"yoast_head":"<!-- This site is optimized with the Yoast SEO Premium plugin v26.1 (Yoast SEO v27.0) - https:\/\/yoast.com\/product\/yoast-seo-premium-wordpress\/ -->\n<title>le leader du Parti R\u00e9formiste se dit &quot;rassur\u00e9&quot; apr\u00e8s sa rencontre avec le PCMT - tchad<\/title>\n<meta name=\"description\" content=\"&quot;Les \u00e9changes avec le chef de l\u2019\u00c9tat ont port\u00e9 sur leur participation au dialogue national inclusif et souverain&quot; ...\" \/>\n<meta name=\"robots\" content=\"index, follow, max-snippet:-1, max-image-preview:large, max-video-preview:-1\" \/>\n<link rel=\"canonical\" href=\"https:\/\/www.africa-press.net\/tchad\/parties\/le-leader-du-parti-reformiste-se-dit-rassure-apres-sa-rencontre-avec-le-pcmt\" \/>\n<meta property=\"og:locale\" content=\"fr_FR\" \/>\n<meta property=\"og:type\" content=\"article\" \/>\n<meta property=\"og:title\" content=\"le leader du Parti R\u00e9formiste se dit &quot;rassur\u00e9&quot; apr\u00e8s sa rencontre avec le PCMT\" \/>\n<meta property=\"og:description\" content=\"&quot;Les \u00e9changes avec le chef de l\u2019\u00c9tat ont port\u00e9 sur leur participation au dialogue national inclusif et souverain&quot; ...\" \/>\n<meta property=\"og:url\" content=\"https:\/\/www.africa-press.net\/tchad\/parties\/le-leader-du-parti-reformiste-se-dit-rassure-apres-sa-rencontre-avec-le-pcmt\" \/>\n<meta property=\"og:site_name\" content=\"tchad\" \/>\n<meta property=\"article:published_time\" content=\"2022-08-22T17:56:57+00:00\" \/>\n<meta property=\"article:modified_time\" content=\"2022-08-22T18:08:52+00:00\" \/>\n<meta property=\"og:image\" content=\"https:\/\/static.africa-press.net\/tchad\/sites\/41\/2022\/08\/postQueueImg_14-6303c61e1ebb8.jpg\" \/>\n\t<meta property=\"og:image:width\" content=\"720\" \/>\n\t<meta property=\"og:image:height\" content=\"598\" \/>\n\t<meta property=\"og:image:type\" content=\"image\/jpeg\" \/>\n<meta name=\"author\" content=\"cfeditorfr\" \/>\n<meta name=\"twitter:card\" content=\"summary_large_image\" \/>\n<meta name=\"twitter:label1\" content=\"\u00c9crit par\" \/>\n\t<meta name=\"twitter:data1\" content=\"cfeditorfr\" \/>\n\t<meta name=\"twitter:label2\" content=\"Dur\u00e9e de lecture estim\u00e9e\" \/>\n\t<meta name=\"twitter:data2\" content=\"1 minute\" \/>\n<script type=\"application\/ld+json\" class=\"yoast-schema-graph\">{\"@context\":\"https:\/\/schema.org\",\"@graph\":[{\"@type\":\"Article\",\"@id\":\"https:\/\/www.africa-press.net\/tchad\/parties\/le-leader-du-parti-reformiste-se-dit-rassure-apres-sa-rencontre-avec-le-pcmt#article\",\"isPartOf\":{\"@id\":\"https:\/\/www.africa-press.net\/tchad\/parties\/le-leader-du-parti-reformiste-se-dit-rassure-apres-sa-rencontre-avec-le-pcmt\"},\"author\":{\"name\":\"cfeditorfr\",\"@id\":\"https:\/\/www.africa-press.net\/tchad\/#\/schema\/person\/2b1cf3cd81a31e3cd26889ca66d677f1\"},\"headline\":\"le leader du Parti R\u00e9formiste se dit \u00ab\u00a0rassur\u00e9\u00a0\u00bb apr\u00e8s sa rencontre avec le PCMT\",\"datePublished\":\"2022-08-22T17:56:57+00:00\",\"dateModified\":\"2022-08-22T18:08:52+00:00\",\"mainEntityOfPage\":{\"@id\":\"https:\/\/www.africa-press.net\/tchad\/parties\/le-leader-du-parti-reformiste-se-dit-rassure-apres-sa-rencontre-avec-le-pcmt\"},\"wordCount\":225,\"commentCount\":0,\"image\":{\"@id\":\"https:\/\/www.africa-press.net\/tchad\/parties\/le-leader-du-parti-reformiste-se-dit-rassure-apres-sa-rencontre-avec-le-pcmt#primaryimage\"},\"thumbnailUrl\":\"https:\/\/static.africa-press.net\/tchad\/sites\/41\/2022\/08\/postQueueImg_14-6303c61e1ebb8.jpg\",\"keywords\":[\"Africa Press\",\"Africa Press-Tchad\",\"Tchad\"],\"articleSection\":[\"homepage-french\",\"Parties\",\"Toutes les actualit\u00e9s\"],\"inLanguage\":\"fr-FR\",\"potentialAction\":[{\"@type\":\"CommentAction\",\"name\":\"Comment\",\"target\":[\"https:\/\/www.africa-press.net\/tchad\/parties\/le-leader-du-parti-reformiste-se-dit-rassure-apres-sa-rencontre-avec-le-pcmt#respond\"]}]},{\"@type\":\"WebPage\",\"@id\":\"https:\/\/www.africa-press.net\/tchad\/parties\/le-leader-du-parti-reformiste-se-dit-rassure-apres-sa-rencontre-avec-le-pcmt\",\"url\":\"https:\/\/www.africa-press.net\/tchad\/parties\/le-leader-du-parti-reformiste-se-dit-rassure-apres-sa-rencontre-avec-le-pcmt\",\"name\":\"le leader du Parti R\u00e9formiste se dit \\\"rassur\u00e9\\\" apr\u00e8s sa rencontre avec le PCMT - tchad\",\"isPartOf\":{\"@id\":\"https:\/\/www.africa-press.net\/tchad\/#website\"},\"primaryImageOfPage\":{\"@id\":\"https:\/\/www.africa-press.net\/tchad\/parties\/le-leader-du-parti-reformiste-se-dit-rassure-apres-sa-rencontre-avec-le-pcmt#primaryimage\"},\"image\":{\"@id\":\"https:\/\/www.africa-press.net\/tchad\/parties\/le-leader-du-parti-reformiste-se-dit-rassure-apres-sa-rencontre-avec-le-pcmt#primaryimage\"},\"thumbnailUrl\":\"https:\/\/static.africa-press.net\/tchad\/sites\/41\/2022\/08\/postQueueImg_14-6303c61e1ebb8.jpg\",\"datePublished\":\"2022-08-22T17:56:57+00:00\",\"dateModified\":\"2022-08-22T18:08:52+00:00\",\"author\":{\"@id\":\"https:\/\/www.africa-press.net\/tchad\/#\/schema\/person\/2b1cf3cd81a31e3cd26889ca66d677f1\"},\"description\":\"\\\"Les \u00e9changes avec le chef de l\u2019\u00c9tat ont port\u00e9 sur leur participation au dialogue national inclusif et souverain\\\" ...\",\"breadcrumb\":{\"@id\":\"https:\/\/www.africa-press.net\/tchad\/parties\/le-leader-du-parti-reformiste-se-dit-rassure-apres-sa-rencontre-avec-le-pcmt#breadcrumb\"},\"inLanguage\":\"fr-FR\",\"potentialAction\":[{\"@type\":\"ReadAction\",\"target\":[\"https:\/\/www.africa-press.net\/tchad\/parties\/le-leader-du-parti-reformiste-se-dit-rassure-apres-sa-rencontre-avec-le-pcmt\"]}]},{\"@type\":\"ImageObject\",\"inLanguage\":\"fr-FR\",\"@id\":\"https:\/\/www.africa-press.net\/tchad\/parties\/le-leader-du-parti-reformiste-se-dit-rassure-apres-sa-rencontre-avec-le-pcmt#primaryimage\",\"url\":\"https:\/\/static.africa-press.net\/tchad\/sites\/41\/2022\/08\/postQueueImg_14-6303c61e1ebb8.jpg\",\"contentUrl\":\"https:\/\/static.africa-press.net\/tchad\/sites\/41\/2022\/08\/postQueueImg_14-6303c61e1ebb8.jpg\",\"width\":720,\"height\":598,\"caption\":\"le leader du Parti R\u00e9formiste se dit \\\"rassur\u00e9\\\" apr\u00e8s sa rencontre avec le PCMT\"},{\"@type\":\"BreadcrumbList\",\"@id\":\"https:\/\/www.africa-press.net\/tchad\/parties\/le-leader-du-parti-reformiste-se-dit-rassure-apres-sa-rencontre-avec-le-pcmt#breadcrumb\",\"itemListElement\":[{\"@type\":\"ListItem\",\"position\":1,\"name\":\"Accueil\",\"item\":\"https:\/\/www.africa-press.net\/tchad\/\"},{\"@type\":\"ListItem\",\"position\":2,\"name\":\"le leader du Parti R\u00e9formiste se dit &#8220;rassur\u00e9&#8221; apr\u00e8s sa rencontre avec le PCMT\"}]},{\"@type\":\"WebSite\",\"@id\":\"https:\/\/www.africa-press.net\/tchad\/#website\",\"url\":\"https:\/\/www.africa-press.net\/tchad\/\",\"name\":\"tchad\",\"description\":\"Just another Africa News Agency Sites site\",\"potentialAction\":[{\"@type\":\"SearchAction\",\"target\":{\"@type\":\"EntryPoint\",\"urlTemplate\":\"https:\/\/www.africa-press.net\/tchad\/?s={search_term_string}\"},\"query-input\":{\"@type\":\"PropertyValueSpecification\",\"valueRequired\":true,\"valueName\":\"search_term_string\"}}],\"inLanguage\":\"fr-FR\"},{\"@type\":\"Person\",\"@id\":\"https:\/\/www.africa-press.net\/tchad\/#\/schema\/person\/2b1cf3cd81a31e3cd26889ca66d677f1\",\"name\":\"cfeditorfr\"}]}<\/script>\n<!-- \/ Yoast SEO Premium plugin. -->","yoast_head_json":{"title":"le leader du Parti R\u00e9formiste se dit \"rassur\u00e9\" apr\u00e8s sa rencontre avec le PCMT - tchad","description":"\"Les \u00e9changes avec le chef de l\u2019\u00c9tat ont port\u00e9 sur leur participation au dialogue national inclusif et souverain\" ...","robots":{"index":"index","follow":"follow","max-snippet":"max-snippet:-1","max-image-preview":"max-image-preview:large","max-video-preview":"max-video-preview:-1"},"canonical":"https:\/\/www.africa-press.net\/tchad\/parties\/le-leader-du-parti-reformiste-se-dit-rassure-apres-sa-rencontre-avec-le-pcmt","og_locale":"fr_FR","og_type":"article","og_title":"le leader du Parti R\u00e9formiste se dit \"rassur\u00e9\" apr\u00e8s sa rencontre avec le PCMT","og_description":"\"Les \u00e9changes avec le chef de l\u2019\u00c9tat ont port\u00e9 sur leur participation au dialogue national inclusif et souverain\" ...","og_url":"https:\/\/www.africa-press.net\/tchad\/parties\/le-leader-du-parti-reformiste-se-dit-rassure-apres-sa-rencontre-avec-le-pcmt","og_site_name":"tchad","article_published_time":"2022-08-22T17:56:57+00:00","article_modified_time":"2022-08-22T18:08:52+00:00","og_image":[{"width":720,"height":598,"url":"https:\/\/static.africa-press.net\/tchad\/sites\/41\/2022\/08\/postQueueImg_14-6303c61e1ebb8.jpg","type":"image\/jpeg"}],"author":"cfeditorfr","twitter_card":"summary_large_image","twitter_misc":{"\u00c9crit par":"cfeditorfr","Dur\u00e9e de lecture estim\u00e9e":"1 minute"},"schema":{"@context":"https:\/\/schema.org","@graph":[{"@type":"Article","@id":"https:\/\/www.africa-press.net\/tchad\/parties\/le-leader-du-parti-reformiste-se-dit-rassure-apres-sa-rencontre-avec-le-pcmt#article","isPartOf":{"@id":"https:\/\/www.africa-press.net\/tchad\/parties\/le-leader-du-parti-reformiste-se-dit-rassure-apres-sa-rencontre-avec-le-pcmt"},"author":{"name":"cfeditorfr","@id":"https:\/\/www.africa-press.net\/tchad\/#\/schema\/person\/2b1cf3cd81a31e3cd26889ca66d677f1"},"headline":"le leader du Parti R\u00e9formiste se dit \u00ab\u00a0rassur\u00e9\u00a0\u00bb apr\u00e8s sa rencontre avec le PCMT","datePublished":"2022-08-22T17:56:57+00:00","dateModified":"2022-08-22T18:08:52+00:00","mainEntityOfPage":{"@id":"https:\/\/www.africa-press.net\/tchad\/parties\/le-leader-du-parti-reformiste-se-dit-rassure-apres-sa-rencontre-avec-le-pcmt"},"wordCount":225,"commentCount":0,"image":{"@id":"https:\/\/www.africa-press.net\/tchad\/parties\/le-leader-du-parti-reformiste-se-dit-rassure-apres-sa-rencontre-avec-le-pcmt#primaryimage"},"thumbnailUrl":"https:\/\/static.africa-press.net\/tchad\/sites\/41\/2022\/08\/postQueueImg_14-6303c61e1ebb8.jpg","keywords":["Africa Press","Africa Press-Tchad","Tchad"],"articleSection":["homepage-french","Parties","Toutes les actualit\u00e9s"],"inLanguage":"fr-FR","potentialAction":[{"@type":"CommentAction","name":"Comment","target":["https:\/\/www.africa-press.net\/tchad\/parties\/le-leader-du-parti-reformiste-se-dit-rassure-apres-sa-rencontre-avec-le-pcmt#respond"]}]},{"@type":"WebPage","@id":"https:\/\/www.africa-press.net\/tchad\/parties\/le-leader-du-parti-reformiste-se-dit-rassure-apres-sa-rencontre-avec-le-pcmt","url":"https:\/\/www.africa-press.net\/tchad\/parties\/le-leader-du-parti-reformiste-se-dit-rassure-apres-sa-rencontre-avec-le-pcmt","name":"le leader du Parti R\u00e9formiste se dit \"rassur\u00e9\" apr\u00e8s sa rencontre avec le PCMT - tchad","isPartOf":{"@id":"https:\/\/www.africa-press.net\/tchad\/#website"},"primaryImageOfPage":{"@id":"https:\/\/www.africa-press.net\/tchad\/parties\/le-leader-du-parti-reformiste-se-dit-rassure-apres-sa-rencontre-avec-le-pcmt#primaryimage"},"image":{"@id":"https:\/\/www.africa-press.net\/tchad\/parties\/le-leader-du-parti-reformiste-se-dit-rassure-apres-sa-rencontre-avec-le-pcmt#primaryimage"},"thumbnailUrl":"https:\/\/static.africa-press.net\/tchad\/sites\/41\/2022\/08\/postQueueImg_14-6303c61e1ebb8.jpg","datePublished":"2022-08-22T17:56:57+00:00","dateModified":"2022-08-22T18:08:52+00:00","author":{"@id":"https:\/\/www.africa-press.net\/tchad\/#\/schema\/person\/2b1cf3cd81a31e3cd26889ca66d677f1"},"description":"\"Les \u00e9changes avec le chef de l\u2019\u00c9tat ont port\u00e9 sur leur participation au dialogue national inclusif et souverain\" ...","breadcrumb":{"@id":"https:\/\/www.africa-press.net\/tchad\/parties\/le-leader-du-parti-reformiste-se-dit-rassure-apres-sa-rencontre-avec-le-pcmt#breadcrumb"},"inLanguage":"fr-FR","potentialAction":[{"@type":"ReadAction","target":["https:\/\/www.africa-press.net\/tchad\/parties\/le-leader-du-parti-reformiste-se-dit-rassure-apres-sa-rencontre-avec-le-pcmt"]}]},{"@type":"ImageObject","inLanguage":"fr-FR","@id":"https:\/\/www.africa-press.net\/tchad\/parties\/le-leader-du-parti-reformiste-se-dit-rassure-apres-sa-rencontre-avec-le-pcmt#primaryimage","url":"https:\/\/static.africa-press.net\/tchad\/sites\/41\/2022\/08\/postQueueImg_14-6303c61e1ebb8.jpg","contentUrl":"https:\/\/static.africa-press.net\/tchad\/sites\/41\/2022\/08\/postQueueImg_14-6303c61e1ebb8.jpg","width":720,"height":598,"caption":"le leader du Parti R\u00e9formiste se dit \"rassur\u00e9\" apr\u00e8s sa rencontre avec le PCMT"},{"@type":"BreadcrumbList","@id":"https:\/\/www.africa-press.net\/tchad\/parties\/le-leader-du-parti-reformiste-se-dit-rassure-apres-sa-rencontre-avec-le-pcmt#breadcrumb","itemListElement":[{"@type":"ListItem","position":1,"name":"Accueil","item":"https:\/\/www.africa-press.net\/tchad\/"},{"@type":"ListItem","position":2,"name":"le leader du Parti R\u00e9formiste se dit &#8220;rassur\u00e9&#8221; apr\u00e8s sa rencontre avec le PCMT"}]},{"@type":"WebSite","@id":"https:\/\/www.africa-press.net\/tchad\/#website","url":"https:\/\/www.africa-press.net\/tchad\/","name":"tchad","description":"Just another Africa News Agency Sites site","potentialAction":[{"@type":"SearchAction","target":{"@type":"EntryPoint","urlTemplate":"https:\/\/www.africa-press.net\/tchad\/?s={search_term_string}"},"query-input":{"@type":"PropertyValueSpecification","valueRequired":true,"valueName":"search_term_string"}}],"inLanguage":"fr-FR"},{"@type":"Person","@id":"https:\/\/www.africa-press.net\/tchad\/#\/schema\/person\/2b1cf3cd81a31e3cd26889ca66d677f1","name":"cfeditorfr"}]}},"_links":{"self":[{"href":"https:\/\/www.africa-press.net\/tchad\/wp-json\/wp\/v2\/posts\/31087","targetHints":{"allow":["GET"]}}],"collection":[{"href":"https:\/\/www.africa-press.net\/tchad\/wp-json\/wp\/v2\/posts"}],"about":[{"href":"https:\/\/www.africa-press.net\/tchad\/wp-json\/wp\/v2\/types\/post"}],"author":[{"embeddable":true,"href":"https:\/\/www.africa-press.net\/tchad\/wp-json\/wp\/v2\/users\/82"}],"replies":[{"embeddable":true,"href":"https:\/\/www.africa-press.net\/tchad\/wp-json\/wp\/v2\/comments?post=31087"}],"version-history":[{"count":0,"href":"https:\/\/www.africa-press.net\/tchad\/wp-json\/wp\/v2\/posts\/31087\/revisions"}],"wp:featuredmedia":[{"embeddable":true,"href":"https:\/\/www.africa-press.net\/tchad\/wp-json\/wp\/v2\/media\/31086"}],"wp:attachment":[{"href":"https:\/\/www.africa-press.net\/tchad\/wp-json\/wp\/v2\/media?parent=31087"}],"wp:term":[{"taxonomy":"category","embeddable":true,"href":"https:\/\/www.africa-press.net\/tchad\/wp-json\/wp\/v2\/categories?post=31087"},{"taxonomy":"post_tag","embeddable":true,"href":"https:\/\/www.africa-press.net\/tchad\/wp-json\/wp\/v2\/tags?post=31087"}],"curies":[{"name":"wp","href":"https:\/\/api.w.org\/{rel}","templated":true}]}}