{"id":31090,"date":"2022-08-22T17:57:21","date_gmt":"2022-08-22T17:57:21","guid":{"rendered":"https:\/\/www.africa-press.net\/tchad\/politique\/la-reprise-des-assises-du-dialogue-reportee-a-mercredi"},"modified":"2022-08-22T18:09:17","modified_gmt":"2022-08-22T18:09:17","slug":"la-reprise-des-assises-du-dialogue-reportee-a-mercredi","status":"publish","type":"post","link":"https:\/\/www.africa-press.net\/tchad\/politique\/la-reprise-des-assises-du-dialogue-reportee-a-mercredi","title":{"rendered":"la reprise des assises du dialogue report\u00e9e \u00e0 mercredi"},"content":{"rendered":"<p><span style=\"color: #ff6600\"><strong>Africa-Press &#8211; Tchad. <\/strong><\/span>Ce laps de temps permettra de poursuivre l&rsquo;enregistrement des participants, la remise des kits et le parach\u00e8vement de la mise en place du dispositif sp\u00e9cial de s\u00e9curit\u00e9 pour les politico-militaires.<\/p>\n<p>De son c\u00f4t\u00e9, le chef de la transition Mahamat Idriss Deby a affirm\u00e9 ce 22 ao\u00fbt au leader du Parti R\u00e9formiste qu&rsquo;il \u00ab\u00a0travaille dur\u00a0\u00bb pour inciter toutes les personnes en marge des assises \u00e0 y participer.<\/p>\n<p>Du c\u00f4t\u00e9 de la jeunesse, 10 repr\u00e9sentants seront tir\u00e9s au sort ce lundi. Ils viendront compl\u00e9ter la liste des 60 jeunes d\u00e9sign\u00e9s pour participer au dialogue national.<\/p>\n<p><strong>Pour plus d&rsquo;informations et d&rsquo;analyses sur la <a href=\"https:\/\/www.africa-press.net\/tchad\">Tchad<\/a>, suivez <a href=\"https:\/\/www.africa-press.net\/\">Africa-Press<\/a><\/strong><\/p>\n","protected":false},"excerpt":{"rendered":"<p>Africa-Press &#8211; Tchad. Ce laps de temps permettra de poursuivre l&rsquo;enregistrement des participants, la remise des kits et le parach\u00e8vement de la mise en place du dispositif sp\u00e9cial de s\u00e9curit\u00e9 pour les politico-militaires. De son c\u00f4t\u00e9, le chef de la transition Mahamat Idriss Deby a affirm\u00e9 ce 22 ao\u00fbt au leader du Parti R\u00e9formiste qu&rsquo;il [&hellip;]<\/p>\n","protected":false},"author":82,"featured_media":31089,"comment_status":"open","ping_status":"closed","sticky":false,"template":"","format":"standard","meta":{"footnotes":""},"categories":[11,2,10],"tags":[37,292,29],"class_list":["post-31090","post","type-post","status-publish","format-standard","has-post-thumbnail","hentry","category-homepage-french","category-politique","category-toutes-les-actualites","tag-africa-press","tag-africa-press-tchad","tag-tchad"],"yoast_head":"<!-- This site is optimized with the Yoast SEO Premium plugin v26.1 (Yoast SEO v27.0) - https:\/\/yoast.com\/product\/yoast-seo-premium-wordpress\/ -->\n<title>la reprise des assises du dialogue report\u00e9e \u00e0 mercredi - tchad<\/title>\n<meta name=\"description\" content=\"Ce laps de temps permettra de poursuivre l&#039;enregistrement des participants, la remise des kits et le parach\u00e8vement de la ...\" \/>\n<meta name=\"robots\" content=\"index, follow, max-snippet:-1, max-image-preview:large, max-video-preview:-1\" \/>\n<link rel=\"canonical\" href=\"https:\/\/www.africa-press.net\/tchad\/politique\/la-reprise-des-assises-du-dialogue-reportee-a-mercredi\" \/>\n<meta property=\"og:locale\" content=\"fr_FR\" \/>\n<meta property=\"og:type\" content=\"article\" \/>\n<meta property=\"og:title\" content=\"la reprise des assises du dialogue report\u00e9e \u00e0 mercredi\" \/>\n<meta property=\"og:description\" content=\"Ce laps de temps permettra de poursuivre l&#039;enregistrement des participants, la remise des kits et le parach\u00e8vement de la ...\" \/>\n<meta property=\"og:url\" content=\"https:\/\/www.africa-press.net\/tchad\/politique\/la-reprise-des-assises-du-dialogue-reportee-a-mercredi\" \/>\n<meta property=\"og:site_name\" content=\"tchad\" \/>\n<meta property=\"article:published_time\" content=\"2022-08-22T17:57:21+00:00\" \/>\n<meta property=\"article:modified_time\" content=\"2022-08-22T18:09:17+00:00\" \/>\n<meta property=\"og:image\" content=\"https:\/\/static.africa-press.net\/tchad\/sites\/41\/2022\/08\/postQueueImg_15-6303c638961af.jpg\" \/>\n\t<meta property=\"og:image:width\" content=\"960\" \/>\n\t<meta property=\"og:image:height\" content=\"540\" \/>\n\t<meta property=\"og:image:type\" content=\"image\/jpeg\" \/>\n<meta name=\"author\" content=\"cfeditorfr\" \/>\n<meta name=\"twitter:card\" content=\"summary_large_image\" \/>\n<meta name=\"twitter:label1\" content=\"\u00c9crit par\" \/>\n\t<meta name=\"twitter:data1\" content=\"cfeditorfr\" \/>\n\t<meta name=\"twitter:label2\" content=\"Dur\u00e9e de lecture estim\u00e9e\" \/>\n\t<meta name=\"twitter:data2\" content=\"1 minute\" \/>\n<script type=\"application\/ld+json\" class=\"yoast-schema-graph\">{\"@context\":\"https:\/\/schema.org\",\"@graph\":[{\"@type\":\"Article\",\"@id\":\"https:\/\/www.africa-press.net\/tchad\/politique\/la-reprise-des-assises-du-dialogue-reportee-a-mercredi#article\",\"isPartOf\":{\"@id\":\"https:\/\/www.africa-press.net\/tchad\/politique\/la-reprise-des-assises-du-dialogue-reportee-a-mercredi\"},\"author\":{\"name\":\"cfeditorfr\",\"@id\":\"https:\/\/www.africa-press.net\/tchad\/#\/schema\/person\/2b1cf3cd81a31e3cd26889ca66d677f1\"},\"headline\":\"la reprise des assises du dialogue report\u00e9e \u00e0 mercredi\",\"datePublished\":\"2022-08-22T17:57:21+00:00\",\"dateModified\":\"2022-08-22T18:09:17+00:00\",\"mainEntityOfPage\":{\"@id\":\"https:\/\/www.africa-press.net\/tchad\/politique\/la-reprise-des-assises-du-dialogue-reportee-a-mercredi\"},\"wordCount\":127,\"commentCount\":0,\"image\":{\"@id\":\"https:\/\/www.africa-press.net\/tchad\/politique\/la-reprise-des-assises-du-dialogue-reportee-a-mercredi#primaryimage\"},\"thumbnailUrl\":\"https:\/\/static.africa-press.net\/tchad\/sites\/41\/2022\/08\/postQueueImg_15-6303c638961af.jpg\",\"keywords\":[\"Africa Press\",\"Africa Press-Tchad\",\"Tchad\"],\"articleSection\":[\"homepage-french\",\"Politique\",\"Toutes les actualit\u00e9s\"],\"inLanguage\":\"fr-FR\",\"potentialAction\":[{\"@type\":\"CommentAction\",\"name\":\"Comment\",\"target\":[\"https:\/\/www.africa-press.net\/tchad\/politique\/la-reprise-des-assises-du-dialogue-reportee-a-mercredi#respond\"]}]},{\"@type\":\"WebPage\",\"@id\":\"https:\/\/www.africa-press.net\/tchad\/politique\/la-reprise-des-assises-du-dialogue-reportee-a-mercredi\",\"url\":\"https:\/\/www.africa-press.net\/tchad\/politique\/la-reprise-des-assises-du-dialogue-reportee-a-mercredi\",\"name\":\"la reprise des assises du dialogue report\u00e9e \u00e0 mercredi - tchad\",\"isPartOf\":{\"@id\":\"https:\/\/www.africa-press.net\/tchad\/#website\"},\"primaryImageOfPage\":{\"@id\":\"https:\/\/www.africa-press.net\/tchad\/politique\/la-reprise-des-assises-du-dialogue-reportee-a-mercredi#primaryimage\"},\"image\":{\"@id\":\"https:\/\/www.africa-press.net\/tchad\/politique\/la-reprise-des-assises-du-dialogue-reportee-a-mercredi#primaryimage\"},\"thumbnailUrl\":\"https:\/\/static.africa-press.net\/tchad\/sites\/41\/2022\/08\/postQueueImg_15-6303c638961af.jpg\",\"datePublished\":\"2022-08-22T17:57:21+00:00\",\"dateModified\":\"2022-08-22T18:09:17+00:00\",\"author\":{\"@id\":\"https:\/\/www.africa-press.net\/tchad\/#\/schema\/person\/2b1cf3cd81a31e3cd26889ca66d677f1\"},\"description\":\"Ce laps de temps permettra de poursuivre l'enregistrement des participants, la remise des kits et le parach\u00e8vement de la ...\",\"breadcrumb\":{\"@id\":\"https:\/\/www.africa-press.net\/tchad\/politique\/la-reprise-des-assises-du-dialogue-reportee-a-mercredi#breadcrumb\"},\"inLanguage\":\"fr-FR\",\"potentialAction\":[{\"@type\":\"ReadAction\",\"target\":[\"https:\/\/www.africa-press.net\/tchad\/politique\/la-reprise-des-assises-du-dialogue-reportee-a-mercredi\"]}]},{\"@type\":\"ImageObject\",\"inLanguage\":\"fr-FR\",\"@id\":\"https:\/\/www.africa-press.net\/tchad\/politique\/la-reprise-des-assises-du-dialogue-reportee-a-mercredi#primaryimage\",\"url\":\"https:\/\/static.africa-press.net\/tchad\/sites\/41\/2022\/08\/postQueueImg_15-6303c638961af.jpg\",\"contentUrl\":\"https:\/\/static.africa-press.net\/tchad\/sites\/41\/2022\/08\/postQueueImg_15-6303c638961af.jpg\",\"width\":960,\"height\":540,\"caption\":\"la reprise des assises du dialogue report\u00e9e \u00e0 mercredi\"},{\"@type\":\"BreadcrumbList\",\"@id\":\"https:\/\/www.africa-press.net\/tchad\/politique\/la-reprise-des-assises-du-dialogue-reportee-a-mercredi#breadcrumb\",\"itemListElement\":[{\"@type\":\"ListItem\",\"position\":1,\"name\":\"Accueil\",\"item\":\"https:\/\/www.africa-press.net\/tchad\/\"},{\"@type\":\"ListItem\",\"position\":2,\"name\":\"la reprise des assises du dialogue report\u00e9e \u00e0 mercredi\"}]},{\"@type\":\"WebSite\",\"@id\":\"https:\/\/www.africa-press.net\/tchad\/#website\",\"url\":\"https:\/\/www.africa-press.net\/tchad\/\",\"name\":\"tchad\",\"description\":\"Just another Africa News Agency Sites site\",\"potentialAction\":[{\"@type\":\"SearchAction\",\"target\":{\"@type\":\"EntryPoint\",\"urlTemplate\":\"https:\/\/www.africa-press.net\/tchad\/?s={search_term_string}\"},\"query-input\":{\"@type\":\"PropertyValueSpecification\",\"valueRequired\":true,\"valueName\":\"search_term_string\"}}],\"inLanguage\":\"fr-FR\"},{\"@type\":\"Person\",\"@id\":\"https:\/\/www.africa-press.net\/tchad\/#\/schema\/person\/2b1cf3cd81a31e3cd26889ca66d677f1\",\"name\":\"cfeditorfr\"}]}<\/script>\n<!-- \/ Yoast SEO Premium plugin. -->","yoast_head_json":{"title":"la reprise des assises du dialogue report\u00e9e \u00e0 mercredi - tchad","description":"Ce laps de temps permettra de poursuivre l'enregistrement des participants, la remise des kits et le parach\u00e8vement de la ...","robots":{"index":"index","follow":"follow","max-snippet":"max-snippet:-1","max-image-preview":"max-image-preview:large","max-video-preview":"max-video-preview:-1"},"canonical":"https:\/\/www.africa-press.net\/tchad\/politique\/la-reprise-des-assises-du-dialogue-reportee-a-mercredi","og_locale":"fr_FR","og_type":"article","og_title":"la reprise des assises du dialogue report\u00e9e \u00e0 mercredi","og_description":"Ce laps de temps permettra de poursuivre l'enregistrement des participants, la remise des kits et le parach\u00e8vement de la ...","og_url":"https:\/\/www.africa-press.net\/tchad\/politique\/la-reprise-des-assises-du-dialogue-reportee-a-mercredi","og_site_name":"tchad","article_published_time":"2022-08-22T17:57:21+00:00","article_modified_time":"2022-08-22T18:09:17+00:00","og_image":[{"width":960,"height":540,"url":"https:\/\/static.africa-press.net\/tchad\/sites\/41\/2022\/08\/postQueueImg_15-6303c638961af.jpg","type":"image\/jpeg"}],"author":"cfeditorfr","twitter_card":"summary_large_image","twitter_misc":{"\u00c9crit par":"cfeditorfr","Dur\u00e9e de lecture estim\u00e9e":"1 minute"},"schema":{"@context":"https:\/\/schema.org","@graph":[{"@type":"Article","@id":"https:\/\/www.africa-press.net\/tchad\/politique\/la-reprise-des-assises-du-dialogue-reportee-a-mercredi#article","isPartOf":{"@id":"https:\/\/www.africa-press.net\/tchad\/politique\/la-reprise-des-assises-du-dialogue-reportee-a-mercredi"},"author":{"name":"cfeditorfr","@id":"https:\/\/www.africa-press.net\/tchad\/#\/schema\/person\/2b1cf3cd81a31e3cd26889ca66d677f1"},"headline":"la reprise des assises du dialogue report\u00e9e \u00e0 mercredi","datePublished":"2022-08-22T17:57:21+00:00","dateModified":"2022-08-22T18:09:17+00:00","mainEntityOfPage":{"@id":"https:\/\/www.africa-press.net\/tchad\/politique\/la-reprise-des-assises-du-dialogue-reportee-a-mercredi"},"wordCount":127,"commentCount":0,"image":{"@id":"https:\/\/www.africa-press.net\/tchad\/politique\/la-reprise-des-assises-du-dialogue-reportee-a-mercredi#primaryimage"},"thumbnailUrl":"https:\/\/static.africa-press.net\/tchad\/sites\/41\/2022\/08\/postQueueImg_15-6303c638961af.jpg","keywords":["Africa Press","Africa Press-Tchad","Tchad"],"articleSection":["homepage-french","Politique","Toutes les actualit\u00e9s"],"inLanguage":"fr-FR","potentialAction":[{"@type":"CommentAction","name":"Comment","target":["https:\/\/www.africa-press.net\/tchad\/politique\/la-reprise-des-assises-du-dialogue-reportee-a-mercredi#respond"]}]},{"@type":"WebPage","@id":"https:\/\/www.africa-press.net\/tchad\/politique\/la-reprise-des-assises-du-dialogue-reportee-a-mercredi","url":"https:\/\/www.africa-press.net\/tchad\/politique\/la-reprise-des-assises-du-dialogue-reportee-a-mercredi","name":"la reprise des assises du dialogue report\u00e9e \u00e0 mercredi - tchad","isPartOf":{"@id":"https:\/\/www.africa-press.net\/tchad\/#website"},"primaryImageOfPage":{"@id":"https:\/\/www.africa-press.net\/tchad\/politique\/la-reprise-des-assises-du-dialogue-reportee-a-mercredi#primaryimage"},"image":{"@id":"https:\/\/www.africa-press.net\/tchad\/politique\/la-reprise-des-assises-du-dialogue-reportee-a-mercredi#primaryimage"},"thumbnailUrl":"https:\/\/static.africa-press.net\/tchad\/sites\/41\/2022\/08\/postQueueImg_15-6303c638961af.jpg","datePublished":"2022-08-22T17:57:21+00:00","dateModified":"2022-08-22T18:09:17+00:00","author":{"@id":"https:\/\/www.africa-press.net\/tchad\/#\/schema\/person\/2b1cf3cd81a31e3cd26889ca66d677f1"},"description":"Ce laps de temps permettra de poursuivre l'enregistrement des participants, la remise des kits et le parach\u00e8vement de la ...","breadcrumb":{"@id":"https:\/\/www.africa-press.net\/tchad\/politique\/la-reprise-des-assises-du-dialogue-reportee-a-mercredi#breadcrumb"},"inLanguage":"fr-FR","potentialAction":[{"@type":"ReadAction","target":["https:\/\/www.africa-press.net\/tchad\/politique\/la-reprise-des-assises-du-dialogue-reportee-a-mercredi"]}]},{"@type":"ImageObject","inLanguage":"fr-FR","@id":"https:\/\/www.africa-press.net\/tchad\/politique\/la-reprise-des-assises-du-dialogue-reportee-a-mercredi#primaryimage","url":"https:\/\/static.africa-press.net\/tchad\/sites\/41\/2022\/08\/postQueueImg_15-6303c638961af.jpg","contentUrl":"https:\/\/static.africa-press.net\/tchad\/sites\/41\/2022\/08\/postQueueImg_15-6303c638961af.jpg","width":960,"height":540,"caption":"la reprise des assises du dialogue report\u00e9e \u00e0 mercredi"},{"@type":"BreadcrumbList","@id":"https:\/\/www.africa-press.net\/tchad\/politique\/la-reprise-des-assises-du-dialogue-reportee-a-mercredi#breadcrumb","itemListElement":[{"@type":"ListItem","position":1,"name":"Accueil","item":"https:\/\/www.africa-press.net\/tchad\/"},{"@type":"ListItem","position":2,"name":"la reprise des assises du dialogue report\u00e9e \u00e0 mercredi"}]},{"@type":"WebSite","@id":"https:\/\/www.africa-press.net\/tchad\/#website","url":"https:\/\/www.africa-press.net\/tchad\/","name":"tchad","description":"Just another Africa News Agency Sites site","potentialAction":[{"@type":"SearchAction","target":{"@type":"EntryPoint","urlTemplate":"https:\/\/www.africa-press.net\/tchad\/?s={search_term_string}"},"query-input":{"@type":"PropertyValueSpecification","valueRequired":true,"valueName":"search_term_string"}}],"inLanguage":"fr-FR"},{"@type":"Person","@id":"https:\/\/www.africa-press.net\/tchad\/#\/schema\/person\/2b1cf3cd81a31e3cd26889ca66d677f1","name":"cfeditorfr"}]}},"_links":{"self":[{"href":"https:\/\/www.africa-press.net\/tchad\/wp-json\/wp\/v2\/posts\/31090","targetHints":{"allow":["GET"]}}],"collection":[{"href":"https:\/\/www.africa-press.net\/tchad\/wp-json\/wp\/v2\/posts"}],"about":[{"href":"https:\/\/www.africa-press.net\/tchad\/wp-json\/wp\/v2\/types\/post"}],"author":[{"embeddable":true,"href":"https:\/\/www.africa-press.net\/tchad\/wp-json\/wp\/v2\/users\/82"}],"replies":[{"embeddable":true,"href":"https:\/\/www.africa-press.net\/tchad\/wp-json\/wp\/v2\/comments?post=31090"}],"version-history":[{"count":0,"href":"https:\/\/www.africa-press.net\/tchad\/wp-json\/wp\/v2\/posts\/31090\/revisions"}],"wp:featuredmedia":[{"embeddable":true,"href":"https:\/\/www.africa-press.net\/tchad\/wp-json\/wp\/v2\/media\/31089"}],"wp:attachment":[{"href":"https:\/\/www.africa-press.net\/tchad\/wp-json\/wp\/v2\/media?parent=31090"}],"wp:term":[{"taxonomy":"category","embeddable":true,"href":"https:\/\/www.africa-press.net\/tchad\/wp-json\/wp\/v2\/categories?post=31090"},{"taxonomy":"post_tag","embeddable":true,"href":"https:\/\/www.africa-press.net\/tchad\/wp-json\/wp\/v2\/tags?post=31090"}],"curies":[{"name":"wp","href":"https:\/\/api.w.org\/{rel}","templated":true}]}}