{"id":31093,"date":"2022-08-22T17:57:56","date_gmt":"2022-08-22T17:57:56","guid":{"rendered":"https:\/\/www.africa-press.net\/tchad\/politique\/cameroun-paul-biya-a-recu-le-ministre-tchadien-des-finances-envoye-special-du-pcmt"},"modified":"2022-08-22T18:09:45","modified_gmt":"2022-08-22T18:09:45","slug":"cameroun-paul-biya-a-recu-le-ministre-tchadien-des-finances-envoye-special-du-pcmt","status":"publish","type":"post","link":"https:\/\/www.africa-press.net\/tchad\/politique\/cameroun-paul-biya-a-recu-le-ministre-tchadien-des-finances-envoye-special-du-pcmt","title":{"rendered":"Cameroun : Paul Biya a re\u00e7u le ministre tchadien des Finances, envoy\u00e9 sp\u00e9cial du PCMT"},"content":{"rendered":"<p><span style=\"color: #ff6600\"><strong>Africa-Press &#8211; Tchad. <\/strong><\/span>L\u2019\u00e9missaire de N\u2019Djamena \u00e9tait accompagn\u00e9 du directeur adjoint du cabinet du chef de l\u2019\u00c9tat tchadien.<\/p>\n<p>L&rsquo;entretien a dur\u00e9 une trentaine de minutes. L\u2019envoy\u00e9 sp\u00e9cial tchadien a d\u00e9clar\u00e9 qu\u2019il \u00e9tait porteur d\u2019un message du pr\u00e9sident Mahamat Idriss Deby destin\u00e9 au Pr\u00e9sident Paul Biya. \u00ab C\u2019est un message entre deux chefs d\u2019Etat. Mais, il porte essentiellement sur l\u2019excellence de la coop\u00e9ration et des relations s\u00e9culaires que le Tchad et le Cameroun entretiennent. \u00bb<\/p>\n<p>L\u2019\u00e9missaire tchadien a \u00ab remerci\u00e9 le Cameroun pour le soutien qu\u2019il apporte au Tchad en tout temps, particuli\u00e8rement pendant cette phase de transition et annonc\u00e9 le d\u00e9marrage du dialogue national inclusif au Tchad. \u00bb<\/p>\n<p><strong>Pour plus d&rsquo;informations et d&rsquo;analyses sur la <a href=\"https:\/\/www.africa-press.net\/tchad\">Tchad<\/a>, suivez <a href=\"https:\/\/www.africa-press.net\/\">Africa-Press<\/a><\/strong><\/p>\n","protected":false},"excerpt":{"rendered":"<p>Africa-Press &#8211; Tchad. L\u2019\u00e9missaire de N\u2019Djamena \u00e9tait accompagn\u00e9 du directeur adjoint du cabinet du chef de l\u2019\u00c9tat tchadien. L&rsquo;entretien a dur\u00e9 une trentaine de minutes. L\u2019envoy\u00e9 sp\u00e9cial tchadien a d\u00e9clar\u00e9 qu\u2019il \u00e9tait porteur d\u2019un message du pr\u00e9sident Mahamat Idriss Deby destin\u00e9 au Pr\u00e9sident Paul Biya. \u00ab C\u2019est un message entre deux chefs d\u2019Etat. Mais, il [&hellip;]<\/p>\n","protected":false},"author":82,"featured_media":31092,"comment_status":"open","ping_status":"closed","sticky":false,"template":"","format":"standard","meta":{"footnotes":""},"categories":[11,2,10],"tags":[37,292,29],"class_list":["post-31093","post","type-post","status-publish","format-standard","has-post-thumbnail","hentry","category-homepage-french","category-politique","category-toutes-les-actualites","tag-africa-press","tag-africa-press-tchad","tag-tchad"],"yoast_head":"<!-- This site is optimized with the Yoast SEO Premium plugin v26.1 (Yoast SEO v27.0) - https:\/\/yoast.com\/product\/yoast-seo-premium-wordpress\/ -->\n<title>Cameroun : Paul Biya a re\u00e7u le ministre tchadien des Finances, envoy\u00e9 sp\u00e9cial du PCMT - tchad<\/title>\n<meta name=\"description\" content=\"L\u2019\u00e9missaire de N\u2019Djamena \u00e9tait accompagn\u00e9 du directeur adjoint du cabinet du chef de l\u2019\u00c9tat tchadien. L&#039;entretien a dur ...\" \/>\n<meta name=\"robots\" content=\"index, follow, max-snippet:-1, max-image-preview:large, max-video-preview:-1\" \/>\n<link rel=\"canonical\" href=\"https:\/\/www.africa-press.net\/tchad\/politique\/cameroun-paul-biya-a-recu-le-ministre-tchadien-des-finances-envoye-special-du-pcmt\" \/>\n<meta property=\"og:locale\" content=\"fr_FR\" \/>\n<meta property=\"og:type\" content=\"article\" \/>\n<meta property=\"og:title\" content=\"Cameroun : Paul Biya a re\u00e7u le ministre tchadien des Finances, envoy\u00e9 sp\u00e9cial du PCMT\" \/>\n<meta property=\"og:description\" content=\"L\u2019\u00e9missaire de N\u2019Djamena \u00e9tait accompagn\u00e9 du directeur adjoint du cabinet du chef de l\u2019\u00c9tat tchadien. L&#039;entretien a dur ...\" \/>\n<meta property=\"og:url\" content=\"https:\/\/www.africa-press.net\/tchad\/politique\/cameroun-paul-biya-a-recu-le-ministre-tchadien-des-finances-envoye-special-du-pcmt\" \/>\n<meta property=\"og:site_name\" content=\"tchad\" \/>\n<meta property=\"article:published_time\" content=\"2022-08-22T17:57:56+00:00\" \/>\n<meta property=\"article:modified_time\" content=\"2022-08-22T18:09:45+00:00\" \/>\n<meta property=\"og:image\" content=\"https:\/\/static.africa-press.net\/tchad\/sites\/41\/2022\/08\/postQueueImg_16-6303c654e763a.jpg\" \/>\n\t<meta property=\"og:image:width\" content=\"1920\" \/>\n\t<meta property=\"og:image:height\" content=\"1279\" \/>\n\t<meta property=\"og:image:type\" content=\"image\/jpeg\" \/>\n<meta name=\"author\" content=\"cfeditorfr\" \/>\n<meta name=\"twitter:card\" content=\"summary_large_image\" \/>\n<meta name=\"twitter:label1\" content=\"\u00c9crit par\" \/>\n\t<meta name=\"twitter:data1\" content=\"cfeditorfr\" \/>\n\t<meta name=\"twitter:label2\" content=\"Dur\u00e9e de lecture estim\u00e9e\" \/>\n\t<meta name=\"twitter:data2\" content=\"1 minute\" \/>\n<script type=\"application\/ld+json\" class=\"yoast-schema-graph\">{\"@context\":\"https:\/\/schema.org\",\"@graph\":[{\"@type\":\"Article\",\"@id\":\"https:\/\/www.africa-press.net\/tchad\/politique\/cameroun-paul-biya-a-recu-le-ministre-tchadien-des-finances-envoye-special-du-pcmt#article\",\"isPartOf\":{\"@id\":\"https:\/\/www.africa-press.net\/tchad\/politique\/cameroun-paul-biya-a-recu-le-ministre-tchadien-des-finances-envoye-special-du-pcmt\"},\"author\":{\"name\":\"cfeditorfr\",\"@id\":\"https:\/\/www.africa-press.net\/tchad\/#\/schema\/person\/2b1cf3cd81a31e3cd26889ca66d677f1\"},\"headline\":\"Cameroun : Paul Biya a re\u00e7u le ministre tchadien des Finances, envoy\u00e9 sp\u00e9cial du PCMT\",\"datePublished\":\"2022-08-22T17:57:56+00:00\",\"dateModified\":\"2022-08-22T18:09:45+00:00\",\"mainEntityOfPage\":{\"@id\":\"https:\/\/www.africa-press.net\/tchad\/politique\/cameroun-paul-biya-a-recu-le-ministre-tchadien-des-finances-envoye-special-du-pcmt\"},\"wordCount\":152,\"commentCount\":0,\"image\":{\"@id\":\"https:\/\/www.africa-press.net\/tchad\/politique\/cameroun-paul-biya-a-recu-le-ministre-tchadien-des-finances-envoye-special-du-pcmt#primaryimage\"},\"thumbnailUrl\":\"https:\/\/static.africa-press.net\/tchad\/sites\/41\/2022\/08\/postQueueImg_16-6303c654e763a.jpg\",\"keywords\":[\"Africa Press\",\"Africa Press-Tchad\",\"Tchad\"],\"articleSection\":[\"homepage-french\",\"Politique\",\"Toutes les actualit\u00e9s\"],\"inLanguage\":\"fr-FR\",\"potentialAction\":[{\"@type\":\"CommentAction\",\"name\":\"Comment\",\"target\":[\"https:\/\/www.africa-press.net\/tchad\/politique\/cameroun-paul-biya-a-recu-le-ministre-tchadien-des-finances-envoye-special-du-pcmt#respond\"]}]},{\"@type\":\"WebPage\",\"@id\":\"https:\/\/www.africa-press.net\/tchad\/politique\/cameroun-paul-biya-a-recu-le-ministre-tchadien-des-finances-envoye-special-du-pcmt\",\"url\":\"https:\/\/www.africa-press.net\/tchad\/politique\/cameroun-paul-biya-a-recu-le-ministre-tchadien-des-finances-envoye-special-du-pcmt\",\"name\":\"Cameroun : Paul Biya a re\u00e7u le ministre tchadien des Finances, envoy\u00e9 sp\u00e9cial du PCMT - tchad\",\"isPartOf\":{\"@id\":\"https:\/\/www.africa-press.net\/tchad\/#website\"},\"primaryImageOfPage\":{\"@id\":\"https:\/\/www.africa-press.net\/tchad\/politique\/cameroun-paul-biya-a-recu-le-ministre-tchadien-des-finances-envoye-special-du-pcmt#primaryimage\"},\"image\":{\"@id\":\"https:\/\/www.africa-press.net\/tchad\/politique\/cameroun-paul-biya-a-recu-le-ministre-tchadien-des-finances-envoye-special-du-pcmt#primaryimage\"},\"thumbnailUrl\":\"https:\/\/static.africa-press.net\/tchad\/sites\/41\/2022\/08\/postQueueImg_16-6303c654e763a.jpg\",\"datePublished\":\"2022-08-22T17:57:56+00:00\",\"dateModified\":\"2022-08-22T18:09:45+00:00\",\"author\":{\"@id\":\"https:\/\/www.africa-press.net\/tchad\/#\/schema\/person\/2b1cf3cd81a31e3cd26889ca66d677f1\"},\"description\":\"L\u2019\u00e9missaire de N\u2019Djamena \u00e9tait accompagn\u00e9 du directeur adjoint du cabinet du chef de l\u2019\u00c9tat tchadien. L'entretien a dur ...\",\"breadcrumb\":{\"@id\":\"https:\/\/www.africa-press.net\/tchad\/politique\/cameroun-paul-biya-a-recu-le-ministre-tchadien-des-finances-envoye-special-du-pcmt#breadcrumb\"},\"inLanguage\":\"fr-FR\",\"potentialAction\":[{\"@type\":\"ReadAction\",\"target\":[\"https:\/\/www.africa-press.net\/tchad\/politique\/cameroun-paul-biya-a-recu-le-ministre-tchadien-des-finances-envoye-special-du-pcmt\"]}]},{\"@type\":\"ImageObject\",\"inLanguage\":\"fr-FR\",\"@id\":\"https:\/\/www.africa-press.net\/tchad\/politique\/cameroun-paul-biya-a-recu-le-ministre-tchadien-des-finances-envoye-special-du-pcmt#primaryimage\",\"url\":\"https:\/\/static.africa-press.net\/tchad\/sites\/41\/2022\/08\/postQueueImg_16-6303c654e763a.jpg\",\"contentUrl\":\"https:\/\/static.africa-press.net\/tchad\/sites\/41\/2022\/08\/postQueueImg_16-6303c654e763a.jpg\",\"width\":1920,\"height\":1279,\"caption\":\"Cameroun : Paul Biya a re\u00e7u le ministre tchadien des Finances, envoy\u00e9 sp\u00e9cial du PCMT\"},{\"@type\":\"BreadcrumbList\",\"@id\":\"https:\/\/www.africa-press.net\/tchad\/politique\/cameroun-paul-biya-a-recu-le-ministre-tchadien-des-finances-envoye-special-du-pcmt#breadcrumb\",\"itemListElement\":[{\"@type\":\"ListItem\",\"position\":1,\"name\":\"Accueil\",\"item\":\"https:\/\/www.africa-press.net\/tchad\/\"},{\"@type\":\"ListItem\",\"position\":2,\"name\":\"Cameroun : Paul Biya a re\u00e7u le ministre tchadien des Finances, envoy\u00e9 sp\u00e9cial du PCMT\"}]},{\"@type\":\"WebSite\",\"@id\":\"https:\/\/www.africa-press.net\/tchad\/#website\",\"url\":\"https:\/\/www.africa-press.net\/tchad\/\",\"name\":\"tchad\",\"description\":\"Just another Africa News Agency Sites site\",\"potentialAction\":[{\"@type\":\"SearchAction\",\"target\":{\"@type\":\"EntryPoint\",\"urlTemplate\":\"https:\/\/www.africa-press.net\/tchad\/?s={search_term_string}\"},\"query-input\":{\"@type\":\"PropertyValueSpecification\",\"valueRequired\":true,\"valueName\":\"search_term_string\"}}],\"inLanguage\":\"fr-FR\"},{\"@type\":\"Person\",\"@id\":\"https:\/\/www.africa-press.net\/tchad\/#\/schema\/person\/2b1cf3cd81a31e3cd26889ca66d677f1\",\"name\":\"cfeditorfr\"}]}<\/script>\n<!-- \/ Yoast SEO Premium plugin. -->","yoast_head_json":{"title":"Cameroun : Paul Biya a re\u00e7u le ministre tchadien des Finances, envoy\u00e9 sp\u00e9cial du PCMT - tchad","description":"L\u2019\u00e9missaire de N\u2019Djamena \u00e9tait accompagn\u00e9 du directeur adjoint du cabinet du chef de l\u2019\u00c9tat tchadien. L'entretien a dur ...","robots":{"index":"index","follow":"follow","max-snippet":"max-snippet:-1","max-image-preview":"max-image-preview:large","max-video-preview":"max-video-preview:-1"},"canonical":"https:\/\/www.africa-press.net\/tchad\/politique\/cameroun-paul-biya-a-recu-le-ministre-tchadien-des-finances-envoye-special-du-pcmt","og_locale":"fr_FR","og_type":"article","og_title":"Cameroun : Paul Biya a re\u00e7u le ministre tchadien des Finances, envoy\u00e9 sp\u00e9cial du PCMT","og_description":"L\u2019\u00e9missaire de N\u2019Djamena \u00e9tait accompagn\u00e9 du directeur adjoint du cabinet du chef de l\u2019\u00c9tat tchadien. L'entretien a dur ...","og_url":"https:\/\/www.africa-press.net\/tchad\/politique\/cameroun-paul-biya-a-recu-le-ministre-tchadien-des-finances-envoye-special-du-pcmt","og_site_name":"tchad","article_published_time":"2022-08-22T17:57:56+00:00","article_modified_time":"2022-08-22T18:09:45+00:00","og_image":[{"width":1920,"height":1279,"url":"https:\/\/static.africa-press.net\/tchad\/sites\/41\/2022\/08\/postQueueImg_16-6303c654e763a.jpg","type":"image\/jpeg"}],"author":"cfeditorfr","twitter_card":"summary_large_image","twitter_misc":{"\u00c9crit par":"cfeditorfr","Dur\u00e9e de lecture estim\u00e9e":"1 minute"},"schema":{"@context":"https:\/\/schema.org","@graph":[{"@type":"Article","@id":"https:\/\/www.africa-press.net\/tchad\/politique\/cameroun-paul-biya-a-recu-le-ministre-tchadien-des-finances-envoye-special-du-pcmt#article","isPartOf":{"@id":"https:\/\/www.africa-press.net\/tchad\/politique\/cameroun-paul-biya-a-recu-le-ministre-tchadien-des-finances-envoye-special-du-pcmt"},"author":{"name":"cfeditorfr","@id":"https:\/\/www.africa-press.net\/tchad\/#\/schema\/person\/2b1cf3cd81a31e3cd26889ca66d677f1"},"headline":"Cameroun : Paul Biya a re\u00e7u le ministre tchadien des Finances, envoy\u00e9 sp\u00e9cial du PCMT","datePublished":"2022-08-22T17:57:56+00:00","dateModified":"2022-08-22T18:09:45+00:00","mainEntityOfPage":{"@id":"https:\/\/www.africa-press.net\/tchad\/politique\/cameroun-paul-biya-a-recu-le-ministre-tchadien-des-finances-envoye-special-du-pcmt"},"wordCount":152,"commentCount":0,"image":{"@id":"https:\/\/www.africa-press.net\/tchad\/politique\/cameroun-paul-biya-a-recu-le-ministre-tchadien-des-finances-envoye-special-du-pcmt#primaryimage"},"thumbnailUrl":"https:\/\/static.africa-press.net\/tchad\/sites\/41\/2022\/08\/postQueueImg_16-6303c654e763a.jpg","keywords":["Africa Press","Africa Press-Tchad","Tchad"],"articleSection":["homepage-french","Politique","Toutes les actualit\u00e9s"],"inLanguage":"fr-FR","potentialAction":[{"@type":"CommentAction","name":"Comment","target":["https:\/\/www.africa-press.net\/tchad\/politique\/cameroun-paul-biya-a-recu-le-ministre-tchadien-des-finances-envoye-special-du-pcmt#respond"]}]},{"@type":"WebPage","@id":"https:\/\/www.africa-press.net\/tchad\/politique\/cameroun-paul-biya-a-recu-le-ministre-tchadien-des-finances-envoye-special-du-pcmt","url":"https:\/\/www.africa-press.net\/tchad\/politique\/cameroun-paul-biya-a-recu-le-ministre-tchadien-des-finances-envoye-special-du-pcmt","name":"Cameroun : Paul Biya a re\u00e7u le ministre tchadien des Finances, envoy\u00e9 sp\u00e9cial du PCMT - tchad","isPartOf":{"@id":"https:\/\/www.africa-press.net\/tchad\/#website"},"primaryImageOfPage":{"@id":"https:\/\/www.africa-press.net\/tchad\/politique\/cameroun-paul-biya-a-recu-le-ministre-tchadien-des-finances-envoye-special-du-pcmt#primaryimage"},"image":{"@id":"https:\/\/www.africa-press.net\/tchad\/politique\/cameroun-paul-biya-a-recu-le-ministre-tchadien-des-finances-envoye-special-du-pcmt#primaryimage"},"thumbnailUrl":"https:\/\/static.africa-press.net\/tchad\/sites\/41\/2022\/08\/postQueueImg_16-6303c654e763a.jpg","datePublished":"2022-08-22T17:57:56+00:00","dateModified":"2022-08-22T18:09:45+00:00","author":{"@id":"https:\/\/www.africa-press.net\/tchad\/#\/schema\/person\/2b1cf3cd81a31e3cd26889ca66d677f1"},"description":"L\u2019\u00e9missaire de N\u2019Djamena \u00e9tait accompagn\u00e9 du directeur adjoint du cabinet du chef de l\u2019\u00c9tat tchadien. L'entretien a dur ...","breadcrumb":{"@id":"https:\/\/www.africa-press.net\/tchad\/politique\/cameroun-paul-biya-a-recu-le-ministre-tchadien-des-finances-envoye-special-du-pcmt#breadcrumb"},"inLanguage":"fr-FR","potentialAction":[{"@type":"ReadAction","target":["https:\/\/www.africa-press.net\/tchad\/politique\/cameroun-paul-biya-a-recu-le-ministre-tchadien-des-finances-envoye-special-du-pcmt"]}]},{"@type":"ImageObject","inLanguage":"fr-FR","@id":"https:\/\/www.africa-press.net\/tchad\/politique\/cameroun-paul-biya-a-recu-le-ministre-tchadien-des-finances-envoye-special-du-pcmt#primaryimage","url":"https:\/\/static.africa-press.net\/tchad\/sites\/41\/2022\/08\/postQueueImg_16-6303c654e763a.jpg","contentUrl":"https:\/\/static.africa-press.net\/tchad\/sites\/41\/2022\/08\/postQueueImg_16-6303c654e763a.jpg","width":1920,"height":1279,"caption":"Cameroun : Paul Biya a re\u00e7u le ministre tchadien des Finances, envoy\u00e9 sp\u00e9cial du PCMT"},{"@type":"BreadcrumbList","@id":"https:\/\/www.africa-press.net\/tchad\/politique\/cameroun-paul-biya-a-recu-le-ministre-tchadien-des-finances-envoye-special-du-pcmt#breadcrumb","itemListElement":[{"@type":"ListItem","position":1,"name":"Accueil","item":"https:\/\/www.africa-press.net\/tchad\/"},{"@type":"ListItem","position":2,"name":"Cameroun : Paul Biya a re\u00e7u le ministre tchadien des Finances, envoy\u00e9 sp\u00e9cial du PCMT"}]},{"@type":"WebSite","@id":"https:\/\/www.africa-press.net\/tchad\/#website","url":"https:\/\/www.africa-press.net\/tchad\/","name":"tchad","description":"Just another Africa News Agency Sites site","potentialAction":[{"@type":"SearchAction","target":{"@type":"EntryPoint","urlTemplate":"https:\/\/www.africa-press.net\/tchad\/?s={search_term_string}"},"query-input":{"@type":"PropertyValueSpecification","valueRequired":true,"valueName":"search_term_string"}}],"inLanguage":"fr-FR"},{"@type":"Person","@id":"https:\/\/www.africa-press.net\/tchad\/#\/schema\/person\/2b1cf3cd81a31e3cd26889ca66d677f1","name":"cfeditorfr"}]}},"_links":{"self":[{"href":"https:\/\/www.africa-press.net\/tchad\/wp-json\/wp\/v2\/posts\/31093","targetHints":{"allow":["GET"]}}],"collection":[{"href":"https:\/\/www.africa-press.net\/tchad\/wp-json\/wp\/v2\/posts"}],"about":[{"href":"https:\/\/www.africa-press.net\/tchad\/wp-json\/wp\/v2\/types\/post"}],"author":[{"embeddable":true,"href":"https:\/\/www.africa-press.net\/tchad\/wp-json\/wp\/v2\/users\/82"}],"replies":[{"embeddable":true,"href":"https:\/\/www.africa-press.net\/tchad\/wp-json\/wp\/v2\/comments?post=31093"}],"version-history":[{"count":0,"href":"https:\/\/www.africa-press.net\/tchad\/wp-json\/wp\/v2\/posts\/31093\/revisions"}],"wp:featuredmedia":[{"embeddable":true,"href":"https:\/\/www.africa-press.net\/tchad\/wp-json\/wp\/v2\/media\/31092"}],"wp:attachment":[{"href":"https:\/\/www.africa-press.net\/tchad\/wp-json\/wp\/v2\/media?parent=31093"}],"wp:term":[{"taxonomy":"category","embeddable":true,"href":"https:\/\/www.africa-press.net\/tchad\/wp-json\/wp\/v2\/categories?post=31093"},{"taxonomy":"post_tag","embeddable":true,"href":"https:\/\/www.africa-press.net\/tchad\/wp-json\/wp\/v2\/tags?post=31093"}],"curies":[{"name":"wp","href":"https:\/\/api.w.org\/{rel}","templated":true}]}}