{"id":31102,"date":"2022-08-22T17:58:53","date_gmt":"2022-08-22T17:58:53","guid":{"rendered":"https:\/\/www.africa-press.net\/tchad\/politique\/cinq-policiers-revoques-pour-faute-grave-avec-suspension-des-droits-a-pension"},"modified":"2022-08-22T18:10:34","modified_gmt":"2022-08-22T18:10:34","slug":"cinq-policiers-revoques-pour-faute-grave-avec-suspension-des-droits-a-pension","status":"publish","type":"post","link":"https:\/\/www.africa-press.net\/tchad\/politique\/cinq-policiers-revoques-pour-faute-grave-avec-suspension-des-droits-a-pension","title":{"rendered":"cinq policiers r\u00e9voqu\u00e9s pour faute grave avec suspension des droits \u00e0 pension"},"content":{"rendered":"<p><span style=\"color: #ff6600\"><strong>Africa-Press &#8211; Tchad. <\/strong><\/span>Un d\u00e9cret rendu public ce lundi 22 ao\u00fbt 2022, r\u00e9voque du corps de la Police nationale, deux commissaires principaux et trois gardiens de la paix pour faute grave.<\/p>\n<p>Le pr\u00e9sident du Conseil militaire, dans son d\u00e9cret, \u00e9voque les dispositions de l\u2019article 151, point I et de l\u2019article 152 de Loi N 019\/PCMT\/2022 du 04 juillet 2022, portant Statut G\u00e9n\u00e9ral des Personnels du Corps de la Police Nationale, pour destituer cinq policiers pour : \u00ab faute grave contre l\u2019honneur de nature \u00e0 d\u00e9consid\u00e9rer publiquement la fonction. \u00bb<\/p>\n<p>Il s\u2019agit des commissaires principaux, Abakar Mahamat Seid, et Noubarangue Daniel en service dans la province du Logone occidental. Des gardiens de la paix, Kilondjai Ndalinan et Nodjitone Macky, tous deux en service dans la province du Logone occidental. Le 5\u00e8me policier d\u00e9mis est le gardien de la paix, Mekila Elysee en service \u00e0 la Direction g\u00e9n\u00e9ral des renseignements et de l\u2019Investigation (DGRI).<\/p>\n<p><strong>Pour plus d&rsquo;informations et d&rsquo;analyses sur la <a href=\"https:\/\/www.africa-press.net\/tchad\">Tchad<\/a>, suivez <a href=\"https:\/\/www.africa-press.net\/\">Africa-Press<\/a><\/strong><\/p>\n","protected":false},"excerpt":{"rendered":"<p>Africa-Press &#8211; Tchad. Un d\u00e9cret rendu public ce lundi 22 ao\u00fbt 2022, r\u00e9voque du corps de la Police nationale, deux commissaires principaux et trois gardiens de la paix pour faute grave. Le pr\u00e9sident du Conseil militaire, dans son d\u00e9cret, \u00e9voque les dispositions de l\u2019article 151, point I et de l\u2019article 152 de Loi N 019\/PCMT\/2022 [&hellip;]<\/p>\n","protected":false},"author":82,"featured_media":31101,"comment_status":"open","ping_status":"closed","sticky":false,"template":"","format":"standard","meta":{"footnotes":""},"categories":[11,2,10],"tags":[37,292,29],"class_list":["post-31102","post","type-post","status-publish","format-standard","has-post-thumbnail","hentry","category-homepage-french","category-politique","category-toutes-les-actualites","tag-africa-press","tag-africa-press-tchad","tag-tchad"],"yoast_head":"<!-- This site is optimized with the Yoast SEO Premium plugin v26.1 (Yoast SEO v27.0) - https:\/\/yoast.com\/product\/yoast-seo-premium-wordpress\/ -->\n<title>cinq policiers r\u00e9voqu\u00e9s pour faute grave avec suspension des droits \u00e0 pension - tchad<\/title>\n<meta name=\"description\" content=\"Un d\u00e9cret rendu public ce lundi 22 ao\u00fbt 2022, r\u00e9voque du corps de la Police nationale, deux commissaires principaux et t ...\" \/>\n<meta name=\"robots\" content=\"index, follow, max-snippet:-1, max-image-preview:large, max-video-preview:-1\" \/>\n<link rel=\"canonical\" href=\"https:\/\/www.africa-press.net\/tchad\/politique\/cinq-policiers-revoques-pour-faute-grave-avec-suspension-des-droits-a-pension\" \/>\n<meta property=\"og:locale\" content=\"fr_FR\" \/>\n<meta property=\"og:type\" content=\"article\" \/>\n<meta property=\"og:title\" content=\"cinq policiers r\u00e9voqu\u00e9s pour faute grave avec suspension des droits \u00e0 pension\" \/>\n<meta property=\"og:description\" content=\"Un d\u00e9cret rendu public ce lundi 22 ao\u00fbt 2022, r\u00e9voque du corps de la Police nationale, deux commissaires principaux et t ...\" \/>\n<meta property=\"og:url\" content=\"https:\/\/www.africa-press.net\/tchad\/politique\/cinq-policiers-revoques-pour-faute-grave-avec-suspension-des-droits-a-pension\" \/>\n<meta property=\"og:site_name\" content=\"tchad\" \/>\n<meta property=\"article:published_time\" content=\"2022-08-22T17:58:53+00:00\" \/>\n<meta property=\"article:modified_time\" content=\"2022-08-22T18:10:34+00:00\" \/>\n<meta property=\"og:image\" content=\"https:\/\/static.africa-press.net\/tchad\/sites\/41\/2022\/08\/postQueueImg_18-6303c6877c19b.jpg\" \/>\n\t<meta property=\"og:image:width\" content=\"780\" \/>\n\t<meta property=\"og:image:height\" content=\"440\" \/>\n\t<meta property=\"og:image:type\" content=\"image\/jpeg\" \/>\n<meta name=\"author\" content=\"cfeditorfr\" \/>\n<meta name=\"twitter:card\" content=\"summary_large_image\" \/>\n<meta name=\"twitter:label1\" content=\"\u00c9crit par\" \/>\n\t<meta name=\"twitter:data1\" content=\"cfeditorfr\" \/>\n\t<meta name=\"twitter:label2\" content=\"Dur\u00e9e de lecture estim\u00e9e\" \/>\n\t<meta name=\"twitter:data2\" content=\"1 minute\" \/>\n<script type=\"application\/ld+json\" class=\"yoast-schema-graph\">{\"@context\":\"https:\/\/schema.org\",\"@graph\":[{\"@type\":\"Article\",\"@id\":\"https:\/\/www.africa-press.net\/tchad\/politique\/cinq-policiers-revoques-pour-faute-grave-avec-suspension-des-droits-a-pension#article\",\"isPartOf\":{\"@id\":\"https:\/\/www.africa-press.net\/tchad\/politique\/cinq-policiers-revoques-pour-faute-grave-avec-suspension-des-droits-a-pension\"},\"author\":{\"name\":\"cfeditorfr\",\"@id\":\"https:\/\/www.africa-press.net\/tchad\/#\/schema\/person\/2b1cf3cd81a31e3cd26889ca66d677f1\"},\"headline\":\"cinq policiers r\u00e9voqu\u00e9s pour faute grave avec suspension des droits \u00e0 pension\",\"datePublished\":\"2022-08-22T17:58:53+00:00\",\"dateModified\":\"2022-08-22T18:10:34+00:00\",\"mainEntityOfPage\":{\"@id\":\"https:\/\/www.africa-press.net\/tchad\/politique\/cinq-policiers-revoques-pour-faute-grave-avec-suspension-des-droits-a-pension\"},\"wordCount\":183,\"commentCount\":0,\"image\":{\"@id\":\"https:\/\/www.africa-press.net\/tchad\/politique\/cinq-policiers-revoques-pour-faute-grave-avec-suspension-des-droits-a-pension#primaryimage\"},\"thumbnailUrl\":\"https:\/\/static.africa-press.net\/tchad\/sites\/41\/2022\/08\/postQueueImg_18-6303c6877c19b.jpg\",\"keywords\":[\"Africa Press\",\"Africa Press-Tchad\",\"Tchad\"],\"articleSection\":[\"homepage-french\",\"Politique\",\"Toutes les actualit\u00e9s\"],\"inLanguage\":\"fr-FR\",\"potentialAction\":[{\"@type\":\"CommentAction\",\"name\":\"Comment\",\"target\":[\"https:\/\/www.africa-press.net\/tchad\/politique\/cinq-policiers-revoques-pour-faute-grave-avec-suspension-des-droits-a-pension#respond\"]}]},{\"@type\":\"WebPage\",\"@id\":\"https:\/\/www.africa-press.net\/tchad\/politique\/cinq-policiers-revoques-pour-faute-grave-avec-suspension-des-droits-a-pension\",\"url\":\"https:\/\/www.africa-press.net\/tchad\/politique\/cinq-policiers-revoques-pour-faute-grave-avec-suspension-des-droits-a-pension\",\"name\":\"cinq policiers r\u00e9voqu\u00e9s pour faute grave avec suspension des droits \u00e0 pension - tchad\",\"isPartOf\":{\"@id\":\"https:\/\/www.africa-press.net\/tchad\/#website\"},\"primaryImageOfPage\":{\"@id\":\"https:\/\/www.africa-press.net\/tchad\/politique\/cinq-policiers-revoques-pour-faute-grave-avec-suspension-des-droits-a-pension#primaryimage\"},\"image\":{\"@id\":\"https:\/\/www.africa-press.net\/tchad\/politique\/cinq-policiers-revoques-pour-faute-grave-avec-suspension-des-droits-a-pension#primaryimage\"},\"thumbnailUrl\":\"https:\/\/static.africa-press.net\/tchad\/sites\/41\/2022\/08\/postQueueImg_18-6303c6877c19b.jpg\",\"datePublished\":\"2022-08-22T17:58:53+00:00\",\"dateModified\":\"2022-08-22T18:10:34+00:00\",\"author\":{\"@id\":\"https:\/\/www.africa-press.net\/tchad\/#\/schema\/person\/2b1cf3cd81a31e3cd26889ca66d677f1\"},\"description\":\"Un d\u00e9cret rendu public ce lundi 22 ao\u00fbt 2022, r\u00e9voque du corps de la Police nationale, deux commissaires principaux et t ...\",\"breadcrumb\":{\"@id\":\"https:\/\/www.africa-press.net\/tchad\/politique\/cinq-policiers-revoques-pour-faute-grave-avec-suspension-des-droits-a-pension#breadcrumb\"},\"inLanguage\":\"fr-FR\",\"potentialAction\":[{\"@type\":\"ReadAction\",\"target\":[\"https:\/\/www.africa-press.net\/tchad\/politique\/cinq-policiers-revoques-pour-faute-grave-avec-suspension-des-droits-a-pension\"]}]},{\"@type\":\"ImageObject\",\"inLanguage\":\"fr-FR\",\"@id\":\"https:\/\/www.africa-press.net\/tchad\/politique\/cinq-policiers-revoques-pour-faute-grave-avec-suspension-des-droits-a-pension#primaryimage\",\"url\":\"https:\/\/static.africa-press.net\/tchad\/sites\/41\/2022\/08\/postQueueImg_18-6303c6877c19b.jpg\",\"contentUrl\":\"https:\/\/static.africa-press.net\/tchad\/sites\/41\/2022\/08\/postQueueImg_18-6303c6877c19b.jpg\",\"width\":780,\"height\":440,\"caption\":\"cinq policiers r\u00e9voqu\u00e9s pour faute grave avec suspension des droits \u00e0 pension\"},{\"@type\":\"BreadcrumbList\",\"@id\":\"https:\/\/www.africa-press.net\/tchad\/politique\/cinq-policiers-revoques-pour-faute-grave-avec-suspension-des-droits-a-pension#breadcrumb\",\"itemListElement\":[{\"@type\":\"ListItem\",\"position\":1,\"name\":\"Accueil\",\"item\":\"https:\/\/www.africa-press.net\/tchad\/\"},{\"@type\":\"ListItem\",\"position\":2,\"name\":\"cinq policiers r\u00e9voqu\u00e9s pour faute grave avec suspension des droits \u00e0 pension\"}]},{\"@type\":\"WebSite\",\"@id\":\"https:\/\/www.africa-press.net\/tchad\/#website\",\"url\":\"https:\/\/www.africa-press.net\/tchad\/\",\"name\":\"tchad\",\"description\":\"Just another Africa News Agency Sites site\",\"potentialAction\":[{\"@type\":\"SearchAction\",\"target\":{\"@type\":\"EntryPoint\",\"urlTemplate\":\"https:\/\/www.africa-press.net\/tchad\/?s={search_term_string}\"},\"query-input\":{\"@type\":\"PropertyValueSpecification\",\"valueRequired\":true,\"valueName\":\"search_term_string\"}}],\"inLanguage\":\"fr-FR\"},{\"@type\":\"Person\",\"@id\":\"https:\/\/www.africa-press.net\/tchad\/#\/schema\/person\/2b1cf3cd81a31e3cd26889ca66d677f1\",\"name\":\"cfeditorfr\"}]}<\/script>\n<!-- \/ Yoast SEO Premium plugin. -->","yoast_head_json":{"title":"cinq policiers r\u00e9voqu\u00e9s pour faute grave avec suspension des droits \u00e0 pension - tchad","description":"Un d\u00e9cret rendu public ce lundi 22 ao\u00fbt 2022, r\u00e9voque du corps de la Police nationale, deux commissaires principaux et t ...","robots":{"index":"index","follow":"follow","max-snippet":"max-snippet:-1","max-image-preview":"max-image-preview:large","max-video-preview":"max-video-preview:-1"},"canonical":"https:\/\/www.africa-press.net\/tchad\/politique\/cinq-policiers-revoques-pour-faute-grave-avec-suspension-des-droits-a-pension","og_locale":"fr_FR","og_type":"article","og_title":"cinq policiers r\u00e9voqu\u00e9s pour faute grave avec suspension des droits \u00e0 pension","og_description":"Un d\u00e9cret rendu public ce lundi 22 ao\u00fbt 2022, r\u00e9voque du corps de la Police nationale, deux commissaires principaux et t ...","og_url":"https:\/\/www.africa-press.net\/tchad\/politique\/cinq-policiers-revoques-pour-faute-grave-avec-suspension-des-droits-a-pension","og_site_name":"tchad","article_published_time":"2022-08-22T17:58:53+00:00","article_modified_time":"2022-08-22T18:10:34+00:00","og_image":[{"width":780,"height":440,"url":"https:\/\/static.africa-press.net\/tchad\/sites\/41\/2022\/08\/postQueueImg_18-6303c6877c19b.jpg","type":"image\/jpeg"}],"author":"cfeditorfr","twitter_card":"summary_large_image","twitter_misc":{"\u00c9crit par":"cfeditorfr","Dur\u00e9e de lecture estim\u00e9e":"1 minute"},"schema":{"@context":"https:\/\/schema.org","@graph":[{"@type":"Article","@id":"https:\/\/www.africa-press.net\/tchad\/politique\/cinq-policiers-revoques-pour-faute-grave-avec-suspension-des-droits-a-pension#article","isPartOf":{"@id":"https:\/\/www.africa-press.net\/tchad\/politique\/cinq-policiers-revoques-pour-faute-grave-avec-suspension-des-droits-a-pension"},"author":{"name":"cfeditorfr","@id":"https:\/\/www.africa-press.net\/tchad\/#\/schema\/person\/2b1cf3cd81a31e3cd26889ca66d677f1"},"headline":"cinq policiers r\u00e9voqu\u00e9s pour faute grave avec suspension des droits \u00e0 pension","datePublished":"2022-08-22T17:58:53+00:00","dateModified":"2022-08-22T18:10:34+00:00","mainEntityOfPage":{"@id":"https:\/\/www.africa-press.net\/tchad\/politique\/cinq-policiers-revoques-pour-faute-grave-avec-suspension-des-droits-a-pension"},"wordCount":183,"commentCount":0,"image":{"@id":"https:\/\/www.africa-press.net\/tchad\/politique\/cinq-policiers-revoques-pour-faute-grave-avec-suspension-des-droits-a-pension#primaryimage"},"thumbnailUrl":"https:\/\/static.africa-press.net\/tchad\/sites\/41\/2022\/08\/postQueueImg_18-6303c6877c19b.jpg","keywords":["Africa Press","Africa Press-Tchad","Tchad"],"articleSection":["homepage-french","Politique","Toutes les actualit\u00e9s"],"inLanguage":"fr-FR","potentialAction":[{"@type":"CommentAction","name":"Comment","target":["https:\/\/www.africa-press.net\/tchad\/politique\/cinq-policiers-revoques-pour-faute-grave-avec-suspension-des-droits-a-pension#respond"]}]},{"@type":"WebPage","@id":"https:\/\/www.africa-press.net\/tchad\/politique\/cinq-policiers-revoques-pour-faute-grave-avec-suspension-des-droits-a-pension","url":"https:\/\/www.africa-press.net\/tchad\/politique\/cinq-policiers-revoques-pour-faute-grave-avec-suspension-des-droits-a-pension","name":"cinq policiers r\u00e9voqu\u00e9s pour faute grave avec suspension des droits \u00e0 pension - tchad","isPartOf":{"@id":"https:\/\/www.africa-press.net\/tchad\/#website"},"primaryImageOfPage":{"@id":"https:\/\/www.africa-press.net\/tchad\/politique\/cinq-policiers-revoques-pour-faute-grave-avec-suspension-des-droits-a-pension#primaryimage"},"image":{"@id":"https:\/\/www.africa-press.net\/tchad\/politique\/cinq-policiers-revoques-pour-faute-grave-avec-suspension-des-droits-a-pension#primaryimage"},"thumbnailUrl":"https:\/\/static.africa-press.net\/tchad\/sites\/41\/2022\/08\/postQueueImg_18-6303c6877c19b.jpg","datePublished":"2022-08-22T17:58:53+00:00","dateModified":"2022-08-22T18:10:34+00:00","author":{"@id":"https:\/\/www.africa-press.net\/tchad\/#\/schema\/person\/2b1cf3cd81a31e3cd26889ca66d677f1"},"description":"Un d\u00e9cret rendu public ce lundi 22 ao\u00fbt 2022, r\u00e9voque du corps de la Police nationale, deux commissaires principaux et t ...","breadcrumb":{"@id":"https:\/\/www.africa-press.net\/tchad\/politique\/cinq-policiers-revoques-pour-faute-grave-avec-suspension-des-droits-a-pension#breadcrumb"},"inLanguage":"fr-FR","potentialAction":[{"@type":"ReadAction","target":["https:\/\/www.africa-press.net\/tchad\/politique\/cinq-policiers-revoques-pour-faute-grave-avec-suspension-des-droits-a-pension"]}]},{"@type":"ImageObject","inLanguage":"fr-FR","@id":"https:\/\/www.africa-press.net\/tchad\/politique\/cinq-policiers-revoques-pour-faute-grave-avec-suspension-des-droits-a-pension#primaryimage","url":"https:\/\/static.africa-press.net\/tchad\/sites\/41\/2022\/08\/postQueueImg_18-6303c6877c19b.jpg","contentUrl":"https:\/\/static.africa-press.net\/tchad\/sites\/41\/2022\/08\/postQueueImg_18-6303c6877c19b.jpg","width":780,"height":440,"caption":"cinq policiers r\u00e9voqu\u00e9s pour faute grave avec suspension des droits \u00e0 pension"},{"@type":"BreadcrumbList","@id":"https:\/\/www.africa-press.net\/tchad\/politique\/cinq-policiers-revoques-pour-faute-grave-avec-suspension-des-droits-a-pension#breadcrumb","itemListElement":[{"@type":"ListItem","position":1,"name":"Accueil","item":"https:\/\/www.africa-press.net\/tchad\/"},{"@type":"ListItem","position":2,"name":"cinq policiers r\u00e9voqu\u00e9s pour faute grave avec suspension des droits \u00e0 pension"}]},{"@type":"WebSite","@id":"https:\/\/www.africa-press.net\/tchad\/#website","url":"https:\/\/www.africa-press.net\/tchad\/","name":"tchad","description":"Just another Africa News Agency Sites site","potentialAction":[{"@type":"SearchAction","target":{"@type":"EntryPoint","urlTemplate":"https:\/\/www.africa-press.net\/tchad\/?s={search_term_string}"},"query-input":{"@type":"PropertyValueSpecification","valueRequired":true,"valueName":"search_term_string"}}],"inLanguage":"fr-FR"},{"@type":"Person","@id":"https:\/\/www.africa-press.net\/tchad\/#\/schema\/person\/2b1cf3cd81a31e3cd26889ca66d677f1","name":"cfeditorfr"}]}},"_links":{"self":[{"href":"https:\/\/www.africa-press.net\/tchad\/wp-json\/wp\/v2\/posts\/31102","targetHints":{"allow":["GET"]}}],"collection":[{"href":"https:\/\/www.africa-press.net\/tchad\/wp-json\/wp\/v2\/posts"}],"about":[{"href":"https:\/\/www.africa-press.net\/tchad\/wp-json\/wp\/v2\/types\/post"}],"author":[{"embeddable":true,"href":"https:\/\/www.africa-press.net\/tchad\/wp-json\/wp\/v2\/users\/82"}],"replies":[{"embeddable":true,"href":"https:\/\/www.africa-press.net\/tchad\/wp-json\/wp\/v2\/comments?post=31102"}],"version-history":[{"count":0,"href":"https:\/\/www.africa-press.net\/tchad\/wp-json\/wp\/v2\/posts\/31102\/revisions"}],"wp:featuredmedia":[{"embeddable":true,"href":"https:\/\/www.africa-press.net\/tchad\/wp-json\/wp\/v2\/media\/31101"}],"wp:attachment":[{"href":"https:\/\/www.africa-press.net\/tchad\/wp-json\/wp\/v2\/media?parent=31102"}],"wp:term":[{"taxonomy":"category","embeddable":true,"href":"https:\/\/www.africa-press.net\/tchad\/wp-json\/wp\/v2\/categories?post=31102"},{"taxonomy":"post_tag","embeddable":true,"href":"https:\/\/www.africa-press.net\/tchad\/wp-json\/wp\/v2\/tags?post=31102"}],"curies":[{"name":"wp","href":"https:\/\/api.w.org\/{rel}","templated":true}]}}