{"id":31105,"date":"2022-08-22T17:59:06","date_gmt":"2022-08-22T17:59:06","guid":{"rendered":"https:\/\/www.africa-press.net\/tchad\/politique\/d-n-i-s-les-responsables-du-parti-reformiste-recus-par-le-pcmt"},"modified":"2022-08-22T18:10:58","modified_gmt":"2022-08-22T18:10:58","slug":"d-n-i-s-les-responsables-du-parti-reformiste-recus-par-le-pcmt","status":"publish","type":"post","link":"https:\/\/www.africa-press.net\/tchad\/parties\/d-n-i-s-les-responsables-du-parti-reformiste-recus-par-le-pcmt","title":{"rendered":"D N I S :les responsables du Parti R\u00e9formiste re\u00e7us par le PCMT"},"content":{"rendered":"<p><span style=\"color: #ff6600\"><strong>Africa-Press &#8211; Tchad. <\/strong><\/span>Le Pr\u00e9sident du Conseil Militaire de Transition, G\u00e9n\u00e9ral MAHAMAT IDRISS DEBY ITNO a accord\u00e9 ce midi une audience aux responsables du Parti R\u00e9formiste conduits par le Pr\u00e9sident National, M. Yacine Abdramane Sakine.<\/p>\n<p>Les \u00e9changes avec le Chef de l\u2019Etat ont port\u00e9 sur leur participation au Dialogue National Inclusif et Souverain. M. Yacine Abdramane Sakine et ses camarades, ont d\u00e9cid\u00e9 la veille du lancement officiel des assisses de participer \u00e0 cette grand-messe.<\/p>\n<p>Pour avoir op\u00e9r\u00e9 ce choix citoyen, le Chef de l\u2019Etat, en sa qualit\u00e9 de garant du Dialogue National Inclusif et Souverain, les a f\u00e9licit\u00e9s. Il a r\u00e9it\u00e9r\u00e9 son v\u0153u de voir ceux qui h\u00e9sitent encore leur emboiter le pas pour que la symphonie du Dialogue National Inclusif et Souverain soit belle et qu\u2019aucune note discordante ne vienne ternir l\u2019\u00e9clat de cette communion nationale<\/p>\n<p>Le Pr\u00e9sident de la R\u00e9publique, G\u00e9n\u00e9ral MAHAMAT IDRISS DEBY ITNO souhaite voir l\u2019ensemble des tchadiens participer \u00e0 ce rendez-vous afin que chacun, sans tabou, puisse exprimer sa vision pour le pays.<\/p>\n<p><strong>Pour plus d&rsquo;informations et d&rsquo;analyses sur la <a href=\"https:\/\/www.africa-press.net\/tchad\">Tchad<\/a>, suivez <a href=\"https:\/\/www.africa-press.net\/\">Africa-Press<\/a><\/strong><\/p>\n","protected":false},"excerpt":{"rendered":"<p>Africa-Press &#8211; Tchad. Le Pr\u00e9sident du Conseil Militaire de Transition, G\u00e9n\u00e9ral MAHAMAT IDRISS DEBY ITNO a accord\u00e9 ce midi une audience aux responsables du Parti R\u00e9formiste conduits par le Pr\u00e9sident National, M. Yacine Abdramane Sakine. Les \u00e9changes avec le Chef de l\u2019Etat ont port\u00e9 sur leur participation au Dialogue National Inclusif et Souverain. M. Yacine [&hellip;]<\/p>\n","protected":false},"author":82,"featured_media":31104,"comment_status":"open","ping_status":"closed","sticky":false,"template":"","format":"standard","meta":{"footnotes":""},"categories":[11,4,20,10],"tags":[37,292,29],"class_list":["post-31105","post","type-post","status-publish","format-standard","has-post-thumbnail","hentry","category-homepage-french","category-parties","category-top-nouvelles","category-toutes-les-actualites","tag-africa-press","tag-africa-press-tchad","tag-tchad"],"yoast_head":"<!-- This site is optimized with the Yoast SEO Premium plugin v26.1 (Yoast SEO v27.0) - https:\/\/yoast.com\/product\/yoast-seo-premium-wordpress\/ -->\n<title>D N I S :les responsables du Parti R\u00e9formiste re\u00e7us par le PCMT - tchad<\/title>\n<meta name=\"description\" content=\"Le Pr\u00e9sident du Conseil Militaire de Transition, G\u00e9n\u00e9ral MAHAMAT IDRISS DEBY ITNO a accord\u00e9 ce midi une audience aux res ...\" \/>\n<meta name=\"robots\" content=\"index, follow, max-snippet:-1, max-image-preview:large, max-video-preview:-1\" \/>\n<link rel=\"canonical\" href=\"https:\/\/www.africa-press.net\/tchad\/parties\/d-n-i-s-les-responsables-du-parti-reformiste-recus-par-le-pcmt\" \/>\n<meta property=\"og:locale\" content=\"fr_FR\" \/>\n<meta property=\"og:type\" content=\"article\" \/>\n<meta property=\"og:title\" content=\"D N I S :les responsables du Parti R\u00e9formiste re\u00e7us par le PCMT\" \/>\n<meta property=\"og:description\" content=\"Le Pr\u00e9sident du Conseil Militaire de Transition, G\u00e9n\u00e9ral MAHAMAT IDRISS DEBY ITNO a accord\u00e9 ce midi une audience aux res ...\" \/>\n<meta property=\"og:url\" content=\"https:\/\/www.africa-press.net\/tchad\/parties\/d-n-i-s-les-responsables-du-parti-reformiste-recus-par-le-pcmt\" \/>\n<meta property=\"og:site_name\" content=\"tchad\" \/>\n<meta property=\"article:published_time\" content=\"2022-08-22T17:59:06+00:00\" \/>\n<meta property=\"article:modified_time\" content=\"2022-08-22T18:10:58+00:00\" \/>\n<meta property=\"og:image\" content=\"https:\/\/static.africa-press.net\/tchad\/sites\/41\/2022\/08\/postQueueImg_19-6303c69fdf4a5.jpg\" \/>\n\t<meta property=\"og:image:width\" content=\"1024\" \/>\n\t<meta property=\"og:image:height\" content=\"623\" \/>\n\t<meta property=\"og:image:type\" content=\"image\/jpeg\" \/>\n<meta name=\"author\" content=\"cfeditorfr\" \/>\n<meta name=\"twitter:card\" content=\"summary_large_image\" \/>\n<meta name=\"twitter:label1\" content=\"\u00c9crit par\" \/>\n\t<meta name=\"twitter:data1\" content=\"cfeditorfr\" \/>\n\t<meta name=\"twitter:label2\" content=\"Dur\u00e9e de lecture estim\u00e9e\" \/>\n\t<meta name=\"twitter:data2\" content=\"1 minute\" \/>\n<script type=\"application\/ld+json\" class=\"yoast-schema-graph\">{\"@context\":\"https:\/\/schema.org\",\"@graph\":[{\"@type\":\"Article\",\"@id\":\"https:\/\/www.africa-press.net\/tchad\/parties\/d-n-i-s-les-responsables-du-parti-reformiste-recus-par-le-pcmt#article\",\"isPartOf\":{\"@id\":\"https:\/\/www.africa-press.net\/tchad\/parties\/d-n-i-s-les-responsables-du-parti-reformiste-recus-par-le-pcmt\"},\"author\":{\"name\":\"cfeditorfr\",\"@id\":\"https:\/\/www.africa-press.net\/tchad\/#\/schema\/person\/2b1cf3cd81a31e3cd26889ca66d677f1\"},\"headline\":\"D N I S :les responsables du Parti R\u00e9formiste re\u00e7us par le PCMT\",\"datePublished\":\"2022-08-22T17:59:06+00:00\",\"dateModified\":\"2022-08-22T18:10:58+00:00\",\"mainEntityOfPage\":{\"@id\":\"https:\/\/www.africa-press.net\/tchad\/parties\/d-n-i-s-les-responsables-du-parti-reformiste-recus-par-le-pcmt\"},\"wordCount\":215,\"commentCount\":0,\"image\":{\"@id\":\"https:\/\/www.africa-press.net\/tchad\/parties\/d-n-i-s-les-responsables-du-parti-reformiste-recus-par-le-pcmt#primaryimage\"},\"thumbnailUrl\":\"https:\/\/static.africa-press.net\/tchad\/sites\/41\/2022\/08\/postQueueImg_19-6303c69fdf4a5.jpg\",\"keywords\":[\"Africa Press\",\"Africa Press-Tchad\",\"Tchad\"],\"articleSection\":[\"homepage-french\",\"Parties\",\"Top Nouvelles\",\"Toutes les actualit\u00e9s\"],\"inLanguage\":\"fr-FR\",\"potentialAction\":[{\"@type\":\"CommentAction\",\"name\":\"Comment\",\"target\":[\"https:\/\/www.africa-press.net\/tchad\/parties\/d-n-i-s-les-responsables-du-parti-reformiste-recus-par-le-pcmt#respond\"]}]},{\"@type\":\"WebPage\",\"@id\":\"https:\/\/www.africa-press.net\/tchad\/parties\/d-n-i-s-les-responsables-du-parti-reformiste-recus-par-le-pcmt\",\"url\":\"https:\/\/www.africa-press.net\/tchad\/parties\/d-n-i-s-les-responsables-du-parti-reformiste-recus-par-le-pcmt\",\"name\":\"D N I S :les responsables du Parti R\u00e9formiste re\u00e7us par le PCMT - tchad\",\"isPartOf\":{\"@id\":\"https:\/\/www.africa-press.net\/tchad\/#website\"},\"primaryImageOfPage\":{\"@id\":\"https:\/\/www.africa-press.net\/tchad\/parties\/d-n-i-s-les-responsables-du-parti-reformiste-recus-par-le-pcmt#primaryimage\"},\"image\":{\"@id\":\"https:\/\/www.africa-press.net\/tchad\/parties\/d-n-i-s-les-responsables-du-parti-reformiste-recus-par-le-pcmt#primaryimage\"},\"thumbnailUrl\":\"https:\/\/static.africa-press.net\/tchad\/sites\/41\/2022\/08\/postQueueImg_19-6303c69fdf4a5.jpg\",\"datePublished\":\"2022-08-22T17:59:06+00:00\",\"dateModified\":\"2022-08-22T18:10:58+00:00\",\"author\":{\"@id\":\"https:\/\/www.africa-press.net\/tchad\/#\/schema\/person\/2b1cf3cd81a31e3cd26889ca66d677f1\"},\"description\":\"Le Pr\u00e9sident du Conseil Militaire de Transition, G\u00e9n\u00e9ral MAHAMAT IDRISS DEBY ITNO a accord\u00e9 ce midi une audience aux res ...\",\"breadcrumb\":{\"@id\":\"https:\/\/www.africa-press.net\/tchad\/parties\/d-n-i-s-les-responsables-du-parti-reformiste-recus-par-le-pcmt#breadcrumb\"},\"inLanguage\":\"fr-FR\",\"potentialAction\":[{\"@type\":\"ReadAction\",\"target\":[\"https:\/\/www.africa-press.net\/tchad\/parties\/d-n-i-s-les-responsables-du-parti-reformiste-recus-par-le-pcmt\"]}]},{\"@type\":\"ImageObject\",\"inLanguage\":\"fr-FR\",\"@id\":\"https:\/\/www.africa-press.net\/tchad\/parties\/d-n-i-s-les-responsables-du-parti-reformiste-recus-par-le-pcmt#primaryimage\",\"url\":\"https:\/\/static.africa-press.net\/tchad\/sites\/41\/2022\/08\/postQueueImg_19-6303c69fdf4a5.jpg\",\"contentUrl\":\"https:\/\/static.africa-press.net\/tchad\/sites\/41\/2022\/08\/postQueueImg_19-6303c69fdf4a5.jpg\",\"width\":1024,\"height\":623,\"caption\":\"D N I S :les responsables du Parti R\u00e9formiste re\u00e7us par le PCMT\"},{\"@type\":\"BreadcrumbList\",\"@id\":\"https:\/\/www.africa-press.net\/tchad\/parties\/d-n-i-s-les-responsables-du-parti-reformiste-recus-par-le-pcmt#breadcrumb\",\"itemListElement\":[{\"@type\":\"ListItem\",\"position\":1,\"name\":\"Accueil\",\"item\":\"https:\/\/www.africa-press.net\/tchad\/\"},{\"@type\":\"ListItem\",\"position\":2,\"name\":\"D N I S :les responsables du Parti R\u00e9formiste re\u00e7us par le PCMT\"}]},{\"@type\":\"WebSite\",\"@id\":\"https:\/\/www.africa-press.net\/tchad\/#website\",\"url\":\"https:\/\/www.africa-press.net\/tchad\/\",\"name\":\"tchad\",\"description\":\"Just another Africa News Agency Sites site\",\"potentialAction\":[{\"@type\":\"SearchAction\",\"target\":{\"@type\":\"EntryPoint\",\"urlTemplate\":\"https:\/\/www.africa-press.net\/tchad\/?s={search_term_string}\"},\"query-input\":{\"@type\":\"PropertyValueSpecification\",\"valueRequired\":true,\"valueName\":\"search_term_string\"}}],\"inLanguage\":\"fr-FR\"},{\"@type\":\"Person\",\"@id\":\"https:\/\/www.africa-press.net\/tchad\/#\/schema\/person\/2b1cf3cd81a31e3cd26889ca66d677f1\",\"name\":\"cfeditorfr\"}]}<\/script>\n<!-- \/ Yoast SEO Premium plugin. -->","yoast_head_json":{"title":"D N I S :les responsables du Parti R\u00e9formiste re\u00e7us par le PCMT - tchad","description":"Le Pr\u00e9sident du Conseil Militaire de Transition, G\u00e9n\u00e9ral MAHAMAT IDRISS DEBY ITNO a accord\u00e9 ce midi une audience aux res ...","robots":{"index":"index","follow":"follow","max-snippet":"max-snippet:-1","max-image-preview":"max-image-preview:large","max-video-preview":"max-video-preview:-1"},"canonical":"https:\/\/www.africa-press.net\/tchad\/parties\/d-n-i-s-les-responsables-du-parti-reformiste-recus-par-le-pcmt","og_locale":"fr_FR","og_type":"article","og_title":"D N I S :les responsables du Parti R\u00e9formiste re\u00e7us par le PCMT","og_description":"Le Pr\u00e9sident du Conseil Militaire de Transition, G\u00e9n\u00e9ral MAHAMAT IDRISS DEBY ITNO a accord\u00e9 ce midi une audience aux res ...","og_url":"https:\/\/www.africa-press.net\/tchad\/parties\/d-n-i-s-les-responsables-du-parti-reformiste-recus-par-le-pcmt","og_site_name":"tchad","article_published_time":"2022-08-22T17:59:06+00:00","article_modified_time":"2022-08-22T18:10:58+00:00","og_image":[{"width":1024,"height":623,"url":"https:\/\/static.africa-press.net\/tchad\/sites\/41\/2022\/08\/postQueueImg_19-6303c69fdf4a5.jpg","type":"image\/jpeg"}],"author":"cfeditorfr","twitter_card":"summary_large_image","twitter_misc":{"\u00c9crit par":"cfeditorfr","Dur\u00e9e de lecture estim\u00e9e":"1 minute"},"schema":{"@context":"https:\/\/schema.org","@graph":[{"@type":"Article","@id":"https:\/\/www.africa-press.net\/tchad\/parties\/d-n-i-s-les-responsables-du-parti-reformiste-recus-par-le-pcmt#article","isPartOf":{"@id":"https:\/\/www.africa-press.net\/tchad\/parties\/d-n-i-s-les-responsables-du-parti-reformiste-recus-par-le-pcmt"},"author":{"name":"cfeditorfr","@id":"https:\/\/www.africa-press.net\/tchad\/#\/schema\/person\/2b1cf3cd81a31e3cd26889ca66d677f1"},"headline":"D N I S :les responsables du Parti R\u00e9formiste re\u00e7us par le PCMT","datePublished":"2022-08-22T17:59:06+00:00","dateModified":"2022-08-22T18:10:58+00:00","mainEntityOfPage":{"@id":"https:\/\/www.africa-press.net\/tchad\/parties\/d-n-i-s-les-responsables-du-parti-reformiste-recus-par-le-pcmt"},"wordCount":215,"commentCount":0,"image":{"@id":"https:\/\/www.africa-press.net\/tchad\/parties\/d-n-i-s-les-responsables-du-parti-reformiste-recus-par-le-pcmt#primaryimage"},"thumbnailUrl":"https:\/\/static.africa-press.net\/tchad\/sites\/41\/2022\/08\/postQueueImg_19-6303c69fdf4a5.jpg","keywords":["Africa Press","Africa Press-Tchad","Tchad"],"articleSection":["homepage-french","Parties","Top Nouvelles","Toutes les actualit\u00e9s"],"inLanguage":"fr-FR","potentialAction":[{"@type":"CommentAction","name":"Comment","target":["https:\/\/www.africa-press.net\/tchad\/parties\/d-n-i-s-les-responsables-du-parti-reformiste-recus-par-le-pcmt#respond"]}]},{"@type":"WebPage","@id":"https:\/\/www.africa-press.net\/tchad\/parties\/d-n-i-s-les-responsables-du-parti-reformiste-recus-par-le-pcmt","url":"https:\/\/www.africa-press.net\/tchad\/parties\/d-n-i-s-les-responsables-du-parti-reformiste-recus-par-le-pcmt","name":"D N I S :les responsables du Parti R\u00e9formiste re\u00e7us par le PCMT - tchad","isPartOf":{"@id":"https:\/\/www.africa-press.net\/tchad\/#website"},"primaryImageOfPage":{"@id":"https:\/\/www.africa-press.net\/tchad\/parties\/d-n-i-s-les-responsables-du-parti-reformiste-recus-par-le-pcmt#primaryimage"},"image":{"@id":"https:\/\/www.africa-press.net\/tchad\/parties\/d-n-i-s-les-responsables-du-parti-reformiste-recus-par-le-pcmt#primaryimage"},"thumbnailUrl":"https:\/\/static.africa-press.net\/tchad\/sites\/41\/2022\/08\/postQueueImg_19-6303c69fdf4a5.jpg","datePublished":"2022-08-22T17:59:06+00:00","dateModified":"2022-08-22T18:10:58+00:00","author":{"@id":"https:\/\/www.africa-press.net\/tchad\/#\/schema\/person\/2b1cf3cd81a31e3cd26889ca66d677f1"},"description":"Le Pr\u00e9sident du Conseil Militaire de Transition, G\u00e9n\u00e9ral MAHAMAT IDRISS DEBY ITNO a accord\u00e9 ce midi une audience aux res ...","breadcrumb":{"@id":"https:\/\/www.africa-press.net\/tchad\/parties\/d-n-i-s-les-responsables-du-parti-reformiste-recus-par-le-pcmt#breadcrumb"},"inLanguage":"fr-FR","potentialAction":[{"@type":"ReadAction","target":["https:\/\/www.africa-press.net\/tchad\/parties\/d-n-i-s-les-responsables-du-parti-reformiste-recus-par-le-pcmt"]}]},{"@type":"ImageObject","inLanguage":"fr-FR","@id":"https:\/\/www.africa-press.net\/tchad\/parties\/d-n-i-s-les-responsables-du-parti-reformiste-recus-par-le-pcmt#primaryimage","url":"https:\/\/static.africa-press.net\/tchad\/sites\/41\/2022\/08\/postQueueImg_19-6303c69fdf4a5.jpg","contentUrl":"https:\/\/static.africa-press.net\/tchad\/sites\/41\/2022\/08\/postQueueImg_19-6303c69fdf4a5.jpg","width":1024,"height":623,"caption":"D N I S :les responsables du Parti R\u00e9formiste re\u00e7us par le PCMT"},{"@type":"BreadcrumbList","@id":"https:\/\/www.africa-press.net\/tchad\/parties\/d-n-i-s-les-responsables-du-parti-reformiste-recus-par-le-pcmt#breadcrumb","itemListElement":[{"@type":"ListItem","position":1,"name":"Accueil","item":"https:\/\/www.africa-press.net\/tchad\/"},{"@type":"ListItem","position":2,"name":"D N I S :les responsables du Parti R\u00e9formiste re\u00e7us par le PCMT"}]},{"@type":"WebSite","@id":"https:\/\/www.africa-press.net\/tchad\/#website","url":"https:\/\/www.africa-press.net\/tchad\/","name":"tchad","description":"Just another Africa News Agency Sites site","potentialAction":[{"@type":"SearchAction","target":{"@type":"EntryPoint","urlTemplate":"https:\/\/www.africa-press.net\/tchad\/?s={search_term_string}"},"query-input":{"@type":"PropertyValueSpecification","valueRequired":true,"valueName":"search_term_string"}}],"inLanguage":"fr-FR"},{"@type":"Person","@id":"https:\/\/www.africa-press.net\/tchad\/#\/schema\/person\/2b1cf3cd81a31e3cd26889ca66d677f1","name":"cfeditorfr"}]}},"_links":{"self":[{"href":"https:\/\/www.africa-press.net\/tchad\/wp-json\/wp\/v2\/posts\/31105","targetHints":{"allow":["GET"]}}],"collection":[{"href":"https:\/\/www.africa-press.net\/tchad\/wp-json\/wp\/v2\/posts"}],"about":[{"href":"https:\/\/www.africa-press.net\/tchad\/wp-json\/wp\/v2\/types\/post"}],"author":[{"embeddable":true,"href":"https:\/\/www.africa-press.net\/tchad\/wp-json\/wp\/v2\/users\/82"}],"replies":[{"embeddable":true,"href":"https:\/\/www.africa-press.net\/tchad\/wp-json\/wp\/v2\/comments?post=31105"}],"version-history":[{"count":0,"href":"https:\/\/www.africa-press.net\/tchad\/wp-json\/wp\/v2\/posts\/31105\/revisions"}],"wp:featuredmedia":[{"embeddable":true,"href":"https:\/\/www.africa-press.net\/tchad\/wp-json\/wp\/v2\/media\/31104"}],"wp:attachment":[{"href":"https:\/\/www.africa-press.net\/tchad\/wp-json\/wp\/v2\/media?parent=31105"}],"wp:term":[{"taxonomy":"category","embeddable":true,"href":"https:\/\/www.africa-press.net\/tchad\/wp-json\/wp\/v2\/categories?post=31105"},{"taxonomy":"post_tag","embeddable":true,"href":"https:\/\/www.africa-press.net\/tchad\/wp-json\/wp\/v2\/tags?post=31105"}],"curies":[{"name":"wp","href":"https:\/\/api.w.org\/{rel}","templated":true}]}}