{"id":31120,"date":"2022-08-23T13:18:12","date_gmt":"2022-08-23T13:18:12","guid":{"rendered":"https:\/\/www.africa-press.net\/tchad\/politique\/au-president-macron-qui-propose-quune-commission-dhistoriens-se-penche-sur-le-passe-colonial-de-la-france-au-cameroun-un-comite-dintellectuels-africains-retorque-qu"},"modified":"2022-08-23T13:33:21","modified_gmt":"2022-08-23T13:33:21","slug":"au-president-macron-qui-propose-quune-commission-dhistoriens-se-penche-sur-le-passe-colonial-de-la-france-au-cameroun-un-comite-dintellectuels-africains-retorque-qu","status":"publish","type":"post","link":"https:\/\/www.africa-press.net\/tchad\/culture-et-art\/au-president-macron-qui-propose-quune-commission-dhistoriens-se-penche-sur-le-passe-colonial-de-la-france-au-cameroun-un-comite-dintellectuels-africains-retorque-qu","title":{"rendered":"Au pr\u00e9sident Macron qui propose qu\u2019une commission d\u2019historiens se penche sur le pass\u00e9 colonial de la France au Cameroun, un comit\u00e9 d\u2019intellectuels africains r\u00e9torque qu\u2019il incombe \u00e0 l\u2019UA de s\u2019emparer de cette question. Et de l\u2019aborder de mani\u00e8re globale, et non pays par pays, afin de ne pas diluer les responsabilit\u00e9s de Paris."},"content":{"rendered":"<p><span style=\"color: #ff6600\"><strong>Africa-Press &#8211; Tchad. <\/strong><\/span>La proposition, formul\u00e9e \u00e0 la fin de juillet par le pr\u00e9sident fran\u00e7ais lors de son d\u00e9placement au Cameroun, de mettre en place une commission constitu\u00e9e d\u2019historiens des deux pays afin de r\u00e9diger un rapport sur leur pass\u00e9 commun, accompagn\u00e9e de la promesse d\u2019ouvrir les archives fran\u00e7aises sur le sujet, n\u2019a pas \u00e9t\u00e9 du go\u00fbt d\u2019un certain nombre d\u2019intellectuels africains. R\u00e9unis autour de l\u2019\u00e9crivain et universitaire camerounais Eug\u00e8ne \u00c9bod\u00e9, plusieurs dizaines d\u2019entre eux ont souhait\u00e9 r\u00e9agir par un texte commun, que Jeune Afrique publie ici. La liste compl\u00e8te et r\u00e9guli\u00e8rement mise \u00e0 jour des signataires est \u00e0 retrouver sur la page https:\/\/www.facebook.com\/eugene.ebode.<\/p>\n<p>\u00ab Je souhaite que nous puissions avoir et lancer ensemble un travail conjoint d\u2019historiens camerounais et fran\u00e7ais. \u00bb C\u2019est la proposition faite par Emmanuel Macron lors de sa visite des 25 et 26 juillet au Cameroun pour tenter de liquider un pass\u00e9 colonial qui ne passe pas. Il s\u2019agit d\u2019un passif consid\u00e9rable et de graves crimes commis sur les nations africaines, encore douloureusement ressentis par les populations, les familles de victimes et les humanistes. La France tra\u00eene depuis plus de soixante-dix ans ce boulet m\u00e9moriel et peine \u00e0 se sortir honorablement de ce bourbier.<\/p>\n<p>Massacres<br \/>\nSi le pr\u00e9sident Macron est revenu sur cet \u00e9pineux probl\u00e8me, sa proposition irrite davantage qu\u2019elle n\u2019apaise. Les faits sont \u00e9tablis, r\u00e9pertori\u00e9s, connus, d\u00e9j\u00e0 publi\u00e9s. La m\u00e9thode choisie reste tout aussi contestable pour nombre de Camerounais et d\u2019Africains, en particulier s\u2019agissant des bilans chiffr\u00e9s des \u00e9v\u00e9nements sanglants qui ont rythm\u00e9 la fin de la colonisation. Pour le seul Cameroun, le bilan est lourd, m\u00eame si les sp\u00e9cialistes ne s\u2019accordent pas tous sur les chiffres.<\/p>\n<p>UN SYST\u00c8ME COLONIAL JURIDIQUEMENT CONDAMNABLE ET MORALEMENT IND\u00c9FENDABLE<\/p>\n<p>Par-del\u00e0 les assassinats cibl\u00e9s de leaders ind\u00e9pendantistes tels que Ruben Um Nyob\u00e9, F\u00e9lix Moumi\u00e9 ou Castor Osend\u00e9 Afana, l\u2019\u00e9crivain et historien camerounais Jacques Kago L\u00e9l\u00e9 va jusqu\u2019\u00e0 d\u00e9nombrer entre 800 000 et un million de morts entre 1955 et 1960, lors de la guerre de lib\u00e9ration, dans le d\u00e9partement de la Sanaga-Maritime ou dans les villes de Douala, Nkongsamba, Sangm\u00e9lima, Ebolowa, dont 8 000 personnes massacr\u00e9es dans la localit\u00e9 de Yogandima et quelque 400 000 en pays bamil\u00e9k\u00e9. Dans leur livre Kamerun. Une guerre cach\u00e9e aux origines de la Fran\u00e7afrique, paru en 2011, Manuel Domergue, Jacob Tatsitsa et Thomas Deltombe \u00e9voquent, eux, \u00ab plusieurs dizaines de milliers de morts \u00bb.<\/p>\n<p>Qu\u2019apporteraient les commissions d\u2019historiens sugg\u00e9r\u00e9es par le pr\u00e9sident Macron ? Certes des d\u00e9tails plus pr\u00e9cis. Et, probablement, la r\u00e9v\u00e9lation d\u2019exactions commises par le camp nationaliste, voire de trahisons internes. L\u00e0 n\u2019est pas l\u2019essentiel.<\/p>\n<p>Le point de d\u00e9part de toute action sur cette question m\u00e9morielle devrait \u00eatre la reconnaissance, par l\u2019\u00c9tat fran\u00e7ais, des crimes commis en son nom et la pr\u00e9sentation d\u2019excuses aux peuples outrag\u00e9s par un syst\u00e8me criminel, n\u00e9faste, brutal et pr\u00e9varicateur. Il a pour nom la colonisation et pour mobile l\u2019exploitation. Il est, par sa nature m\u00eame, juridiquement condamnable et moralement ind\u00e9fendable. En outre, on peut douter de l\u2019efficacit\u00e9 des travaux promus par le pr\u00e9sident Macron car le dispositif qu\u2019il propose est non contraignant.<\/p>\n<p>Diplomatie de l\u2019\u00e9dredon<br \/>\nLes travaux parcellaires de l\u2019historien Benjamin Stora, charg\u00e9 en 2020 de r\u00e9diger un rapport sur \u00ab les questions m\u00e9morielles portant sur la colonisation et la guerre d\u2019Alg\u00e9rie \u00bb, ont montr\u00e9 les limites et les failles de cette formule vou\u00e9e aux petits pas, aux man\u0153uvres tactiques et politiciennes. Dans son rapport, remis le 20 janvier 2021, Benjamin Stora a davantage parl\u00e9 de la guerre d\u2019Alg\u00e9rie que des autres pays africains.<\/p>\n<p>La colonisation en Alg\u00e9rie surpassa en effet en massacres, en drames, en tortures et en spoliations toutes les entreprises identiques, en raison du type particulier de colonie dont il s\u2019est agi \u2013 une colonie de peuplement \u2013 ; en raison, aussi, de sa dur\u00e9e, de son intensit\u00e9 et des horreurs du syst\u00e8me d\u2019exploitation et d\u2019assujettissement que le colonisateur exer\u00e7a dans ce pays.<\/p>\n<p>Mais, en \u00e9vitant une approche globale (du moins continent par continent) de la colonisation, on tombe dans le pi\u00e8ge tendu par la diplomatie de la commission Th\u00e9odule ou dans celui du rapport commis par un savant amadou\u00e9. Elle s\u2019apparente \u00e0 une diplomatie de l\u2019\u00e9dredon et emprunte les allures du \u00ab colonisateur de bonne volont\u00e9 \u00bb, comme dirait Albert Memmi. Ce colonisateur-l\u00e0 admet moins par conviction que par tactique les crimes du pass\u00e9 colonial. Il cherche surtout \u00e0 dissoudre ce m\u00e9fait colossal dans le souhait de liquider davantage encore une pr\u00e9tendue \u00ab rente m\u00e9morielle \u00bb. Il \u00e9vite d\u2019entendre les bless\u00e9s et les outrag\u00e9s de ce traumatisant \u00e9pisode des relations internationales.<br \/>\nCet empressement est fait pour redorer une image et repeinturlurer un drapeau sans condamner le syst\u00e8me colonial et ses prolongements. Ses promoteurs ne visent pas un dialogue franc et sinc\u00e8re. Ils cherchent \u00e0 \u00e9viter le proc\u00e8s post-colonial instruit par des peuples \u00e9cras\u00e9s hier et spoli\u00e9s \u00e0 jamais. L\u2019id\u00e9e de cr\u00e9er un comit\u00e9 franco-camerounais est l\u2019une des ficelles \u00e0 partir desquelles on cherche \u00e0 habiller de vertu une d\u00e9marche qui n\u2019utilise que la ruse pour gagner du temps. Cette approche appara\u00eet donc pour ce qu\u2019elle est : grotesque par ses finasseries, insupportable aux nations, aux populations comme aux familles martyris\u00e9es. Examiner les crimes coloniaux et post-coloniaux en les segmentant nation par nation serait un aveuglement et une grave entorse \u00e0 la v\u00e9rit\u00e9 globale.<\/p>\n<p>Approche globale<br \/>\nPlut\u00f4t que de monter un nouveau comit\u00e9 d\u2019historiens, il faut exiger l\u2019ouverture de toutes les archives de la colonisation europ\u00e9enne et mettre sur pied un comit\u00e9 d\u2019intellectuels africains qui y travaillerait, non pendant un an, mais cinq ans s\u2019il le faut. L\u2019Alg\u00e9rie, le Cameroun, le Nigeria, le Mali, le Maroc, l\u2019Angola, le Mozambique, Madagascar, les Comores, la Guin\u00e9e, la Sierra Leone, le Cap-Vert, le Kenya, les Congos, pour ne citer que ces pays, attendent une reconnaissance sans contorsions des terribles dommages que leur a caus\u00e9 le syst\u00e8me colonial : massacres, violences, avilissement, spoliation.<\/p>\n<p>Emmanuel Macron gagnerait \u00e0 le dire sans tarder et \u00e0 pr\u00e9senter, pour l\u2019Histoire et non pour les seuls historiens, les sinc\u00e8res regrets qui s\u2019imposent avant que ne d\u00e9bute l\u2019examen global des d\u00e9sastres produits par la colonisation. Ne c\u00e9dons pas au saupoudrage, en examinant les d\u00e9g\u00e2ts colon par colon, autrement dit, au cas par cas, logique que tente de mettre en \u0153uvre M. Macron et qui renvoie au bilat\u00e9ralisme. L\u2019ampleur du ph\u00e9nom\u00e8ne autant que la nocivit\u00e9 du syst\u00e8me colonial exigent une r\u00e9flexion plus large et une approche multilat\u00e9rale.<\/p>\n<p>C\u2019est donc l\u2019\u00e9chelon continental et une instance supranationale qui nous paraissent les mieux indiqu\u00e9s pour \u00e9viter le retour du refoul\u00e9 colonial et la logique du dominant et du domin\u00e9. Ils sont les mieux \u00e0 m\u00eame pour traiter les vastes chahuts que causa l\u2019usurpateur colonialiste et leurs effets, qui bouleversent encore tant d\u2019existences. L\u2019Union africaine (UA) est parfaitement qualifi\u00e9e pour s\u2019emparer de cette affaire. C\u2019est \u00e0 elle de mandater des intellectuels africains du continent ou de la diaspora pour analyser ce que la conf\u00e9rence de Berlin a institu\u00e9, en 1884-1885, et ce qu\u2019elle a produit durant une longue p\u00e9riode sous la logique de l\u2019imp\u00e9rialisme et des politiques supr\u00e9macistes.<\/p>\n<p>LE PR\u00c9SIDENT MACRON FEINT DE SOLDER LE PASSIF POUR MIEUX SE PR\u00c9SENTER EN LIB\u00c9RATEUR<\/p>\n<p>L\u2019UA proposerait \u00e0 l\u2019Union europ\u00e9enne le cadre de sa d\u00e9marche, ses objectifs et un calendrier de travaux portant sur \u00ab la trag\u00e9die que fut la colonisation et les moyens \u00e0 mobiliser pour l\u2019apaisement des m\u00e9moires et le repos des morts \u00bb. Il s\u2019agit de sortir d\u2019un cycle infernal et de la distance nagu\u00e8re \u00e9tablie \u2013 et qui perdure \u2013 entre le colonisateur et le colonis\u00e9. Il n\u2019y a rien de particulier \u00e0 attendre des initiatives isol\u00e9es de M. Macron, car il feint de solder le passif pour mieux se pr\u00e9senter en lib\u00e9rateur. Ce faisant, il n\u2019entretient que le doute ou, pis, la distance.<\/p>\n<p>Albert Memmi, dans Portrait du Colonisateur (1957), a \u00e9crit au sujet de la distance qu\u2019entretien le colonisateur avec le colonis\u00e9 : \u00ab Pour se justifier, [le colonisateur] est amen\u00e9 \u00e0 augmenter encore cette distance, \u00e0 opposer irr\u00e9m\u00e9diablement les deux figures, la sienne tellement glorieuse, celle du colonis\u00e9 tellement m\u00e9prisable. \u00bb<\/p>\n<p>Le couple soul\u00e8vement-r\u00e9pression, qui s\u2019ouvrit \u00e0 Thiaroye, au S\u00e9n\u00e9gal, le 1er d\u00e9cembre 1944, se poursuivit \u00e0 S\u00e9tif et \u00e0 Guelma, en Alg\u00e9rie, le 8 mai 1945, avant de s\u2019\u00e9tendre \u00e0 Madagascar en 1947 puis au Cameroun dans les ann\u00e9es 1950 a laiss\u00e9 des traces et des traumatismes encore vifs. Il est temps que la m\u00e9moire r\u00e9ellement partag\u00e9e s\u2019en saisisse dans l\u2019espoir d\u2019une r\u00e9solution durable de ce qui demeure une fracture profonde et douloureuse dans le c\u0153ur des nations hier exploit\u00e9es et aujourd\u2019hui souveraines. Les Africains sont pr\u00eats \u00e0 faire cette anamn\u00e8se. Et l\u2019Europe ? Elle doit clairement s\u2019exprimer. Il faut que ceux qui veulent en finir avec les drames et le pass\u00e9 colonial examinent cette affaire en la pla\u00e7ant au bon \u00e9chelon, sous l\u2019\u00e9gide d\u2019institutions politiques, et en mobilisant un coll\u00e8ge de personnalit\u00e9s choisies par les instances continentales. Le moment est venu de r\u00e9aliser ce travail.<\/p>\n<p>Pr Eug\u00e8ne \u00c9bod\u00e9, \u00e9crivain, universitaire, Cameroun ; Jean-C\u00e9lestin Edjangu\u00e9, journaliste-essayiste, Cameroun ; Jean-Luc Raharimanana, \u00e9crivain, Madagascar ; Pr Pape Mass\u00e8ne S\u00e8ne, universitaire, S\u00e9n\u00e9gal ; Gabriel Okoundji, \u00e9crivain, Congo Brazzaville ; Pr Amadou Elimane Kane, \u00e9crivain, universitaire, S\u00e9n\u00e9gal ; Arab Tayeb, plasticien, Alg\u00e9rie ; Arlette Casas, commissaire d\u2019exposition, Alg\u00e9rie ; Zulu Mbaye, plasticien, S\u00e9n\u00e9gal ; Pr Juv\u00e9nal Ngorwanubusa, \u00e9crivain, universitaire, ancien ministre, Burundi ; Blaise Ndala, \u00e9crivain, RD Congo ; Fiston Mwanza Mujila, \u00e9crivain, RD Congo ; \u00c9ric-Jo\u00ebl Bekal\u00e9, \u00e9crivain-diplomate, Gabon ; Mamadou Seck, \u00e9crivain, grand reporter \u00e0 L\u2019Observateur, S\u00e9n\u00e9gal ; Jean-Claude Tchatchouang, \u00e9conomiste, ancien administrateur \u00e0 la Banque mondiale, Cameroun\u2026<\/p>\n<p><strong>Pour plus d&rsquo;informations et d&rsquo;analyses sur la <a href=\"https:\/\/www.africa-press.net\/tchad\">Tchad<\/a>, suivez <a href=\"https:\/\/www.africa-press.net\/\">Africa-Press<\/a><\/strong><\/p>\n","protected":false},"excerpt":{"rendered":"<p>Africa-Press &#8211; Tchad. La proposition, formul\u00e9e \u00e0 la fin de juillet par le pr\u00e9sident fran\u00e7ais lors de son d\u00e9placement au Cameroun, de mettre en place une commission constitu\u00e9e d\u2019historiens des deux pays afin de r\u00e9diger un rapport sur leur pass\u00e9 commun, accompagn\u00e9e de la promesse d\u2019ouvrir les archives fran\u00e7aises sur le sujet, n\u2019a pas \u00e9t\u00e9 [&hellip;]<\/p>\n","protected":false},"author":82,"featured_media":31119,"comment_status":"open","ping_status":"closed","sticky":false,"template":"","format":"standard","meta":{"footnotes":""},"categories":[5,11,10],"tags":[37,292,29],"class_list":["post-31120","post","type-post","status-publish","format-standard","has-post-thumbnail","hentry","category-culture-et-art","category-homepage-french","category-toutes-les-actualites","tag-africa-press","tag-africa-press-tchad","tag-tchad"],"yoast_head":"<!-- This site is optimized with the Yoast SEO Premium plugin v26.1 (Yoast SEO v27.0) - https:\/\/yoast.com\/product\/yoast-seo-premium-wordpress\/ -->\n<title>Au pr\u00e9sident Macron qui propose qu\u2019une commission d\u2019historiens se penche sur le pass\u00e9 colonial de la France au Cameroun, un comit\u00e9 d\u2019intellectuels africains r\u00e9torque qu\u2019il incombe \u00e0 l\u2019UA de s\u2019emparer de cette question. Et de l\u2019aborder de mani\u00e8re globale, et non pays par pays, afin de ne pas diluer les responsabilit\u00e9s de Paris. - tchad<\/title>\n<meta name=\"description\" content=\"La proposition, formul\u00e9e \u00e0 la fin de juillet par le pr\u00e9sident fran\u00e7ais lors de son d\u00e9placement au Cameroun, de mettre en ...\" \/>\n<meta name=\"robots\" content=\"index, follow, max-snippet:-1, max-image-preview:large, max-video-preview:-1\" \/>\n<link rel=\"canonical\" href=\"https:\/\/www.africa-press.net\/tchad\/culture-et-art\/au-president-macron-qui-propose-quune-commission-dhistoriens-se-penche-sur-le-passe-colonial-de-la-france-au-cameroun-un-comite-dintellectuels-africains-retorque-qu\" \/>\n<meta property=\"og:locale\" content=\"fr_FR\" \/>\n<meta property=\"og:type\" content=\"article\" \/>\n<meta property=\"og:title\" content=\"Au pr\u00e9sident Macron qui propose qu\u2019une commission d\u2019historiens se penche sur le pass\u00e9 colonial de la France au Cameroun, un comit\u00e9 d\u2019intellectuels africains r\u00e9torque qu\u2019il incombe \u00e0 l\u2019UA de s\u2019emparer de cette question. Et de l\u2019aborder de mani\u00e8re globale, et non pays par pays, afin de ne pas diluer les responsabilit\u00e9s de Paris.\" \/>\n<meta property=\"og:description\" content=\"La proposition, formul\u00e9e \u00e0 la fin de juillet par le pr\u00e9sident fran\u00e7ais lors de son d\u00e9placement au Cameroun, de mettre en ...\" \/>\n<meta property=\"og:url\" content=\"https:\/\/www.africa-press.net\/tchad\/culture-et-art\/au-president-macron-qui-propose-quune-commission-dhistoriens-se-penche-sur-le-passe-colonial-de-la-france-au-cameroun-un-comite-dintellectuels-africains-retorque-qu\" \/>\n<meta property=\"og:site_name\" content=\"tchad\" \/>\n<meta property=\"article:published_time\" content=\"2022-08-23T13:18:12+00:00\" \/>\n<meta property=\"article:modified_time\" content=\"2022-08-23T13:33:21+00:00\" \/>\n<meta property=\"og:image\" content=\"https:\/\/static.africa-press.net\/tchad\/sites\/41\/2022\/08\/postQueueImg_4-6304d70b0b4d6.jpg\" \/>\n\t<meta property=\"og:image:width\" content=\"2000\" \/>\n\t<meta property=\"og:image:height\" content=\"1000\" \/>\n\t<meta property=\"og:image:type\" content=\"image\/jpeg\" \/>\n<meta name=\"author\" content=\"cfeditorfr\" \/>\n<meta name=\"twitter:card\" content=\"summary_large_image\" \/>\n<meta name=\"twitter:label1\" content=\"\u00c9crit par\" \/>\n\t<meta name=\"twitter:data1\" content=\"cfeditorfr\" \/>\n\t<meta name=\"twitter:label2\" content=\"Dur\u00e9e de lecture estim\u00e9e\" \/>\n\t<meta name=\"twitter:data2\" content=\"8 minutes\" \/>\n<script type=\"application\/ld+json\" class=\"yoast-schema-graph\">{\"@context\":\"https:\/\/schema.org\",\"@graph\":[{\"@type\":\"Article\",\"@id\":\"https:\/\/www.africa-press.net\/tchad\/culture-et-art\/au-president-macron-qui-propose-quune-commission-dhistoriens-se-penche-sur-le-passe-colonial-de-la-france-au-cameroun-un-comite-dintellectuels-africains-retorque-qu#article\",\"isPartOf\":{\"@id\":\"https:\/\/www.africa-press.net\/tchad\/culture-et-art\/au-president-macron-qui-propose-quune-commission-dhistoriens-se-penche-sur-le-passe-colonial-de-la-france-au-cameroun-un-comite-dintellectuels-africains-retorque-qu\"},\"author\":{\"name\":\"cfeditorfr\",\"@id\":\"https:\/\/www.africa-press.net\/tchad\/#\/schema\/person\/2b1cf3cd81a31e3cd26889ca66d677f1\"},\"headline\":\"Au pr\u00e9sident Macron qui propose qu\u2019une commission d\u2019historiens se penche sur le pass\u00e9 colonial de la France au Cameroun, un comit\u00e9 d\u2019intellectuels africains r\u00e9torque qu\u2019il incombe \u00e0 l\u2019UA de s\u2019emparer de cette question. Et de l\u2019aborder de mani\u00e8re globale, et non pays par pays, afin de ne pas diluer les responsabilit\u00e9s de Paris.\",\"datePublished\":\"2022-08-23T13:18:12+00:00\",\"dateModified\":\"2022-08-23T13:33:21+00:00\",\"mainEntityOfPage\":{\"@id\":\"https:\/\/www.africa-press.net\/tchad\/culture-et-art\/au-president-macron-qui-propose-quune-commission-dhistoriens-se-penche-sur-le-passe-colonial-de-la-france-au-cameroun-un-comite-dintellectuels-africains-retorque-qu\"},\"wordCount\":1812,\"commentCount\":0,\"image\":{\"@id\":\"https:\/\/www.africa-press.net\/tchad\/culture-et-art\/au-president-macron-qui-propose-quune-commission-dhistoriens-se-penche-sur-le-passe-colonial-de-la-france-au-cameroun-un-comite-dintellectuels-africains-retorque-qu#primaryimage\"},\"thumbnailUrl\":\"https:\/\/static.africa-press.net\/tchad\/sites\/41\/2022\/08\/postQueueImg_4-6304d70b0b4d6.jpg\",\"keywords\":[\"Africa Press\",\"Africa Press-Tchad\",\"Tchad\"],\"articleSection\":[\"Culture et Art\",\"homepage-french\",\"Toutes les actualit\u00e9s\"],\"inLanguage\":\"fr-FR\",\"potentialAction\":[{\"@type\":\"CommentAction\",\"name\":\"Comment\",\"target\":[\"https:\/\/www.africa-press.net\/tchad\/culture-et-art\/au-president-macron-qui-propose-quune-commission-dhistoriens-se-penche-sur-le-passe-colonial-de-la-france-au-cameroun-un-comite-dintellectuels-africains-retorque-qu#respond\"]}]},{\"@type\":\"WebPage\",\"@id\":\"https:\/\/www.africa-press.net\/tchad\/culture-et-art\/au-president-macron-qui-propose-quune-commission-dhistoriens-se-penche-sur-le-passe-colonial-de-la-france-au-cameroun-un-comite-dintellectuels-africains-retorque-qu\",\"url\":\"https:\/\/www.africa-press.net\/tchad\/culture-et-art\/au-president-macron-qui-propose-quune-commission-dhistoriens-se-penche-sur-le-passe-colonial-de-la-france-au-cameroun-un-comite-dintellectuels-africains-retorque-qu\",\"name\":\"Au pr\u00e9sident Macron qui propose qu\u2019une commission d\u2019historiens se penche sur le pass\u00e9 colonial de la France au Cameroun, un comit\u00e9 d\u2019intellectuels africains r\u00e9torque qu\u2019il incombe \u00e0 l\u2019UA de s\u2019emparer de cette question. Et de l\u2019aborder de mani\u00e8re globale, et non pays par pays, afin de ne pas diluer les responsabilit\u00e9s de Paris. - tchad\",\"isPartOf\":{\"@id\":\"https:\/\/www.africa-press.net\/tchad\/#website\"},\"primaryImageOfPage\":{\"@id\":\"https:\/\/www.africa-press.net\/tchad\/culture-et-art\/au-president-macron-qui-propose-quune-commission-dhistoriens-se-penche-sur-le-passe-colonial-de-la-france-au-cameroun-un-comite-dintellectuels-africains-retorque-qu#primaryimage\"},\"image\":{\"@id\":\"https:\/\/www.africa-press.net\/tchad\/culture-et-art\/au-president-macron-qui-propose-quune-commission-dhistoriens-se-penche-sur-le-passe-colonial-de-la-france-au-cameroun-un-comite-dintellectuels-africains-retorque-qu#primaryimage\"},\"thumbnailUrl\":\"https:\/\/static.africa-press.net\/tchad\/sites\/41\/2022\/08\/postQueueImg_4-6304d70b0b4d6.jpg\",\"datePublished\":\"2022-08-23T13:18:12+00:00\",\"dateModified\":\"2022-08-23T13:33:21+00:00\",\"author\":{\"@id\":\"https:\/\/www.africa-press.net\/tchad\/#\/schema\/person\/2b1cf3cd81a31e3cd26889ca66d677f1\"},\"description\":\"La proposition, formul\u00e9e \u00e0 la fin de juillet par le pr\u00e9sident fran\u00e7ais lors de son d\u00e9placement au Cameroun, de mettre en ...\",\"breadcrumb\":{\"@id\":\"https:\/\/www.africa-press.net\/tchad\/culture-et-art\/au-president-macron-qui-propose-quune-commission-dhistoriens-se-penche-sur-le-passe-colonial-de-la-france-au-cameroun-un-comite-dintellectuels-africains-retorque-qu#breadcrumb\"},\"inLanguage\":\"fr-FR\",\"potentialAction\":[{\"@type\":\"ReadAction\",\"target\":[\"https:\/\/www.africa-press.net\/tchad\/culture-et-art\/au-president-macron-qui-propose-quune-commission-dhistoriens-se-penche-sur-le-passe-colonial-de-la-france-au-cameroun-un-comite-dintellectuels-africains-retorque-qu\"]}]},{\"@type\":\"ImageObject\",\"inLanguage\":\"fr-FR\",\"@id\":\"https:\/\/www.africa-press.net\/tchad\/culture-et-art\/au-president-macron-qui-propose-quune-commission-dhistoriens-se-penche-sur-le-passe-colonial-de-la-france-au-cameroun-un-comite-dintellectuels-africains-retorque-qu#primaryimage\",\"url\":\"https:\/\/static.africa-press.net\/tchad\/sites\/41\/2022\/08\/postQueueImg_4-6304d70b0b4d6.jpg\",\"contentUrl\":\"https:\/\/static.africa-press.net\/tchad\/sites\/41\/2022\/08\/postQueueImg_4-6304d70b0b4d6.jpg\",\"width\":2000,\"height\":1000,\"caption\":\"Au pr\u00e9sident Macron qui propose qu\u2019une commission d\u2019historiens se penche sur le pass\u00e9 colonial de la France au Cameroun, un comit\u00e9 d\u2019intellectuels africains r\u00e9torque qu\u2019il incombe \u00e0 l\u2019UA de s\u2019emparer de cette question. Et de l\u2019aborder de mani\u00e8re globale, et non pays par pays, afin de ne pas diluer les responsabilit\u00e9s de Paris.\"},{\"@type\":\"BreadcrumbList\",\"@id\":\"https:\/\/www.africa-press.net\/tchad\/culture-et-art\/au-president-macron-qui-propose-quune-commission-dhistoriens-se-penche-sur-le-passe-colonial-de-la-france-au-cameroun-un-comite-dintellectuels-africains-retorque-qu#breadcrumb\",\"itemListElement\":[{\"@type\":\"ListItem\",\"position\":1,\"name\":\"Accueil\",\"item\":\"https:\/\/www.africa-press.net\/tchad\/\"},{\"@type\":\"ListItem\",\"position\":2,\"name\":\"Au pr\u00e9sident Macron qui propose qu\u2019une commission d\u2019historiens se penche sur le pass\u00e9 colonial de la France au Cameroun, un comit\u00e9 d\u2019intellectuels africains r\u00e9torque qu\u2019il incombe \u00e0 l\u2019UA de s\u2019emparer de cette question. Et de l\u2019aborder de mani\u00e8re globale, et non pays par pays, afin de ne pas diluer les responsabilit\u00e9s de Paris.\"}]},{\"@type\":\"WebSite\",\"@id\":\"https:\/\/www.africa-press.net\/tchad\/#website\",\"url\":\"https:\/\/www.africa-press.net\/tchad\/\",\"name\":\"tchad\",\"description\":\"Just another Africa News Agency Sites site\",\"potentialAction\":[{\"@type\":\"SearchAction\",\"target\":{\"@type\":\"EntryPoint\",\"urlTemplate\":\"https:\/\/www.africa-press.net\/tchad\/?s={search_term_string}\"},\"query-input\":{\"@type\":\"PropertyValueSpecification\",\"valueRequired\":true,\"valueName\":\"search_term_string\"}}],\"inLanguage\":\"fr-FR\"},{\"@type\":\"Person\",\"@id\":\"https:\/\/www.africa-press.net\/tchad\/#\/schema\/person\/2b1cf3cd81a31e3cd26889ca66d677f1\",\"name\":\"cfeditorfr\"}]}<\/script>\n<!-- \/ Yoast SEO Premium plugin. -->","yoast_head_json":{"title":"Au pr\u00e9sident Macron qui propose qu\u2019une commission d\u2019historiens se penche sur le pass\u00e9 colonial de la France au Cameroun, un comit\u00e9 d\u2019intellectuels africains r\u00e9torque qu\u2019il incombe \u00e0 l\u2019UA de s\u2019emparer de cette question. Et de l\u2019aborder de mani\u00e8re globale, et non pays par pays, afin de ne pas diluer les responsabilit\u00e9s de Paris. - tchad","description":"La proposition, formul\u00e9e \u00e0 la fin de juillet par le pr\u00e9sident fran\u00e7ais lors de son d\u00e9placement au Cameroun, de mettre en ...","robots":{"index":"index","follow":"follow","max-snippet":"max-snippet:-1","max-image-preview":"max-image-preview:large","max-video-preview":"max-video-preview:-1"},"canonical":"https:\/\/www.africa-press.net\/tchad\/culture-et-art\/au-president-macron-qui-propose-quune-commission-dhistoriens-se-penche-sur-le-passe-colonial-de-la-france-au-cameroun-un-comite-dintellectuels-africains-retorque-qu","og_locale":"fr_FR","og_type":"article","og_title":"Au pr\u00e9sident Macron qui propose qu\u2019une commission d\u2019historiens se penche sur le pass\u00e9 colonial de la France au Cameroun, un comit\u00e9 d\u2019intellectuels africains r\u00e9torque qu\u2019il incombe \u00e0 l\u2019UA de s\u2019emparer de cette question. Et de l\u2019aborder de mani\u00e8re globale, et non pays par pays, afin de ne pas diluer les responsabilit\u00e9s de Paris.","og_description":"La proposition, formul\u00e9e \u00e0 la fin de juillet par le pr\u00e9sident fran\u00e7ais lors de son d\u00e9placement au Cameroun, de mettre en ...","og_url":"https:\/\/www.africa-press.net\/tchad\/culture-et-art\/au-president-macron-qui-propose-quune-commission-dhistoriens-se-penche-sur-le-passe-colonial-de-la-france-au-cameroun-un-comite-dintellectuels-africains-retorque-qu","og_site_name":"tchad","article_published_time":"2022-08-23T13:18:12+00:00","article_modified_time":"2022-08-23T13:33:21+00:00","og_image":[{"width":2000,"height":1000,"url":"https:\/\/static.africa-press.net\/tchad\/sites\/41\/2022\/08\/postQueueImg_4-6304d70b0b4d6.jpg","type":"image\/jpeg"}],"author":"cfeditorfr","twitter_card":"summary_large_image","twitter_misc":{"\u00c9crit par":"cfeditorfr","Dur\u00e9e de lecture estim\u00e9e":"8 minutes"},"schema":{"@context":"https:\/\/schema.org","@graph":[{"@type":"Article","@id":"https:\/\/www.africa-press.net\/tchad\/culture-et-art\/au-president-macron-qui-propose-quune-commission-dhistoriens-se-penche-sur-le-passe-colonial-de-la-france-au-cameroun-un-comite-dintellectuels-africains-retorque-qu#article","isPartOf":{"@id":"https:\/\/www.africa-press.net\/tchad\/culture-et-art\/au-president-macron-qui-propose-quune-commission-dhistoriens-se-penche-sur-le-passe-colonial-de-la-france-au-cameroun-un-comite-dintellectuels-africains-retorque-qu"},"author":{"name":"cfeditorfr","@id":"https:\/\/www.africa-press.net\/tchad\/#\/schema\/person\/2b1cf3cd81a31e3cd26889ca66d677f1"},"headline":"Au pr\u00e9sident Macron qui propose qu\u2019une commission d\u2019historiens se penche sur le pass\u00e9 colonial de la France au Cameroun, un comit\u00e9 d\u2019intellectuels africains r\u00e9torque qu\u2019il incombe \u00e0 l\u2019UA de s\u2019emparer de cette question. Et de l\u2019aborder de mani\u00e8re globale, et non pays par pays, afin de ne pas diluer les responsabilit\u00e9s de Paris.","datePublished":"2022-08-23T13:18:12+00:00","dateModified":"2022-08-23T13:33:21+00:00","mainEntityOfPage":{"@id":"https:\/\/www.africa-press.net\/tchad\/culture-et-art\/au-president-macron-qui-propose-quune-commission-dhistoriens-se-penche-sur-le-passe-colonial-de-la-france-au-cameroun-un-comite-dintellectuels-africains-retorque-qu"},"wordCount":1812,"commentCount":0,"image":{"@id":"https:\/\/www.africa-press.net\/tchad\/culture-et-art\/au-president-macron-qui-propose-quune-commission-dhistoriens-se-penche-sur-le-passe-colonial-de-la-france-au-cameroun-un-comite-dintellectuels-africains-retorque-qu#primaryimage"},"thumbnailUrl":"https:\/\/static.africa-press.net\/tchad\/sites\/41\/2022\/08\/postQueueImg_4-6304d70b0b4d6.jpg","keywords":["Africa Press","Africa Press-Tchad","Tchad"],"articleSection":["Culture et Art","homepage-french","Toutes les actualit\u00e9s"],"inLanguage":"fr-FR","potentialAction":[{"@type":"CommentAction","name":"Comment","target":["https:\/\/www.africa-press.net\/tchad\/culture-et-art\/au-president-macron-qui-propose-quune-commission-dhistoriens-se-penche-sur-le-passe-colonial-de-la-france-au-cameroun-un-comite-dintellectuels-africains-retorque-qu#respond"]}]},{"@type":"WebPage","@id":"https:\/\/www.africa-press.net\/tchad\/culture-et-art\/au-president-macron-qui-propose-quune-commission-dhistoriens-se-penche-sur-le-passe-colonial-de-la-france-au-cameroun-un-comite-dintellectuels-africains-retorque-qu","url":"https:\/\/www.africa-press.net\/tchad\/culture-et-art\/au-president-macron-qui-propose-quune-commission-dhistoriens-se-penche-sur-le-passe-colonial-de-la-france-au-cameroun-un-comite-dintellectuels-africains-retorque-qu","name":"Au pr\u00e9sident Macron qui propose qu\u2019une commission d\u2019historiens se penche sur le pass\u00e9 colonial de la France au Cameroun, un comit\u00e9 d\u2019intellectuels africains r\u00e9torque qu\u2019il incombe \u00e0 l\u2019UA de s\u2019emparer de cette question. Et de l\u2019aborder de mani\u00e8re globale, et non pays par pays, afin de ne pas diluer les responsabilit\u00e9s de Paris. - tchad","isPartOf":{"@id":"https:\/\/www.africa-press.net\/tchad\/#website"},"primaryImageOfPage":{"@id":"https:\/\/www.africa-press.net\/tchad\/culture-et-art\/au-president-macron-qui-propose-quune-commission-dhistoriens-se-penche-sur-le-passe-colonial-de-la-france-au-cameroun-un-comite-dintellectuels-africains-retorque-qu#primaryimage"},"image":{"@id":"https:\/\/www.africa-press.net\/tchad\/culture-et-art\/au-president-macron-qui-propose-quune-commission-dhistoriens-se-penche-sur-le-passe-colonial-de-la-france-au-cameroun-un-comite-dintellectuels-africains-retorque-qu#primaryimage"},"thumbnailUrl":"https:\/\/static.africa-press.net\/tchad\/sites\/41\/2022\/08\/postQueueImg_4-6304d70b0b4d6.jpg","datePublished":"2022-08-23T13:18:12+00:00","dateModified":"2022-08-23T13:33:21+00:00","author":{"@id":"https:\/\/www.africa-press.net\/tchad\/#\/schema\/person\/2b1cf3cd81a31e3cd26889ca66d677f1"},"description":"La proposition, formul\u00e9e \u00e0 la fin de juillet par le pr\u00e9sident fran\u00e7ais lors de son d\u00e9placement au Cameroun, de mettre en ...","breadcrumb":{"@id":"https:\/\/www.africa-press.net\/tchad\/culture-et-art\/au-president-macron-qui-propose-quune-commission-dhistoriens-se-penche-sur-le-passe-colonial-de-la-france-au-cameroun-un-comite-dintellectuels-africains-retorque-qu#breadcrumb"},"inLanguage":"fr-FR","potentialAction":[{"@type":"ReadAction","target":["https:\/\/www.africa-press.net\/tchad\/culture-et-art\/au-president-macron-qui-propose-quune-commission-dhistoriens-se-penche-sur-le-passe-colonial-de-la-france-au-cameroun-un-comite-dintellectuels-africains-retorque-qu"]}]},{"@type":"ImageObject","inLanguage":"fr-FR","@id":"https:\/\/www.africa-press.net\/tchad\/culture-et-art\/au-president-macron-qui-propose-quune-commission-dhistoriens-se-penche-sur-le-passe-colonial-de-la-france-au-cameroun-un-comite-dintellectuels-africains-retorque-qu#primaryimage","url":"https:\/\/static.africa-press.net\/tchad\/sites\/41\/2022\/08\/postQueueImg_4-6304d70b0b4d6.jpg","contentUrl":"https:\/\/static.africa-press.net\/tchad\/sites\/41\/2022\/08\/postQueueImg_4-6304d70b0b4d6.jpg","width":2000,"height":1000,"caption":"Au pr\u00e9sident Macron qui propose qu\u2019une commission d\u2019historiens se penche sur le pass\u00e9 colonial de la France au Cameroun, un comit\u00e9 d\u2019intellectuels africains r\u00e9torque qu\u2019il incombe \u00e0 l\u2019UA de s\u2019emparer de cette question. Et de l\u2019aborder de mani\u00e8re globale, et non pays par pays, afin de ne pas diluer les responsabilit\u00e9s de Paris."},{"@type":"BreadcrumbList","@id":"https:\/\/www.africa-press.net\/tchad\/culture-et-art\/au-president-macron-qui-propose-quune-commission-dhistoriens-se-penche-sur-le-passe-colonial-de-la-france-au-cameroun-un-comite-dintellectuels-africains-retorque-qu#breadcrumb","itemListElement":[{"@type":"ListItem","position":1,"name":"Accueil","item":"https:\/\/www.africa-press.net\/tchad\/"},{"@type":"ListItem","position":2,"name":"Au pr\u00e9sident Macron qui propose qu\u2019une commission d\u2019historiens se penche sur le pass\u00e9 colonial de la France au Cameroun, un comit\u00e9 d\u2019intellectuels africains r\u00e9torque qu\u2019il incombe \u00e0 l\u2019UA de s\u2019emparer de cette question. Et de l\u2019aborder de mani\u00e8re globale, et non pays par pays, afin de ne pas diluer les responsabilit\u00e9s de Paris."}]},{"@type":"WebSite","@id":"https:\/\/www.africa-press.net\/tchad\/#website","url":"https:\/\/www.africa-press.net\/tchad\/","name":"tchad","description":"Just another Africa News Agency Sites site","potentialAction":[{"@type":"SearchAction","target":{"@type":"EntryPoint","urlTemplate":"https:\/\/www.africa-press.net\/tchad\/?s={search_term_string}"},"query-input":{"@type":"PropertyValueSpecification","valueRequired":true,"valueName":"search_term_string"}}],"inLanguage":"fr-FR"},{"@type":"Person","@id":"https:\/\/www.africa-press.net\/tchad\/#\/schema\/person\/2b1cf3cd81a31e3cd26889ca66d677f1","name":"cfeditorfr"}]}},"_links":{"self":[{"href":"https:\/\/www.africa-press.net\/tchad\/wp-json\/wp\/v2\/posts\/31120","targetHints":{"allow":["GET"]}}],"collection":[{"href":"https:\/\/www.africa-press.net\/tchad\/wp-json\/wp\/v2\/posts"}],"about":[{"href":"https:\/\/www.africa-press.net\/tchad\/wp-json\/wp\/v2\/types\/post"}],"author":[{"embeddable":true,"href":"https:\/\/www.africa-press.net\/tchad\/wp-json\/wp\/v2\/users\/82"}],"replies":[{"embeddable":true,"href":"https:\/\/www.africa-press.net\/tchad\/wp-json\/wp\/v2\/comments?post=31120"}],"version-history":[{"count":0,"href":"https:\/\/www.africa-press.net\/tchad\/wp-json\/wp\/v2\/posts\/31120\/revisions"}],"wp:featuredmedia":[{"embeddable":true,"href":"https:\/\/www.africa-press.net\/tchad\/wp-json\/wp\/v2\/media\/31119"}],"wp:attachment":[{"href":"https:\/\/www.africa-press.net\/tchad\/wp-json\/wp\/v2\/media?parent=31120"}],"wp:term":[{"taxonomy":"category","embeddable":true,"href":"https:\/\/www.africa-press.net\/tchad\/wp-json\/wp\/v2\/categories?post=31120"},{"taxonomy":"post_tag","embeddable":true,"href":"https:\/\/www.africa-press.net\/tchad\/wp-json\/wp\/v2\/tags?post=31120"}],"curies":[{"name":"wp","href":"https:\/\/api.w.org\/{rel}","templated":true}]}}