{"id":31126,"date":"2022-08-23T16:57:21","date_gmt":"2022-08-23T16:57:21","guid":{"rendered":"https:\/\/www.africa-press.net\/tchad\/politique\/conflit-transfrontalier-le-tchad-et-le-soudan-signent-un-accord-de-reconciliation"},"modified":"2022-08-23T17:32:54","modified_gmt":"2022-08-23T17:32:54","slug":"conflit-transfrontalier-le-tchad-et-le-soudan-signent-un-accord-de-reconciliation","status":"publish","type":"post","link":"https:\/\/www.africa-press.net\/tchad\/politique\/conflit-transfrontalier-le-tchad-et-le-soudan-signent-un-accord-de-reconciliation","title":{"rendered":"Conflit transfrontalier : le Tchad et le Soudan signent un accord de r\u00e9conciliation"},"content":{"rendered":"<p><span style=\"color: #ff6600\"><strong>Africa-Press &#8211; Tchad. <\/strong><\/span>Suite \u00e0 l\u2019incident sanglant survenu \u00e0 la fronti\u00e8re, les deux pays ont sign\u00e9 ont sign\u00e9 un proc\u00e8s-verbal de r\u00e9conciliation. Le conflit a oppos\u00e9 les \u00e9leveurs tchadiens et soudanais le 4 ao\u00fbt 2022.<\/p>\n<p>En ce d\u00e9but de mois d\u2019ao\u00fbt, plusieurs personnes, tchadiennes et soudanaises sont morts dans un conflit intercommunautaire. D\u2019apr\u00e8s l\u2019arm\u00e9e tchadienne le probl\u00e8me serait parti de : \u00ab l\u2019enl\u00e8vement de cinq t\u00eates de chameaux en territoire tchadien par des citoyens soudanais, ce qui a d\u00e9g\u00e9n\u00e9r\u00e9 en affrontements lors de la poursuite par les propri\u00e9taires\u00bb.<\/p>\n<p>Ce sont les deux commandants de la force mixte Tchad-Soudan qui ont sign\u00e9 l\u2019accord de r\u00e9conciliation, pr\u00e9voyant le paiement du prix du sang (Dia) et la restitution des animaux enlev\u00e9s en marge des affrontements.<\/p>\n<p>D\u2019apr\u00e8s les clauses de l\u2019accord, la partie tchadienne paye le prix de sang de 18 soudanais tu\u00e9s, 108 millions de Fcfa. Le Tchad doit \u00e9galement restituer 55 chameaux enlev\u00e9s. Le Soudan quant \u00e0 lui doit payer le prix du sang de 9 \u00e9leveurs tchadiens, soit 54 millions de Fcfa. Et restituer trois chameaux.<\/p>\n<p><strong>Pour plus d&rsquo;informations et d&rsquo;analyses sur la <a href=\"https:\/\/www.africa-press.net\/tchad\">Tchad<\/a>, suivez <a href=\"https:\/\/www.africa-press.net\/\">Africa-Press<\/a><\/strong><\/p>\n","protected":false},"excerpt":{"rendered":"<p>Africa-Press &#8211; Tchad. Suite \u00e0 l\u2019incident sanglant survenu \u00e0 la fronti\u00e8re, les deux pays ont sign\u00e9 ont sign\u00e9 un proc\u00e8s-verbal de r\u00e9conciliation. Le conflit a oppos\u00e9 les \u00e9leveurs tchadiens et soudanais le 4 ao\u00fbt 2022. En ce d\u00e9but de mois d\u2019ao\u00fbt, plusieurs personnes, tchadiennes et soudanaises sont morts dans un conflit intercommunautaire. D\u2019apr\u00e8s l\u2019arm\u00e9e tchadienne [&hellip;]<\/p>\n","protected":false},"author":82,"featured_media":31125,"comment_status":"open","ping_status":"closed","sticky":false,"template":"","format":"standard","meta":{"footnotes":""},"categories":[11,2,20,10],"tags":[37,292,29],"class_list":["post-31126","post","type-post","status-publish","format-standard","has-post-thumbnail","hentry","category-homepage-french","category-politique","category-top-nouvelles","category-toutes-les-actualites","tag-africa-press","tag-africa-press-tchad","tag-tchad"],"yoast_head":"<!-- This site is optimized with the Yoast SEO Premium plugin v26.1 (Yoast SEO v27.0) - https:\/\/yoast.com\/product\/yoast-seo-premium-wordpress\/ -->\n<title>Conflit transfrontalier : le Tchad et le Soudan signent un accord de r\u00e9conciliation - tchad<\/title>\n<meta name=\"description\" content=\"Suite \u00e0 l\u2019incident sanglant survenu \u00e0 la fronti\u00e8re, les deux pays ont sign\u00e9 ont sign\u00e9 un proc\u00e8s-verbal de r\u00e9conciliation ...\" \/>\n<meta name=\"robots\" content=\"index, follow, max-snippet:-1, max-image-preview:large, max-video-preview:-1\" \/>\n<link rel=\"canonical\" href=\"https:\/\/www.africa-press.net\/tchad\/politique\/conflit-transfrontalier-le-tchad-et-le-soudan-signent-un-accord-de-reconciliation\" \/>\n<meta property=\"og:locale\" content=\"fr_FR\" \/>\n<meta property=\"og:type\" content=\"article\" \/>\n<meta property=\"og:title\" content=\"Conflit transfrontalier : le Tchad et le Soudan signent un accord de r\u00e9conciliation\" \/>\n<meta property=\"og:description\" content=\"Suite \u00e0 l\u2019incident sanglant survenu \u00e0 la fronti\u00e8re, les deux pays ont sign\u00e9 ont sign\u00e9 un proc\u00e8s-verbal de r\u00e9conciliation ...\" \/>\n<meta property=\"og:url\" content=\"https:\/\/www.africa-press.net\/tchad\/politique\/conflit-transfrontalier-le-tchad-et-le-soudan-signent-un-accord-de-reconciliation\" \/>\n<meta property=\"og:site_name\" content=\"tchad\" \/>\n<meta property=\"article:published_time\" content=\"2022-08-23T16:57:21+00:00\" \/>\n<meta property=\"article:modified_time\" content=\"2022-08-23T17:32:54+00:00\" \/>\n<meta property=\"og:image\" content=\"https:\/\/static.africa-press.net\/tchad\/sites\/41\/2022\/08\/postQueueImg_1-63050f201c4c2.jpg\" \/>\n\t<meta property=\"og:image:width\" content=\"780\" \/>\n\t<meta property=\"og:image:height\" content=\"440\" \/>\n\t<meta property=\"og:image:type\" content=\"image\/jpeg\" \/>\n<meta name=\"author\" content=\"cfeditorfr\" \/>\n<meta name=\"twitter:card\" content=\"summary_large_image\" \/>\n<meta name=\"twitter:label1\" content=\"\u00c9crit par\" \/>\n\t<meta name=\"twitter:data1\" content=\"cfeditorfr\" \/>\n\t<meta name=\"twitter:label2\" content=\"Dur\u00e9e de lecture estim\u00e9e\" \/>\n\t<meta name=\"twitter:data2\" content=\"1 minute\" \/>\n<script type=\"application\/ld+json\" class=\"yoast-schema-graph\">{\"@context\":\"https:\/\/schema.org\",\"@graph\":[{\"@type\":\"Article\",\"@id\":\"https:\/\/www.africa-press.net\/tchad\/politique\/conflit-transfrontalier-le-tchad-et-le-soudan-signent-un-accord-de-reconciliation#article\",\"isPartOf\":{\"@id\":\"https:\/\/www.africa-press.net\/tchad\/politique\/conflit-transfrontalier-le-tchad-et-le-soudan-signent-un-accord-de-reconciliation\"},\"author\":{\"name\":\"cfeditorfr\",\"@id\":\"https:\/\/www.africa-press.net\/tchad\/#\/schema\/person\/2b1cf3cd81a31e3cd26889ca66d677f1\"},\"headline\":\"Conflit transfrontalier : le Tchad et le Soudan signent un accord de r\u00e9conciliation\",\"datePublished\":\"2022-08-23T16:57:21+00:00\",\"dateModified\":\"2022-08-23T17:32:54+00:00\",\"mainEntityOfPage\":{\"@id\":\"https:\/\/www.africa-press.net\/tchad\/politique\/conflit-transfrontalier-le-tchad-et-le-soudan-signent-un-accord-de-reconciliation\"},\"wordCount\":217,\"commentCount\":0,\"image\":{\"@id\":\"https:\/\/www.africa-press.net\/tchad\/politique\/conflit-transfrontalier-le-tchad-et-le-soudan-signent-un-accord-de-reconciliation#primaryimage\"},\"thumbnailUrl\":\"https:\/\/static.africa-press.net\/tchad\/sites\/41\/2022\/08\/postQueueImg_1-63050f201c4c2.jpg\",\"keywords\":[\"Africa Press\",\"Africa Press-Tchad\",\"Tchad\"],\"articleSection\":[\"homepage-french\",\"Politique\",\"Top Nouvelles\",\"Toutes les actualit\u00e9s\"],\"inLanguage\":\"fr-FR\",\"potentialAction\":[{\"@type\":\"CommentAction\",\"name\":\"Comment\",\"target\":[\"https:\/\/www.africa-press.net\/tchad\/politique\/conflit-transfrontalier-le-tchad-et-le-soudan-signent-un-accord-de-reconciliation#respond\"]}]},{\"@type\":\"WebPage\",\"@id\":\"https:\/\/www.africa-press.net\/tchad\/politique\/conflit-transfrontalier-le-tchad-et-le-soudan-signent-un-accord-de-reconciliation\",\"url\":\"https:\/\/www.africa-press.net\/tchad\/politique\/conflit-transfrontalier-le-tchad-et-le-soudan-signent-un-accord-de-reconciliation\",\"name\":\"Conflit transfrontalier : le Tchad et le Soudan signent un accord de r\u00e9conciliation - tchad\",\"isPartOf\":{\"@id\":\"https:\/\/www.africa-press.net\/tchad\/#website\"},\"primaryImageOfPage\":{\"@id\":\"https:\/\/www.africa-press.net\/tchad\/politique\/conflit-transfrontalier-le-tchad-et-le-soudan-signent-un-accord-de-reconciliation#primaryimage\"},\"image\":{\"@id\":\"https:\/\/www.africa-press.net\/tchad\/politique\/conflit-transfrontalier-le-tchad-et-le-soudan-signent-un-accord-de-reconciliation#primaryimage\"},\"thumbnailUrl\":\"https:\/\/static.africa-press.net\/tchad\/sites\/41\/2022\/08\/postQueueImg_1-63050f201c4c2.jpg\",\"datePublished\":\"2022-08-23T16:57:21+00:00\",\"dateModified\":\"2022-08-23T17:32:54+00:00\",\"author\":{\"@id\":\"https:\/\/www.africa-press.net\/tchad\/#\/schema\/person\/2b1cf3cd81a31e3cd26889ca66d677f1\"},\"description\":\"Suite \u00e0 l\u2019incident sanglant survenu \u00e0 la fronti\u00e8re, les deux pays ont sign\u00e9 ont sign\u00e9 un proc\u00e8s-verbal de r\u00e9conciliation ...\",\"breadcrumb\":{\"@id\":\"https:\/\/www.africa-press.net\/tchad\/politique\/conflit-transfrontalier-le-tchad-et-le-soudan-signent-un-accord-de-reconciliation#breadcrumb\"},\"inLanguage\":\"fr-FR\",\"potentialAction\":[{\"@type\":\"ReadAction\",\"target\":[\"https:\/\/www.africa-press.net\/tchad\/politique\/conflit-transfrontalier-le-tchad-et-le-soudan-signent-un-accord-de-reconciliation\"]}]},{\"@type\":\"ImageObject\",\"inLanguage\":\"fr-FR\",\"@id\":\"https:\/\/www.africa-press.net\/tchad\/politique\/conflit-transfrontalier-le-tchad-et-le-soudan-signent-un-accord-de-reconciliation#primaryimage\",\"url\":\"https:\/\/static.africa-press.net\/tchad\/sites\/41\/2022\/08\/postQueueImg_1-63050f201c4c2.jpg\",\"contentUrl\":\"https:\/\/static.africa-press.net\/tchad\/sites\/41\/2022\/08\/postQueueImg_1-63050f201c4c2.jpg\",\"width\":780,\"height\":440,\"caption\":\"Conflit transfrontalier : le Tchad et le Soudan signent un accord de r\u00e9conciliation\"},{\"@type\":\"BreadcrumbList\",\"@id\":\"https:\/\/www.africa-press.net\/tchad\/politique\/conflit-transfrontalier-le-tchad-et-le-soudan-signent-un-accord-de-reconciliation#breadcrumb\",\"itemListElement\":[{\"@type\":\"ListItem\",\"position\":1,\"name\":\"Accueil\",\"item\":\"https:\/\/www.africa-press.net\/tchad\/\"},{\"@type\":\"ListItem\",\"position\":2,\"name\":\"Conflit transfrontalier : le Tchad et le Soudan signent un accord de r\u00e9conciliation\"}]},{\"@type\":\"WebSite\",\"@id\":\"https:\/\/www.africa-press.net\/tchad\/#website\",\"url\":\"https:\/\/www.africa-press.net\/tchad\/\",\"name\":\"tchad\",\"description\":\"Just another Africa News Agency Sites site\",\"potentialAction\":[{\"@type\":\"SearchAction\",\"target\":{\"@type\":\"EntryPoint\",\"urlTemplate\":\"https:\/\/www.africa-press.net\/tchad\/?s={search_term_string}\"},\"query-input\":{\"@type\":\"PropertyValueSpecification\",\"valueRequired\":true,\"valueName\":\"search_term_string\"}}],\"inLanguage\":\"fr-FR\"},{\"@type\":\"Person\",\"@id\":\"https:\/\/www.africa-press.net\/tchad\/#\/schema\/person\/2b1cf3cd81a31e3cd26889ca66d677f1\",\"name\":\"cfeditorfr\"}]}<\/script>\n<!-- \/ Yoast SEO Premium plugin. -->","yoast_head_json":{"title":"Conflit transfrontalier : le Tchad et le Soudan signent un accord de r\u00e9conciliation - tchad","description":"Suite \u00e0 l\u2019incident sanglant survenu \u00e0 la fronti\u00e8re, les deux pays ont sign\u00e9 ont sign\u00e9 un proc\u00e8s-verbal de r\u00e9conciliation ...","robots":{"index":"index","follow":"follow","max-snippet":"max-snippet:-1","max-image-preview":"max-image-preview:large","max-video-preview":"max-video-preview:-1"},"canonical":"https:\/\/www.africa-press.net\/tchad\/politique\/conflit-transfrontalier-le-tchad-et-le-soudan-signent-un-accord-de-reconciliation","og_locale":"fr_FR","og_type":"article","og_title":"Conflit transfrontalier : le Tchad et le Soudan signent un accord de r\u00e9conciliation","og_description":"Suite \u00e0 l\u2019incident sanglant survenu \u00e0 la fronti\u00e8re, les deux pays ont sign\u00e9 ont sign\u00e9 un proc\u00e8s-verbal de r\u00e9conciliation ...","og_url":"https:\/\/www.africa-press.net\/tchad\/politique\/conflit-transfrontalier-le-tchad-et-le-soudan-signent-un-accord-de-reconciliation","og_site_name":"tchad","article_published_time":"2022-08-23T16:57:21+00:00","article_modified_time":"2022-08-23T17:32:54+00:00","og_image":[{"width":780,"height":440,"url":"https:\/\/static.africa-press.net\/tchad\/sites\/41\/2022\/08\/postQueueImg_1-63050f201c4c2.jpg","type":"image\/jpeg"}],"author":"cfeditorfr","twitter_card":"summary_large_image","twitter_misc":{"\u00c9crit par":"cfeditorfr","Dur\u00e9e de lecture estim\u00e9e":"1 minute"},"schema":{"@context":"https:\/\/schema.org","@graph":[{"@type":"Article","@id":"https:\/\/www.africa-press.net\/tchad\/politique\/conflit-transfrontalier-le-tchad-et-le-soudan-signent-un-accord-de-reconciliation#article","isPartOf":{"@id":"https:\/\/www.africa-press.net\/tchad\/politique\/conflit-transfrontalier-le-tchad-et-le-soudan-signent-un-accord-de-reconciliation"},"author":{"name":"cfeditorfr","@id":"https:\/\/www.africa-press.net\/tchad\/#\/schema\/person\/2b1cf3cd81a31e3cd26889ca66d677f1"},"headline":"Conflit transfrontalier : le Tchad et le Soudan signent un accord de r\u00e9conciliation","datePublished":"2022-08-23T16:57:21+00:00","dateModified":"2022-08-23T17:32:54+00:00","mainEntityOfPage":{"@id":"https:\/\/www.africa-press.net\/tchad\/politique\/conflit-transfrontalier-le-tchad-et-le-soudan-signent-un-accord-de-reconciliation"},"wordCount":217,"commentCount":0,"image":{"@id":"https:\/\/www.africa-press.net\/tchad\/politique\/conflit-transfrontalier-le-tchad-et-le-soudan-signent-un-accord-de-reconciliation#primaryimage"},"thumbnailUrl":"https:\/\/static.africa-press.net\/tchad\/sites\/41\/2022\/08\/postQueueImg_1-63050f201c4c2.jpg","keywords":["Africa Press","Africa Press-Tchad","Tchad"],"articleSection":["homepage-french","Politique","Top Nouvelles","Toutes les actualit\u00e9s"],"inLanguage":"fr-FR","potentialAction":[{"@type":"CommentAction","name":"Comment","target":["https:\/\/www.africa-press.net\/tchad\/politique\/conflit-transfrontalier-le-tchad-et-le-soudan-signent-un-accord-de-reconciliation#respond"]}]},{"@type":"WebPage","@id":"https:\/\/www.africa-press.net\/tchad\/politique\/conflit-transfrontalier-le-tchad-et-le-soudan-signent-un-accord-de-reconciliation","url":"https:\/\/www.africa-press.net\/tchad\/politique\/conflit-transfrontalier-le-tchad-et-le-soudan-signent-un-accord-de-reconciliation","name":"Conflit transfrontalier : le Tchad et le Soudan signent un accord de r\u00e9conciliation - tchad","isPartOf":{"@id":"https:\/\/www.africa-press.net\/tchad\/#website"},"primaryImageOfPage":{"@id":"https:\/\/www.africa-press.net\/tchad\/politique\/conflit-transfrontalier-le-tchad-et-le-soudan-signent-un-accord-de-reconciliation#primaryimage"},"image":{"@id":"https:\/\/www.africa-press.net\/tchad\/politique\/conflit-transfrontalier-le-tchad-et-le-soudan-signent-un-accord-de-reconciliation#primaryimage"},"thumbnailUrl":"https:\/\/static.africa-press.net\/tchad\/sites\/41\/2022\/08\/postQueueImg_1-63050f201c4c2.jpg","datePublished":"2022-08-23T16:57:21+00:00","dateModified":"2022-08-23T17:32:54+00:00","author":{"@id":"https:\/\/www.africa-press.net\/tchad\/#\/schema\/person\/2b1cf3cd81a31e3cd26889ca66d677f1"},"description":"Suite \u00e0 l\u2019incident sanglant survenu \u00e0 la fronti\u00e8re, les deux pays ont sign\u00e9 ont sign\u00e9 un proc\u00e8s-verbal de r\u00e9conciliation ...","breadcrumb":{"@id":"https:\/\/www.africa-press.net\/tchad\/politique\/conflit-transfrontalier-le-tchad-et-le-soudan-signent-un-accord-de-reconciliation#breadcrumb"},"inLanguage":"fr-FR","potentialAction":[{"@type":"ReadAction","target":["https:\/\/www.africa-press.net\/tchad\/politique\/conflit-transfrontalier-le-tchad-et-le-soudan-signent-un-accord-de-reconciliation"]}]},{"@type":"ImageObject","inLanguage":"fr-FR","@id":"https:\/\/www.africa-press.net\/tchad\/politique\/conflit-transfrontalier-le-tchad-et-le-soudan-signent-un-accord-de-reconciliation#primaryimage","url":"https:\/\/static.africa-press.net\/tchad\/sites\/41\/2022\/08\/postQueueImg_1-63050f201c4c2.jpg","contentUrl":"https:\/\/static.africa-press.net\/tchad\/sites\/41\/2022\/08\/postQueueImg_1-63050f201c4c2.jpg","width":780,"height":440,"caption":"Conflit transfrontalier : le Tchad et le Soudan signent un accord de r\u00e9conciliation"},{"@type":"BreadcrumbList","@id":"https:\/\/www.africa-press.net\/tchad\/politique\/conflit-transfrontalier-le-tchad-et-le-soudan-signent-un-accord-de-reconciliation#breadcrumb","itemListElement":[{"@type":"ListItem","position":1,"name":"Accueil","item":"https:\/\/www.africa-press.net\/tchad\/"},{"@type":"ListItem","position":2,"name":"Conflit transfrontalier : le Tchad et le Soudan signent un accord de r\u00e9conciliation"}]},{"@type":"WebSite","@id":"https:\/\/www.africa-press.net\/tchad\/#website","url":"https:\/\/www.africa-press.net\/tchad\/","name":"tchad","description":"Just another Africa News Agency Sites site","potentialAction":[{"@type":"SearchAction","target":{"@type":"EntryPoint","urlTemplate":"https:\/\/www.africa-press.net\/tchad\/?s={search_term_string}"},"query-input":{"@type":"PropertyValueSpecification","valueRequired":true,"valueName":"search_term_string"}}],"inLanguage":"fr-FR"},{"@type":"Person","@id":"https:\/\/www.africa-press.net\/tchad\/#\/schema\/person\/2b1cf3cd81a31e3cd26889ca66d677f1","name":"cfeditorfr"}]}},"_links":{"self":[{"href":"https:\/\/www.africa-press.net\/tchad\/wp-json\/wp\/v2\/posts\/31126","targetHints":{"allow":["GET"]}}],"collection":[{"href":"https:\/\/www.africa-press.net\/tchad\/wp-json\/wp\/v2\/posts"}],"about":[{"href":"https:\/\/www.africa-press.net\/tchad\/wp-json\/wp\/v2\/types\/post"}],"author":[{"embeddable":true,"href":"https:\/\/www.africa-press.net\/tchad\/wp-json\/wp\/v2\/users\/82"}],"replies":[{"embeddable":true,"href":"https:\/\/www.africa-press.net\/tchad\/wp-json\/wp\/v2\/comments?post=31126"}],"version-history":[{"count":0,"href":"https:\/\/www.africa-press.net\/tchad\/wp-json\/wp\/v2\/posts\/31126\/revisions"}],"wp:featuredmedia":[{"embeddable":true,"href":"https:\/\/www.africa-press.net\/tchad\/wp-json\/wp\/v2\/media\/31125"}],"wp:attachment":[{"href":"https:\/\/www.africa-press.net\/tchad\/wp-json\/wp\/v2\/media?parent=31126"}],"wp:term":[{"taxonomy":"category","embeddable":true,"href":"https:\/\/www.africa-press.net\/tchad\/wp-json\/wp\/v2\/categories?post=31126"},{"taxonomy":"post_tag","embeddable":true,"href":"https:\/\/www.africa-press.net\/tchad\/wp-json\/wp\/v2\/tags?post=31126"}],"curies":[{"name":"wp","href":"https:\/\/api.w.org\/{rel}","templated":true}]}}